{"id":860,"date":"2020-11-26T12:00:24","date_gmt":"2020-11-26T10:00:24","guid":{"rendered":"https:\/\/ispirazionesportiva.com\/?p=860"},"modified":"2023-12-16T19:39:04","modified_gmt":"2023-12-16T17:39:04","slug":"eternamente-diego","status":"publish","type":"post","link":"https:\/\/ispirazionesportiva.com\/index.php\/2020\/11\/26\/eternamente-diego\/","title":{"rendered":"Eternamente Diego"},"content":{"rendered":"\r\n<p>I Miti non muoiono mai. Al massimo non li vedi ma loro ci sono.<\/p>\r\n\r\n\r\n\r\n<p>Da dove si inizia a parlare di <strong>Diego Armando Maradona<\/strong>? Non lo so e sinceramente dopo una notte insonne non ho neanche le idee chiare.<\/p>\r\n\r\n\r\n\r\n<p>Se ne va un perno dell&#8217;infanzia di chi ha avuto la fortuna di conoscere il calcio negli anni 80. Diego arrivava al Napoli dal Barcellona, dopo che a 10 anni palleggiava con un&#8217;arancia o con una pallina da tennis, raccogliendo qualche spicciolo per vivere.<\/p>\r\n\r\n\r\n\r\n<p>Si accorse di lui la squadra dell&#8217;Argentinos Juniors che lo fa esordire nel 1976, ad appena 16 anni, troppo giovane per essere nell&#8217;Argentina campione del mondo del 1978, con Marietto Kempes a imperversare nell&#8217;albiceleste.<\/p>\r\n\r\n\r\n\r\n<blockquote class=\"wp-block-quote is-layout-flow wp-block-quote-is-layout-flow\">\r\n<p><em>&#8220;Ho due sogni, il primo giocare il mondiale, il secondo vincerlo&#8221;.<\/em><\/p>\r\n<\/blockquote>\r\n\r\n\r\n\r\n<p>La malinconia attanaglia le parole, non le fa uscire come vorremmo. Maradona passa al Barcellona, dove lascia una caviglia per un intervento killer di <strong>Goikoetxea<\/strong>, con l&#8217;osso spezzato in tre punti e poi si vendica dello stesso scatenando una rissa nella finale (persa) di Coppa del Re contro l&#8217;Athletic Bilbao.<\/p>\r\n\r\n\r\n\r\n<p><strong>Diego viene squalificato per tre mesi. Ma chi se ne frega.<\/strong><\/p>\r\n\r\n\r\n\r\n<p>E&#8217; il preludio alla favola italiana, Ferlaino e il suo Napoli scoprono che il ragazzo, il Pibe de Oro, vuole lasciare Barcellona, si fiondano a parlare col presidente Nunez e chiudono l&#8217;affare per <strong>14 miliardi di lire<\/strong> ma i tempi si allungano improvvisamente.<\/p>\r\n\r\n\r\n\r\n<p>Alle elezioni europee del 17 giugno si contano circa 25mila voti nulli, tutti con la scritta &#8220;Maradona&#8221;, perch\u00e9 tanta \u00e8 la febbre che invade il calcio italiano.<\/p>\r\n\r\n\r\n\r\n<p><strong>Gioved\u00ec 5 luglio<\/strong> \u00e8 il giorno di D10S, un piccolo riccioluto spunta dall&#8217;uscita degli spogliatoi dello stadio San Paolo, ha davanti a s\u00e9 60.000 spettatori accorsi per una semplice presentazione. L&#8217;amore tra Diego e Napoli ha l\u00ec la base. Altro che l&#8217;odio di Barcellona.<\/p>\r\n\r\n\r\n\r\n<p>Avevo preso appunti sui numeri dell&#8217;avventura italiana di Maradona, ma poi li ho strappati. Non esistono schemi con Diego, non esistono i soli numeri, vado a memoria, chiudo gli occhi e vedo Pecci che gli tocca leggermente la palla contro la Juve, \u00e8 una punizione, non ci passa neanche uno spicchio di luce <strong>eppure Maradona la mette l\u00ec<\/strong>, dove Tacconi non pu\u00f2 arrivarci.<\/p>\r\n\r\n\r\n\r\n<div class=\"wp-block-image\">\r\n<figure class=\"alignright size-large\"><img loading=\"lazy\" decoding=\"async\" width=\"184\" height=\"274\" class=\"wp-image-863\" src=\"https:\/\/ispirazionesportiva.com\/wp-content\/uploads\/2020\/11\/mara.jpg\" alt=\"\" \/><\/figure>\r\n<\/div>\r\n\r\n\r\n\r\n<p>Ameri impazzisce, la radio racconta contemporaneamente la Serie A che nei 7 anni di <em>Dieguito<\/em> vede passare <strong>Platini<\/strong>,<strong> Zico<\/strong>, <strong>Socrates<\/strong>, <strong>Elkjaer<\/strong>, <strong>Gullit<\/strong>, <strong>Van Basten<\/strong>, <strong>Matthaus<\/strong>, <strong>Baggio<\/strong>, <strong>Vialli<\/strong>,<strong> Mancini<\/strong> e scusate se dimentico qualcuno.<\/p>\r\n\r\n\r\n\r\n<p>Napoli \u00e8 sola contro il nord e questo basta a gasare Maradona che con i colori azzurri del cielo vince due scudetti e si guadagna un posto nell&#8217;olimpo delle leggende.<\/p>\r\n\r\n\r\n\r\n<p>Tra i due scudetti un&#8217;altra perla, vincere praticamente da solo un mondiale, quello del <strong>Messico 1986<\/strong>, dove in preda al potere di essere onnipotente vendica l&#8217;Argentina, come nazione, contro l&#8217;Inghilterra nella grana delle isole Falkland, poi umilia la squadra dei <em>Tre Leoni<\/em> in campo, dapprima in ci\u00f2 che sembra un colpo di testa ma si rivela un gol di mano, &#8220;<em>La mano de Dios&#8221;<\/em>, poi, non contento, parte da meta campo e dribbla chiunque per depositare la palla in rete.<\/p>\r\n\r\n\r\n\r\n<p>Contro la Germania viene tenuto a bada da <strong>Lothar Matthaus<\/strong> (L&#8217;avversario pi\u00f9 forte mai incontrato disse Diego) nel primo tempo, ma visto che i tedeschi sono sotto ugualmente 2-0 lasciano pi\u00f9 spazio al folletto col numero 10 che sigler\u00e0 l&#8217;assist per il <strong>3-2<\/strong> finale.<\/p>\r\n\r\n\r\n\r\n<p>Poi, casinisti italiani quali siamo, arrivano i mondiali delle <strong>Notti Magiche<\/strong> e dove vai a incastrare la semifinale Italia-Argentina? A Napoli, nella sua Napoli, nella Napoli che lo ama 365 giorni all&#8217;anno e 24 ore su 24.<\/p>\r\n\r\n\r\n\r\n<p>Apriti cielo. <em>El Diez<\/em> porta la sua nazionale in finale dove perder\u00e0 contro la Germania, in una finale che pecc\u00f2 di gioco ed entusiasmo, con il trofeo sollevato a fine manifestazione da Matthaus.<\/p>\r\n\r\n\r\n\r\n<p>Lo stesso Matthaus, ad un evento dell&#8217;Inter Club, raccont\u00f2 con orgoglio &#8220;<em>Quella Serie A era il mondiale, tutti volevano giocarci, perch\u00e9 ci giocava Maradona e batterlo significava battere il migliore<\/em>&#8220;.<\/p>\r\n\r\n\r\n\r\n<p>Quei tedeschi che Maradona non ha digerito da allenatore, quando per il Mondiale 2010 \u00e8 lui a guidare la sua nazione, alla sua maniera (il pullman arriva con i giocatori che cantano), convocando l&#8217;idolo della Bombonera <strong>Martin Palermo<\/strong> e lasciando a casa Zanetti e Cambiasso freschi di Triplete, andando a sbattere ai quarti per 4-0 contro la nazionale teutonica che non crede ai propri occhi per tanta allegria.<\/p>\r\n\r\n\r\n\r\n<p>Maradona \u00e8 stato cos\u00ec, prendere o lasciare, tanti amici che hanno tratto beneficio dal suo essere generoso e fragile allo stesso tempo, uno che come diceva Gianni Brera:<\/p>\r\n\r\n\r\n\r\n<blockquote class=\"wp-block-quote is-layout-flow wp-block-quote-is-layout-flow\">\r\n<p>&#8220;Che Maradona fosse un genio, nessun dubbio \u00e8 possibile. E che i geni siano un tantino squinternatidi cerebro, \u00e8 risaputo e ammesso da sempre&#8221;.<\/p>\r\n<\/blockquote>\r\n\r\n\r\n\r\n<p>Maradona ci lascia il 25 novembre, come un altro grande del calcio e degli eccessi, <strong>George Best<\/strong>, maglia numero 7, cos\u00ec da non litigare lass\u00f9 sul 10, altro esempio di chi si \u00e8 lasciato andare al successo piovuto addosso.<\/p>\r\n\r\n\r\n\r\n<p>Gli eccessi che in 60 anni di vita di Diego mai sono mancati, ma a noi conta ricordare le perle vissute sul rettangolo di gioco, in quel prato verde che ha visto in <strong>Maradona il migliore di tutti<\/strong>.<\/p>\r\n\r\n\r\n\r\n<p>Non riesco a trovare una fine degna per celebrare Diego. Son talmente tanti i flash, dalla danza nel riscaldamento contro lo Stoccarda ad un altro riscaldamento fatto al San Paolo, col Napoli, se ben ricordo, sta perdendo e Maradona \u00e8 in panca.<\/p>\r\n\r\n\r\n\r\n<p>Al rientro dei titolari in campo il San Paolo \u00e8 impazzito. Qualcuno chiede: &#8220;<em>Ma che diamine \u00e8 successo?<\/em>&#8220;. La risposta: &#8220;<em>Niente di che, Diego \u00e8 15 minuti che palleggia senza far cadere il pallone in terra<\/em>&#8220;.<\/p>\r\n\r\n\r\n\r\n<p>Ciao D10S e scusami se non ti ho mai tifato. Ti ho direttamente amato.<\/p>\r\n\r\n\r\n\r\n<p class=\"has-text-align-center\"><em>Oh mama mama mama, Oh mama mama mama, Sai perch\u00e8 mi batte il Corazon, Ho visto Maradona, Ho visto Maradona, Oh mama inamorato sono&#8230;<\/em><\/p>\r\n\r\n\r\n<hr class=\"wp-block-separator\" \/>\r\n\r\n\r\n<h2 class=\"wp-block-heading\">\u00a0<\/h2>\r\n\r\n\r\n\r\n<figure class=\"wp-block-image size-large\"><img loading=\"lazy\" decoding=\"async\" width=\"662\" height=\"828\" class=\"wp-image-864\" src=\"https:\/\/ispirazionesportiva.com\/wp-content\/uploads\/2020\/11\/a_bola-2020-11-26-5fbf35adc976e.jpg\" alt=\"\" srcset=\"https:\/\/ispirazionesportiva.com\/wp-content\/uploads\/2020\/11\/a_bola-2020-11-26-5fbf35adc976e.jpg 662w, https:\/\/ispirazionesportiva.com\/wp-content\/uploads\/2020\/11\/a_bola-2020-11-26-5fbf35adc976e-240x300.jpg 240w\" sizes=\"auto, (max-width: 662px) 100vw, 662px\" \/><\/figure>\r\n\r\n\r\n\r\n<figure class=\"wp-block-image size-large\"><img loading=\"lazy\" decoding=\"async\" width=\"662\" height=\"850\" class=\"wp-image-865\" src=\"https:\/\/ispirazionesportiva.com\/wp-content\/uploads\/2020\/11\/as-2020-11-26-5fbef255d56d8.jpg\" alt=\"\" srcset=\"https:\/\/ispirazionesportiva.com\/wp-content\/uploads\/2020\/11\/as-2020-11-26-5fbef255d56d8.jpg 662w, https:\/\/ispirazionesportiva.com\/wp-content\/uploads\/2020\/11\/as-2020-11-26-5fbef255d56d8-234x300.jpg 234w\" sizes=\"auto, (max-width: 662px) 100vw, 662px\" \/><\/figure>\r\n\r\n\r\n\r\n<figure class=\"wp-block-image size-large\"><img loading=\"lazy\" decoding=\"async\" width=\"662\" height=\"1003\" class=\"wp-image-866\" src=\"https:\/\/ispirazionesportiva.com\/wp-content\/uploads\/2020\/11\/corriere_della_sera-2020-11-26-5fbf0572a61c3.jpg\" alt=\"\" srcset=\"https:\/\/ispirazionesportiva.com\/wp-content\/uploads\/2020\/11\/corriere_della_sera-2020-11-26-5fbf0572a61c3.jpg 662w, https:\/\/ispirazionesportiva.com\/wp-content\/uploads\/2020\/11\/corriere_della_sera-2020-11-26-5fbf0572a61c3-198x300.jpg 198w\" sizes=\"auto, (max-width: 662px) 100vw, 662px\" \/><\/figure>\r\n\r\n\r\n\r\n<figure class=\"wp-block-image size-large\"><img loading=\"lazy\" decoding=\"async\" width=\"662\" height=\"963\" class=\"wp-image-867\" src=\"https:\/\/ispirazionesportiva.com\/wp-content\/uploads\/2020\/11\/il_giornale-2020-11-26-5fbf3587bf558.jpg\" alt=\"\" srcset=\"https:\/\/ispirazionesportiva.com\/wp-content\/uploads\/2020\/11\/il_giornale-2020-11-26-5fbf3587bf558.jpg 662w, https:\/\/ispirazionesportiva.com\/wp-content\/uploads\/2020\/11\/il_giornale-2020-11-26-5fbf3587bf558-206x300.jpg 206w\" sizes=\"auto, (max-width: 662px) 100vw, 662px\" \/><\/figure>\r\n\r\n\r\n\r\n<figure class=\"wp-block-image size-large\"><img loading=\"lazy\" decoding=\"async\" width=\"662\" height=\"987\" class=\"wp-image-868\" src=\"https:\/\/ispirazionesportiva.com\/wp-content\/uploads\/2020\/11\/corriere_dello_sport-2020-11-26-5fbee568ee97d.jpg\" alt=\"\" srcset=\"https:\/\/ispirazionesportiva.com\/wp-content\/uploads\/2020\/11\/corriere_dello_sport-2020-11-26-5fbee568ee97d.jpg 662w, https:\/\/ispirazionesportiva.com\/wp-content\/uploads\/2020\/11\/corriere_dello_sport-2020-11-26-5fbee568ee97d-201x300.jpg 201w\" sizes=\"auto, (max-width: 662px) 100vw, 662px\" \/><\/figure>\r\n\r\n\r\n\r\n<figure class=\"wp-block-image size-large\"><img loading=\"lazy\" decoding=\"async\" width=\"662\" height=\"956\" class=\"wp-image-869\" src=\"https:\/\/ispirazionesportiva.com\/wp-content\/uploads\/2020\/11\/il_manifesto-2020-11-26-5fbee2027e7c5.jpg\" alt=\"\" srcset=\"https:\/\/ispirazionesportiva.com\/wp-content\/uploads\/2020\/11\/il_manifesto-2020-11-26-5fbee2027e7c5.jpg 662w, https:\/\/ispirazionesportiva.com\/wp-content\/uploads\/2020\/11\/il_manifesto-2020-11-26-5fbee2027e7c5-208x300.jpg 208w\" sizes=\"auto, (max-width: 662px) 100vw, 662px\" \/><\/figure>\r\n\r\n\r\n\r\n<figure class=\"wp-block-image size-large\"><img loading=\"lazy\" decoding=\"async\" width=\"662\" height=\"960\" class=\"wp-image-870\" src=\"https:\/\/ispirazionesportiva.com\/wp-content\/uploads\/2020\/11\/il_romanista-2020-11-26-5fbef910bb832.jpg\" alt=\"\" srcset=\"https:\/\/ispirazionesportiva.com\/wp-content\/uploads\/2020\/11\/il_romanista-2020-11-26-5fbef910bb832.jpg 662w, https:\/\/ispirazionesportiva.com\/wp-content\/uploads\/2020\/11\/il_romanista-2020-11-26-5fbef910bb832-207x300.jpg 207w\" sizes=\"auto, (max-width: 662px) 100vw, 662px\" \/><\/figure>\r\n\r\n\r\n\r\n<figure class=\"wp-block-image size-large\"><img loading=\"lazy\" decoding=\"async\" width=\"662\" height=\"985\" class=\"wp-image-871\" src=\"https:\/\/ispirazionesportiva.com\/wp-content\/uploads\/2020\/11\/il_tempo-2020-11-26-5fbf35987ba73.jpg\" alt=\"\" srcset=\"https:\/\/ispirazionesportiva.com\/wp-content\/uploads\/2020\/11\/il_tempo-2020-11-26-5fbf35987ba73.jpg 662w, https:\/\/ispirazionesportiva.com\/wp-content\/uploads\/2020\/11\/il_tempo-2020-11-26-5fbf35987ba73-202x300.jpg 202w\" sizes=\"auto, (max-width: 662px) 100vw, 662px\" \/><\/figure>\r\n\r\n\r\n\r\n<figure class=\"wp-block-image size-large\"><img loading=\"lazy\" decoding=\"async\" width=\"662\" height=\"833\" class=\"wp-image-872\" src=\"https:\/\/ispirazionesportiva.com\/wp-content\/uploads\/2020\/11\/l_equipe-2020-11-26-5fbee673a7f70.jpg\" alt=\"\" srcset=\"https:\/\/ispirazionesportiva.com\/wp-content\/uploads\/2020\/11\/l_equipe-2020-11-26-5fbee673a7f70.jpg 662w, https:\/\/ispirazionesportiva.com\/wp-content\/uploads\/2020\/11\/l_equipe-2020-11-26-5fbee673a7f70-238x300.jpg 238w\" sizes=\"auto, (max-width: 662px) 100vw, 662px\" \/><\/figure>\r\n\r\n\r\n\r\n<figure class=\"wp-block-image size-large\"><img loading=\"lazy\" decoding=\"async\" width=\"662\" height=\"1006\" class=\"wp-image-873\" src=\"https:\/\/ispirazionesportiva.com\/wp-content\/uploads\/2020\/11\/la_gazzetta_dello_sport-2020-11-26-5fbeee74056ed.jpg\" alt=\"\" srcset=\"https:\/\/ispirazionesportiva.com\/wp-content\/uploads\/2020\/11\/la_gazzetta_dello_sport-2020-11-26-5fbeee74056ed.jpg 662w, https:\/\/ispirazionesportiva.com\/wp-content\/uploads\/2020\/11\/la_gazzetta_dello_sport-2020-11-26-5fbeee74056ed-197x300.jpg 197w\" sizes=\"auto, (max-width: 662px) 100vw, 662px\" \/><\/figure>\r\n\r\n\r\n\r\n<figure class=\"wp-block-image size-large\"><img loading=\"lazy\" decoding=\"async\" width=\"662\" height=\"984\" class=\"wp-image-874\" src=\"https:\/\/ispirazionesportiva.com\/wp-content\/uploads\/2020\/11\/la_repubblica-2020-11-26-5fbf6ebf42f2a.jpg\" alt=\"\" srcset=\"https:\/\/ispirazionesportiva.com\/wp-content\/uploads\/2020\/11\/la_repubblica-2020-11-26-5fbf6ebf42f2a.jpg 662w, https:\/\/ispirazionesportiva.com\/wp-content\/uploads\/2020\/11\/la_repubblica-2020-11-26-5fbf6ebf42f2a-202x300.jpg 202w\" sizes=\"auto, (max-width: 662px) 100vw, 662px\" \/><\/figure>\r\n\r\n\r\n\r\n<figure class=\"wp-block-image size-large\"><img loading=\"lazy\" decoding=\"async\" width=\"662\" height=\"974\" class=\"wp-image-875\" src=\"https:\/\/ispirazionesportiva.com\/wp-content\/uploads\/2020\/11\/la_stampa-2020-11-26-5fbf3630e24ab.jpg\" alt=\"\" srcset=\"https:\/\/ispirazionesportiva.com\/wp-content\/uploads\/2020\/11\/la_stampa-2020-11-26-5fbf3630e24ab.jpg 662w, https:\/\/ispirazionesportiva.com\/wp-content\/uploads\/2020\/11\/la_stampa-2020-11-26-5fbf3630e24ab-204x300.jpg 204w\" sizes=\"auto, (max-width: 662px) 100vw, 662px\" \/><\/figure>\r\n\r\n\r\n\r\n<figure class=\"wp-block-image size-large\"><img loading=\"lazy\" decoding=\"async\" width=\"662\" height=\"952\" class=\"wp-image-876\" src=\"https:\/\/ispirazionesportiva.com\/wp-content\/uploads\/2020\/11\/leggo-2020-11-26-5fbef2eb4c42f.jpg\" alt=\"\" srcset=\"https:\/\/ispirazionesportiva.com\/wp-content\/uploads\/2020\/11\/leggo-2020-11-26-5fbef2eb4c42f.jpg 662w, https:\/\/ispirazionesportiva.com\/wp-content\/uploads\/2020\/11\/leggo-2020-11-26-5fbef2eb4c42f-209x300.jpg 209w\" sizes=\"auto, (max-width: 662px) 100vw, 662px\" \/><\/figure>\r\n\r\n\r\n\r\n<figure class=\"wp-block-image size-large\"><img loading=\"lazy\" decoding=\"async\" width=\"662\" height=\"892\" class=\"wp-image-877\" src=\"https:\/\/ispirazionesportiva.com\/wp-content\/uploads\/2020\/11\/marca-2020-11-26-5fbee4c9172f8.jpg\" alt=\"\" srcset=\"https:\/\/ispirazionesportiva.com\/wp-content\/uploads\/2020\/11\/marca-2020-11-26-5fbee4c9172f8.jpg 662w, https:\/\/ispirazionesportiva.com\/wp-content\/uploads\/2020\/11\/marca-2020-11-26-5fbee4c9172f8-223x300.jpg 223w\" sizes=\"auto, (max-width: 662px) 100vw, 662px\" \/><\/figure>\r\n\r\n\r\n\r\n<figure class=\"wp-block-image size-large\"><img loading=\"lazy\" decoding=\"async\" width=\"662\" height=\"967\" class=\"wp-image-878\" src=\"https:\/\/ispirazionesportiva.com\/wp-content\/uploads\/2020\/11\/metro-2020-11-26-5fbf27db0d5e6.jpg\" alt=\"\" srcset=\"https:\/\/ispirazionesportiva.com\/wp-content\/uploads\/2020\/11\/metro-2020-11-26-5fbf27db0d5e6.jpg 662w, https:\/\/ispirazionesportiva.com\/wp-content\/uploads\/2020\/11\/metro-2020-11-26-5fbf27db0d5e6-205x300.jpg 205w\" sizes=\"auto, (max-width: 662px) 100vw, 662px\" \/><\/figure>\r\n\r\n\r\n\r\n<figure class=\"wp-block-image size-large\"><img loading=\"lazy\" decoding=\"async\" width=\"662\" height=\"807\" class=\"wp-image-879\" src=\"https:\/\/ispirazionesportiva.com\/wp-content\/uploads\/2020\/11\/record_pt-2020-11-26-5fbf35e3a5eac.jpg\" alt=\"\" srcset=\"https:\/\/ispirazionesportiva.com\/wp-content\/uploads\/2020\/11\/record_pt-2020-11-26-5fbf35e3a5eac.jpg 662w, https:\/\/ispirazionesportiva.com\/wp-content\/uploads\/2020\/11\/record_pt-2020-11-26-5fbf35e3a5eac-246x300.jpg 246w\" sizes=\"auto, (max-width: 662px) 100vw, 662px\" \/><\/figure>\r\n\r\n\r\n\r\n<figure class=\"wp-block-image size-large\"><img loading=\"lazy\" decoding=\"async\" width=\"662\" height=\"823\" class=\"wp-image-880\" src=\"https:\/\/ispirazionesportiva.com\/wp-content\/uploads\/2020\/11\/mundo_deportivo-2020-11-26-5fbeebb5b87cf.jpg\" alt=\"\" srcset=\"https:\/\/ispirazionesportiva.com\/wp-content\/uploads\/2020\/11\/mundo_deportivo-2020-11-26-5fbeebb5b87cf.jpg 662w, https:\/\/ispirazionesportiva.com\/wp-content\/uploads\/2020\/11\/mundo_deportivo-2020-11-26-5fbeebb5b87cf-241x300.jpg 241w\" sizes=\"auto, (max-width: 662px) 100vw, 662px\" \/><\/figure>\r\n\r\n\r\n\r\n<figure class=\"wp-block-image size-large\"><img loading=\"lazy\" decoding=\"async\" width=\"662\" height=\"839\" class=\"wp-image-881\" src=\"https:\/\/ispirazionesportiva.com\/wp-content\/uploads\/2020\/11\/sport_es-2020-11-26-5fbeeb4fa8ed4.jpg\" alt=\"\" srcset=\"https:\/\/ispirazionesportiva.com\/wp-content\/uploads\/2020\/11\/sport_es-2020-11-26-5fbeeb4fa8ed4.jpg 662w, https:\/\/ispirazionesportiva.com\/wp-content\/uploads\/2020\/11\/sport_es-2020-11-26-5fbeeb4fa8ed4-237x300.jpg 237w\" sizes=\"auto, (max-width: 662px) 100vw, 662px\" \/><\/figure>\r\n\r\n\r\n\r\n<figure class=\"wp-block-image size-large\"><img loading=\"lazy\" decoding=\"async\" width=\"662\" height=\"981\" class=\"wp-image-882\" src=\"https:\/\/ispirazionesportiva.com\/wp-content\/uploads\/2020\/11\/tuttosport-2020-11-26-5fbeec133eb7c.jpg\" alt=\"\" srcset=\"https:\/\/ispirazionesportiva.com\/wp-content\/uploads\/2020\/11\/tuttosport-2020-11-26-5fbeec133eb7c.jpg 662w, https:\/\/ispirazionesportiva.com\/wp-content\/uploads\/2020\/11\/tuttosport-2020-11-26-5fbeec133eb7c-202x300.jpg 202w\" sizes=\"auto, (max-width: 662px) 100vw, 662px\" \/><\/figure>\r\n","protected":false},"excerpt":{"rendered":"<p>I Miti non muoiono mai. Al massimo non li vedi ma loro ci sono. Da&#8230;<\/p>\n","protected":false},"author":4,"featured_media":884,"comment_status":"closed","ping_status":"closed","sticky":false,"template":"","format":"standard","meta":{"footnotes":""},"categories":[5,206,125],"tags":[111],"class_list":["post-860","post","type-post","status-publish","format-standard","has-post-thumbnail","hentry","category-calcio","category-i-miti-e-le-leggende-del-pallone","category-larcifiori","tag-maradona"],"yoast_head":"<!-- This site is optimized with the Yoast SEO plugin v21.9 - https:\/\/yoast.com\/wordpress\/plugins\/seo\/ -->\n<title>Eternamente Diego - IspirazioneSportiva.com<\/title>\n<meta name=\"description\" content=\"Diego Armando Maradona lascia la vita terrena ma la sua leggenda sar\u00e0 sempre in qualsiasi pallone da calcio\" \/>\n<meta name=\"robots\" content=\"index, follow, max-snippet:-1, max-image-preview:large, max-video-preview:-1\" \/>\n<link rel=\"canonical\" href=\"https:\/\/ispirazionesportiva.com\/index.php\/2020\/11\/26\/eternamente-diego\/\" \/>\n<meta property=\"og:locale\" content=\"it_IT\" \/>\n<meta property=\"og:type\" content=\"article\" \/>\n<meta property=\"og:title\" content=\"Eternamente Diego - IspirazioneSportiva.com\" \/>\n<meta property=\"og:description\" content=\"Diego Armando Maradona lascia la vita terrena ma la sua leggenda sar\u00e0 sempre in qualsiasi pallone da calcio\" \/>\n<meta property=\"og:url\" content=\"https:\/\/ispirazionesportiva.com\/index.php\/2020\/11\/26\/eternamente-diego\/\" \/>\n<meta property=\"og:site_name\" content=\"IspirazioneSportiva.com\" \/>\n<meta property=\"article:publisher\" content=\"https:\/\/www.facebook.com\/search\/top\/?q=ispirazionesportiva.com\" \/>\n<meta property=\"article:author\" content=\"https:\/\/www.facebook.com\/supermariolemieux\/\" \/>\n<meta property=\"article:published_time\" content=\"2020-11-26T10:00:24+00:00\" \/>\n<meta property=\"article:modified_time\" content=\"2023-12-16T17:39:04+00:00\" \/>\n<meta property=\"og:image\" content=\"https:\/\/ispirazionesportiva.com\/wp-content\/uploads\/2020\/11\/1606384735459.jpg\" \/>\n\t<meta property=\"og:image:width\" content=\"2048\" \/>\n\t<meta property=\"og:image:height\" content=\"2048\" \/>\n\t<meta property=\"og:image:type\" content=\"image\/jpeg\" \/>\n<meta name=\"author\" content=\"Francesco Fiori\" \/>\n<meta name=\"twitter:card\" content=\"summary_large_image\" \/>\n<meta name=\"twitter:creator\" content=\"@frafiori21\" \/>\n<meta name=\"twitter:site\" content=\"@FraFiori21\" \/>\n<meta name=\"twitter:label1\" content=\"Scritto da\" \/>\n\t<meta name=\"twitter:data1\" content=\"Francesco Fiori\" \/>\n\t<meta name=\"twitter:label2\" content=\"Tempo di lettura stimato\" \/>\n\t<meta name=\"twitter:data2\" content=\"9 minuti\" \/>\n<script type=\"application\/ld+json\" class=\"yoast-schema-graph\">{\"@context\":\"https:\/\/schema.org\",\"@graph\":[{\"@type\":\"Article\",\"@id\":\"https:\/\/ispirazionesportiva.com\/index.php\/2020\/11\/26\/eternamente-diego\/#article\",\"isPartOf\":{\"@id\":\"https:\/\/ispirazionesportiva.com\/index.php\/2020\/11\/26\/eternamente-diego\/\"},\"author\":{\"name\":\"Francesco Fiori\",\"@id\":\"https:\/\/ispirazionesportiva.com\/#\/schema\/person\/7288fdedc9108918baa7bb22bab31fb7\"},\"headline\":\"Eternamente Diego\",\"datePublished\":\"2020-11-26T10:00:24+00:00\",\"dateModified\":\"2023-12-16T17:39:04+00:00\",\"mainEntityOfPage\":{\"@id\":\"https:\/\/ispirazionesportiva.com\/index.php\/2020\/11\/26\/eternamente-diego\/\"},\"wordCount\":936,\"publisher\":{\"@id\":\"https:\/\/ispirazionesportiva.com\/#organization\"},\"keywords\":[\"Maradona\"],\"articleSection\":[\"Calcio\",\"I miti e le leggende del pallone\",\"L'ArciFiori\"],\"inLanguage\":\"it-IT\"},{\"@type\":\"WebPage\",\"@id\":\"https:\/\/ispirazionesportiva.com\/index.php\/2020\/11\/26\/eternamente-diego\/\",\"url\":\"https:\/\/ispirazionesportiva.com\/index.php\/2020\/11\/26\/eternamente-diego\/\",\"name\":\"Eternamente Diego - IspirazioneSportiva.com\",\"isPartOf\":{\"@id\":\"https:\/\/ispirazionesportiva.com\/#website\"},\"datePublished\":\"2020-11-26T10:00:24+00:00\",\"dateModified\":\"2023-12-16T17:39:04+00:00\",\"description\":\"Diego Armando Maradona lascia la vita terrena ma la sua leggenda sar\u00e0 sempre in qualsiasi pallone da calcio\",\"breadcrumb\":{\"@id\":\"https:\/\/ispirazionesportiva.com\/index.php\/2020\/11\/26\/eternamente-diego\/#breadcrumb\"},\"inLanguage\":\"it-IT\",\"potentialAction\":[{\"@type\":\"ReadAction\",\"target\":[\"https:\/\/ispirazionesportiva.com\/index.php\/2020\/11\/26\/eternamente-diego\/\"]}]},{\"@type\":\"BreadcrumbList\",\"@id\":\"https:\/\/ispirazionesportiva.com\/index.php\/2020\/11\/26\/eternamente-diego\/#breadcrumb\",\"itemListElement\":[{\"@type\":\"ListItem\",\"position\":1,\"name\":\"Home\",\"item\":\"https:\/\/ispirazionesportiva.com\/\"},{\"@type\":\"ListItem\",\"position\":2,\"name\":\"Eternamente Diego\"}]},{\"@type\":\"WebSite\",\"@id\":\"https:\/\/ispirazionesportiva.com\/#website\",\"url\":\"https:\/\/ispirazionesportiva.com\/\",\"name\":\"IspirazioneSportiva.com\",\"description\":\"Le storie sportive che emozionano\",\"publisher\":{\"@id\":\"https:\/\/ispirazionesportiva.com\/#organization\"},\"potentialAction\":[{\"@type\":\"SearchAction\",\"target\":{\"@type\":\"EntryPoint\",\"urlTemplate\":\"https:\/\/ispirazionesportiva.com\/?s={search_term_string}\"},\"query-input\":\"required name=search_term_string\"}],\"inLanguage\":\"it-IT\"},{\"@type\":\"Organization\",\"@id\":\"https:\/\/ispirazionesportiva.com\/#organization\",\"name\":\"ispirazionesportiva.com\",\"url\":\"https:\/\/ispirazionesportiva.com\/\",\"logo\":{\"@type\":\"ImageObject\",\"inLanguage\":\"it-IT\",\"@id\":\"https:\/\/ispirazionesportiva.com\/#\/schema\/logo\/image\/\",\"url\":\"https:\/\/ispirazionesportiva.com\/wp-content\/uploads\/2020\/08\/1589964388149.jpg\",\"contentUrl\":\"https:\/\/ispirazionesportiva.com\/wp-content\/uploads\/2020\/08\/1589964388149.jpg\",\"width\":980,\"height\":600,\"caption\":\"ispirazionesportiva.com\"},\"image\":{\"@id\":\"https:\/\/ispirazionesportiva.com\/#\/schema\/logo\/image\/\"},\"sameAs\":[\"https:\/\/www.facebook.com\/search\/top\/?q=ispirazionesportiva.com\",\"https:\/\/twitter.com\/FraFiori21\",\"https:\/\/www.instagram.com\/ispirazione_sportiva\/?hl=it\",\"https:\/\/www.linkedin.com\/in\/mario-francesco-fiori-8788ba1b4\/\"]},{\"@type\":\"Person\",\"@id\":\"https:\/\/ispirazionesportiva.com\/#\/schema\/person\/7288fdedc9108918baa7bb22bab31fb7\",\"name\":\"Francesco Fiori\",\"image\":{\"@type\":\"ImageObject\",\"inLanguage\":\"it-IT\",\"@id\":\"https:\/\/ispirazionesportiva.com\/#\/schema\/person\/image\/\",\"url\":\"https:\/\/secure.gravatar.com\/avatar\/beff881b593f312e866653a8c45295843e00b61ce1984ceaacd4e1709e4c1b57?s=96&d=mm&r=g\",\"contentUrl\":\"https:\/\/secure.gravatar.com\/avatar\/beff881b593f312e866653a8c45295843e00b61ce1984ceaacd4e1709e4c1b57?s=96&d=mm&r=g\",\"caption\":\"Francesco Fiori\"},\"description\":\"Francesco Fiori \u00e8 un giornalista sardo, classe 1983, con la passione per il racconto dello sport. Di tutto lo sport. Aveva 6 anni quando, sicuramente errore o destino, ebbe in regalo una semplice radio, senza pensare alle conseguenze successive del pianeta sportivo. Una domenica, finiti i compiti, giocando con quel mezzo, capt\u00f2 la voce roca di Sandro Ciotti. Aveva appena scoperto l\u2019esistenza di Tutto il calcio minuto per minuto. La prima sfida arriva nella stagione calcistica 90\/91, quando lo zio, incredibile giornalista locale, gli diede come compito raccontare la giornata calcistica appena conclusa. Quel tema, ad appena 7 anni, risult\u00f2 migliore rispetto alle tabelline, mai entrate volentieri in testa. Il premio fu la presenza alla gara di cartello della squadra del suo paese, il Ploaghe, due settimane pi\u00f9 tardi. Destino volle che la morte prese suo zio proprio il mercoled\u00ec prima, innescando in Fiori la voglia di diventare giornalista. A scuola alla domanda \u201cHai solo il calcio in testa?\u201d rispondeva \u201cNo, anche il ciclismo\u201d e gli anni di partite contemporanee la domenica e di Tele +2 col calcio estero crearono un piccolo \u201cpsicopatico sportivo\u201d. Tra gli sport di cui si innamora c\u2019\u00e8 l\u2019hockey americano, soprattutto nella mitologica figura di Mario Lemieux. Poco prima della morte del padre, nel febbraio 2001, Fiori trova su La Gazzetta dello Sport proprio un trafiletto con scritto del ritorno sul ghiaccio di Lemieux dopo aver sconfitto una forma tumorale e un ritiro di 3 anni. Da l\u00ec altra promessa, qualora arrivi la possibilit\u00e0 di scrivere un articolo, questo sar\u00e0 su Lemieux il Magnifico. Diventato ragioniere capisce immediatamente che iva e fatture sono molto pi\u00f9 noiose del previsto e la prima collaborazione col giornale \u201cSa Bovida\u201d gli fanno capire le regole basi del giornalismo, cosa che Fiori ignorava ma che rispettava, chiedendo solo la possibilit\u00e0 di scrivere e far colpo. Chiusa la parentesi Sa Bovida per problemi logistici e di salute dell\u2019immenso Antonio Delitala ecco il primo reale colpo di fulmine, il sito di hockey Nhl Playitusa che non ha un articolo su Lemieux. Il direttore, con una mail che Fiori ancora oggi custodisce, risponde: \u201cBeh, perch\u00e9 non provi a scriverne uno tu?\u201d Il resto \u00e8 la storia scritta al pc dopo averne scritto 5 pagine in un quadernone a quadretti. Un cambio di lavoro, non per sua volont\u00e0, spariglia le carte in tavola, col ragazzo che stando fuori casa tutto il tempo deve abbandonare la scrittura, ma peggio ancora va col primo di 3 ictus che colpiscono la mamma proprio in quel periodo. Tempo al tempo e con un altro cambio di lavoro ecco l\u2019opzione che lo colpisce, scrivere della sua amata Inter sul sito SpazioInter. Gli inizi sono complicati, scrivere secondo le regole e non avere carta bianca lo bloccano un pochino, fino all\u2019esplosione che nel sito si chiama Live. Il Live sarebbe il racconto, minuto per minuto e in contemporanea, della partita in tv e a Fiori tocca esordire con Milan-Inter. Quella sera il divertimento raggiunge le stelle, anzi, le supera e da quel momento l\u2019impegno \u00e8 triplo, con le perle di interviste a Sandro Mazzola (che risate), Gigi Simoni (che gentilezza) e Riccardo Cucchi, suo idolo radiofonico. Il tesserino da giornalista gli fa mantenere la parola data a 6 anni e ancor pi\u00f9 sorprendente \u00e8 la proposta di essere addetto stampa proprio della squadra locale, andare a vedere quelle partite che il destino gli negarono nel 1991. Si chiede spesso se sia il destino a far scherzi oppure se semplicemente la vita va accettata per quella che \u00e8. Il 30 gennaio 2021, dopo un ricovero di un mese con tutte le aggravanti possibili, in ospedale viene a mancare la mamma di Francesco. Il colpo \u00e8 brutale. Il conto \u00e8 pesantissimo, la mente lontana, lo scrivere, anche solo un piccolo pensiero sulla giornata calcistica, \u00e8 di una difficolt\u00e0 che ad oggi \u00e8 ancora lontana dall'essere superata. Il resto \u00e8 storia o noia, dipende da che parte si vuol vedere, dagli articoli su Gazzetta Fan News al raccontare qualsiasi sport, perch\u00e9 per Fiori ogni sport ha un suo eroe e perch\u00e9 ora, con IspirazioneSportiva.com, sar\u00e0 ancor pi\u00f9 spettacolare dar libero sfogo a qualsiasi ispirazione, come dice il nome e come gli ha insegnato Riccardo Cucchi: \u201cNella vita mai smettere di sognare!\u201d. Anzi, scusate il ritardo! Mail: fcroda@yahoo.it Fb: supermariolemieux pec: francesco.fiori@pecgiornalisti.it\",\"sameAs\":[\"https:\/\/www.facebook.com\/supermariolemieux\/\",\"https:\/\/www.instagram.com\/francescofiori12\/\",\"https:\/\/www.linkedin.com\/in\/francesco-fiori-b45614176\/\",\"https:\/\/twitter.com\/frafiori21\"],\"url\":\"https:\/\/ispirazionesportiva.com\/index.php\/author\/supermariolemieux\/\"}]}<\/script>\n<!-- \/ Yoast SEO plugin. -->","yoast_head_json":{"title":"Eternamente Diego - IspirazioneSportiva.com","description":"Diego Armando Maradona lascia la vita terrena ma la sua leggenda sar\u00e0 sempre in qualsiasi pallone da calcio","robots":{"index":"index","follow":"follow","max-snippet":"max-snippet:-1","max-image-preview":"max-image-preview:large","max-video-preview":"max-video-preview:-1"},"canonical":"https:\/\/ispirazionesportiva.com\/index.php\/2020\/11\/26\/eternamente-diego\/","og_locale":"it_IT","og_type":"article","og_title":"Eternamente Diego - IspirazioneSportiva.com","og_description":"Diego Armando Maradona lascia la vita terrena ma la sua leggenda sar\u00e0 sempre in qualsiasi pallone da calcio","og_url":"https:\/\/ispirazionesportiva.com\/index.php\/2020\/11\/26\/eternamente-diego\/","og_site_name":"IspirazioneSportiva.com","article_publisher":"https:\/\/www.facebook.com\/search\/top\/?q=ispirazionesportiva.com","article_author":"https:\/\/www.facebook.com\/supermariolemieux\/","article_published_time":"2020-11-26T10:00:24+00:00","article_modified_time":"2023-12-16T17:39:04+00:00","og_image":[{"width":2048,"height":2048,"url":"https:\/\/ispirazionesportiva.com\/wp-content\/uploads\/2020\/11\/1606384735459.jpg","type":"image\/jpeg"}],"author":"Francesco Fiori","twitter_card":"summary_large_image","twitter_creator":"@frafiori21","twitter_site":"@FraFiori21","twitter_misc":{"Scritto da":"Francesco Fiori","Tempo di lettura stimato":"9 minuti"},"schema":{"@context":"https:\/\/schema.org","@graph":[{"@type":"Article","@id":"https:\/\/ispirazionesportiva.com\/index.php\/2020\/11\/26\/eternamente-diego\/#article","isPartOf":{"@id":"https:\/\/ispirazionesportiva.com\/index.php\/2020\/11\/26\/eternamente-diego\/"},"author":{"name":"Francesco Fiori","@id":"https:\/\/ispirazionesportiva.com\/#\/schema\/person\/7288fdedc9108918baa7bb22bab31fb7"},"headline":"Eternamente Diego","datePublished":"2020-11-26T10:00:24+00:00","dateModified":"2023-12-16T17:39:04+00:00","mainEntityOfPage":{"@id":"https:\/\/ispirazionesportiva.com\/index.php\/2020\/11\/26\/eternamente-diego\/"},"wordCount":936,"publisher":{"@id":"https:\/\/ispirazionesportiva.com\/#organization"},"keywords":["Maradona"],"articleSection":["Calcio","I miti e le leggende del pallone","L'ArciFiori"],"inLanguage":"it-IT"},{"@type":"WebPage","@id":"https:\/\/ispirazionesportiva.com\/index.php\/2020\/11\/26\/eternamente-diego\/","url":"https:\/\/ispirazionesportiva.com\/index.php\/2020\/11\/26\/eternamente-diego\/","name":"Eternamente Diego - IspirazioneSportiva.com","isPartOf":{"@id":"https:\/\/ispirazionesportiva.com\/#website"},"datePublished":"2020-11-26T10:00:24+00:00","dateModified":"2023-12-16T17:39:04+00:00","description":"Diego Armando Maradona lascia la vita terrena ma la sua leggenda sar\u00e0 sempre in qualsiasi pallone da calcio","breadcrumb":{"@id":"https:\/\/ispirazionesportiva.com\/index.php\/2020\/11\/26\/eternamente-diego\/#breadcrumb"},"inLanguage":"it-IT","potentialAction":[{"@type":"ReadAction","target":["https:\/\/ispirazionesportiva.com\/index.php\/2020\/11\/26\/eternamente-diego\/"]}]},{"@type":"BreadcrumbList","@id":"https:\/\/ispirazionesportiva.com\/index.php\/2020\/11\/26\/eternamente-diego\/#breadcrumb","itemListElement":[{"@type":"ListItem","position":1,"name":"Home","item":"https:\/\/ispirazionesportiva.com\/"},{"@type":"ListItem","position":2,"name":"Eternamente Diego"}]},{"@type":"WebSite","@id":"https:\/\/ispirazionesportiva.com\/#website","url":"https:\/\/ispirazionesportiva.com\/","name":"IspirazioneSportiva.com","description":"Le storie sportive che emozionano","publisher":{"@id":"https:\/\/ispirazionesportiva.com\/#organization"},"potentialAction":[{"@type":"SearchAction","target":{"@type":"EntryPoint","urlTemplate":"https:\/\/ispirazionesportiva.com\/?s={search_term_string}"},"query-input":"required name=search_term_string"}],"inLanguage":"it-IT"},{"@type":"Organization","@id":"https:\/\/ispirazionesportiva.com\/#organization","name":"ispirazionesportiva.com","url":"https:\/\/ispirazionesportiva.com\/","logo":{"@type":"ImageObject","inLanguage":"it-IT","@id":"https:\/\/ispirazionesportiva.com\/#\/schema\/logo\/image\/","url":"https:\/\/ispirazionesportiva.com\/wp-content\/uploads\/2020\/08\/1589964388149.jpg","contentUrl":"https:\/\/ispirazionesportiva.com\/wp-content\/uploads\/2020\/08\/1589964388149.jpg","width":980,"height":600,"caption":"ispirazionesportiva.com"},"image":{"@id":"https:\/\/ispirazionesportiva.com\/#\/schema\/logo\/image\/"},"sameAs":["https:\/\/www.facebook.com\/search\/top\/?q=ispirazionesportiva.com","https:\/\/twitter.com\/FraFiori21","https:\/\/www.instagram.com\/ispirazione_sportiva\/?hl=it","https:\/\/www.linkedin.com\/in\/mario-francesco-fiori-8788ba1b4\/"]},{"@type":"Person","@id":"https:\/\/ispirazionesportiva.com\/#\/schema\/person\/7288fdedc9108918baa7bb22bab31fb7","name":"Francesco Fiori","image":{"@type":"ImageObject","inLanguage":"it-IT","@id":"https:\/\/ispirazionesportiva.com\/#\/schema\/person\/image\/","url":"https:\/\/secure.gravatar.com\/avatar\/beff881b593f312e866653a8c45295843e00b61ce1984ceaacd4e1709e4c1b57?s=96&d=mm&r=g","contentUrl":"https:\/\/secure.gravatar.com\/avatar\/beff881b593f312e866653a8c45295843e00b61ce1984ceaacd4e1709e4c1b57?s=96&d=mm&r=g","caption":"Francesco Fiori"},"description":"Francesco Fiori \u00e8 un giornalista sardo, classe 1983, con la passione per il racconto dello sport. Di tutto lo sport. Aveva 6 anni quando, sicuramente errore o destino, ebbe in regalo una semplice radio, senza pensare alle conseguenze successive del pianeta sportivo. Una domenica, finiti i compiti, giocando con quel mezzo, capt\u00f2 la voce roca di Sandro Ciotti. Aveva appena scoperto l\u2019esistenza di Tutto il calcio minuto per minuto. La prima sfida arriva nella stagione calcistica 90\/91, quando lo zio, incredibile giornalista locale, gli diede come compito raccontare la giornata calcistica appena conclusa. Quel tema, ad appena 7 anni, risult\u00f2 migliore rispetto alle tabelline, mai entrate volentieri in testa. Il premio fu la presenza alla gara di cartello della squadra del suo paese, il Ploaghe, due settimane pi\u00f9 tardi. Destino volle che la morte prese suo zio proprio il mercoled\u00ec prima, innescando in Fiori la voglia di diventare giornalista. A scuola alla domanda \u201cHai solo il calcio in testa?\u201d rispondeva \u201cNo, anche il ciclismo\u201d e gli anni di partite contemporanee la domenica e di Tele +2 col calcio estero crearono un piccolo \u201cpsicopatico sportivo\u201d. Tra gli sport di cui si innamora c\u2019\u00e8 l\u2019hockey americano, soprattutto nella mitologica figura di Mario Lemieux. Poco prima della morte del padre, nel febbraio 2001, Fiori trova su La Gazzetta dello Sport proprio un trafiletto con scritto del ritorno sul ghiaccio di Lemieux dopo aver sconfitto una forma tumorale e un ritiro di 3 anni. Da l\u00ec altra promessa, qualora arrivi la possibilit\u00e0 di scrivere un articolo, questo sar\u00e0 su Lemieux il Magnifico. Diventato ragioniere capisce immediatamente che iva e fatture sono molto pi\u00f9 noiose del previsto e la prima collaborazione col giornale \u201cSa Bovida\u201d gli fanno capire le regole basi del giornalismo, cosa che Fiori ignorava ma che rispettava, chiedendo solo la possibilit\u00e0 di scrivere e far colpo. Chiusa la parentesi Sa Bovida per problemi logistici e di salute dell\u2019immenso Antonio Delitala ecco il primo reale colpo di fulmine, il sito di hockey Nhl Playitusa che non ha un articolo su Lemieux. Il direttore, con una mail che Fiori ancora oggi custodisce, risponde: \u201cBeh, perch\u00e9 non provi a scriverne uno tu?\u201d Il resto \u00e8 la storia scritta al pc dopo averne scritto 5 pagine in un quadernone a quadretti. Un cambio di lavoro, non per sua volont\u00e0, spariglia le carte in tavola, col ragazzo che stando fuori casa tutto il tempo deve abbandonare la scrittura, ma peggio ancora va col primo di 3 ictus che colpiscono la mamma proprio in quel periodo. Tempo al tempo e con un altro cambio di lavoro ecco l\u2019opzione che lo colpisce, scrivere della sua amata Inter sul sito SpazioInter. Gli inizi sono complicati, scrivere secondo le regole e non avere carta bianca lo bloccano un pochino, fino all\u2019esplosione che nel sito si chiama Live. Il Live sarebbe il racconto, minuto per minuto e in contemporanea, della partita in tv e a Fiori tocca esordire con Milan-Inter. Quella sera il divertimento raggiunge le stelle, anzi, le supera e da quel momento l\u2019impegno \u00e8 triplo, con le perle di interviste a Sandro Mazzola (che risate), Gigi Simoni (che gentilezza) e Riccardo Cucchi, suo idolo radiofonico. Il tesserino da giornalista gli fa mantenere la parola data a 6 anni e ancor pi\u00f9 sorprendente \u00e8 la proposta di essere addetto stampa proprio della squadra locale, andare a vedere quelle partite che il destino gli negarono nel 1991. Si chiede spesso se sia il destino a far scherzi oppure se semplicemente la vita va accettata per quella che \u00e8. Il 30 gennaio 2021, dopo un ricovero di un mese con tutte le aggravanti possibili, in ospedale viene a mancare la mamma di Francesco. Il colpo \u00e8 brutale. Il conto \u00e8 pesantissimo, la mente lontana, lo scrivere, anche solo un piccolo pensiero sulla giornata calcistica, \u00e8 di una difficolt\u00e0 che ad oggi \u00e8 ancora lontana dall'essere superata. Il resto \u00e8 storia o noia, dipende da che parte si vuol vedere, dagli articoli su Gazzetta Fan News al raccontare qualsiasi sport, perch\u00e9 per Fiori ogni sport ha un suo eroe e perch\u00e9 ora, con IspirazioneSportiva.com, sar\u00e0 ancor pi\u00f9 spettacolare dar libero sfogo a qualsiasi ispirazione, come dice il nome e come gli ha insegnato Riccardo Cucchi: \u201cNella vita mai smettere di sognare!\u201d. Anzi, scusate il ritardo! Mail: fcroda@yahoo.it Fb: supermariolemieux pec: francesco.fiori@pecgiornalisti.it","sameAs":["https:\/\/www.facebook.com\/supermariolemieux\/","https:\/\/www.instagram.com\/francescofiori12\/","https:\/\/www.linkedin.com\/in\/francesco-fiori-b45614176\/","https:\/\/twitter.com\/frafiori21"],"url":"https:\/\/ispirazionesportiva.com\/index.php\/author\/supermariolemieux\/"}]}},"_links":{"self":[{"href":"https:\/\/ispirazionesportiva.com\/index.php\/wp-json\/wp\/v2\/posts\/860","targetHints":{"allow":["GET"]}}],"collection":[{"href":"https:\/\/ispirazionesportiva.com\/index.php\/wp-json\/wp\/v2\/posts"}],"about":[{"href":"https:\/\/ispirazionesportiva.com\/index.php\/wp-json\/wp\/v2\/types\/post"}],"author":[{"embeddable":true,"href":"https:\/\/ispirazionesportiva.com\/index.php\/wp-json\/wp\/v2\/users\/4"}],"replies":[{"embeddable":true,"href":"https:\/\/ispirazionesportiva.com\/index.php\/wp-json\/wp\/v2\/comments?post=860"}],"version-history":[{"count":5,"href":"https:\/\/ispirazionesportiva.com\/index.php\/wp-json\/wp\/v2\/posts\/860\/revisions"}],"predecessor-version":[{"id":2293,"href":"https:\/\/ispirazionesportiva.com\/index.php\/wp-json\/wp\/v2\/posts\/860\/revisions\/2293"}],"wp:featuredmedia":[{"embeddable":true,"href":"https:\/\/ispirazionesportiva.com\/index.php\/wp-json\/wp\/v2\/media\/884"}],"wp:attachment":[{"href":"https:\/\/ispirazionesportiva.com\/index.php\/wp-json\/wp\/v2\/media?parent=860"}],"wp:term":[{"taxonomy":"category","embeddable":true,"href":"https:\/\/ispirazionesportiva.com\/index.php\/wp-json\/wp\/v2\/categories?post=860"},{"taxonomy":"post_tag","embeddable":true,"href":"https:\/\/ispirazionesportiva.com\/index.php\/wp-json\/wp\/v2\/tags?post=860"}],"curies":[{"name":"wp","href":"https:\/\/api.w.org\/{rel}","templated":true}]}}