{"id":809,"date":"2020-10-27T13:00:00","date_gmt":"2020-10-27T11:00:00","guid":{"rendered":"https:\/\/ispirazionesportiva.com\/?p=809"},"modified":"2023-12-16T19:46:14","modified_gmt":"2023-12-16T17:46:14","slug":"gino-salvaci-tu","status":"publish","type":"post","link":"https:\/\/ispirazionesportiva.com\/index.php\/2020\/10\/27\/gino-salvaci-tu\/","title":{"rendered":"Gino salvaci tu!"},"content":{"rendered":"\r\n<blockquote class=\"wp-block-quote is-style-large is-layout-flow wp-block-quote-is-layout-flow\">\r\n<p><em>La guerra civile \u00e8 ad un passo, ma Gino Bartali \u00e8 stanco e cosa pu\u00f2 far dalla Francia per salvare la sua amata patria? Semplice, ribaltare e vincere in Francia<\/em><\/p>\r\n<\/blockquote>\r\n\r\n\r\n\r\n<figure class=\"wp-block-image size-large\"><img loading=\"lazy\" decoding=\"async\" width=\"810\" height=\"547\" class=\"wp-image-810\" src=\"https:\/\/ispirazionesportiva.com\/wp-content\/uploads\/2020\/10\/ZTlkY2E0YjM-1-cropped.jpg\" alt=\"\" srcset=\"https:\/\/ispirazionesportiva.com\/wp-content\/uploads\/2020\/10\/ZTlkY2E0YjM-1-cropped.jpg 810w, https:\/\/ispirazionesportiva.com\/wp-content\/uploads\/2020\/10\/ZTlkY2E0YjM-1-cropped-300x203.jpg 300w, https:\/\/ispirazionesportiva.com\/wp-content\/uploads\/2020\/10\/ZTlkY2E0YjM-1-cropped-768x519.jpg 768w\" sizes=\"auto, (max-width: 810px) 100vw, 810px\" \/><\/figure>\r\n\r\n\r\n\r\n<p>Gino qua sta per scoppiare il caos. E&#8217; il\u00a0<strong>Tour de France del 1948<\/strong>, corsa che\u00a0<strong>Bartali ha gi\u00e0 vinto, ma nel 1938<\/strong>, dieci anni prima e il Giro di quello stesso anno non gli ha dato soddisfazioni, ottavo e spettatore nel trionfo di Magni.<\/p>\r\n\r\n\r\n\r\n<p>In Francia rappresentava gli Azzurri, designato capitano, improvvis\u00f2 senza grandi speranze la spedizione d&#8217;oltralpe.<\/p>\r\n\r\n\r\n\r\n<p><strong>Gino ha 34 anni\u00a0<\/strong>e viene considerato un monumento del ciclismo e come tale anche troppo vecchio per poter dir la sua al Tour, dove si affaccia il giovane fenomeno\u00a0<strong>Louison Bobet<\/strong>\u00a0pronto a dominare le montagne.<\/p>\r\n\r\n\r\n\r\n<p>La tattica prima di tutto, con Bartali che deve fingersi stanco per non strafare, ma appena inizia la corsa ecco il botto, sprint a Trouville e vittoria su Schotte e Teisseire. Sembra un passo trionfale e cos\u00ec pu\u00f2 sembrare, vincendo anche nella Biarritz-Lourdes di 219 km e il giorno seguente nella Lourdes-Toulose di 261 km.<\/p>\r\n\r\n\r\n\r\n<p>Ma in classifica il primato \u00e8 sempre di Bobet che va a dominare la crono e regolare il distacco su Bartali\u00a0<strong>intorno ai 21 minuti e 20 secondi<\/strong>. Quando poi tutti i corridori si godono il giorno di pausa ecco l&#8217;ennesima botta che mina il morale di Ginettaccio, un giovane fanatico anticomunista ha sparato, il 14 luglio, a\u00a0<strong>Palmiro Togliatti<\/strong>, segretario del Pci, con l&#8217;Italia pronta alla rivolta.<\/p>\r\n\r\n\r\n\r\n<p>Cosa si fa? Si torna a casa o si inventa qualcosa? Da Roma, con l&#8217;Italia appena uscita dalle macerie della guerra, un vecchio amico di Bartali sta andando verso il Tour, \u00e8\u00a0<strong>Bartolo Paschetta<\/strong>, alto dirigente dell&#8217;Azione Cattolica, che nell&#8217;albergo del campione toscano lo ascolta nella sua carica verso i compagni.<\/p>\r\n\r\n\r\n\r\n<p>&#8220;<em>Ragazzi &#8211;\u00a0<\/em>dice Bartali<em>&#8211; hanno sparato a Togliatti, se lui muore rischiamo tutti di dover tornare a casa, dove c&#8217;\u00e8 una sommossa. Facciamo vedere chi siamo, specialmente a quei giornalisti da quattro soldi che se ne sono gi\u00e0 andati, che hanno lasciato il Tour avendoci dati gi\u00e0 per morti&#8221;. La tattica \u00e8 appena tracciata ma manca ancora un colpo di scena, la telefonata che De Gasperi, capo del Governo, fa a Bartali.\u00a0<\/em><\/p>\r\n\r\n\r\n\r\n<p>&#8220;<em>Gino, pensi di vincere il Tour?&#8221;<\/em><\/p>\r\n\r\n\r\n\r\n<p>&#8220;<em>Non lo so, ma domani vinco di sicuro&#8221; \u00e8 la risposta di Gino a De Gasperi. E cos\u00ec accadr\u00e0.<\/em><\/p>\r\n\r\n\r\n\r\n<p>15 luglio, tempesta di pioggia e Vars da scalare.\u00a0<strong>Bartali lo sbrana<\/strong>, stacca gli avversari e insegue Robic in fuga, lo salta e attende l&#8217;Izoard, vola e stacca Bobet di 19 minuti, va verso Briancon e il francese \u00e8 maglia gialla per appena 51 secondi. Ormai lo squalo ha fiutato il sangue.<\/p>\r\n\r\n\r\n\r\n<p>Con Togliatti fuori pericolo Bartali si scatena, vince nella tappa successiva, la Briancon-Aix Les Bains e festeggia nel modo migliore il suo compleanno del 18 luglio, aveva 21 minuti di distacco dopo i Pirenei e prima delle Alpi, a Parigi, sul traguardo finale,\u00a0<strong>ne ha 26 di vantaggio e pu\u00f2 esultare con l&#8217;Italia unita<\/strong>, ennesimo miracolo di Gino il Grande.<\/p>\r\n\r\n\r\n\r\n<p><em>Nessuno come noi in quei momenti guarda l\u2019avversario dritto negli occhi e ha il coraggio di urlargli in faccia noi non molliamo, noi siamo l\u2019Italia, eroici se serve, non siamo nati per perdere.<\/em><\/p>\r\n\r\n\r\n\r\n<p><em>Fonte: Gazzetta Fan News<\/em><\/p>\r\n","protected":false},"excerpt":{"rendered":"<p>La guerra civile \u00e8 ad un passo, ma Gino Bartali \u00e8 stanco e cosa pu\u00f2&#8230;<\/p>\n","protected":false},"author":4,"featured_media":811,"comment_status":"closed","ping_status":"closed","sticky":false,"template":"","format":"standard","meta":{"footnotes":""},"categories":[6,11],"tags":[107,108],"class_list":["post-809","post","type-post","status-publish","format-standard","has-post-thumbnail","hentry","category-ciclismo","category-mi-alzo-sui-pedali","tag-bartali","tag-tour"],"yoast_head":"<!-- This site is optimized with the Yoast SEO plugin v21.9 - https:\/\/yoast.com\/wordpress\/plugins\/seo\/ -->\n<title>Gino salvaci tu! - IspirazioneSportiva.com<\/title>\n<meta name=\"description\" content=\"Come pu\u00f2 una bici salvare un&#039;intera nazione? Pu\u00f2, se sopra c&#039;\u00e8 un mito di nome Gino Bartali e la gara da vincere \u00e8 il Tour de France\" \/>\n<meta name=\"robots\" content=\"index, follow, max-snippet:-1, max-image-preview:large, max-video-preview:-1\" \/>\n<link rel=\"canonical\" href=\"https:\/\/ispirazionesportiva.com\/index.php\/2020\/10\/27\/gino-salvaci-tu\/\" \/>\n<meta property=\"og:locale\" content=\"it_IT\" \/>\n<meta property=\"og:type\" content=\"article\" \/>\n<meta property=\"og:title\" content=\"Gino salvaci tu!\" \/>\n<meta property=\"og:description\" content=\"La storia di Bartali e di un&#039;Italia pronta ad esplodere\" \/>\n<meta property=\"og:url\" content=\"https:\/\/ispirazionesportiva.com\/index.php\/2020\/10\/27\/gino-salvaci-tu\/\" \/>\n<meta property=\"og:site_name\" content=\"IspirazioneSportiva.com\" \/>\n<meta property=\"article:publisher\" content=\"https:\/\/www.facebook.com\/search\/top\/?q=ispirazionesportiva.com\" \/>\n<meta property=\"article:author\" content=\"https:\/\/www.facebook.com\/supermariolemieux\/\" \/>\n<meta property=\"article:published_time\" content=\"2020-10-27T11:00:00+00:00\" \/>\n<meta property=\"article:modified_time\" content=\"2023-12-16T17:46:14+00:00\" \/>\n<meta property=\"og:image\" content=\"https:\/\/ispirazionesportiva.com\/wp-content\/uploads\/2020\/10\/ZTlkY2E0YjM-1-cropped.jpg\" \/>\n\t<meta property=\"og:image:width\" content=\"810\" \/>\n\t<meta property=\"og:image:height\" content=\"547\" \/>\n\t<meta property=\"og:image:type\" content=\"image\/jpeg\" \/>\n<meta name=\"author\" content=\"Francesco Fiori\" \/>\n<meta name=\"twitter:card\" content=\"summary_large_image\" \/>\n<meta name=\"twitter:image\" content=\"https:\/\/ispirazionesportiva.com\/wp-content\/uploads\/2020\/10\/e5ecec1c-e612-4a99-b0be-209713f323be_large.jpg\" \/>\n<meta name=\"twitter:creator\" content=\"@frafiori21\" \/>\n<meta name=\"twitter:site\" content=\"@FraFiori21\" \/>\n<meta name=\"twitter:label1\" content=\"Scritto da\" \/>\n\t<meta name=\"twitter:data1\" content=\"Francesco Fiori\" \/>\n\t<meta name=\"twitter:label2\" content=\"Tempo di lettura stimato\" \/>\n\t<meta name=\"twitter:data2\" content=\"3 minuti\" \/>\n<script type=\"application\/ld+json\" class=\"yoast-schema-graph\">{\"@context\":\"https:\/\/schema.org\",\"@graph\":[{\"@type\":\"Article\",\"@id\":\"https:\/\/ispirazionesportiva.com\/index.php\/2020\/10\/27\/gino-salvaci-tu\/#article\",\"isPartOf\":{\"@id\":\"https:\/\/ispirazionesportiva.com\/index.php\/2020\/10\/27\/gino-salvaci-tu\/\"},\"author\":{\"name\":\"Francesco Fiori\",\"@id\":\"https:\/\/ispirazionesportiva.com\/#\/schema\/person\/7288fdedc9108918baa7bb22bab31fb7\"},\"headline\":\"Gino salvaci tu!\",\"datePublished\":\"2020-10-27T11:00:00+00:00\",\"dateModified\":\"2023-12-16T17:46:14+00:00\",\"mainEntityOfPage\":{\"@id\":\"https:\/\/ispirazionesportiva.com\/index.php\/2020\/10\/27\/gino-salvaci-tu\/\"},\"wordCount\":530,\"publisher\":{\"@id\":\"https:\/\/ispirazionesportiva.com\/#organization\"},\"keywords\":[\"Bartali\",\"Tour\"],\"articleSection\":[\"Ciclismo\",\"Mi alzo sui pedali\"],\"inLanguage\":\"it-IT\"},{\"@type\":\"WebPage\",\"@id\":\"https:\/\/ispirazionesportiva.com\/index.php\/2020\/10\/27\/gino-salvaci-tu\/\",\"url\":\"https:\/\/ispirazionesportiva.com\/index.php\/2020\/10\/27\/gino-salvaci-tu\/\",\"name\":\"Gino salvaci tu! - IspirazioneSportiva.com\",\"isPartOf\":{\"@id\":\"https:\/\/ispirazionesportiva.com\/#website\"},\"datePublished\":\"2020-10-27T11:00:00+00:00\",\"dateModified\":\"2023-12-16T17:46:14+00:00\",\"description\":\"Come pu\u00f2 una bici salvare un'intera nazione? Pu\u00f2, se sopra c'\u00e8 un mito di nome Gino Bartali e la gara da vincere \u00e8 il Tour de France\",\"breadcrumb\":{\"@id\":\"https:\/\/ispirazionesportiva.com\/index.php\/2020\/10\/27\/gino-salvaci-tu\/#breadcrumb\"},\"inLanguage\":\"it-IT\",\"potentialAction\":[{\"@type\":\"ReadAction\",\"target\":[\"https:\/\/ispirazionesportiva.com\/index.php\/2020\/10\/27\/gino-salvaci-tu\/\"]}]},{\"@type\":\"BreadcrumbList\",\"@id\":\"https:\/\/ispirazionesportiva.com\/index.php\/2020\/10\/27\/gino-salvaci-tu\/#breadcrumb\",\"itemListElement\":[{\"@type\":\"ListItem\",\"position\":1,\"name\":\"Home\",\"item\":\"https:\/\/ispirazionesportiva.com\/\"},{\"@type\":\"ListItem\",\"position\":2,\"name\":\"Gino salvaci tu!\"}]},{\"@type\":\"WebSite\",\"@id\":\"https:\/\/ispirazionesportiva.com\/#website\",\"url\":\"https:\/\/ispirazionesportiva.com\/\",\"name\":\"IspirazioneSportiva.com\",\"description\":\"Le storie sportive che emozionano\",\"publisher\":{\"@id\":\"https:\/\/ispirazionesportiva.com\/#organization\"},\"potentialAction\":[{\"@type\":\"SearchAction\",\"target\":{\"@type\":\"EntryPoint\",\"urlTemplate\":\"https:\/\/ispirazionesportiva.com\/?s={search_term_string}\"},\"query-input\":\"required name=search_term_string\"}],\"inLanguage\":\"it-IT\"},{\"@type\":\"Organization\",\"@id\":\"https:\/\/ispirazionesportiva.com\/#organization\",\"name\":\"ispirazionesportiva.com\",\"url\":\"https:\/\/ispirazionesportiva.com\/\",\"logo\":{\"@type\":\"ImageObject\",\"inLanguage\":\"it-IT\",\"@id\":\"https:\/\/ispirazionesportiva.com\/#\/schema\/logo\/image\/\",\"url\":\"https:\/\/ispirazionesportiva.com\/wp-content\/uploads\/2020\/08\/1589964388149.jpg\",\"contentUrl\":\"https:\/\/ispirazionesportiva.com\/wp-content\/uploads\/2020\/08\/1589964388149.jpg\",\"width\":980,\"height\":600,\"caption\":\"ispirazionesportiva.com\"},\"image\":{\"@id\":\"https:\/\/ispirazionesportiva.com\/#\/schema\/logo\/image\/\"},\"sameAs\":[\"https:\/\/www.facebook.com\/search\/top\/?q=ispirazionesportiva.com\",\"https:\/\/twitter.com\/FraFiori21\",\"https:\/\/www.instagram.com\/ispirazione_sportiva\/?hl=it\",\"https:\/\/www.linkedin.com\/in\/mario-francesco-fiori-8788ba1b4\/\"]},{\"@type\":\"Person\",\"@id\":\"https:\/\/ispirazionesportiva.com\/#\/schema\/person\/7288fdedc9108918baa7bb22bab31fb7\",\"name\":\"Francesco Fiori\",\"image\":{\"@type\":\"ImageObject\",\"inLanguage\":\"it-IT\",\"@id\":\"https:\/\/ispirazionesportiva.com\/#\/schema\/person\/image\/\",\"url\":\"https:\/\/secure.gravatar.com\/avatar\/beff881b593f312e866653a8c45295843e00b61ce1984ceaacd4e1709e4c1b57?s=96&d=mm&r=g\",\"contentUrl\":\"https:\/\/secure.gravatar.com\/avatar\/beff881b593f312e866653a8c45295843e00b61ce1984ceaacd4e1709e4c1b57?s=96&d=mm&r=g\",\"caption\":\"Francesco Fiori\"},\"description\":\"Francesco Fiori \u00e8 un giornalista sardo, classe 1983, con la passione per il racconto dello sport. Di tutto lo sport. Aveva 6 anni quando, sicuramente errore o destino, ebbe in regalo una semplice radio, senza pensare alle conseguenze successive del pianeta sportivo. Una domenica, finiti i compiti, giocando con quel mezzo, capt\u00f2 la voce roca di Sandro Ciotti. Aveva appena scoperto l\u2019esistenza di Tutto il calcio minuto per minuto. La prima sfida arriva nella stagione calcistica 90\/91, quando lo zio, incredibile giornalista locale, gli diede come compito raccontare la giornata calcistica appena conclusa. Quel tema, ad appena 7 anni, risult\u00f2 migliore rispetto alle tabelline, mai entrate volentieri in testa. Il premio fu la presenza alla gara di cartello della squadra del suo paese, il Ploaghe, due settimane pi\u00f9 tardi. Destino volle che la morte prese suo zio proprio il mercoled\u00ec prima, innescando in Fiori la voglia di diventare giornalista. A scuola alla domanda \u201cHai solo il calcio in testa?\u201d rispondeva \u201cNo, anche il ciclismo\u201d e gli anni di partite contemporanee la domenica e di Tele +2 col calcio estero crearono un piccolo \u201cpsicopatico sportivo\u201d. Tra gli sport di cui si innamora c\u2019\u00e8 l\u2019hockey americano, soprattutto nella mitologica figura di Mario Lemieux. Poco prima della morte del padre, nel febbraio 2001, Fiori trova su La Gazzetta dello Sport proprio un trafiletto con scritto del ritorno sul ghiaccio di Lemieux dopo aver sconfitto una forma tumorale e un ritiro di 3 anni. Da l\u00ec altra promessa, qualora arrivi la possibilit\u00e0 di scrivere un articolo, questo sar\u00e0 su Lemieux il Magnifico. Diventato ragioniere capisce immediatamente che iva e fatture sono molto pi\u00f9 noiose del previsto e la prima collaborazione col giornale \u201cSa Bovida\u201d gli fanno capire le regole basi del giornalismo, cosa che Fiori ignorava ma che rispettava, chiedendo solo la possibilit\u00e0 di scrivere e far colpo. Chiusa la parentesi Sa Bovida per problemi logistici e di salute dell\u2019immenso Antonio Delitala ecco il primo reale colpo di fulmine, il sito di hockey Nhl Playitusa che non ha un articolo su Lemieux. Il direttore, con una mail che Fiori ancora oggi custodisce, risponde: \u201cBeh, perch\u00e9 non provi a scriverne uno tu?\u201d Il resto \u00e8 la storia scritta al pc dopo averne scritto 5 pagine in un quadernone a quadretti. Un cambio di lavoro, non per sua volont\u00e0, spariglia le carte in tavola, col ragazzo che stando fuori casa tutto il tempo deve abbandonare la scrittura, ma peggio ancora va col primo di 3 ictus che colpiscono la mamma proprio in quel periodo. Tempo al tempo e con un altro cambio di lavoro ecco l\u2019opzione che lo colpisce, scrivere della sua amata Inter sul sito SpazioInter. Gli inizi sono complicati, scrivere secondo le regole e non avere carta bianca lo bloccano un pochino, fino all\u2019esplosione che nel sito si chiama Live. Il Live sarebbe il racconto, minuto per minuto e in contemporanea, della partita in tv e a Fiori tocca esordire con Milan-Inter. Quella sera il divertimento raggiunge le stelle, anzi, le supera e da quel momento l\u2019impegno \u00e8 triplo, con le perle di interviste a Sandro Mazzola (che risate), Gigi Simoni (che gentilezza) e Riccardo Cucchi, suo idolo radiofonico. Il tesserino da giornalista gli fa mantenere la parola data a 6 anni e ancor pi\u00f9 sorprendente \u00e8 la proposta di essere addetto stampa proprio della squadra locale, andare a vedere quelle partite che il destino gli negarono nel 1991. Si chiede spesso se sia il destino a far scherzi oppure se semplicemente la vita va accettata per quella che \u00e8. Il 30 gennaio 2021, dopo un ricovero di un mese con tutte le aggravanti possibili, in ospedale viene a mancare la mamma di Francesco. Il colpo \u00e8 brutale. Il conto \u00e8 pesantissimo, la mente lontana, lo scrivere, anche solo un piccolo pensiero sulla giornata calcistica, \u00e8 di una difficolt\u00e0 che ad oggi \u00e8 ancora lontana dall'essere superata. Il resto \u00e8 storia o noia, dipende da che parte si vuol vedere, dagli articoli su Gazzetta Fan News al raccontare qualsiasi sport, perch\u00e9 per Fiori ogni sport ha un suo eroe e perch\u00e9 ora, con IspirazioneSportiva.com, sar\u00e0 ancor pi\u00f9 spettacolare dar libero sfogo a qualsiasi ispirazione, come dice il nome e come gli ha insegnato Riccardo Cucchi: \u201cNella vita mai smettere di sognare!\u201d. Anzi, scusate il ritardo! Mail: fcroda@yahoo.it Fb: supermariolemieux pec: francesco.fiori@pecgiornalisti.it\",\"sameAs\":[\"https:\/\/www.facebook.com\/supermariolemieux\/\",\"https:\/\/www.instagram.com\/francescofiori12\/\",\"https:\/\/www.linkedin.com\/in\/francesco-fiori-b45614176\/\",\"https:\/\/twitter.com\/frafiori21\"],\"url\":\"https:\/\/ispirazionesportiva.com\/index.php\/author\/supermariolemieux\/\"}]}<\/script>\n<!-- \/ Yoast SEO plugin. -->","yoast_head_json":{"title":"Gino salvaci tu! - IspirazioneSportiva.com","description":"Come pu\u00f2 una bici salvare un'intera nazione? Pu\u00f2, se sopra c'\u00e8 un mito di nome Gino Bartali e la gara da vincere \u00e8 il Tour de France","robots":{"index":"index","follow":"follow","max-snippet":"max-snippet:-1","max-image-preview":"max-image-preview:large","max-video-preview":"max-video-preview:-1"},"canonical":"https:\/\/ispirazionesportiva.com\/index.php\/2020\/10\/27\/gino-salvaci-tu\/","og_locale":"it_IT","og_type":"article","og_title":"Gino salvaci tu!","og_description":"La storia di Bartali e di un'Italia pronta ad esplodere","og_url":"https:\/\/ispirazionesportiva.com\/index.php\/2020\/10\/27\/gino-salvaci-tu\/","og_site_name":"IspirazioneSportiva.com","article_publisher":"https:\/\/www.facebook.com\/search\/top\/?q=ispirazionesportiva.com","article_author":"https:\/\/www.facebook.com\/supermariolemieux\/","article_published_time":"2020-10-27T11:00:00+00:00","article_modified_time":"2023-12-16T17:46:14+00:00","og_image":[{"width":810,"height":547,"url":"https:\/\/ispirazionesportiva.com\/wp-content\/uploads\/2020\/10\/ZTlkY2E0YjM-1-cropped.jpg","type":"image\/jpeg"}],"author":"Francesco Fiori","twitter_card":"summary_large_image","twitter_image":"https:\/\/ispirazionesportiva.com\/wp-content\/uploads\/2020\/10\/e5ecec1c-e612-4a99-b0be-209713f323be_large.jpg","twitter_creator":"@frafiori21","twitter_site":"@FraFiori21","twitter_misc":{"Scritto da":"Francesco Fiori","Tempo di lettura stimato":"3 minuti"},"schema":{"@context":"https:\/\/schema.org","@graph":[{"@type":"Article","@id":"https:\/\/ispirazionesportiva.com\/index.php\/2020\/10\/27\/gino-salvaci-tu\/#article","isPartOf":{"@id":"https:\/\/ispirazionesportiva.com\/index.php\/2020\/10\/27\/gino-salvaci-tu\/"},"author":{"name":"Francesco Fiori","@id":"https:\/\/ispirazionesportiva.com\/#\/schema\/person\/7288fdedc9108918baa7bb22bab31fb7"},"headline":"Gino salvaci tu!","datePublished":"2020-10-27T11:00:00+00:00","dateModified":"2023-12-16T17:46:14+00:00","mainEntityOfPage":{"@id":"https:\/\/ispirazionesportiva.com\/index.php\/2020\/10\/27\/gino-salvaci-tu\/"},"wordCount":530,"publisher":{"@id":"https:\/\/ispirazionesportiva.com\/#organization"},"keywords":["Bartali","Tour"],"articleSection":["Ciclismo","Mi alzo sui pedali"],"inLanguage":"it-IT"},{"@type":"WebPage","@id":"https:\/\/ispirazionesportiva.com\/index.php\/2020\/10\/27\/gino-salvaci-tu\/","url":"https:\/\/ispirazionesportiva.com\/index.php\/2020\/10\/27\/gino-salvaci-tu\/","name":"Gino salvaci tu! - IspirazioneSportiva.com","isPartOf":{"@id":"https:\/\/ispirazionesportiva.com\/#website"},"datePublished":"2020-10-27T11:00:00+00:00","dateModified":"2023-12-16T17:46:14+00:00","description":"Come pu\u00f2 una bici salvare un'intera nazione? Pu\u00f2, se sopra c'\u00e8 un mito di nome Gino Bartali e la gara da vincere \u00e8 il Tour de France","breadcrumb":{"@id":"https:\/\/ispirazionesportiva.com\/index.php\/2020\/10\/27\/gino-salvaci-tu\/#breadcrumb"},"inLanguage":"it-IT","potentialAction":[{"@type":"ReadAction","target":["https:\/\/ispirazionesportiva.com\/index.php\/2020\/10\/27\/gino-salvaci-tu\/"]}]},{"@type":"BreadcrumbList","@id":"https:\/\/ispirazionesportiva.com\/index.php\/2020\/10\/27\/gino-salvaci-tu\/#breadcrumb","itemListElement":[{"@type":"ListItem","position":1,"name":"Home","item":"https:\/\/ispirazionesportiva.com\/"},{"@type":"ListItem","position":2,"name":"Gino salvaci tu!"}]},{"@type":"WebSite","@id":"https:\/\/ispirazionesportiva.com\/#website","url":"https:\/\/ispirazionesportiva.com\/","name":"IspirazioneSportiva.com","description":"Le storie sportive che emozionano","publisher":{"@id":"https:\/\/ispirazionesportiva.com\/#organization"},"potentialAction":[{"@type":"SearchAction","target":{"@type":"EntryPoint","urlTemplate":"https:\/\/ispirazionesportiva.com\/?s={search_term_string}"},"query-input":"required name=search_term_string"}],"inLanguage":"it-IT"},{"@type":"Organization","@id":"https:\/\/ispirazionesportiva.com\/#organization","name":"ispirazionesportiva.com","url":"https:\/\/ispirazionesportiva.com\/","logo":{"@type":"ImageObject","inLanguage":"it-IT","@id":"https:\/\/ispirazionesportiva.com\/#\/schema\/logo\/image\/","url":"https:\/\/ispirazionesportiva.com\/wp-content\/uploads\/2020\/08\/1589964388149.jpg","contentUrl":"https:\/\/ispirazionesportiva.com\/wp-content\/uploads\/2020\/08\/1589964388149.jpg","width":980,"height":600,"caption":"ispirazionesportiva.com"},"image":{"@id":"https:\/\/ispirazionesportiva.com\/#\/schema\/logo\/image\/"},"sameAs":["https:\/\/www.facebook.com\/search\/top\/?q=ispirazionesportiva.com","https:\/\/twitter.com\/FraFiori21","https:\/\/www.instagram.com\/ispirazione_sportiva\/?hl=it","https:\/\/www.linkedin.com\/in\/mario-francesco-fiori-8788ba1b4\/"]},{"@type":"Person","@id":"https:\/\/ispirazionesportiva.com\/#\/schema\/person\/7288fdedc9108918baa7bb22bab31fb7","name":"Francesco Fiori","image":{"@type":"ImageObject","inLanguage":"it-IT","@id":"https:\/\/ispirazionesportiva.com\/#\/schema\/person\/image\/","url":"https:\/\/secure.gravatar.com\/avatar\/beff881b593f312e866653a8c45295843e00b61ce1984ceaacd4e1709e4c1b57?s=96&d=mm&r=g","contentUrl":"https:\/\/secure.gravatar.com\/avatar\/beff881b593f312e866653a8c45295843e00b61ce1984ceaacd4e1709e4c1b57?s=96&d=mm&r=g","caption":"Francesco Fiori"},"description":"Francesco Fiori \u00e8 un giornalista sardo, classe 1983, con la passione per il racconto dello sport. Di tutto lo sport. Aveva 6 anni quando, sicuramente errore o destino, ebbe in regalo una semplice radio, senza pensare alle conseguenze successive del pianeta sportivo. Una domenica, finiti i compiti, giocando con quel mezzo, capt\u00f2 la voce roca di Sandro Ciotti. Aveva appena scoperto l\u2019esistenza di Tutto il calcio minuto per minuto. La prima sfida arriva nella stagione calcistica 90\/91, quando lo zio, incredibile giornalista locale, gli diede come compito raccontare la giornata calcistica appena conclusa. Quel tema, ad appena 7 anni, risult\u00f2 migliore rispetto alle tabelline, mai entrate volentieri in testa. Il premio fu la presenza alla gara di cartello della squadra del suo paese, il Ploaghe, due settimane pi\u00f9 tardi. Destino volle che la morte prese suo zio proprio il mercoled\u00ec prima, innescando in Fiori la voglia di diventare giornalista. A scuola alla domanda \u201cHai solo il calcio in testa?\u201d rispondeva \u201cNo, anche il ciclismo\u201d e gli anni di partite contemporanee la domenica e di Tele +2 col calcio estero crearono un piccolo \u201cpsicopatico sportivo\u201d. Tra gli sport di cui si innamora c\u2019\u00e8 l\u2019hockey americano, soprattutto nella mitologica figura di Mario Lemieux. Poco prima della morte del padre, nel febbraio 2001, Fiori trova su La Gazzetta dello Sport proprio un trafiletto con scritto del ritorno sul ghiaccio di Lemieux dopo aver sconfitto una forma tumorale e un ritiro di 3 anni. Da l\u00ec altra promessa, qualora arrivi la possibilit\u00e0 di scrivere un articolo, questo sar\u00e0 su Lemieux il Magnifico. Diventato ragioniere capisce immediatamente che iva e fatture sono molto pi\u00f9 noiose del previsto e la prima collaborazione col giornale \u201cSa Bovida\u201d gli fanno capire le regole basi del giornalismo, cosa che Fiori ignorava ma che rispettava, chiedendo solo la possibilit\u00e0 di scrivere e far colpo. Chiusa la parentesi Sa Bovida per problemi logistici e di salute dell\u2019immenso Antonio Delitala ecco il primo reale colpo di fulmine, il sito di hockey Nhl Playitusa che non ha un articolo su Lemieux. Il direttore, con una mail che Fiori ancora oggi custodisce, risponde: \u201cBeh, perch\u00e9 non provi a scriverne uno tu?\u201d Il resto \u00e8 la storia scritta al pc dopo averne scritto 5 pagine in un quadernone a quadretti. Un cambio di lavoro, non per sua volont\u00e0, spariglia le carte in tavola, col ragazzo che stando fuori casa tutto il tempo deve abbandonare la scrittura, ma peggio ancora va col primo di 3 ictus che colpiscono la mamma proprio in quel periodo. Tempo al tempo e con un altro cambio di lavoro ecco l\u2019opzione che lo colpisce, scrivere della sua amata Inter sul sito SpazioInter. Gli inizi sono complicati, scrivere secondo le regole e non avere carta bianca lo bloccano un pochino, fino all\u2019esplosione che nel sito si chiama Live. Il Live sarebbe il racconto, minuto per minuto e in contemporanea, della partita in tv e a Fiori tocca esordire con Milan-Inter. Quella sera il divertimento raggiunge le stelle, anzi, le supera e da quel momento l\u2019impegno \u00e8 triplo, con le perle di interviste a Sandro Mazzola (che risate), Gigi Simoni (che gentilezza) e Riccardo Cucchi, suo idolo radiofonico. Il tesserino da giornalista gli fa mantenere la parola data a 6 anni e ancor pi\u00f9 sorprendente \u00e8 la proposta di essere addetto stampa proprio della squadra locale, andare a vedere quelle partite che il destino gli negarono nel 1991. Si chiede spesso se sia il destino a far scherzi oppure se semplicemente la vita va accettata per quella che \u00e8. Il 30 gennaio 2021, dopo un ricovero di un mese con tutte le aggravanti possibili, in ospedale viene a mancare la mamma di Francesco. Il colpo \u00e8 brutale. Il conto \u00e8 pesantissimo, la mente lontana, lo scrivere, anche solo un piccolo pensiero sulla giornata calcistica, \u00e8 di una difficolt\u00e0 che ad oggi \u00e8 ancora lontana dall'essere superata. Il resto \u00e8 storia o noia, dipende da che parte si vuol vedere, dagli articoli su Gazzetta Fan News al raccontare qualsiasi sport, perch\u00e9 per Fiori ogni sport ha un suo eroe e perch\u00e9 ora, con IspirazioneSportiva.com, sar\u00e0 ancor pi\u00f9 spettacolare dar libero sfogo a qualsiasi ispirazione, come dice il nome e come gli ha insegnato Riccardo Cucchi: \u201cNella vita mai smettere di sognare!\u201d. Anzi, scusate il ritardo! Mail: fcroda@yahoo.it Fb: supermariolemieux pec: francesco.fiori@pecgiornalisti.it","sameAs":["https:\/\/www.facebook.com\/supermariolemieux\/","https:\/\/www.instagram.com\/francescofiori12\/","https:\/\/www.linkedin.com\/in\/francesco-fiori-b45614176\/","https:\/\/twitter.com\/frafiori21"],"url":"https:\/\/ispirazionesportiva.com\/index.php\/author\/supermariolemieux\/"}]}},"_links":{"self":[{"href":"https:\/\/ispirazionesportiva.com\/index.php\/wp-json\/wp\/v2\/posts\/809","targetHints":{"allow":["GET"]}}],"collection":[{"href":"https:\/\/ispirazionesportiva.com\/index.php\/wp-json\/wp\/v2\/posts"}],"about":[{"href":"https:\/\/ispirazionesportiva.com\/index.php\/wp-json\/wp\/v2\/types\/post"}],"author":[{"embeddable":true,"href":"https:\/\/ispirazionesportiva.com\/index.php\/wp-json\/wp\/v2\/users\/4"}],"replies":[{"embeddable":true,"href":"https:\/\/ispirazionesportiva.com\/index.php\/wp-json\/wp\/v2\/comments?post=809"}],"version-history":[{"count":4,"href":"https:\/\/ispirazionesportiva.com\/index.php\/wp-json\/wp\/v2\/posts\/809\/revisions"}],"predecessor-version":[{"id":2299,"href":"https:\/\/ispirazionesportiva.com\/index.php\/wp-json\/wp\/v2\/posts\/809\/revisions\/2299"}],"wp:featuredmedia":[{"embeddable":true,"href":"https:\/\/ispirazionesportiva.com\/index.php\/wp-json\/wp\/v2\/media\/811"}],"wp:attachment":[{"href":"https:\/\/ispirazionesportiva.com\/index.php\/wp-json\/wp\/v2\/media?parent=809"}],"wp:term":[{"taxonomy":"category","embeddable":true,"href":"https:\/\/ispirazionesportiva.com\/index.php\/wp-json\/wp\/v2\/categories?post=809"},{"taxonomy":"post_tag","embeddable":true,"href":"https:\/\/ispirazionesportiva.com\/index.php\/wp-json\/wp\/v2\/tags?post=809"}],"curies":[{"name":"wp","href":"https:\/\/api.w.org\/{rel}","templated":true}]}}