{"id":707,"date":"2020-10-02T17:30:29","date_gmt":"2020-10-02T15:30:29","guid":{"rendered":"https:\/\/ispirazionesportiva.com\/?p=707"},"modified":"2026-07-25T22:45:31","modified_gmt":"2026-07-25T20:45:31","slug":"il-portiere-che-gioco-in-attacco","status":"publish","type":"post","link":"https:\/\/ispirazionesportiva.com\/index.php\/2020\/10\/02\/il-portiere-che-gioco-in-attacco\/","title":{"rendered":"Il portiere che gioc\u00f2 in attacco"},"content":{"rendered":"\r\n<p class=\"wp-block-paragraph\">Il calcio romantico degli anni 80, quello con un limitatissimo di giocatori in rosa, racconta il giorno in cui Raffaele Di Fusco, ruolo portiere, dovette giocare (e bene) in attacco nel Napoli di Maradona.<\/p>\r\n\r\n\r\n\r\n<p class=\"wp-block-paragraph\"><strong>11 giugno 1989.<\/strong><\/p>\r\n\r\n\r\n\r\n<p class=\"wp-block-paragraph\">La data nella storia del\u00a0<strong>Napoli<\/strong>\u00a0\u00e8 ricordata per un particolare divenuto unico nella storia della Serie A. I partenopei quel giorno sono di scena ad\u00a0<strong>Ascoli<\/strong>\u00a0per la giornata numero 32 del massimo campionato calcistico.<\/p>\r\n\r\n\r\n\r\n<p class=\"wp-block-paragraph\">I giochi in classifica son gi\u00e0 fatti, con l&#8217;<strong>Inter dei Record<\/strong>\u00a0gi\u00e0 campione e con la squadra di Maradona al secondo posto con due punti di vantaggio sul Milan. L&#8217;Ascoli di\u00a0<strong>Bersellini\u00a0<\/strong>\u00e8 a met\u00e0 classifica ma \u00e8 reduce da un gran periodo con 10 punti in 6 partite (<em>ricordiamo 2 punti per la vittoria<\/em>) e al Del Duca \u00e8 pronto a dar battaglia.<\/p>\r\n\r\n\r\n\r\n<p class=\"wp-block-paragraph\">Ottavio Bianchi si ritrova per l&#8217;occasione una rosa ristretta all&#8217;osso, con<strong>\u00a0Maradona out\u00a0<\/strong>e quasi in vacanza (giocher\u00e0 solo 17 minuti nella gara successiva col Pisa) e le assenze di\u00a0<strong>Carnevale<\/strong>,\u00a0<strong>De Napoli<\/strong>,\u00a0<strong>Filardi<\/strong>,<strong>\u00a0Fusi\u00a0<\/strong>e con Romano acciaccato e portato in panchina.<\/p>\r\n\r\n\r\n\r\n<p class=\"wp-block-paragraph\">Nella stessa panca siede\u00a0<strong>Raffaele Di Fusco<\/strong>, professione secondo portiere, che quel giorno non lo dimenticher\u00e0 mai. Per l&#8217;occasione ha due maglie, quella abituale<strong>\u00a0numero 12 ma anche la numero 16<\/strong>, perch\u00e9 non si sa mai gli scherzi della vita e quelli del pallone.<\/p>\r\n\r\n\r\n\r\n<p class=\"wp-block-paragraph\">Al minuto 79, con l&#8217;<strong>Ascoli in vantaggio 2-0 con i gol di Cvetkovic al 17&#8242; e Giordano su rigore\u00a0<\/strong>(ex della Ma.Gi.Ca. il trio meraviglia Maradona Giordano, Carnevale nel primo scudetto), si fa male Careca e Bianchi ha due opzioni per la sostituzione, o Romano, non al meglio, o far di Di Fusco un attaccante.<\/p>\r\n\r\n\r\n\r\n<p class=\"wp-block-paragraph\">Sceglie la seconda e quando\u00a0<strong>al portiere viene fatta indossare la maglia numero 16<\/strong>\u00a0quasi gli scappa un sorriso, con Giordano che predica attenzione per il gioco aereo del neo entrato sul terreno di gioco e nella storia della Serie A.<\/p>\r\n\r\n\r\n\r\n<p class=\"wp-block-paragraph\">&#8220;<em>E&#8217; possibile se saltano tutti all&#8217;ultimo momento\u00a0<\/em>&#8211; dice Bianchi a chi gli chiede l&#8217;impossibilit\u00e0 di aver giocatori nel post\u00a0 gara &#8211;\u00a0<em>non possiamo inventarci i giocatori e chi era in preallarme si \u00e8 fatto male nelle giovanili, non avevamo alternative<\/em>&#8220;. Dietro questa mossa in tanti vedono<strong>\u00a0una velata polemica con la dirigenz<\/strong><strong>a<\/strong>\u00a0e una rosa che richiede nuovi innesti, che poi arriveranno, ma senza Bianchi, sostituito da Bigon nello storico secondo scudetto partenopeo.<\/p>\r\n\r\n\r\n\r\n<p class=\"wp-block-paragraph\"><strong>Di Fusco quel giorno va anche vicino al gol<\/strong>\u00a0su colpo di testa di Pazzagli ma a quel punto, una sua rete, sarebbe anche troppo per la storia del gregario portiere quasi goleador.\u00a0\u00a0<\/p>\r\n\r\n\r\n\r\n<p class=\"has-text-align-right wp-block-paragraph\">Francesco Fiori<\/p>\r\n\r\n\r\n\r\n<p class=\"wp-block-paragraph\">Fonte: Gazzetta Fan News<\/p>\r\n\r\n\r\n\r\n<figure class=\"wp-block-image size-large\"><img data-recalc-dims=\"1\" loading=\"lazy\" decoding=\"async\" width=\"615\" height=\"410\" class=\"wp-image-708\" src=\"https:\/\/i0.wp.com\/ispirazionesportiva.com\/wp-content\/uploads\/2020\/10\/difusco-calciatore-615x410-1.jpg?resize=615%2C410&#038;ssl=1\" alt=\"\" srcset=\"https:\/\/i0.wp.com\/ispirazionesportiva.com\/wp-content\/uploads\/sites\/3\/2020\/10\/difusco-calciatore-615x410-1.jpg?w=615&amp;ssl=1 615w, https:\/\/i0.wp.com\/ispirazionesportiva.com\/wp-content\/uploads\/sites\/3\/2020\/10\/difusco-calciatore-615x410-1.jpg?resize=300%2C200&amp;ssl=1 300w\" sizes=\"auto, (max-width: 615px) 100vw, 615px\" \/><\/figure>\r\n\r\n\r\n\r\n<figure class=\"wp-block-image size-large\"><img data-recalc-dims=\"1\" loading=\"lazy\" decoding=\"async\" width=\"640\" height=\"471\" class=\"wp-image-709\" src=\"https:\/\/i0.wp.com\/ispirazionesportiva.com\/wp-content\/uploads\/2020\/10\/gettyimages-1216362040-2048x2048-1-1024x754.jpg?resize=640%2C471&#038;ssl=1\" alt=\"\" srcset=\"https:\/\/i0.wp.com\/ispirazionesportiva.com\/wp-content\/uploads\/sites\/3\/2020\/10\/gettyimages-1216362040-2048x2048-1.jpg?resize=1024%2C754&amp;ssl=1 1024w, https:\/\/i0.wp.com\/ispirazionesportiva.com\/wp-content\/uploads\/sites\/3\/2020\/10\/gettyimages-1216362040-2048x2048-1.jpg?resize=300%2C221&amp;ssl=1 300w, https:\/\/i0.wp.com\/ispirazionesportiva.com\/wp-content\/uploads\/sites\/3\/2020\/10\/gettyimages-1216362040-2048x2048-1.jpg?resize=768%2C565&amp;ssl=1 768w, https:\/\/i0.wp.com\/ispirazionesportiva.com\/wp-content\/uploads\/sites\/3\/2020\/10\/gettyimages-1216362040-2048x2048-1.jpg?resize=1536%2C1130&amp;ssl=1 1536w, https:\/\/i0.wp.com\/ispirazionesportiva.com\/wp-content\/uploads\/sites\/3\/2020\/10\/gettyimages-1216362040-2048x2048-1.jpg?w=2048&amp;ssl=1 2048w, https:\/\/i0.wp.com\/ispirazionesportiva.com\/wp-content\/uploads\/sites\/3\/2020\/10\/gettyimages-1216362040-2048x2048-1.jpg?w=1280&amp;ssl=1 1280w, https:\/\/i0.wp.com\/ispirazionesportiva.com\/wp-content\/uploads\/sites\/3\/2020\/10\/gettyimages-1216362040-2048x2048-1.jpg?w=1920&amp;ssl=1 1920w\" sizes=\"auto, (max-width: 640px) 100vw, 640px\" \/><\/figure>\r\n\r\n\r\n\r\n<figure class=\"wp-block-image size-large\"><img data-recalc-dims=\"1\" loading=\"lazy\" decoding=\"async\" width=\"640\" height=\"431\" class=\"wp-image-710\" src=\"https:\/\/i0.wp.com\/ispirazionesportiva.com\/wp-content\/uploads\/2020\/10\/TmFwb2xpXzE5ODg-1-cropped.jpg?resize=640%2C431&#038;ssl=1\" alt=\"\" srcset=\"https:\/\/i0.wp.com\/ispirazionesportiva.com\/wp-content\/uploads\/sites\/3\/2020\/10\/TmFwb2xpXzE5ODg-1-cropped.jpg?w=977&amp;ssl=1 977w, https:\/\/i0.wp.com\/ispirazionesportiva.com\/wp-content\/uploads\/sites\/3\/2020\/10\/TmFwb2xpXzE5ODg-1-cropped.jpg?resize=300%2C202&amp;ssl=1 300w, https:\/\/i0.wp.com\/ispirazionesportiva.com\/wp-content\/uploads\/sites\/3\/2020\/10\/TmFwb2xpXzE5ODg-1-cropped.jpg?resize=768%2C517&amp;ssl=1 768w\" sizes=\"auto, (max-width: 640px) 100vw, 640px\" \/><\/figure>\r\n\r\n\r\n\r\n<figure class=\"wp-block-image size-large is-resized\"><img data-recalc-dims=\"1\" loading=\"lazy\" decoding=\"async\" class=\"wp-image-711\" src=\"https:\/\/i0.wp.com\/ispirazionesportiva.com\/wp-content\/uploads\/2020\/10\/gettyimages-1216361042-2048x2048-1-683x1024.jpg?resize=580%2C869&#038;ssl=1\" alt=\"\" width=\"580\" height=\"869\" srcset=\"https:\/\/i0.wp.com\/ispirazionesportiva.com\/wp-content\/uploads\/sites\/3\/2020\/10\/gettyimages-1216361042-2048x2048-1.jpg?resize=683%2C1024&amp;ssl=1 683w, https:\/\/i0.wp.com\/ispirazionesportiva.com\/wp-content\/uploads\/sites\/3\/2020\/10\/gettyimages-1216361042-2048x2048-1.jpg?resize=200%2C300&amp;ssl=1 200w, https:\/\/i0.wp.com\/ispirazionesportiva.com\/wp-content\/uploads\/sites\/3\/2020\/10\/gettyimages-1216361042-2048x2048-1.jpg?resize=768%2C1152&amp;ssl=1 768w, https:\/\/i0.wp.com\/ispirazionesportiva.com\/wp-content\/uploads\/sites\/3\/2020\/10\/gettyimages-1216361042-2048x2048-1.jpg?resize=1024%2C1536&amp;ssl=1 1024w, https:\/\/i0.wp.com\/ispirazionesportiva.com\/wp-content\/uploads\/sites\/3\/2020\/10\/gettyimages-1216361042-2048x2048-1.jpg?w=1365&amp;ssl=1 1365w, https:\/\/i0.wp.com\/ispirazionesportiva.com\/wp-content\/uploads\/sites\/3\/2020\/10\/gettyimages-1216361042-2048x2048-1.jpg?w=1280&amp;ssl=1 1280w\" sizes=\"auto, (max-width: 580px) 100vw, 580px\" \/><\/figure>\r\n\r\n\r\n\r\n<p class=\"wp-block-paragraph\">Foto: Getty Images<\/p>\r\n\r\n\r\n\r\n<p class=\"wp-block-paragraph\">&nbsp;<\/p>\r\n","protected":false},"excerpt":{"rendered":"<p>Il calcio romantico degli anni 80, quello con un limitatissimo di giocatori in rosa, racconta&#8230;<\/p>\n","protected":false},"author":5,"featured_media":712,"comment_status":"closed","ping_status":"closed","sticky":false,"template":"","format":"standard","meta":{"_monsterinsights_skip_tracking":false,"_jetpack_newsletter_access":"","_jetpack_dont_email_post_to_subs":false,"_jetpack_newsletter_tier_id":0,"_jetpack_memberships_contains_paywalled_content":false,"_jetpack_feature_clip_id":0,"_jetpack_memberships_contains_paid_content":false,"footnotes":"","jetpack_publicize_message":"","jetpack_publicize_feature_enabled":true,"jetpack_social_post_already_shared":true,"jetpack_social_options":{"image_generator_settings":{"template":"highway","default_image_id":0,"font":"","enabled":false},"version":2},"jetpack_post_was_ever_published":false},"categories":[5,206],"tags":[100],"class_list":["post-707","post","type-post","status-publish","format-standard","has-post-thumbnail","hentry","category-calcio","category-i-miti-e-le-leggende-del-pallone","tag-napoli"],"aioseo_notices":[],"aioseo_head":"\n\t\t<!-- All in One SEO 5.0.1.1 - aioseo.com -->\n\t<meta name=\"description\" content=\"Il calcio romantico degli anni 80, quello con un limitatissimo di giocatori in rosa, racconta il giorno in cui Raffaele Di Fusco, ruolo portiere, dovette giocare (e bene) in attacco nel Napoli di Maradona. 11 giugno 1989. La data nella storia del Napoli \u00e8 ricordata per un particolare divenuto unico nella storia della Serie A. I partenopei\" \/>\n\t<meta name=\"robots\" content=\"max-image-preview:large\" \/>\n\t<meta name=\"author\" content=\"Francesco Fiori\"\/>\n\t<link rel=\"canonical\" href=\"https:\/\/ispirazionesportiva.com\/index.php\/2020\/10\/02\/il-portiere-che-gioco-in-attacco\/\" \/>\n\t<meta name=\"generator\" content=\"All in One SEO (AIOSEO) 5.0.1.1\" \/>\n\t\t<meta property=\"og:locale\" content=\"it_IT\" \/>\n\t\t<meta property=\"og:site_name\" content=\"IspirazioneSportiva.com - Le storie sportive che emozionano\" \/>\n\t\t<meta property=\"og:type\" content=\"article\" \/>\n\t\t<meta property=\"og:title\" content=\"Il portiere che gioc\u00f2 in attacco - IspirazioneSportiva.com\" \/>\n\t\t<meta property=\"og:description\" content=\"Il calcio romantico degli anni 80, quello con un limitatissimo di giocatori in rosa, racconta il giorno in cui Raffaele Di Fusco, ruolo portiere, dovette giocare (e bene) in attacco nel Napoli di Maradona. 11 giugno 1989. La data nella storia del Napoli \u00e8 ricordata per un particolare divenuto unico nella storia della Serie A. I partenopei\" \/>\n\t\t<meta property=\"og:url\" content=\"https:\/\/ispirazionesportiva.com\/index.php\/2020\/10\/02\/il-portiere-che-gioco-in-attacco\/\" \/>\n\t\t<meta property=\"og:image\" content=\"https:\/\/i0.wp.com\/ispirazionesportiva.com\/wp-content\/uploads\/sites\/3\/2020\/09\/cropped-PHOTO-2020-09-16-08-47-03-e1600279086776-1.jpg?fit=500%2C230&#038;ssl=1\" \/>\n\t\t<meta property=\"og:image:secure_url\" content=\"https:\/\/i0.wp.com\/ispirazionesportiva.com\/wp-content\/uploads\/sites\/3\/2020\/09\/cropped-PHOTO-2020-09-16-08-47-03-e1600279086776-1.jpg?fit=500%2C230&#038;ssl=1\" \/>\n\t\t<meta property=\"article:published_time\" content=\"2020-10-02T15:30:29+00:00\" \/>\n\t\t<meta property=\"article:modified_time\" content=\"2026-07-25T20:45:31+00:00\" \/>\n\t\t<meta name=\"twitter:card\" content=\"summary_large_image\" \/>\n\t\t<meta name=\"twitter:title\" content=\"Il portiere che gioc\u00f2 in attacco - IspirazioneSportiva.com\" \/>\n\t\t<meta name=\"twitter:description\" content=\"Il calcio romantico degli anni 80, quello con un limitatissimo di giocatori in rosa, racconta il giorno in cui Raffaele Di Fusco, ruolo portiere, dovette giocare (e bene) in attacco nel Napoli di Maradona. 11 giugno 1989. La data nella storia del Napoli \u00e8 ricordata per un particolare divenuto unico nella storia della Serie A. I partenopei\" \/>\n\t\t<meta name=\"twitter:image\" content=\"https:\/\/i0.wp.com\/ispirazionesportiva.com\/wp-content\/uploads\/sites\/3\/2020\/09\/cropped-PHOTO-2020-09-16-08-47-03-e1600279086776-1.jpg?fit=500%2C230&amp;ssl=1\" \/>\n\t\t<script type=\"application\/ld+json\" class=\"aioseo-schema\">\n\t\t\t{\"@context\":\"https:\\\/\\\/schema.org\",\"@graph\":[{\"@type\":\"BlogPosting\",\"@id\":\"https:\\\/\\\/ispirazionesportiva.com\\\/index.php\\\/2020\\\/10\\\/02\\\/il-portiere-che-gioco-in-attacco\\\/#blogposting\",\"name\":\"Il portiere che gioc\\u00f2 in attacco - IspirazioneSportiva.com\",\"headline\":\"Il portiere che gioc\\u00f2 in attacco\",\"author\":{\"@id\":\"https:\\\/\\\/ispirazionesportiva.com\\\/index.php\\\/author\\\/supermariolemieux\\\/#author\"},\"publisher\":{\"@id\":\"https:\\\/\\\/ispirazionesportiva.com\\\/#organization\"},\"image\":{\"@type\":\"ImageObject\",\"url\":\"https:\\\/\\\/i0.wp.com\\\/ispirazionesportiva.com\\\/wp-content\\\/uploads\\\/sites\\\/3\\\/2020\\\/10\\\/difusco-calciatore-615x410-1-1.jpg?fit=615%2C410&ssl=1\",\"width\":615,\"height\":410},\"datePublished\":\"2020-10-02T17:30:29+02:00\",\"dateModified\":\"2026-07-25T22:45:31+02:00\",\"inLanguage\":\"it-IT\",\"mainEntityOfPage\":{\"@id\":\"https:\\\/\\\/ispirazionesportiva.com\\\/index.php\\\/2020\\\/10\\\/02\\\/il-portiere-che-gioco-in-attacco\\\/#webpage\"},\"isPartOf\":{\"@id\":\"https:\\\/\\\/ispirazionesportiva.com\\\/index.php\\\/2020\\\/10\\\/02\\\/il-portiere-che-gioco-in-attacco\\\/#webpage\"},\"articleSection\":\"Calcio, I miti e le leggende del pallone, Napoli\"},{\"@type\":\"BreadcrumbList\",\"@id\":\"https:\\\/\\\/ispirazionesportiva.com\\\/index.php\\\/2020\\\/10\\\/02\\\/il-portiere-che-gioco-in-attacco\\\/#breadcrumblist\",\"itemListElement\":[{\"@type\":\"ListItem\",\"@id\":\"https:\\\/\\\/ispirazionesportiva.com#listItem\",\"position\":1,\"name\":\"Home\",\"item\":\"https:\\\/\\\/ispirazionesportiva.com\",\"nextItem\":{\"@type\":\"ListItem\",\"@id\":\"https:\\\/\\\/ispirazionesportiva.com\\\/index.php\\\/category\\\/calcio\\\/#listItem\",\"name\":\"Calcio\"}},{\"@type\":\"ListItem\",\"@id\":\"https:\\\/\\\/ispirazionesportiva.com\\\/index.php\\\/category\\\/calcio\\\/#listItem\",\"position\":2,\"name\":\"Calcio\",\"item\":\"https:\\\/\\\/ispirazionesportiva.com\\\/index.php\\\/category\\\/calcio\\\/\",\"nextItem\":{\"@type\":\"ListItem\",\"@id\":\"https:\\\/\\\/ispirazionesportiva.com\\\/index.php\\\/category\\\/calcio\\\/i-miti-e-le-leggende-del-pallone\\\/#listItem\",\"name\":\"I miti e le leggende del pallone\"},\"previousItem\":{\"@type\":\"ListItem\",\"@id\":\"https:\\\/\\\/ispirazionesportiva.com#listItem\",\"name\":\"Home\"}},{\"@type\":\"ListItem\",\"@id\":\"https:\\\/\\\/ispirazionesportiva.com\\\/index.php\\\/category\\\/calcio\\\/i-miti-e-le-leggende-del-pallone\\\/#listItem\",\"position\":3,\"name\":\"I miti e le leggende del pallone\",\"item\":\"https:\\\/\\\/ispirazionesportiva.com\\\/index.php\\\/category\\\/calcio\\\/i-miti-e-le-leggende-del-pallone\\\/\",\"nextItem\":{\"@type\":\"ListItem\",\"@id\":\"https:\\\/\\\/ispirazionesportiva.com\\\/index.php\\\/2020\\\/10\\\/02\\\/il-portiere-che-gioco-in-attacco\\\/#listItem\",\"name\":\"Il portiere che gioc\\u00f2 in attacco\"},\"previousItem\":{\"@type\":\"ListItem\",\"@id\":\"https:\\\/\\\/ispirazionesportiva.com\\\/index.php\\\/category\\\/calcio\\\/#listItem\",\"name\":\"Calcio\"}},{\"@type\":\"ListItem\",\"@id\":\"https:\\\/\\\/ispirazionesportiva.com\\\/index.php\\\/2020\\\/10\\\/02\\\/il-portiere-che-gioco-in-attacco\\\/#listItem\",\"position\":4,\"name\":\"Il portiere che gioc\\u00f2 in attacco\",\"previousItem\":{\"@type\":\"ListItem\",\"@id\":\"https:\\\/\\\/ispirazionesportiva.com\\\/index.php\\\/category\\\/calcio\\\/i-miti-e-le-leggende-del-pallone\\\/#listItem\",\"name\":\"I miti e le leggende del pallone\"}}]},{\"@type\":\"Organization\",\"@id\":\"https:\\\/\\\/ispirazionesportiva.com\\\/#organization\",\"name\":\"IspirazioneSportiva.com\",\"description\":\"Le storie sportive che emozionano\",\"url\":\"https:\\\/\\\/ispirazionesportiva.com\\\/\",\"logo\":{\"@type\":\"ImageObject\",\"url\":\"https:\\\/\\\/i0.wp.com\\\/ispirazionesportiva.com\\\/wp-content\\\/uploads\\\/sites\\\/3\\\/2020\\\/09\\\/cropped-PHOTO-2020-09-16-08-47-03-e1600279086776-1.jpg?fit=500%2C230&ssl=1\",\"@id\":\"https:\\\/\\\/ispirazionesportiva.com\\\/index.php\\\/2020\\\/10\\\/02\\\/il-portiere-che-gioco-in-attacco\\\/#organizationLogo\",\"width\":500,\"height\":230},\"image\":{\"@id\":\"https:\\\/\\\/ispirazionesportiva.com\\\/index.php\\\/2020\\\/10\\\/02\\\/il-portiere-che-gioco-in-attacco\\\/#organizationLogo\"}},{\"@type\":\"Person\",\"@id\":\"https:\\\/\\\/ispirazionesportiva.com\\\/index.php\\\/author\\\/supermariolemieux\\\/#author\",\"url\":\"https:\\\/\\\/ispirazionesportiva.com\\\/index.php\\\/author\\\/supermariolemieux\\\/\",\"name\":\"Francesco Fiori\",\"image\":{\"@type\":\"ImageObject\",\"@id\":\"https:\\\/\\\/ispirazionesportiva.com\\\/index.php\\\/2020\\\/10\\\/02\\\/il-portiere-che-gioco-in-attacco\\\/#authorImage\",\"url\":\"https:\\\/\\\/secure.gravatar.com\\\/avatar\\\/beff881b593f312e866653a8c45295843e00b61ce1984ceaacd4e1709e4c1b57?s=96&d=mm&r=g\",\"width\":96,\"height\":96,\"caption\":\"Francesco Fiori\"}},{\"@type\":\"WebPage\",\"@id\":\"https:\\\/\\\/ispirazionesportiva.com\\\/index.php\\\/2020\\\/10\\\/02\\\/il-portiere-che-gioco-in-attacco\\\/#webpage\",\"url\":\"https:\\\/\\\/ispirazionesportiva.com\\\/index.php\\\/2020\\\/10\\\/02\\\/il-portiere-che-gioco-in-attacco\\\/\",\"name\":\"Il portiere che gioc\\u00f2 in attacco - IspirazioneSportiva.com\",\"description\":\"Il calcio romantico degli anni 80, quello con un limitatissimo di giocatori in rosa, racconta il giorno in cui Raffaele Di Fusco, ruolo portiere, dovette giocare (e bene) in attacco nel Napoli di Maradona. 11 giugno 1989. La data nella storia del Napoli \\u00e8 ricordata per un particolare divenuto unico nella storia della Serie A. I partenopei\",\"inLanguage\":\"it-IT\",\"isPartOf\":{\"@id\":\"https:\\\/\\\/ispirazionesportiva.com\\\/#website\"},\"breadcrumb\":{\"@id\":\"https:\\\/\\\/ispirazionesportiva.com\\\/index.php\\\/2020\\\/10\\\/02\\\/il-portiere-che-gioco-in-attacco\\\/#breadcrumblist\"},\"author\":{\"@id\":\"https:\\\/\\\/ispirazionesportiva.com\\\/index.php\\\/author\\\/supermariolemieux\\\/#author\"},\"creator\":{\"@id\":\"https:\\\/\\\/ispirazionesportiva.com\\\/index.php\\\/author\\\/supermariolemieux\\\/#author\"},\"image\":{\"@type\":\"ImageObject\",\"url\":\"https:\\\/\\\/i0.wp.com\\\/ispirazionesportiva.com\\\/wp-content\\\/uploads\\\/sites\\\/3\\\/2020\\\/10\\\/difusco-calciatore-615x410-1-1.jpg?fit=615%2C410&ssl=1\",\"@id\":\"https:\\\/\\\/ispirazionesportiva.com\\\/index.php\\\/2020\\\/10\\\/02\\\/il-portiere-che-gioco-in-attacco\\\/#mainImage\",\"width\":615,\"height\":410},\"primaryImageOfPage\":{\"@id\":\"https:\\\/\\\/ispirazionesportiva.com\\\/index.php\\\/2020\\\/10\\\/02\\\/il-portiere-che-gioco-in-attacco\\\/#mainImage\"},\"datePublished\":\"2020-10-02T17:30:29+02:00\",\"dateModified\":\"2026-07-25T22:45:31+02:00\"},{\"@type\":\"WebSite\",\"@id\":\"https:\\\/\\\/ispirazionesportiva.com\\\/#website\",\"url\":\"https:\\\/\\\/ispirazionesportiva.com\\\/\",\"name\":\"IspirazioneSportiva.com\",\"description\":\"Le storie sportive che emozionano\",\"inLanguage\":\"it-IT\",\"publisher\":{\"@id\":\"https:\\\/\\\/ispirazionesportiva.com\\\/#organization\"}}]}\n\t\t<\/script>\n\t\t<!-- All in One SEO -->\n\n","aioseo_head_json":{"title":"Il portiere che gioc\u00f2 in attacco - IspirazioneSportiva.com","description":"Il calcio romantico degli anni 80, quello con un limitatissimo di giocatori in rosa, racconta il giorno in cui Raffaele Di Fusco, ruolo portiere, dovette giocare (e bene) in attacco nel Napoli di Maradona. 11 giugno 1989. La data nella storia del Napoli \u00e8 ricordata per un particolare divenuto unico nella storia della Serie A. I partenopei","canonical_url":"https:\/\/ispirazionesportiva.com\/index.php\/2020\/10\/02\/il-portiere-che-gioco-in-attacco\/","robots":"max-image-preview:large","keywords":"","webmasterTools":{"miscellaneous":""},"schema":{"@context":"https:\/\/schema.org","@graph":[{"@type":"BlogPosting","@id":"https:\/\/ispirazionesportiva.com\/index.php\/2020\/10\/02\/il-portiere-che-gioco-in-attacco\/#blogposting","name":"Il portiere che gioc\u00f2 in attacco - IspirazioneSportiva.com","headline":"Il portiere che gioc\u00f2 in attacco","author":{"@id":"https:\/\/ispirazionesportiva.com\/index.php\/author\/supermariolemieux\/#author"},"publisher":{"@id":"https:\/\/ispirazionesportiva.com\/#organization"},"image":{"@type":"ImageObject","url":"https:\/\/i0.wp.com\/ispirazionesportiva.com\/wp-content\/uploads\/sites\/3\/2020\/10\/difusco-calciatore-615x410-1-1.jpg?fit=615%2C410&ssl=1","width":615,"height":410},"datePublished":"2020-10-02T17:30:29+02:00","dateModified":"2026-07-25T22:45:31+02:00","inLanguage":"it-IT","mainEntityOfPage":{"@id":"https:\/\/ispirazionesportiva.com\/index.php\/2020\/10\/02\/il-portiere-che-gioco-in-attacco\/#webpage"},"isPartOf":{"@id":"https:\/\/ispirazionesportiva.com\/index.php\/2020\/10\/02\/il-portiere-che-gioco-in-attacco\/#webpage"},"articleSection":"Calcio, I miti e le leggende del pallone, Napoli"},{"@type":"BreadcrumbList","@id":"https:\/\/ispirazionesportiva.com\/index.php\/2020\/10\/02\/il-portiere-che-gioco-in-attacco\/#breadcrumblist","itemListElement":[{"@type":"ListItem","@id":"https:\/\/ispirazionesportiva.com#listItem","position":1,"name":"Home","item":"https:\/\/ispirazionesportiva.com","nextItem":{"@type":"ListItem","@id":"https:\/\/ispirazionesportiva.com\/index.php\/category\/calcio\/#listItem","name":"Calcio"}},{"@type":"ListItem","@id":"https:\/\/ispirazionesportiva.com\/index.php\/category\/calcio\/#listItem","position":2,"name":"Calcio","item":"https:\/\/ispirazionesportiva.com\/index.php\/category\/calcio\/","nextItem":{"@type":"ListItem","@id":"https:\/\/ispirazionesportiva.com\/index.php\/category\/calcio\/i-miti-e-le-leggende-del-pallone\/#listItem","name":"I miti e le leggende del pallone"},"previousItem":{"@type":"ListItem","@id":"https:\/\/ispirazionesportiva.com#listItem","name":"Home"}},{"@type":"ListItem","@id":"https:\/\/ispirazionesportiva.com\/index.php\/category\/calcio\/i-miti-e-le-leggende-del-pallone\/#listItem","position":3,"name":"I miti e le leggende del pallone","item":"https:\/\/ispirazionesportiva.com\/index.php\/category\/calcio\/i-miti-e-le-leggende-del-pallone\/","nextItem":{"@type":"ListItem","@id":"https:\/\/ispirazionesportiva.com\/index.php\/2020\/10\/02\/il-portiere-che-gioco-in-attacco\/#listItem","name":"Il portiere che gioc\u00f2 in attacco"},"previousItem":{"@type":"ListItem","@id":"https:\/\/ispirazionesportiva.com\/index.php\/category\/calcio\/#listItem","name":"Calcio"}},{"@type":"ListItem","@id":"https:\/\/ispirazionesportiva.com\/index.php\/2020\/10\/02\/il-portiere-che-gioco-in-attacco\/#listItem","position":4,"name":"Il portiere che gioc\u00f2 in attacco","previousItem":{"@type":"ListItem","@id":"https:\/\/ispirazionesportiva.com\/index.php\/category\/calcio\/i-miti-e-le-leggende-del-pallone\/#listItem","name":"I miti e le leggende del pallone"}}]},{"@type":"Organization","@id":"https:\/\/ispirazionesportiva.com\/#organization","name":"IspirazioneSportiva.com","description":"Le storie sportive che emozionano","url":"https:\/\/ispirazionesportiva.com\/","logo":{"@type":"ImageObject","url":"https:\/\/i0.wp.com\/ispirazionesportiva.com\/wp-content\/uploads\/sites\/3\/2020\/09\/cropped-PHOTO-2020-09-16-08-47-03-e1600279086776-1.jpg?fit=500%2C230&ssl=1","@id":"https:\/\/ispirazionesportiva.com\/index.php\/2020\/10\/02\/il-portiere-che-gioco-in-attacco\/#organizationLogo","width":500,"height":230},"image":{"@id":"https:\/\/ispirazionesportiva.com\/index.php\/2020\/10\/02\/il-portiere-che-gioco-in-attacco\/#organizationLogo"}},{"@type":"Person","@id":"https:\/\/ispirazionesportiva.com\/index.php\/author\/supermariolemieux\/#author","url":"https:\/\/ispirazionesportiva.com\/index.php\/author\/supermariolemieux\/","name":"Francesco Fiori","image":{"@type":"ImageObject","@id":"https:\/\/ispirazionesportiva.com\/index.php\/2020\/10\/02\/il-portiere-che-gioco-in-attacco\/#authorImage","url":"https:\/\/secure.gravatar.com\/avatar\/beff881b593f312e866653a8c45295843e00b61ce1984ceaacd4e1709e4c1b57?s=96&d=mm&r=g","width":96,"height":96,"caption":"Francesco Fiori"}},{"@type":"WebPage","@id":"https:\/\/ispirazionesportiva.com\/index.php\/2020\/10\/02\/il-portiere-che-gioco-in-attacco\/#webpage","url":"https:\/\/ispirazionesportiva.com\/index.php\/2020\/10\/02\/il-portiere-che-gioco-in-attacco\/","name":"Il portiere che gioc\u00f2 in attacco - IspirazioneSportiva.com","description":"Il calcio romantico degli anni 80, quello con un limitatissimo di giocatori in rosa, racconta il giorno in cui Raffaele Di Fusco, ruolo portiere, dovette giocare (e bene) in attacco nel Napoli di Maradona. 11 giugno 1989. La data nella storia del Napoli \u00e8 ricordata per un particolare divenuto unico nella storia della Serie A. I partenopei","inLanguage":"it-IT","isPartOf":{"@id":"https:\/\/ispirazionesportiva.com\/#website"},"breadcrumb":{"@id":"https:\/\/ispirazionesportiva.com\/index.php\/2020\/10\/02\/il-portiere-che-gioco-in-attacco\/#breadcrumblist"},"author":{"@id":"https:\/\/ispirazionesportiva.com\/index.php\/author\/supermariolemieux\/#author"},"creator":{"@id":"https:\/\/ispirazionesportiva.com\/index.php\/author\/supermariolemieux\/#author"},"image":{"@type":"ImageObject","url":"https:\/\/i0.wp.com\/ispirazionesportiva.com\/wp-content\/uploads\/sites\/3\/2020\/10\/difusco-calciatore-615x410-1-1.jpg?fit=615%2C410&ssl=1","@id":"https:\/\/ispirazionesportiva.com\/index.php\/2020\/10\/02\/il-portiere-che-gioco-in-attacco\/#mainImage","width":615,"height":410},"primaryImageOfPage":{"@id":"https:\/\/ispirazionesportiva.com\/index.php\/2020\/10\/02\/il-portiere-che-gioco-in-attacco\/#mainImage"},"datePublished":"2020-10-02T17:30:29+02:00","dateModified":"2026-07-25T22:45:31+02:00"},{"@type":"WebSite","@id":"https:\/\/ispirazionesportiva.com\/#website","url":"https:\/\/ispirazionesportiva.com\/","name":"IspirazioneSportiva.com","description":"Le storie sportive che emozionano","inLanguage":"it-IT","publisher":{"@id":"https:\/\/ispirazionesportiva.com\/#organization"}}]},"og:locale":"it_IT","og:site_name":"IspirazioneSportiva.com - Le storie sportive che emozionano","og:type":"article","og:title":"Il portiere che gioc\u00f2 in attacco - IspirazioneSportiva.com","og:description":"Il calcio romantico degli anni 80, quello con un limitatissimo di giocatori in rosa, racconta il giorno in cui Raffaele Di Fusco, ruolo portiere, dovette giocare (e bene) in attacco nel Napoli di Maradona. 11 giugno 1989. La data nella storia del Napoli \u00e8 ricordata per un particolare divenuto unico nella storia della Serie A. I partenopei","og:url":"https:\/\/ispirazionesportiva.com\/index.php\/2020\/10\/02\/il-portiere-che-gioco-in-attacco\/","og:image":"https:\/\/i0.wp.com\/ispirazionesportiva.com\/wp-content\/uploads\/sites\/3\/2020\/09\/cropped-PHOTO-2020-09-16-08-47-03-e1600279086776-1.jpg?fit=500%2C230&#038;ssl=1","og:image:secure_url":"https:\/\/i0.wp.com\/ispirazionesportiva.com\/wp-content\/uploads\/sites\/3\/2020\/09\/cropped-PHOTO-2020-09-16-08-47-03-e1600279086776-1.jpg?fit=500%2C230&#038;ssl=1","article:published_time":"2020-10-02T15:30:29+00:00","article:modified_time":"2026-07-25T20:45:31+00:00","twitter:card":"summary_large_image","twitter:title":"Il portiere che gioc\u00f2 in attacco - IspirazioneSportiva.com","twitter:description":"Il calcio romantico degli anni 80, quello con un limitatissimo di giocatori in rosa, racconta il giorno in cui Raffaele Di Fusco, ruolo portiere, dovette giocare (e bene) in attacco nel Napoli di Maradona. 11 giugno 1989. La data nella storia del Napoli \u00e8 ricordata per un particolare divenuto unico nella storia della Serie A. I partenopei","twitter:image":"https:\/\/i0.wp.com\/ispirazionesportiva.com\/wp-content\/uploads\/sites\/3\/2020\/09\/cropped-PHOTO-2020-09-16-08-47-03-e1600279086776-1.jpg?fit=500%2C230&ssl=1"},"aioseo_meta_data":{"post_id":"707","title":null,"description":null,"keywords":null,"keyphrases":null,"primary_term":null,"canonical_url":null,"og_title":null,"og_description":null,"og_object_type":"default","og_image_type":"default","og_image_custom_url":null,"og_image_custom_fields":null,"og_image_url":null,"og_image_width":null,"og_image_height":null,"og_video":null,"og_custom_url":null,"og_article_section":null,"og_article_tags":null,"twitter_use_og":false,"twitter_card":"default","twitter_image_type":"default","twitter_image_custom_url":null,"twitter_image_custom_fields":null,"twitter_image_url":null,"twitter_title":null,"twitter_description":null,"schema_type":"default","schema_type_options":null,"schema":{"blockGraphs":[],"customGraphs":[],"default":{"data":{"Article":[],"Course":[],"Dataset":[],"FAQPage":[],"Movie":[],"Person":[],"Product":[],"ProductReview":[],"Car":[],"Recipe":[],"Service":[],"SoftwareApplication":[],"WebPage":[]},"graphName":"","isEnabled":true},"graphs":[]},"pillar_content":false,"robots_default":true,"robots_noindex":false,"robots_noarchive":false,"robots_nosnippet":false,"robots_nofollow":false,"robots_noimageindex":false,"robots_noodp":false,"robots_notranslate":false,"robots_max_snippet":null,"robots_max_videopreview":null,"robots_max_imagepreview":"large","priority":null,"frequency":null,"local_seo":null,"limit_modified_date":false,"ai":null,"breadcrumb_settings":null,"seo_analyzer_scan_date":null,"created":"2026-07-23 16:20:56","updated":"2026-07-26 09:38:53","focus_keyword":null,"additional_keywords":null,"truseo_locale":null},"aioseo_breadcrumb":"<div class=\"aioseo-breadcrumbs\"><span class=\"aioseo-breadcrumb\">\n\t\t\t<a href=\"https:\/\/ispirazionesportiva.com\" title=\"Home\">Home<\/a>\n\t\t<\/span><span class=\"aioseo-breadcrumb-separator\">&raquo;<\/span><span class=\"aioseo-breadcrumb\">\n\t\t\t<a href=\"https:\/\/ispirazionesportiva.com\/index.php\/category\/calcio\/\" title=\"Calcio\">Calcio<\/a>\n\t\t<\/span><span class=\"aioseo-breadcrumb-separator\">&raquo;<\/span><span class=\"aioseo-breadcrumb\">\n\t\t\t<a href=\"https:\/\/ispirazionesportiva.com\/index.php\/category\/calcio\/i-miti-e-le-leggende-del-pallone\/\" title=\"I miti e le leggende del pallone\">I miti e le leggende del pallone<\/a>\n\t\t<\/span><span class=\"aioseo-breadcrumb-separator\">&raquo;<\/span><span class=\"aioseo-breadcrumb\">\n\t\t\tIl portiere che gioc\u00f2 in attacco\n\t\t<\/span><\/div>","aioseo_breadcrumb_json":[{"label":"Home","link":"https:\/\/ispirazionesportiva.com"},{"label":"Calcio","link":"https:\/\/ispirazionesportiva.com\/index.php\/category\/calcio\/"},{"label":"I miti e le leggende del pallone","link":"https:\/\/ispirazionesportiva.com\/index.php\/category\/calcio\/i-miti-e-le-leggende-del-pallone\/"},{"label":"Il portiere che gioc\u00f2 in attacco","link":"https:\/\/ispirazionesportiva.com\/index.php\/2020\/10\/02\/il-portiere-che-gioco-in-attacco\/"}],"jetpack_publicize_connections":[],"jetpack_sharing_enabled":true,"jetpack_likes_enabled":true,"amp_enabled":true,"jetpack_featured_media_url":"https:\/\/i0.wp.com\/ispirazionesportiva.com\/wp-content\/uploads\/sites\/3\/2020\/10\/difusco-calciatore-615x410-1-1.jpg?fit=615%2C410&ssl=1","_links":{"self":[{"href":"https:\/\/ispirazionesportiva.com\/index.php\/wp-json\/wp\/v2\/posts\/707","targetHints":{"allow":["GET"]}}],"collection":[{"href":"https:\/\/ispirazionesportiva.com\/index.php\/wp-json\/wp\/v2\/posts"}],"about":[{"href":"https:\/\/ispirazionesportiva.com\/index.php\/wp-json\/wp\/v2\/types\/post"}],"author":[{"embeddable":true,"href":"https:\/\/ispirazionesportiva.com\/index.php\/wp-json\/wp\/v2\/users\/5"}],"replies":[{"embeddable":true,"href":"https:\/\/ispirazionesportiva.com\/index.php\/wp-json\/wp\/v2\/comments?post=707"}],"version-history":[{"count":2,"href":"https:\/\/ispirazionesportiva.com\/index.php\/wp-json\/wp\/v2\/posts\/707\/revisions"}],"predecessor-version":[{"id":2323,"href":"https:\/\/ispirazionesportiva.com\/index.php\/wp-json\/wp\/v2\/posts\/707\/revisions\/2323"}],"wp:featuredmedia":[{"embeddable":true,"href":"https:\/\/ispirazionesportiva.com\/index.php\/wp-json\/wp\/v2\/media\/712"}],"wp:attachment":[{"href":"https:\/\/ispirazionesportiva.com\/index.php\/wp-json\/wp\/v2\/media?parent=707"}],"wp:term":[{"taxonomy":"category","embeddable":true,"href":"https:\/\/ispirazionesportiva.com\/index.php\/wp-json\/wp\/v2\/categories?post=707"},{"taxonomy":"post_tag","embeddable":true,"href":"https:\/\/ispirazionesportiva.com\/index.php\/wp-json\/wp\/v2\/tags?post=707"}],"curies":[{"name":"wp","href":"https:\/\/api.w.org\/{rel}","templated":true}]}}