{"id":588,"date":"2020-09-02T14:30:43","date_gmt":"2020-09-02T12:30:43","guid":{"rendered":"https:\/\/ispirazionesportiva.com\/?p=588"},"modified":"2023-12-03T20:44:52","modified_gmt":"2023-12-03T18:44:52","slug":"che-anno-del-kaiser-dalla-doppietta-del-1996-al-nulla-del-2020","status":"publish","type":"post","link":"https:\/\/ispirazionesportiva.com\/index.php\/2020\/09\/02\/che-anno-del-kaiser-dalla-doppietta-del-1996-al-nulla-del-2020\/","title":{"rendered":"Che anno del Kaiser, dalla doppietta del 1996 al nulla del 2020"},"content":{"rendered":"\r\n<p>Siamo tra Spa e Monza, <strong>nel 1996 iniziava il sogno della Ferrari di Schumacher<\/strong>, oggi naufragata in una stagione fallimentare.<\/p>\r\n\r\n\r\n\r\n<p>Forse non c&#8217;\u00e8 neanche bisogno di guardare cos\u00ec lontano, perch\u00e9 la Rossa iscriveva nel suo albo d&#8217;oro la doppietta Spa-Monza proprio la scorsa annata, con quel predestinato<strong> Leclerc<\/strong> che oggi appare un pulcino al cospetto di problemi pi\u00f9 grandi della sua classe.<\/p>\r\n\r\n\r\n\r\n<p>Ritorna cos\u00ec alla mente quella magica stagione 1996, dove un tedesco (per tutti eccessivamente strapagato all&#8217;epoca), sedeva su una Rossa che aveva ormai smesso di far sognare da tempo immemore.<\/p>\r\n\r\n\r\n\r\n<figure class=\"wp-block-image size-large\"><img loading=\"lazy\" decoding=\"async\" width=\"1024\" height=\"713\" class=\"wp-image-590\" src=\"https:\/\/ispirazionesportiva.com\/wp-content\/uploads\/2020\/09\/gettyimages-1028309520-2048x2048-1-1024x713.jpg\" alt=\"\" srcset=\"https:\/\/ispirazionesportiva.com\/wp-content\/uploads\/2020\/09\/gettyimages-1028309520-2048x2048-1-1024x713.jpg 1024w, https:\/\/ispirazionesportiva.com\/wp-content\/uploads\/2020\/09\/gettyimages-1028309520-2048x2048-1-300x209.jpg 300w, https:\/\/ispirazionesportiva.com\/wp-content\/uploads\/2020\/09\/gettyimages-1028309520-2048x2048-1-768x534.jpg 768w, https:\/\/ispirazionesportiva.com\/wp-content\/uploads\/2020\/09\/gettyimages-1028309520-2048x2048-1-1536x1069.jpg 1536w, https:\/\/ispirazionesportiva.com\/wp-content\/uploads\/2020\/09\/gettyimages-1028309520-2048x2048-1.jpg 2048w\" sizes=\"auto, (max-width: 1024px) 100vw, 1024px\" \/><\/figure>\r\n\r\n\r\n\r\n<p>La differenza fra quell&#8217;epoca e i giorni nostri parte dal pilota e dal potere che la Ferrari riusc\u00ec a dar vita da quel momento, avendo in Michael Schumacher il numero uno assoluto, <strong>due spanne sopra Damon Hill<\/strong>, poi campione del mondo, mentre oggi sulla bravura di Leclerc (e Vettel) non si hanno dubbi, ma Hamilton \u00e8 inarrivabile.<\/p>\r\n\r\n\r\n\r\n<p>Quel gran premio del Belgio del 1996 <strong>si apriva col botto<\/strong> di Schumi al venerd\u00ec, macchina distrutta e brutto colpo per il tedesco, poi terzo in prova dietro Villeneuve e Hill, staccato di 1.204 dalla coppia Williams.<\/p>\r\n\r\n\r\n\r\n<p>Non c&#8217;era niente di bello in previsione della domenica, fin l\u00ec il tedesco dalla mascella d&#8217;acciaio aveva incantato in Spagna, guidando come un ballerino sul ghiaccio mentre gli altri annaspavano nel diluvio del Montmel\u00f2, poi per\u00f2 pi\u00f9 nulla, se non per 4 pole fin l\u00ec ottenute.<\/p>\r\n\r\n\r\n\r\n<figure class=\"wp-block-image size-large\"><img loading=\"lazy\" decoding=\"async\" width=\"1024\" height=\"747\" class=\"wp-image-591\" src=\"https:\/\/ispirazionesportiva.com\/wp-content\/uploads\/2020\/09\/gettyimages-52917375-2048x2048-1-1024x747.jpg\" alt=\"\" srcset=\"https:\/\/ispirazionesportiva.com\/wp-content\/uploads\/2020\/09\/gettyimages-52917375-2048x2048-1-1024x747.jpg 1024w, https:\/\/ispirazionesportiva.com\/wp-content\/uploads\/2020\/09\/gettyimages-52917375-2048x2048-1-300x219.jpg 300w, https:\/\/ispirazionesportiva.com\/wp-content\/uploads\/2020\/09\/gettyimages-52917375-2048x2048-1-768x560.jpg 768w, https:\/\/ispirazionesportiva.com\/wp-content\/uploads\/2020\/09\/gettyimages-52917375-2048x2048-1.jpg 1316w\" sizes=\"auto, (max-width: 1024px) 100vw, 1024px\" \/><\/figure>\r\n\r\n\r\n\r\n<p>Spa per\u00f2 \u00e8 il regno della magia e il Kaiser di Kerpen ha l\u00ec il giardino preferito, anche se per vincere in Belgio tocc\u00f2 aspettare un incidente di <strong>Verstappen senior<\/strong> per scatenate contemporaneamente safety car, confusione di <strong>Villeneuve<\/strong> e giri scatenati di Schumacher, che, in stile &#8220;undercut&#8221;, quando c&#8217;era da spremere il treno di gomme prima della sosta ai box, entrava in <strong>modalit\u00e0 &#8220;top gun&#8221;<\/strong>, prendendo poi il primo posto al rientro dal cambio gomme.<\/p>\r\n\r\n\r\n\r\n<p>Schumi in questo era il migliore, con la vittoria di Spa che fece innamorare ancor di pi\u00f9 il tedesco con la Ferrari, trovando poi l&#8217;apoteosi a Monza, 15 giorni dopo, che riportava la Rossa di Maranello al primo posto del gran premio d&#8217;Italia dopo ben 8 anni, aggiungendo del romanticismo nel tifoso locale con Alesi al secondo posto.<\/p>\r\n\r\n\r\n\r\n<p>Altri tempi, altre storie, altra Ferrari, neanche all&#8217;epoca la migliore del blocco, ma che aveva un pilota in grado di far sognare e una struttura tecnica (e politica) pronta ad essere la migliore del circus.<\/p>\r\n\r\n\r\n\r\n<p>Quando torneranno quei gloriosi tempi non si ha da saperlo, troppo \u00e8 il divario dalla Mercedes, molto pi\u00f9 netto e deprimente rispetto a quando le Rosse le prendevano dalla McLaren di Senna e Prost e nonostante il grande abisso erano la seconda forza del campionato.<\/p>\r\n\r\n\r\n\r\n<p>La Ferrari oggi invece \u00e8 lontana parente di qualsiasi monoposto rossa, una media punti piloti di<strong> 8,7 a gara<\/strong>, mai cos\u00ec pochi dall&#8217;introduzione del nuovo punteggio, riportando alla mente la stagione 1980, con Enzo Ferrari che doveva render conto di un decimo posto tra i costruttori, 8 punti e solo l&#8217;Alfa Romeo alle spalle, <strong>11 ritiri su 14 gare<\/strong> e che col meccanismo attuale sarebbero a quota <strong>61 punti nella classifica finale<\/strong>, proprio gli stessi punti di questa sciagurata annata.<\/p>\r\n\r\n\r\n\r\n<p class=\"has-text-align-right\"><a href=\"https:\/\/www.facebook.com\/supermariolemieux\">Francesco Fiori<\/a><\/p>\r\n\r\n\r\n\r\n<p>Foto: Getty Images<\/p>\r\n\r\n\r\n\r\n<figure class=\"wp-block-image size-large\"><img loading=\"lazy\" decoding=\"async\" width=\"1024\" height=\"682\" class=\"wp-image-592\" src=\"https:\/\/ispirazionesportiva.com\/wp-content\/uploads\/2020\/09\/gettyimages-52917284-2048x2048-1-1024x682.jpg\" alt=\"\" srcset=\"https:\/\/ispirazionesportiva.com\/wp-content\/uploads\/2020\/09\/gettyimages-52917284-2048x2048-1-1024x682.jpg 1024w, https:\/\/ispirazionesportiva.com\/wp-content\/uploads\/2020\/09\/gettyimages-52917284-2048x2048-1-300x200.jpg 300w, https:\/\/ispirazionesportiva.com\/wp-content\/uploads\/2020\/09\/gettyimages-52917284-2048x2048-1-768x511.jpg 768w, https:\/\/ispirazionesportiva.com\/wp-content\/uploads\/2020\/09\/gettyimages-52917284-2048x2048-1.jpg 1235w\" sizes=\"auto, (max-width: 1024px) 100vw, 1024px\" \/><\/figure>\r\n\r\n\r\n\r\n<p>&nbsp;<\/p>\r\n","protected":false},"excerpt":{"rendered":"<p>Siamo tra Spa e Monza, nel 1996 iniziava il sogno della Ferrari di Schumacher, oggi&#8230;<\/p>\n","protected":false},"author":4,"featured_media":593,"comment_status":"closed","ping_status":"closed","sticky":false,"template":"","format":"standard","meta":{"footnotes":""},"categories":[7,70],"tags":[27,30,54],"class_list":["post-588","post","type-post","status-publish","format-standard","has-post-thumbnail","hentry","category-formula-1","category-loro-sono-leggenda-formula-1","tag-ferrari","tag-formula-uno","tag-schumacher"],"yoast_head":"<!-- This site is optimized with the Yoast SEO plugin v21.9 - https:\/\/yoast.com\/wordpress\/plugins\/seo\/ -->\n<title>Che anno del Kaiser, dalla doppietta del 1996 al nulla del 2020 - IspirazioneSportiva.com<\/title>\n<meta name=\"robots\" content=\"index, follow, max-snippet:-1, max-image-preview:large, max-video-preview:-1\" \/>\n<link rel=\"canonical\" href=\"https:\/\/ispirazionesportiva.com\/index.php\/2020\/09\/02\/che-anno-del-kaiser-dalla-doppietta-del-1996-al-nulla-del-2020\/\" \/>\n<meta property=\"og:locale\" content=\"it_IT\" \/>\n<meta property=\"og:type\" content=\"article\" \/>\n<meta property=\"og:title\" content=\"Che anno del Kaiser, dalla doppietta del 1996 al nulla del 2020 - IspirazioneSportiva.com\" \/>\n<meta property=\"og:description\" content=\"Siamo tra Spa e Monza, nel 1996 iniziava il sogno della Ferrari di Schumacher, oggi...\" \/>\n<meta property=\"og:url\" content=\"https:\/\/ispirazionesportiva.com\/index.php\/2020\/09\/02\/che-anno-del-kaiser-dalla-doppietta-del-1996-al-nulla-del-2020\/\" \/>\n<meta property=\"og:site_name\" content=\"IspirazioneSportiva.com\" \/>\n<meta property=\"article:publisher\" content=\"https:\/\/www.facebook.com\/search\/top\/?q=ispirazionesportiva.com\" \/>\n<meta property=\"article:author\" content=\"https:\/\/www.facebook.com\/supermariolemieux\/\" \/>\n<meta property=\"article:published_time\" content=\"2020-09-02T12:30:43+00:00\" \/>\n<meta property=\"article:modified_time\" content=\"2023-12-03T18:44:52+00:00\" \/>\n<meta property=\"og:image\" content=\"https:\/\/ispirazionesportiva.com\/wp-content\/uploads\/2020\/09\/gettyimages-826743946-2048x2048-1.jpg\" \/>\n\t<meta property=\"og:image:width\" content=\"2048\" \/>\n\t<meta property=\"og:image:height\" content=\"1365\" \/>\n\t<meta property=\"og:image:type\" content=\"image\/jpeg\" \/>\n<meta name=\"author\" content=\"Francesco Fiori\" \/>\n<meta name=\"twitter:card\" content=\"summary_large_image\" \/>\n<meta name=\"twitter:creator\" content=\"@frafiori21\" \/>\n<meta name=\"twitter:site\" content=\"@FraFiori21\" \/>\n<meta name=\"twitter:label1\" content=\"Scritto da\" \/>\n\t<meta name=\"twitter:data1\" content=\"Francesco Fiori\" \/>\n\t<meta name=\"twitter:label2\" content=\"Tempo di lettura stimato\" \/>\n\t<meta name=\"twitter:data2\" content=\"4 minuti\" \/>\n<script type=\"application\/ld+json\" class=\"yoast-schema-graph\">{\"@context\":\"https:\/\/schema.org\",\"@graph\":[{\"@type\":\"Article\",\"@id\":\"https:\/\/ispirazionesportiva.com\/index.php\/2020\/09\/02\/che-anno-del-kaiser-dalla-doppietta-del-1996-al-nulla-del-2020\/#article\",\"isPartOf\":{\"@id\":\"https:\/\/ispirazionesportiva.com\/index.php\/2020\/09\/02\/che-anno-del-kaiser-dalla-doppietta-del-1996-al-nulla-del-2020\/\"},\"author\":{\"name\":\"Francesco Fiori\",\"@id\":\"https:\/\/ispirazionesportiva.com\/#\/schema\/person\/7288fdedc9108918baa7bb22bab31fb7\"},\"headline\":\"Che anno del Kaiser, dalla doppietta del 1996 al nulla del 2020\",\"datePublished\":\"2020-09-02T12:30:43+00:00\",\"dateModified\":\"2023-12-03T18:44:52+00:00\",\"mainEntityOfPage\":{\"@id\":\"https:\/\/ispirazionesportiva.com\/index.php\/2020\/09\/02\/che-anno-del-kaiser-dalla-doppietta-del-1996-al-nulla-del-2020\/\"},\"wordCount\":524,\"publisher\":{\"@id\":\"https:\/\/ispirazionesportiva.com\/#organization\"},\"keywords\":[\"Ferrari\",\"formula uno\",\"Schumacher\"],\"articleSection\":[\"Formula 1\",\"Loro sono leggenda\"],\"inLanguage\":\"it-IT\"},{\"@type\":\"WebPage\",\"@id\":\"https:\/\/ispirazionesportiva.com\/index.php\/2020\/09\/02\/che-anno-del-kaiser-dalla-doppietta-del-1996-al-nulla-del-2020\/\",\"url\":\"https:\/\/ispirazionesportiva.com\/index.php\/2020\/09\/02\/che-anno-del-kaiser-dalla-doppietta-del-1996-al-nulla-del-2020\/\",\"name\":\"Che anno del Kaiser, dalla doppietta del 1996 al nulla del 2020 - IspirazioneSportiva.com\",\"isPartOf\":{\"@id\":\"https:\/\/ispirazionesportiva.com\/#website\"},\"datePublished\":\"2020-09-02T12:30:43+00:00\",\"dateModified\":\"2023-12-03T18:44:52+00:00\",\"breadcrumb\":{\"@id\":\"https:\/\/ispirazionesportiva.com\/index.php\/2020\/09\/02\/che-anno-del-kaiser-dalla-doppietta-del-1996-al-nulla-del-2020\/#breadcrumb\"},\"inLanguage\":\"it-IT\",\"potentialAction\":[{\"@type\":\"ReadAction\",\"target\":[\"https:\/\/ispirazionesportiva.com\/index.php\/2020\/09\/02\/che-anno-del-kaiser-dalla-doppietta-del-1996-al-nulla-del-2020\/\"]}]},{\"@type\":\"BreadcrumbList\",\"@id\":\"https:\/\/ispirazionesportiva.com\/index.php\/2020\/09\/02\/che-anno-del-kaiser-dalla-doppietta-del-1996-al-nulla-del-2020\/#breadcrumb\",\"itemListElement\":[{\"@type\":\"ListItem\",\"position\":1,\"name\":\"Home\",\"item\":\"https:\/\/ispirazionesportiva.com\/\"},{\"@type\":\"ListItem\",\"position\":2,\"name\":\"Che anno del Kaiser, dalla doppietta del 1996 al nulla del 2020\"}]},{\"@type\":\"WebSite\",\"@id\":\"https:\/\/ispirazionesportiva.com\/#website\",\"url\":\"https:\/\/ispirazionesportiva.com\/\",\"name\":\"IspirazioneSportiva.com\",\"description\":\"Le storie sportive che emozionano\",\"publisher\":{\"@id\":\"https:\/\/ispirazionesportiva.com\/#organization\"},\"potentialAction\":[{\"@type\":\"SearchAction\",\"target\":{\"@type\":\"EntryPoint\",\"urlTemplate\":\"https:\/\/ispirazionesportiva.com\/?s={search_term_string}\"},\"query-input\":\"required name=search_term_string\"}],\"inLanguage\":\"it-IT\"},{\"@type\":\"Organization\",\"@id\":\"https:\/\/ispirazionesportiva.com\/#organization\",\"name\":\"ispirazionesportiva.com\",\"url\":\"https:\/\/ispirazionesportiva.com\/\",\"logo\":{\"@type\":\"ImageObject\",\"inLanguage\":\"it-IT\",\"@id\":\"https:\/\/ispirazionesportiva.com\/#\/schema\/logo\/image\/\",\"url\":\"https:\/\/ispirazionesportiva.com\/wp-content\/uploads\/2020\/08\/1589964388149.jpg\",\"contentUrl\":\"https:\/\/ispirazionesportiva.com\/wp-content\/uploads\/2020\/08\/1589964388149.jpg\",\"width\":980,\"height\":600,\"caption\":\"ispirazionesportiva.com\"},\"image\":{\"@id\":\"https:\/\/ispirazionesportiva.com\/#\/schema\/logo\/image\/\"},\"sameAs\":[\"https:\/\/www.facebook.com\/search\/top\/?q=ispirazionesportiva.com\",\"https:\/\/twitter.com\/FraFiori21\",\"https:\/\/www.instagram.com\/ispirazione_sportiva\/?hl=it\",\"https:\/\/www.linkedin.com\/in\/mario-francesco-fiori-8788ba1b4\/\"]},{\"@type\":\"Person\",\"@id\":\"https:\/\/ispirazionesportiva.com\/#\/schema\/person\/7288fdedc9108918baa7bb22bab31fb7\",\"name\":\"Francesco Fiori\",\"image\":{\"@type\":\"ImageObject\",\"inLanguage\":\"it-IT\",\"@id\":\"https:\/\/ispirazionesportiva.com\/#\/schema\/person\/image\/\",\"url\":\"https:\/\/secure.gravatar.com\/avatar\/beff881b593f312e866653a8c45295843e00b61ce1984ceaacd4e1709e4c1b57?s=96&d=mm&r=g\",\"contentUrl\":\"https:\/\/secure.gravatar.com\/avatar\/beff881b593f312e866653a8c45295843e00b61ce1984ceaacd4e1709e4c1b57?s=96&d=mm&r=g\",\"caption\":\"Francesco Fiori\"},\"description\":\"Francesco Fiori \u00e8 un giornalista sardo, classe 1983, con la passione per il racconto dello sport. Di tutto lo sport. Aveva 6 anni quando, sicuramente errore o destino, ebbe in regalo una semplice radio, senza pensare alle conseguenze successive del pianeta sportivo. Una domenica, finiti i compiti, giocando con quel mezzo, capt\u00f2 la voce roca di Sandro Ciotti. Aveva appena scoperto l\u2019esistenza di Tutto il calcio minuto per minuto. La prima sfida arriva nella stagione calcistica 90\/91, quando lo zio, incredibile giornalista locale, gli diede come compito raccontare la giornata calcistica appena conclusa. Quel tema, ad appena 7 anni, risult\u00f2 migliore rispetto alle tabelline, mai entrate volentieri in testa. Il premio fu la presenza alla gara di cartello della squadra del suo paese, il Ploaghe, due settimane pi\u00f9 tardi. Destino volle che la morte prese suo zio proprio il mercoled\u00ec prima, innescando in Fiori la voglia di diventare giornalista. A scuola alla domanda \u201cHai solo il calcio in testa?\u201d rispondeva \u201cNo, anche il ciclismo\u201d e gli anni di partite contemporanee la domenica e di Tele +2 col calcio estero crearono un piccolo \u201cpsicopatico sportivo\u201d. Tra gli sport di cui si innamora c\u2019\u00e8 l\u2019hockey americano, soprattutto nella mitologica figura di Mario Lemieux. Poco prima della morte del padre, nel febbraio 2001, Fiori trova su La Gazzetta dello Sport proprio un trafiletto con scritto del ritorno sul ghiaccio di Lemieux dopo aver sconfitto una forma tumorale e un ritiro di 3 anni. Da l\u00ec altra promessa, qualora arrivi la possibilit\u00e0 di scrivere un articolo, questo sar\u00e0 su Lemieux il Magnifico. Diventato ragioniere capisce immediatamente che iva e fatture sono molto pi\u00f9 noiose del previsto e la prima collaborazione col giornale \u201cSa Bovida\u201d gli fanno capire le regole basi del giornalismo, cosa che Fiori ignorava ma che rispettava, chiedendo solo la possibilit\u00e0 di scrivere e far colpo. Chiusa la parentesi Sa Bovida per problemi logistici e di salute dell\u2019immenso Antonio Delitala ecco il primo reale colpo di fulmine, il sito di hockey Nhl Playitusa che non ha un articolo su Lemieux. Il direttore, con una mail che Fiori ancora oggi custodisce, risponde: \u201cBeh, perch\u00e9 non provi a scriverne uno tu?\u201d Il resto \u00e8 la storia scritta al pc dopo averne scritto 5 pagine in un quadernone a quadretti. Un cambio di lavoro, non per sua volont\u00e0, spariglia le carte in tavola, col ragazzo che stando fuori casa tutto il tempo deve abbandonare la scrittura, ma peggio ancora va col primo di 3 ictus che colpiscono la mamma proprio in quel periodo. Tempo al tempo e con un altro cambio di lavoro ecco l\u2019opzione che lo colpisce, scrivere della sua amata Inter sul sito SpazioInter. Gli inizi sono complicati, scrivere secondo le regole e non avere carta bianca lo bloccano un pochino, fino all\u2019esplosione che nel sito si chiama Live. Il Live sarebbe il racconto, minuto per minuto e in contemporanea, della partita in tv e a Fiori tocca esordire con Milan-Inter. Quella sera il divertimento raggiunge le stelle, anzi, le supera e da quel momento l\u2019impegno \u00e8 triplo, con le perle di interviste a Sandro Mazzola (che risate), Gigi Simoni (che gentilezza) e Riccardo Cucchi, suo idolo radiofonico. Il tesserino da giornalista gli fa mantenere la parola data a 6 anni e ancor pi\u00f9 sorprendente \u00e8 la proposta di essere addetto stampa proprio della squadra locale, andare a vedere quelle partite che il destino gli negarono nel 1991. Si chiede spesso se sia il destino a far scherzi oppure se semplicemente la vita va accettata per quella che \u00e8. Il 30 gennaio 2021, dopo un ricovero di un mese con tutte le aggravanti possibili, in ospedale viene a mancare la mamma di Francesco. Il colpo \u00e8 brutale. Il conto \u00e8 pesantissimo, la mente lontana, lo scrivere, anche solo un piccolo pensiero sulla giornata calcistica, \u00e8 di una difficolt\u00e0 che ad oggi \u00e8 ancora lontana dall'essere superata. Il resto \u00e8 storia o noia, dipende da che parte si vuol vedere, dagli articoli su Gazzetta Fan News al raccontare qualsiasi sport, perch\u00e9 per Fiori ogni sport ha un suo eroe e perch\u00e9 ora, con IspirazioneSportiva.com, sar\u00e0 ancor pi\u00f9 spettacolare dar libero sfogo a qualsiasi ispirazione, come dice il nome e come gli ha insegnato Riccardo Cucchi: \u201cNella vita mai smettere di sognare!\u201d. Anzi, scusate il ritardo! Mail: fcroda@yahoo.it Fb: supermariolemieux pec: francesco.fiori@pecgiornalisti.it\",\"sameAs\":[\"https:\/\/www.facebook.com\/supermariolemieux\/\",\"https:\/\/www.instagram.com\/francescofiori12\/\",\"https:\/\/www.linkedin.com\/in\/francesco-fiori-b45614176\/\",\"https:\/\/twitter.com\/frafiori21\"],\"url\":\"https:\/\/ispirazionesportiva.com\/index.php\/author\/supermariolemieux\/\"}]}<\/script>\n<!-- \/ Yoast SEO plugin. -->","yoast_head_json":{"title":"Che anno del Kaiser, dalla doppietta del 1996 al nulla del 2020 - IspirazioneSportiva.com","robots":{"index":"index","follow":"follow","max-snippet":"max-snippet:-1","max-image-preview":"max-image-preview:large","max-video-preview":"max-video-preview:-1"},"canonical":"https:\/\/ispirazionesportiva.com\/index.php\/2020\/09\/02\/che-anno-del-kaiser-dalla-doppietta-del-1996-al-nulla-del-2020\/","og_locale":"it_IT","og_type":"article","og_title":"Che anno del Kaiser, dalla doppietta del 1996 al nulla del 2020 - IspirazioneSportiva.com","og_description":"Siamo tra Spa e Monza, nel 1996 iniziava il sogno della Ferrari di Schumacher, oggi...","og_url":"https:\/\/ispirazionesportiva.com\/index.php\/2020\/09\/02\/che-anno-del-kaiser-dalla-doppietta-del-1996-al-nulla-del-2020\/","og_site_name":"IspirazioneSportiva.com","article_publisher":"https:\/\/www.facebook.com\/search\/top\/?q=ispirazionesportiva.com","article_author":"https:\/\/www.facebook.com\/supermariolemieux\/","article_published_time":"2020-09-02T12:30:43+00:00","article_modified_time":"2023-12-03T18:44:52+00:00","og_image":[{"width":2048,"height":1365,"url":"https:\/\/ispirazionesportiva.com\/wp-content\/uploads\/2020\/09\/gettyimages-826743946-2048x2048-1.jpg","type":"image\/jpeg"}],"author":"Francesco Fiori","twitter_card":"summary_large_image","twitter_creator":"@frafiori21","twitter_site":"@FraFiori21","twitter_misc":{"Scritto da":"Francesco Fiori","Tempo di lettura stimato":"4 minuti"},"schema":{"@context":"https:\/\/schema.org","@graph":[{"@type":"Article","@id":"https:\/\/ispirazionesportiva.com\/index.php\/2020\/09\/02\/che-anno-del-kaiser-dalla-doppietta-del-1996-al-nulla-del-2020\/#article","isPartOf":{"@id":"https:\/\/ispirazionesportiva.com\/index.php\/2020\/09\/02\/che-anno-del-kaiser-dalla-doppietta-del-1996-al-nulla-del-2020\/"},"author":{"name":"Francesco Fiori","@id":"https:\/\/ispirazionesportiva.com\/#\/schema\/person\/7288fdedc9108918baa7bb22bab31fb7"},"headline":"Che anno del Kaiser, dalla doppietta del 1996 al nulla del 2020","datePublished":"2020-09-02T12:30:43+00:00","dateModified":"2023-12-03T18:44:52+00:00","mainEntityOfPage":{"@id":"https:\/\/ispirazionesportiva.com\/index.php\/2020\/09\/02\/che-anno-del-kaiser-dalla-doppietta-del-1996-al-nulla-del-2020\/"},"wordCount":524,"publisher":{"@id":"https:\/\/ispirazionesportiva.com\/#organization"},"keywords":["Ferrari","formula uno","Schumacher"],"articleSection":["Formula 1","Loro sono leggenda"],"inLanguage":"it-IT"},{"@type":"WebPage","@id":"https:\/\/ispirazionesportiva.com\/index.php\/2020\/09\/02\/che-anno-del-kaiser-dalla-doppietta-del-1996-al-nulla-del-2020\/","url":"https:\/\/ispirazionesportiva.com\/index.php\/2020\/09\/02\/che-anno-del-kaiser-dalla-doppietta-del-1996-al-nulla-del-2020\/","name":"Che anno del Kaiser, dalla doppietta del 1996 al nulla del 2020 - IspirazioneSportiva.com","isPartOf":{"@id":"https:\/\/ispirazionesportiva.com\/#website"},"datePublished":"2020-09-02T12:30:43+00:00","dateModified":"2023-12-03T18:44:52+00:00","breadcrumb":{"@id":"https:\/\/ispirazionesportiva.com\/index.php\/2020\/09\/02\/che-anno-del-kaiser-dalla-doppietta-del-1996-al-nulla-del-2020\/#breadcrumb"},"inLanguage":"it-IT","potentialAction":[{"@type":"ReadAction","target":["https:\/\/ispirazionesportiva.com\/index.php\/2020\/09\/02\/che-anno-del-kaiser-dalla-doppietta-del-1996-al-nulla-del-2020\/"]}]},{"@type":"BreadcrumbList","@id":"https:\/\/ispirazionesportiva.com\/index.php\/2020\/09\/02\/che-anno-del-kaiser-dalla-doppietta-del-1996-al-nulla-del-2020\/#breadcrumb","itemListElement":[{"@type":"ListItem","position":1,"name":"Home","item":"https:\/\/ispirazionesportiva.com\/"},{"@type":"ListItem","position":2,"name":"Che anno del Kaiser, dalla doppietta del 1996 al nulla del 2020"}]},{"@type":"WebSite","@id":"https:\/\/ispirazionesportiva.com\/#website","url":"https:\/\/ispirazionesportiva.com\/","name":"IspirazioneSportiva.com","description":"Le storie sportive che emozionano","publisher":{"@id":"https:\/\/ispirazionesportiva.com\/#organization"},"potentialAction":[{"@type":"SearchAction","target":{"@type":"EntryPoint","urlTemplate":"https:\/\/ispirazionesportiva.com\/?s={search_term_string}"},"query-input":"required name=search_term_string"}],"inLanguage":"it-IT"},{"@type":"Organization","@id":"https:\/\/ispirazionesportiva.com\/#organization","name":"ispirazionesportiva.com","url":"https:\/\/ispirazionesportiva.com\/","logo":{"@type":"ImageObject","inLanguage":"it-IT","@id":"https:\/\/ispirazionesportiva.com\/#\/schema\/logo\/image\/","url":"https:\/\/ispirazionesportiva.com\/wp-content\/uploads\/2020\/08\/1589964388149.jpg","contentUrl":"https:\/\/ispirazionesportiva.com\/wp-content\/uploads\/2020\/08\/1589964388149.jpg","width":980,"height":600,"caption":"ispirazionesportiva.com"},"image":{"@id":"https:\/\/ispirazionesportiva.com\/#\/schema\/logo\/image\/"},"sameAs":["https:\/\/www.facebook.com\/search\/top\/?q=ispirazionesportiva.com","https:\/\/twitter.com\/FraFiori21","https:\/\/www.instagram.com\/ispirazione_sportiva\/?hl=it","https:\/\/www.linkedin.com\/in\/mario-francesco-fiori-8788ba1b4\/"]},{"@type":"Person","@id":"https:\/\/ispirazionesportiva.com\/#\/schema\/person\/7288fdedc9108918baa7bb22bab31fb7","name":"Francesco Fiori","image":{"@type":"ImageObject","inLanguage":"it-IT","@id":"https:\/\/ispirazionesportiva.com\/#\/schema\/person\/image\/","url":"https:\/\/secure.gravatar.com\/avatar\/beff881b593f312e866653a8c45295843e00b61ce1984ceaacd4e1709e4c1b57?s=96&d=mm&r=g","contentUrl":"https:\/\/secure.gravatar.com\/avatar\/beff881b593f312e866653a8c45295843e00b61ce1984ceaacd4e1709e4c1b57?s=96&d=mm&r=g","caption":"Francesco Fiori"},"description":"Francesco Fiori \u00e8 un giornalista sardo, classe 1983, con la passione per il racconto dello sport. Di tutto lo sport. Aveva 6 anni quando, sicuramente errore o destino, ebbe in regalo una semplice radio, senza pensare alle conseguenze successive del pianeta sportivo. Una domenica, finiti i compiti, giocando con quel mezzo, capt\u00f2 la voce roca di Sandro Ciotti. Aveva appena scoperto l\u2019esistenza di Tutto il calcio minuto per minuto. La prima sfida arriva nella stagione calcistica 90\/91, quando lo zio, incredibile giornalista locale, gli diede come compito raccontare la giornata calcistica appena conclusa. Quel tema, ad appena 7 anni, risult\u00f2 migliore rispetto alle tabelline, mai entrate volentieri in testa. Il premio fu la presenza alla gara di cartello della squadra del suo paese, il Ploaghe, due settimane pi\u00f9 tardi. Destino volle che la morte prese suo zio proprio il mercoled\u00ec prima, innescando in Fiori la voglia di diventare giornalista. A scuola alla domanda \u201cHai solo il calcio in testa?\u201d rispondeva \u201cNo, anche il ciclismo\u201d e gli anni di partite contemporanee la domenica e di Tele +2 col calcio estero crearono un piccolo \u201cpsicopatico sportivo\u201d. Tra gli sport di cui si innamora c\u2019\u00e8 l\u2019hockey americano, soprattutto nella mitologica figura di Mario Lemieux. Poco prima della morte del padre, nel febbraio 2001, Fiori trova su La Gazzetta dello Sport proprio un trafiletto con scritto del ritorno sul ghiaccio di Lemieux dopo aver sconfitto una forma tumorale e un ritiro di 3 anni. Da l\u00ec altra promessa, qualora arrivi la possibilit\u00e0 di scrivere un articolo, questo sar\u00e0 su Lemieux il Magnifico. Diventato ragioniere capisce immediatamente che iva e fatture sono molto pi\u00f9 noiose del previsto e la prima collaborazione col giornale \u201cSa Bovida\u201d gli fanno capire le regole basi del giornalismo, cosa che Fiori ignorava ma che rispettava, chiedendo solo la possibilit\u00e0 di scrivere e far colpo. Chiusa la parentesi Sa Bovida per problemi logistici e di salute dell\u2019immenso Antonio Delitala ecco il primo reale colpo di fulmine, il sito di hockey Nhl Playitusa che non ha un articolo su Lemieux. Il direttore, con una mail che Fiori ancora oggi custodisce, risponde: \u201cBeh, perch\u00e9 non provi a scriverne uno tu?\u201d Il resto \u00e8 la storia scritta al pc dopo averne scritto 5 pagine in un quadernone a quadretti. Un cambio di lavoro, non per sua volont\u00e0, spariglia le carte in tavola, col ragazzo che stando fuori casa tutto il tempo deve abbandonare la scrittura, ma peggio ancora va col primo di 3 ictus che colpiscono la mamma proprio in quel periodo. Tempo al tempo e con un altro cambio di lavoro ecco l\u2019opzione che lo colpisce, scrivere della sua amata Inter sul sito SpazioInter. Gli inizi sono complicati, scrivere secondo le regole e non avere carta bianca lo bloccano un pochino, fino all\u2019esplosione che nel sito si chiama Live. Il Live sarebbe il racconto, minuto per minuto e in contemporanea, della partita in tv e a Fiori tocca esordire con Milan-Inter. Quella sera il divertimento raggiunge le stelle, anzi, le supera e da quel momento l\u2019impegno \u00e8 triplo, con le perle di interviste a Sandro Mazzola (che risate), Gigi Simoni (che gentilezza) e Riccardo Cucchi, suo idolo radiofonico. Il tesserino da giornalista gli fa mantenere la parola data a 6 anni e ancor pi\u00f9 sorprendente \u00e8 la proposta di essere addetto stampa proprio della squadra locale, andare a vedere quelle partite che il destino gli negarono nel 1991. Si chiede spesso se sia il destino a far scherzi oppure se semplicemente la vita va accettata per quella che \u00e8. Il 30 gennaio 2021, dopo un ricovero di un mese con tutte le aggravanti possibili, in ospedale viene a mancare la mamma di Francesco. Il colpo \u00e8 brutale. Il conto \u00e8 pesantissimo, la mente lontana, lo scrivere, anche solo un piccolo pensiero sulla giornata calcistica, \u00e8 di una difficolt\u00e0 che ad oggi \u00e8 ancora lontana dall'essere superata. Il resto \u00e8 storia o noia, dipende da che parte si vuol vedere, dagli articoli su Gazzetta Fan News al raccontare qualsiasi sport, perch\u00e9 per Fiori ogni sport ha un suo eroe e perch\u00e9 ora, con IspirazioneSportiva.com, sar\u00e0 ancor pi\u00f9 spettacolare dar libero sfogo a qualsiasi ispirazione, come dice il nome e come gli ha insegnato Riccardo Cucchi: \u201cNella vita mai smettere di sognare!\u201d. Anzi, scusate il ritardo! Mail: fcroda@yahoo.it Fb: supermariolemieux pec: francesco.fiori@pecgiornalisti.it","sameAs":["https:\/\/www.facebook.com\/supermariolemieux\/","https:\/\/www.instagram.com\/francescofiori12\/","https:\/\/www.linkedin.com\/in\/francesco-fiori-b45614176\/","https:\/\/twitter.com\/frafiori21"],"url":"https:\/\/ispirazionesportiva.com\/index.php\/author\/supermariolemieux\/"}]}},"_links":{"self":[{"href":"https:\/\/ispirazionesportiva.com\/index.php\/wp-json\/wp\/v2\/posts\/588","targetHints":{"allow":["GET"]}}],"collection":[{"href":"https:\/\/ispirazionesportiva.com\/index.php\/wp-json\/wp\/v2\/posts"}],"about":[{"href":"https:\/\/ispirazionesportiva.com\/index.php\/wp-json\/wp\/v2\/types\/post"}],"author":[{"embeddable":true,"href":"https:\/\/ispirazionesportiva.com\/index.php\/wp-json\/wp\/v2\/users\/4"}],"replies":[{"embeddable":true,"href":"https:\/\/ispirazionesportiva.com\/index.php\/wp-json\/wp\/v2\/comments?post=588"}],"version-history":[{"count":2,"href":"https:\/\/ispirazionesportiva.com\/index.php\/wp-json\/wp\/v2\/posts\/588\/revisions"}],"predecessor-version":[{"id":2285,"href":"https:\/\/ispirazionesportiva.com\/index.php\/wp-json\/wp\/v2\/posts\/588\/revisions\/2285"}],"wp:featuredmedia":[{"embeddable":true,"href":"https:\/\/ispirazionesportiva.com\/index.php\/wp-json\/wp\/v2\/media\/593"}],"wp:attachment":[{"href":"https:\/\/ispirazionesportiva.com\/index.php\/wp-json\/wp\/v2\/media?parent=588"}],"wp:term":[{"taxonomy":"category","embeddable":true,"href":"https:\/\/ispirazionesportiva.com\/index.php\/wp-json\/wp\/v2\/categories?post=588"},{"taxonomy":"post_tag","embeddable":true,"href":"https:\/\/ispirazionesportiva.com\/index.php\/wp-json\/wp\/v2\/tags?post=588"}],"curies":[{"name":"wp","href":"https:\/\/api.w.org\/{rel}","templated":true}]}}