{"id":532,"date":"2020-08-15T13:28:26","date_gmt":"2020-08-15T11:28:26","guid":{"rendered":"https:\/\/ispirazionesportiva.com\/?p=532"},"modified":"2026-07-25T22:46:08","modified_gmt":"2026-07-25T20:46:08","slug":"zavoli-lultimo-immortale","status":"publish","type":"post","link":"https:\/\/ispirazionesportiva.com\/index.php\/2020\/08\/15\/zavoli-lultimo-immortale\/","title":{"rendered":"Zavoli, l&#8217;ultimo immortale"},"content":{"rendered":"<p>Spiegare chi fosse Sergio Zavoli con un articolo non \u00e8 cosa semplice. Basti pensare che lui \u00e8 semplicemente definito: \u201c<strong>Il miglior giornalista della Rai<\/strong>\u201d, lui che entra nella sede di Via Asiago 10 nel 1947.<br \/>\nNato a Ravenna il 21 settembre 1923, sposato con Rosalba Calderon, Zavoli \u00e8 rimasto vedovo nel 2014, due anni e mezzo dopo, a 93 anni, s\u2019\u00e8 risposato con Alessandra Chello. Ha una figlia di nome Valentina.<\/p>\n<p>E\u2019 un pioniere dell\u2019utilizzo della radio come mezzo di comunicazione, quando non c\u2019era n\u00e9 acqua e n\u00e9 elettricit\u00e0 per ponti e case crollate dalla guerra, ha l\u2019intuizione di raccogliere cavo elettrico e altoparlante da un magazzino comunale, 2 giradischi e microfoni da Radio Tripoli, crea, insieme a Glauco Cosmi e Mimmo Mainardi, una radio via cavo, disseminando in punti strategici di Rimini la possibilit\u00e0 di essere ascoltato, come Piazza Cavour o Piazza Tre Martiri, sfruttando anche lo sponsor \u201c<strong>Il cioccopanna del Bar Dovesi<\/strong>\u201d, con la trasmissione che prende il nome di \u201cVoci della citt\u00e0\u201d.<\/p>\n<p>Nel 1946 racconta le partite della sua citt\u00e0 e un Ravenna-Rimini colpisce Giuseppe Bevilacqua, direttore di Radio Venezia e Silvio Gigli, conduttore di Botta e risposta, che immediatamente <strong>lo segnalano a Vittorio Veltroni<\/strong>.<br \/>\nIl resto lo fa il fato, Carosio alza un po&#8217; le sue pretese economiche e con Nando Martellini fuori causa per polmonite, spetta proprio a Zavoli far la radio cronaca di Roma-Fiorentina.<\/p>\n<p>La voce ferma ma empatica fa il resto, Zavoli ha un talento naturale e si domanda pi\u00f9 volte perch\u00e9 la radio non si dotasse di un linguaggio pi\u00f9 moderno, togliendo quel filtro di bugia rappresentato da rumori preregistrati. Prendono vita documentari eccezionali come \u201c<strong>La palla \u00e8 rotonda<\/strong>\u201d del 1955 e \u201c<strong>Pedali in vacanza<\/strong>\u201d dell\u2019anno successivo.<br \/>\nIl primo collegamento non sportivo avvenne in \u201c<strong>Ingresso libero<\/strong>\u201d, trasmissione della domenica pomeriggio che spaziava tra eventi di costume e concerti e spettacoli, contribuendo a far diventare Zavoli un eccellente documentarista.<\/p>\n<p>Un cronista della vita, curioso e severo nelle domande e nelle risposte che esigeva, ma mai giudice, mai disposto a infliggere condanne, sempre pronto ad ascoltare, a capire e farsi una propria idea. Riesce, Zavoli, nell\u2019impresa di portare un microfono in un monastero di clausura, e ci\u00f2 gli valse la vittoria del Prix d\u2019Italia nel 1958.<br \/>\nNegli anni cinquanta, assieme a <strong>Nando Martellini<\/strong>, inventa un programma che ancora oggi \u00e8 in auge su radio Rai: \u201d<strong>Domenica Sport<\/strong>\u201d.<\/p>\n<p>Zavoli resta sempre misurato, stimola la discussione, a volte accesa proprio da esso, ma mai un\u2019uscita fuori dai binari. Da un confronto acceso sul doping tra Brera, Fossati e Moretti ha un\u2019idea illuminante nel 1958: creare il Processo alla Tappa per il Giro d\u2019Italia.<br \/>\nLa trasmissione, nata nel 1962, dopo che Zavoli \u00e8 stato regista e voce radiofonica dell\u2019inaugurazione delle Olimpiadi del 1960 (dove la Rai poteva schierare una squadra da sogno del microfono), ha come protagonista campioni e gregari, commentando il dopo gara della corsa rosa, ma non limitandosi solo a questo, narrando le fatiche in diretta dei ciclisti, con la celebre intervista a <strong>Lucillo Lievore<\/strong>, nella 21esima tappa del Giro del 66 a Vittorio Veneto, quando una fuga solitaria narrava le angosce di chi ha paura di esser ripreso prima del traguardo.<\/p>\n<p>\u201c<em>Mi vien da piangere<\/em>\u201d, o \u201c<em>Quanto manca all\u2019arrivo, mi prendono<\/em>\u201d, furono le domande di Lievore a Zavoli che pi\u00f9 volte lo avvicinava con un\u2019autovettura, in fuga con 17 minuti di vantaggio sul gruppo, ignorando per\u00f2 la presenza di Pietro Scandelli che vinse quella tappa, con Lucillo a difendere il secondo posto di giornata con un minuto di vantaggio su Bariviera (In sei anni Lievore non vinse alcuna gara e anzi fu maglia nera nel 67 e 71, ma la sua disavventura fu ispirazione di parodie di Bramieri, Vianello e Tognazzi), creando con quell\u2019azione ciclistica e col talento di Zavoli un documento giornalistico incredibile.<\/p>\n<p>\u201c<em>Si pu\u00f2 e si deve lottare anche per arrivare secondi, terzi, ultimi o fuori tempo massimo. Perch\u00e9 il mondo \u00e8 fatto di gente che sputa sangue tutti i giorni pur di farcela<\/em>\u201d, disse Sergio Zavoli, che sapeva esaltare i Lievore allo stesso modo di Gimondi, Adorni, Zilioni e Motta, o quel matto fenomenale di Vito Taccone, vero one man show, con modi schietti ed espressioni dialettali per infarcire lo spettacolo che veniva creato.<\/p>\n<p>Il 31 maggio 1969 Zavoli <strong>vive il dramma di Eddie Merckx<\/strong>.<br \/>\nIl campione belga vince il 30 maggio la crono Cesenatico-San Marino, \u00e8 in testa alla corsa che due giorni dopo arriva a Savona. Con un vantaggio di 1\u201941\u201d su Gimondi va a dormire tranquillo ma viene trovato positivo e intervistato all\u2019Hotel Excelsior mentre piange in albergo, proclamandosi innocente e scatenando un vero e proprio processo in studio con le eccellenti firme di <strong>Ormezzano<\/strong>, <strong>Brera<\/strong>, <strong>Biagi<\/strong> e <strong>Montanelli<\/strong>.<\/p>\n<p>Il <strong>Processo alla Tappa<\/strong> \u00e8 la prima trasmissione a introdurre una vera e propria rivoluzione tecnologica con moviola, radiotelefono per i collegamenti durante la corsa e telecamere mobili installate sulle Fiat 2300, giocando con le domande colte di Zavoli e le risposte, pi\u00f9 o meno illuminate, dei ciclisti in corsa.<br \/>\nDisse <strong>Coppi<\/strong> a proposito del giornalista di Rimini: \u201c<em>Zavoli \u00e8 un tipo singolare, non so il perch\u00e9, cio\u00e8 lo so e ne sono sbalordito. E\u2019 l\u2019unico cronista che intervistandomi riesce a farmi dire ci\u00f2 che vorrei tenere per me, ma il suo garbo non mi indispone mai<\/em>\u201d.<\/p>\n<p>Quella trasmissione and\u00f2 in onda dal 1962 al 1970, ripresa poi nel 1998 nello spettacolo del Giro di Pantani, ma prima ancora Zavoli fu tra gli ideatori di \u201cTutto il Calcio Minuto per Minuto\u201d, ma non ritenne che il Processo alla Tappa si potesse riproporre col calcio, su suggerimento di Ameri, idea poi raccolta da Aldo Biscardi anni dopo.<br \/>\nLa presidenza della Rai negli anni 80 ripropose la sua meticolosit\u00e0 per ogni parola errata da parte dei cronisti, ma anche fiducia nelle idee, come quella di Massimo De Luca per \u201c<strong>Tuttobasket<\/strong>\u201d.<\/p>\n<p>Zavoli \u00e8 stato voce, cultura e sensibilit\u00e0 in una carriera che \u00e8 stato un continuo reportage intorno all\u2019uomo, oltre 50 anni di domande piene di saggezza, raccontando campioni come Coppi o Pantani, arrivando per\u00f2 anche ai documentari d\u2019inchiesta sul terrorismo, come \u201c<strong>Nascita di una dittatura<\/strong>\u201d oppure \u201c<strong>Notte della Repubblica<\/strong>\u201d, un mix di moderatezza signorile e delicata severit\u00e0, con i consigli da maestro: \u201c<em>Io farei cos\u00ec<\/em>\u201d, che non sfociavano mai sull\u2019imposizione.<\/p>\n<p>Romanista e presidente del Premio Prisco, Zavoli scherzava sul voler premiare giocatori giallorossi, ultimo fra tutti Florenzi e la corsa dalla nonna, pensieri che poi lo facevano sorridere riprendendo a celebrare campioni e gregari come se non ci fossero differenze.<br \/>\nL\u2019ultima lezione del maestro Zavoli nei suoi insegnamenti: \u201c<em>Non ci sono codici scritti, \u00e8 sufficiente rispettare se stessi, la professione, il pubblico: la deontologia \u00e8 questa. Non dire ci\u00f2 che si vede, lascia far alle immagini se non hai cosa aggiungervi di significativo. Non osannare n\u00e9 infierire. Vincitori, prima di tutto, sono la misura, la responsabilit\u00e0 e il sacrificio. Nella vita, se hai le carte in regola, si pu\u00f2 vincere anche arrivando secondi o terzi, persino fuori tempo massimo<\/em>\u201d.<\/p>\n","protected":false},"excerpt":{"rendered":"<p>Spiegare chi fosse Sergio Zavoli con un articolo non \u00e8 cosa semplice. Basti pensare che&#8230;<\/p>\n","protected":false},"author":5,"featured_media":534,"comment_status":"open","ping_status":"closed","sticky":false,"template":"","format":"standard","meta":{"_monsterinsights_skip_tracking":false,"_jetpack_newsletter_access":"","_jetpack_dont_email_post_to_subs":false,"_jetpack_newsletter_tier_id":0,"_jetpack_memberships_contains_paywalled_content":false,"_jetpack_feature_clip_id":0,"_jetpack_memberships_contains_paid_content":false,"footnotes":"","jetpack_publicize_message":"","jetpack_publicize_feature_enabled":true,"jetpack_social_post_already_shared":false,"jetpack_social_options":{"image_generator_settings":{"template":"highway","default_image_id":0,"font":"","enabled":false},"version":2},"jetpack_post_was_ever_published":false},"categories":[5,206,125],"tags":[86,61,85],"class_list":["post-532","post","type-post","status-publish","format-standard","has-post-thumbnail","hentry","category-calcio","category-i-miti-e-le-leggende-del-pallone","category-larcifiori","tag-processo-alla-tappa","tag-tutto-il-calcio-minuto-per-minuto","tag-zavoli"],"aioseo_notices":[],"aioseo_head":"\n\t\t<!-- All in One SEO 5.0.1.1 - aioseo.com -->\n\t<meta name=\"description\" content=\"Spiegare chi fosse Sergio Zavoli con un articolo non \u00e8 cosa semplice. Basti pensare che lui \u00e8 semplicemente definito: \u201cIl miglior giornalista della Rai\u201d, lui che entra nella sede di Via Asiago 10 nel 1947. Nato a Ravenna il 21 settembre 1923, sposato con Rosalba Calderon, Zavoli \u00e8 rimasto vedovo nel 2014, due anni e\" \/>\n\t<meta name=\"robots\" content=\"max-image-preview:large\" \/>\n\t<meta name=\"author\" content=\"Francesco Fiori\"\/>\n\t<link rel=\"canonical\" href=\"https:\/\/ispirazionesportiva.com\/index.php\/2020\/08\/15\/zavoli-lultimo-immortale\/\" \/>\n\t<meta name=\"generator\" content=\"All in One SEO (AIOSEO) 5.0.1.1\" \/>\n\t\t<meta property=\"og:locale\" content=\"it_IT\" \/>\n\t\t<meta property=\"og:site_name\" content=\"IspirazioneSportiva.com - Le storie sportive che emozionano\" \/>\n\t\t<meta property=\"og:type\" content=\"article\" \/>\n\t\t<meta property=\"og:title\" content=\"Zavoli, l\u2019ultimo immortale - IspirazioneSportiva.com\" \/>\n\t\t<meta property=\"og:description\" content=\"Spiegare chi fosse Sergio Zavoli con un articolo non \u00e8 cosa semplice. Basti pensare che lui \u00e8 semplicemente definito: \u201cIl miglior giornalista della Rai\u201d, lui che entra nella sede di Via Asiago 10 nel 1947. Nato a Ravenna il 21 settembre 1923, sposato con Rosalba Calderon, Zavoli \u00e8 rimasto vedovo nel 2014, due anni e\" \/>\n\t\t<meta property=\"og:url\" content=\"https:\/\/ispirazionesportiva.com\/index.php\/2020\/08\/15\/zavoli-lultimo-immortale\/\" \/>\n\t\t<meta property=\"og:image\" content=\"https:\/\/i0.wp.com\/ispirazionesportiva.com\/wp-content\/uploads\/sites\/3\/2020\/09\/cropped-PHOTO-2020-09-16-08-47-03-e1600279086776-1.jpg?fit=500%2C230&#038;ssl=1\" \/>\n\t\t<meta property=\"og:image:secure_url\" content=\"https:\/\/i0.wp.com\/ispirazionesportiva.com\/wp-content\/uploads\/sites\/3\/2020\/09\/cropped-PHOTO-2020-09-16-08-47-03-e1600279086776-1.jpg?fit=500%2C230&#038;ssl=1\" \/>\n\t\t<meta property=\"article:published_time\" content=\"2020-08-15T11:28:26+00:00\" \/>\n\t\t<meta property=\"article:modified_time\" content=\"2026-07-25T20:46:08+00:00\" \/>\n\t\t<meta name=\"twitter:card\" content=\"summary_large_image\" \/>\n\t\t<meta name=\"twitter:title\" content=\"Zavoli, l\u2019ultimo immortale - IspirazioneSportiva.com\" \/>\n\t\t<meta name=\"twitter:description\" content=\"Spiegare chi fosse Sergio Zavoli con un articolo non \u00e8 cosa semplice. Basti pensare che lui \u00e8 semplicemente definito: \u201cIl miglior giornalista della Rai\u201d, lui che entra nella sede di Via Asiago 10 nel 1947. Nato a Ravenna il 21 settembre 1923, sposato con Rosalba Calderon, Zavoli \u00e8 rimasto vedovo nel 2014, due anni e\" \/>\n\t\t<meta name=\"twitter:image\" content=\"https:\/\/i0.wp.com\/ispirazionesportiva.com\/wp-content\/uploads\/sites\/3\/2020\/09\/cropped-PHOTO-2020-09-16-08-47-03-e1600279086776-1.jpg?fit=500%2C230&amp;ssl=1\" \/>\n\t\t<script type=\"application\/ld+json\" class=\"aioseo-schema\">\n\t\t\t{\"@context\":\"https:\\\/\\\/schema.org\",\"@graph\":[{\"@type\":\"BlogPosting\",\"@id\":\"https:\\\/\\\/ispirazionesportiva.com\\\/index.php\\\/2020\\\/08\\\/15\\\/zavoli-lultimo-immortale\\\/#blogposting\",\"name\":\"Zavoli, l\\u2019ultimo immortale - IspirazioneSportiva.com\",\"headline\":\"Zavoli, l&#8217;ultimo immortale\",\"author\":{\"@id\":\"https:\\\/\\\/ispirazionesportiva.com\\\/index.php\\\/author\\\/supermariolemieux\\\/#author\"},\"publisher\":{\"@id\":\"https:\\\/\\\/ispirazionesportiva.com\\\/#organization\"},\"image\":{\"@type\":\"ImageObject\",\"url\":\"https:\\\/\\\/i0.wp.com\\\/ispirazionesportiva.com\\\/wp-content\\\/uploads\\\/sites\\\/3\\\/2020\\\/08\\\/1597479922547.jpg?fit=2048%2C2048&ssl=1\",\"width\":2048,\"height\":2048},\"datePublished\":\"2020-08-15T13:28:26+02:00\",\"dateModified\":\"2026-07-25T22:46:08+02:00\",\"inLanguage\":\"it-IT\",\"mainEntityOfPage\":{\"@id\":\"https:\\\/\\\/ispirazionesportiva.com\\\/index.php\\\/2020\\\/08\\\/15\\\/zavoli-lultimo-immortale\\\/#webpage\"},\"isPartOf\":{\"@id\":\"https:\\\/\\\/ispirazionesportiva.com\\\/index.php\\\/2020\\\/08\\\/15\\\/zavoli-lultimo-immortale\\\/#webpage\"},\"articleSection\":\"Calcio, I miti e le leggende del pallone, L'ArciFiori, Processo alla Tappa, Tutto Il Calcio Minuto Per Minuto, Zavoli\"},{\"@type\":\"BreadcrumbList\",\"@id\":\"https:\\\/\\\/ispirazionesportiva.com\\\/index.php\\\/2020\\\/08\\\/15\\\/zavoli-lultimo-immortale\\\/#breadcrumblist\",\"itemListElement\":[{\"@type\":\"ListItem\",\"@id\":\"https:\\\/\\\/ispirazionesportiva.com#listItem\",\"position\":1,\"name\":\"Home\",\"item\":\"https:\\\/\\\/ispirazionesportiva.com\",\"nextItem\":{\"@type\":\"ListItem\",\"@id\":\"https:\\\/\\\/ispirazionesportiva.com\\\/index.php\\\/category\\\/calcio\\\/#listItem\",\"name\":\"Calcio\"}},{\"@type\":\"ListItem\",\"@id\":\"https:\\\/\\\/ispirazionesportiva.com\\\/index.php\\\/category\\\/calcio\\\/#listItem\",\"position\":2,\"name\":\"Calcio\",\"item\":\"https:\\\/\\\/ispirazionesportiva.com\\\/index.php\\\/category\\\/calcio\\\/\",\"nextItem\":{\"@type\":\"ListItem\",\"@id\":\"https:\\\/\\\/ispirazionesportiva.com\\\/index.php\\\/category\\\/calcio\\\/i-miti-e-le-leggende-del-pallone\\\/#listItem\",\"name\":\"I miti e le leggende del pallone\"},\"previousItem\":{\"@type\":\"ListItem\",\"@id\":\"https:\\\/\\\/ispirazionesportiva.com#listItem\",\"name\":\"Home\"}},{\"@type\":\"ListItem\",\"@id\":\"https:\\\/\\\/ispirazionesportiva.com\\\/index.php\\\/category\\\/calcio\\\/i-miti-e-le-leggende-del-pallone\\\/#listItem\",\"position\":3,\"name\":\"I miti e le leggende del pallone\",\"item\":\"https:\\\/\\\/ispirazionesportiva.com\\\/index.php\\\/category\\\/calcio\\\/i-miti-e-le-leggende-del-pallone\\\/\",\"nextItem\":{\"@type\":\"ListItem\",\"@id\":\"https:\\\/\\\/ispirazionesportiva.com\\\/index.php\\\/2020\\\/08\\\/15\\\/zavoli-lultimo-immortale\\\/#listItem\",\"name\":\"Zavoli, l&#8217;ultimo immortale\"},\"previousItem\":{\"@type\":\"ListItem\",\"@id\":\"https:\\\/\\\/ispirazionesportiva.com\\\/index.php\\\/category\\\/calcio\\\/#listItem\",\"name\":\"Calcio\"}},{\"@type\":\"ListItem\",\"@id\":\"https:\\\/\\\/ispirazionesportiva.com\\\/index.php\\\/2020\\\/08\\\/15\\\/zavoli-lultimo-immortale\\\/#listItem\",\"position\":4,\"name\":\"Zavoli, l&#8217;ultimo immortale\",\"previousItem\":{\"@type\":\"ListItem\",\"@id\":\"https:\\\/\\\/ispirazionesportiva.com\\\/index.php\\\/category\\\/calcio\\\/i-miti-e-le-leggende-del-pallone\\\/#listItem\",\"name\":\"I miti e le leggende del pallone\"}}]},{\"@type\":\"Organization\",\"@id\":\"https:\\\/\\\/ispirazionesportiva.com\\\/#organization\",\"name\":\"IspirazioneSportiva.com\",\"description\":\"Le storie sportive che emozionano\",\"url\":\"https:\\\/\\\/ispirazionesportiva.com\\\/\",\"logo\":{\"@type\":\"ImageObject\",\"url\":\"https:\\\/\\\/i0.wp.com\\\/ispirazionesportiva.com\\\/wp-content\\\/uploads\\\/sites\\\/3\\\/2020\\\/09\\\/cropped-PHOTO-2020-09-16-08-47-03-e1600279086776-1.jpg?fit=500%2C230&ssl=1\",\"@id\":\"https:\\\/\\\/ispirazionesportiva.com\\\/index.php\\\/2020\\\/08\\\/15\\\/zavoli-lultimo-immortale\\\/#organizationLogo\",\"width\":500,\"height\":230},\"image\":{\"@id\":\"https:\\\/\\\/ispirazionesportiva.com\\\/index.php\\\/2020\\\/08\\\/15\\\/zavoli-lultimo-immortale\\\/#organizationLogo\"}},{\"@type\":\"Person\",\"@id\":\"https:\\\/\\\/ispirazionesportiva.com\\\/index.php\\\/author\\\/supermariolemieux\\\/#author\",\"url\":\"https:\\\/\\\/ispirazionesportiva.com\\\/index.php\\\/author\\\/supermariolemieux\\\/\",\"name\":\"Francesco Fiori\",\"image\":{\"@type\":\"ImageObject\",\"@id\":\"https:\\\/\\\/ispirazionesportiva.com\\\/index.php\\\/2020\\\/08\\\/15\\\/zavoli-lultimo-immortale\\\/#authorImage\",\"url\":\"https:\\\/\\\/secure.gravatar.com\\\/avatar\\\/beff881b593f312e866653a8c45295843e00b61ce1984ceaacd4e1709e4c1b57?s=96&d=mm&r=g\",\"width\":96,\"height\":96,\"caption\":\"Francesco Fiori\"}},{\"@type\":\"WebPage\",\"@id\":\"https:\\\/\\\/ispirazionesportiva.com\\\/index.php\\\/2020\\\/08\\\/15\\\/zavoli-lultimo-immortale\\\/#webpage\",\"url\":\"https:\\\/\\\/ispirazionesportiva.com\\\/index.php\\\/2020\\\/08\\\/15\\\/zavoli-lultimo-immortale\\\/\",\"name\":\"Zavoli, l\\u2019ultimo immortale - IspirazioneSportiva.com\",\"description\":\"Spiegare chi fosse Sergio Zavoli con un articolo non \\u00e8 cosa semplice. Basti pensare che lui \\u00e8 semplicemente definito: \\u201cIl miglior giornalista della Rai\\u201d, lui che entra nella sede di Via Asiago 10 nel 1947. Nato a Ravenna il 21 settembre 1923, sposato con Rosalba Calderon, Zavoli \\u00e8 rimasto vedovo nel 2014, due anni e\",\"inLanguage\":\"it-IT\",\"isPartOf\":{\"@id\":\"https:\\\/\\\/ispirazionesportiva.com\\\/#website\"},\"breadcrumb\":{\"@id\":\"https:\\\/\\\/ispirazionesportiva.com\\\/index.php\\\/2020\\\/08\\\/15\\\/zavoli-lultimo-immortale\\\/#breadcrumblist\"},\"author\":{\"@id\":\"https:\\\/\\\/ispirazionesportiva.com\\\/index.php\\\/author\\\/supermariolemieux\\\/#author\"},\"creator\":{\"@id\":\"https:\\\/\\\/ispirazionesportiva.com\\\/index.php\\\/author\\\/supermariolemieux\\\/#author\"},\"image\":{\"@type\":\"ImageObject\",\"url\":\"https:\\\/\\\/i0.wp.com\\\/ispirazionesportiva.com\\\/wp-content\\\/uploads\\\/sites\\\/3\\\/2020\\\/08\\\/1597479922547.jpg?fit=2048%2C2048&ssl=1\",\"@id\":\"https:\\\/\\\/ispirazionesportiva.com\\\/index.php\\\/2020\\\/08\\\/15\\\/zavoli-lultimo-immortale\\\/#mainImage\",\"width\":2048,\"height\":2048},\"primaryImageOfPage\":{\"@id\":\"https:\\\/\\\/ispirazionesportiva.com\\\/index.php\\\/2020\\\/08\\\/15\\\/zavoli-lultimo-immortale\\\/#mainImage\"},\"datePublished\":\"2020-08-15T13:28:26+02:00\",\"dateModified\":\"2026-07-25T22:46:08+02:00\"},{\"@type\":\"WebSite\",\"@id\":\"https:\\\/\\\/ispirazionesportiva.com\\\/#website\",\"url\":\"https:\\\/\\\/ispirazionesportiva.com\\\/\",\"name\":\"IspirazioneSportiva.com\",\"description\":\"Le storie sportive che emozionano\",\"inLanguage\":\"it-IT\",\"publisher\":{\"@id\":\"https:\\\/\\\/ispirazionesportiva.com\\\/#organization\"}}]}\n\t\t<\/script>\n\t\t<!-- All in One SEO -->\n\n","aioseo_head_json":{"title":"Zavoli, l\u2019ultimo immortale - IspirazioneSportiva.com","description":"Spiegare chi fosse Sergio Zavoli con un articolo non \u00e8 cosa semplice. Basti pensare che lui \u00e8 semplicemente definito: \u201cIl miglior giornalista della Rai\u201d, lui che entra nella sede di Via Asiago 10 nel 1947. Nato a Ravenna il 21 settembre 1923, sposato con Rosalba Calderon, Zavoli \u00e8 rimasto vedovo nel 2014, due anni e","canonical_url":"https:\/\/ispirazionesportiva.com\/index.php\/2020\/08\/15\/zavoli-lultimo-immortale\/","robots":"max-image-preview:large","keywords":"","webmasterTools":{"miscellaneous":""},"schema":{"@context":"https:\/\/schema.org","@graph":[{"@type":"BlogPosting","@id":"https:\/\/ispirazionesportiva.com\/index.php\/2020\/08\/15\/zavoli-lultimo-immortale\/#blogposting","name":"Zavoli, l\u2019ultimo immortale - IspirazioneSportiva.com","headline":"Zavoli, l&#8217;ultimo immortale","author":{"@id":"https:\/\/ispirazionesportiva.com\/index.php\/author\/supermariolemieux\/#author"},"publisher":{"@id":"https:\/\/ispirazionesportiva.com\/#organization"},"image":{"@type":"ImageObject","url":"https:\/\/i0.wp.com\/ispirazionesportiva.com\/wp-content\/uploads\/sites\/3\/2020\/08\/1597479922547.jpg?fit=2048%2C2048&ssl=1","width":2048,"height":2048},"datePublished":"2020-08-15T13:28:26+02:00","dateModified":"2026-07-25T22:46:08+02:00","inLanguage":"it-IT","mainEntityOfPage":{"@id":"https:\/\/ispirazionesportiva.com\/index.php\/2020\/08\/15\/zavoli-lultimo-immortale\/#webpage"},"isPartOf":{"@id":"https:\/\/ispirazionesportiva.com\/index.php\/2020\/08\/15\/zavoli-lultimo-immortale\/#webpage"},"articleSection":"Calcio, I miti e le leggende del pallone, L'ArciFiori, Processo alla Tappa, Tutto Il Calcio Minuto Per Minuto, Zavoli"},{"@type":"BreadcrumbList","@id":"https:\/\/ispirazionesportiva.com\/index.php\/2020\/08\/15\/zavoli-lultimo-immortale\/#breadcrumblist","itemListElement":[{"@type":"ListItem","@id":"https:\/\/ispirazionesportiva.com#listItem","position":1,"name":"Home","item":"https:\/\/ispirazionesportiva.com","nextItem":{"@type":"ListItem","@id":"https:\/\/ispirazionesportiva.com\/index.php\/category\/calcio\/#listItem","name":"Calcio"}},{"@type":"ListItem","@id":"https:\/\/ispirazionesportiva.com\/index.php\/category\/calcio\/#listItem","position":2,"name":"Calcio","item":"https:\/\/ispirazionesportiva.com\/index.php\/category\/calcio\/","nextItem":{"@type":"ListItem","@id":"https:\/\/ispirazionesportiva.com\/index.php\/category\/calcio\/i-miti-e-le-leggende-del-pallone\/#listItem","name":"I miti e le leggende del pallone"},"previousItem":{"@type":"ListItem","@id":"https:\/\/ispirazionesportiva.com#listItem","name":"Home"}},{"@type":"ListItem","@id":"https:\/\/ispirazionesportiva.com\/index.php\/category\/calcio\/i-miti-e-le-leggende-del-pallone\/#listItem","position":3,"name":"I miti e le leggende del pallone","item":"https:\/\/ispirazionesportiva.com\/index.php\/category\/calcio\/i-miti-e-le-leggende-del-pallone\/","nextItem":{"@type":"ListItem","@id":"https:\/\/ispirazionesportiva.com\/index.php\/2020\/08\/15\/zavoli-lultimo-immortale\/#listItem","name":"Zavoli, l&#8217;ultimo immortale"},"previousItem":{"@type":"ListItem","@id":"https:\/\/ispirazionesportiva.com\/index.php\/category\/calcio\/#listItem","name":"Calcio"}},{"@type":"ListItem","@id":"https:\/\/ispirazionesportiva.com\/index.php\/2020\/08\/15\/zavoli-lultimo-immortale\/#listItem","position":4,"name":"Zavoli, l&#8217;ultimo immortale","previousItem":{"@type":"ListItem","@id":"https:\/\/ispirazionesportiva.com\/index.php\/category\/calcio\/i-miti-e-le-leggende-del-pallone\/#listItem","name":"I miti e le leggende del pallone"}}]},{"@type":"Organization","@id":"https:\/\/ispirazionesportiva.com\/#organization","name":"IspirazioneSportiva.com","description":"Le storie sportive che emozionano","url":"https:\/\/ispirazionesportiva.com\/","logo":{"@type":"ImageObject","url":"https:\/\/i0.wp.com\/ispirazionesportiva.com\/wp-content\/uploads\/sites\/3\/2020\/09\/cropped-PHOTO-2020-09-16-08-47-03-e1600279086776-1.jpg?fit=500%2C230&ssl=1","@id":"https:\/\/ispirazionesportiva.com\/index.php\/2020\/08\/15\/zavoli-lultimo-immortale\/#organizationLogo","width":500,"height":230},"image":{"@id":"https:\/\/ispirazionesportiva.com\/index.php\/2020\/08\/15\/zavoli-lultimo-immortale\/#organizationLogo"}},{"@type":"Person","@id":"https:\/\/ispirazionesportiva.com\/index.php\/author\/supermariolemieux\/#author","url":"https:\/\/ispirazionesportiva.com\/index.php\/author\/supermariolemieux\/","name":"Francesco Fiori","image":{"@type":"ImageObject","@id":"https:\/\/ispirazionesportiva.com\/index.php\/2020\/08\/15\/zavoli-lultimo-immortale\/#authorImage","url":"https:\/\/secure.gravatar.com\/avatar\/beff881b593f312e866653a8c45295843e00b61ce1984ceaacd4e1709e4c1b57?s=96&d=mm&r=g","width":96,"height":96,"caption":"Francesco Fiori"}},{"@type":"WebPage","@id":"https:\/\/ispirazionesportiva.com\/index.php\/2020\/08\/15\/zavoli-lultimo-immortale\/#webpage","url":"https:\/\/ispirazionesportiva.com\/index.php\/2020\/08\/15\/zavoli-lultimo-immortale\/","name":"Zavoli, l\u2019ultimo immortale - IspirazioneSportiva.com","description":"Spiegare chi fosse Sergio Zavoli con un articolo non \u00e8 cosa semplice. Basti pensare che lui \u00e8 semplicemente definito: \u201cIl miglior giornalista della Rai\u201d, lui che entra nella sede di Via Asiago 10 nel 1947. Nato a Ravenna il 21 settembre 1923, sposato con Rosalba Calderon, Zavoli \u00e8 rimasto vedovo nel 2014, due anni e","inLanguage":"it-IT","isPartOf":{"@id":"https:\/\/ispirazionesportiva.com\/#website"},"breadcrumb":{"@id":"https:\/\/ispirazionesportiva.com\/index.php\/2020\/08\/15\/zavoli-lultimo-immortale\/#breadcrumblist"},"author":{"@id":"https:\/\/ispirazionesportiva.com\/index.php\/author\/supermariolemieux\/#author"},"creator":{"@id":"https:\/\/ispirazionesportiva.com\/index.php\/author\/supermariolemieux\/#author"},"image":{"@type":"ImageObject","url":"https:\/\/i0.wp.com\/ispirazionesportiva.com\/wp-content\/uploads\/sites\/3\/2020\/08\/1597479922547.jpg?fit=2048%2C2048&ssl=1","@id":"https:\/\/ispirazionesportiva.com\/index.php\/2020\/08\/15\/zavoli-lultimo-immortale\/#mainImage","width":2048,"height":2048},"primaryImageOfPage":{"@id":"https:\/\/ispirazionesportiva.com\/index.php\/2020\/08\/15\/zavoli-lultimo-immortale\/#mainImage"},"datePublished":"2020-08-15T13:28:26+02:00","dateModified":"2026-07-25T22:46:08+02:00"},{"@type":"WebSite","@id":"https:\/\/ispirazionesportiva.com\/#website","url":"https:\/\/ispirazionesportiva.com\/","name":"IspirazioneSportiva.com","description":"Le storie sportive che emozionano","inLanguage":"it-IT","publisher":{"@id":"https:\/\/ispirazionesportiva.com\/#organization"}}]},"og:locale":"it_IT","og:site_name":"IspirazioneSportiva.com - Le storie sportive che emozionano","og:type":"article","og:title":"Zavoli, l\u2019ultimo immortale - IspirazioneSportiva.com","og:description":"Spiegare chi fosse Sergio Zavoli con un articolo non \u00e8 cosa semplice. Basti pensare che lui \u00e8 semplicemente definito: \u201cIl miglior giornalista della Rai\u201d, lui che entra nella sede di Via Asiago 10 nel 1947. Nato a Ravenna il 21 settembre 1923, sposato con Rosalba Calderon, Zavoli \u00e8 rimasto vedovo nel 2014, due anni e","og:url":"https:\/\/ispirazionesportiva.com\/index.php\/2020\/08\/15\/zavoli-lultimo-immortale\/","og:image":"https:\/\/i0.wp.com\/ispirazionesportiva.com\/wp-content\/uploads\/sites\/3\/2020\/09\/cropped-PHOTO-2020-09-16-08-47-03-e1600279086776-1.jpg?fit=500%2C230&#038;ssl=1","og:image:secure_url":"https:\/\/i0.wp.com\/ispirazionesportiva.com\/wp-content\/uploads\/sites\/3\/2020\/09\/cropped-PHOTO-2020-09-16-08-47-03-e1600279086776-1.jpg?fit=500%2C230&#038;ssl=1","article:published_time":"2020-08-15T11:28:26+00:00","article:modified_time":"2026-07-25T20:46:08+00:00","twitter:card":"summary_large_image","twitter:title":"Zavoli, l\u2019ultimo immortale - IspirazioneSportiva.com","twitter:description":"Spiegare chi fosse Sergio Zavoli con un articolo non \u00e8 cosa semplice. Basti pensare che lui \u00e8 semplicemente definito: \u201cIl miglior giornalista della Rai\u201d, lui che entra nella sede di Via Asiago 10 nel 1947. Nato a Ravenna il 21 settembre 1923, sposato con Rosalba Calderon, Zavoli \u00e8 rimasto vedovo nel 2014, due anni e","twitter:image":"https:\/\/i0.wp.com\/ispirazionesportiva.com\/wp-content\/uploads\/sites\/3\/2020\/09\/cropped-PHOTO-2020-09-16-08-47-03-e1600279086776-1.jpg?fit=500%2C230&ssl=1"},"aioseo_meta_data":{"post_id":"532","title":null,"description":null,"keywords":null,"keyphrases":null,"primary_term":null,"canonical_url":null,"og_title":null,"og_description":null,"og_object_type":"default","og_image_type":"default","og_image_custom_url":null,"og_image_custom_fields":null,"og_image_url":null,"og_image_width":null,"og_image_height":null,"og_video":null,"og_custom_url":null,"og_article_section":null,"og_article_tags":null,"twitter_use_og":false,"twitter_card":"default","twitter_image_type":"default","twitter_image_custom_url":null,"twitter_image_custom_fields":null,"twitter_image_url":null,"twitter_title":null,"twitter_description":null,"schema_type":"default","schema_type_options":null,"schema":{"blockGraphs":[],"customGraphs":[],"default":{"data":{"Article":[],"Course":[],"Dataset":[],"FAQPage":[],"Movie":[],"Person":[],"Product":[],"ProductReview":[],"Car":[],"Recipe":[],"Service":[],"SoftwareApplication":[],"WebPage":[]},"graphName":"","isEnabled":true},"graphs":[]},"pillar_content":false,"robots_default":true,"robots_noindex":false,"robots_noarchive":false,"robots_nosnippet":false,"robots_nofollow":false,"robots_noimageindex":false,"robots_noodp":false,"robots_notranslate":false,"robots_max_snippet":null,"robots_max_videopreview":null,"robots_max_imagepreview":"large","priority":null,"frequency":null,"local_seo":null,"limit_modified_date":false,"ai":null,"breadcrumb_settings":null,"seo_analyzer_scan_date":null,"created":"2026-07-23 16:19:49","updated":"2026-07-26 09:37:07","focus_keyword":null,"additional_keywords":null,"truseo_locale":null},"aioseo_breadcrumb":"<div class=\"aioseo-breadcrumbs\"><span class=\"aioseo-breadcrumb\">\n\t\t\t<a href=\"https:\/\/ispirazionesportiva.com\" title=\"Home\">Home<\/a>\n\t\t<\/span><span class=\"aioseo-breadcrumb-separator\">&raquo;<\/span><span class=\"aioseo-breadcrumb\">\n\t\t\t<a href=\"https:\/\/ispirazionesportiva.com\/index.php\/category\/calcio\/\" title=\"Calcio\">Calcio<\/a>\n\t\t<\/span><span class=\"aioseo-breadcrumb-separator\">&raquo;<\/span><span class=\"aioseo-breadcrumb\">\n\t\t\t<a href=\"https:\/\/ispirazionesportiva.com\/index.php\/category\/calcio\/i-miti-e-le-leggende-del-pallone\/\" title=\"I miti e le leggende del pallone\">I miti e le leggende del pallone<\/a>\n\t\t<\/span><span class=\"aioseo-breadcrumb-separator\">&raquo;<\/span><span class=\"aioseo-breadcrumb\">\n\t\t\tZavoli, l\u2019ultimo immortale\n\t\t<\/span><\/div>","aioseo_breadcrumb_json":[{"label":"Home","link":"https:\/\/ispirazionesportiva.com"},{"label":"Calcio","link":"https:\/\/ispirazionesportiva.com\/index.php\/category\/calcio\/"},{"label":"I miti e le leggende del pallone","link":"https:\/\/ispirazionesportiva.com\/index.php\/category\/calcio\/i-miti-e-le-leggende-del-pallone\/"},{"label":"Zavoli, l&#8217;ultimo immortale","link":"https:\/\/ispirazionesportiva.com\/index.php\/2020\/08\/15\/zavoli-lultimo-immortale\/"}],"jetpack_publicize_connections":[],"jetpack_sharing_enabled":true,"jetpack_likes_enabled":true,"amp_enabled":true,"jetpack_featured_media_url":"https:\/\/i0.wp.com\/ispirazionesportiva.com\/wp-content\/uploads\/sites\/3\/2020\/08\/1597479922547.jpg?fit=2048%2C2048&ssl=1","_links":{"self":[{"href":"https:\/\/ispirazionesportiva.com\/index.php\/wp-json\/wp\/v2\/posts\/532","targetHints":{"allow":["GET"]}}],"collection":[{"href":"https:\/\/ispirazionesportiva.com\/index.php\/wp-json\/wp\/v2\/posts"}],"about":[{"href":"https:\/\/ispirazionesportiva.com\/index.php\/wp-json\/wp\/v2\/types\/post"}],"author":[{"embeddable":true,"href":"https:\/\/ispirazionesportiva.com\/index.php\/wp-json\/wp\/v2\/users\/5"}],"replies":[{"embeddable":true,"href":"https:\/\/ispirazionesportiva.com\/index.php\/wp-json\/wp\/v2\/comments?post=532"}],"version-history":[{"count":2,"href":"https:\/\/ispirazionesportiva.com\/index.php\/wp-json\/wp\/v2\/posts\/532\/revisions"}],"predecessor-version":[{"id":535,"href":"https:\/\/ispirazionesportiva.com\/index.php\/wp-json\/wp\/v2\/posts\/532\/revisions\/535"}],"wp:featuredmedia":[{"embeddable":true,"href":"https:\/\/ispirazionesportiva.com\/index.php\/wp-json\/wp\/v2\/media\/534"}],"wp:attachment":[{"href":"https:\/\/ispirazionesportiva.com\/index.php\/wp-json\/wp\/v2\/media?parent=532"}],"wp:term":[{"taxonomy":"category","embeddable":true,"href":"https:\/\/ispirazionesportiva.com\/index.php\/wp-json\/wp\/v2\/categories?post=532"},{"taxonomy":"post_tag","embeddable":true,"href":"https:\/\/ispirazionesportiva.com\/index.php\/wp-json\/wp\/v2\/tags?post=532"}],"curies":[{"name":"wp","href":"https:\/\/api.w.org\/{rel}","templated":true}]}}