{"id":528,"date":"2020-08-15T14:30:07","date_gmt":"2020-08-15T12:30:07","guid":{"rendered":"https:\/\/ispirazionesportiva.com\/?p=528"},"modified":"2026-07-25T22:46:06","modified_gmt":"2026-07-25T20:46:06","slug":"svegliami-quando-scatta-pantani","status":"publish","type":"post","link":"https:\/\/ispirazionesportiva.com\/index.php\/2020\/08\/15\/svegliami-quando-scatta-pantani\/","title":{"rendered":"Svegliami quando scatta Pantani"},"content":{"rendered":"<p>Tra padre e figlio, un unico eroe in comune, da cui sempre si attendeva uno scatto.<\/p>\n<p>&#8220;<em>Svegliami quando scatta Pantani<\/em>&#8220;, pu\u00f2 sembrare una frase banale invece me la ripeteva spesso mio padre e ora che ci penso racchiude la certezza in uno sport durissmo:\u00a0<strong>lo scatto del Pirata<\/strong>. A pensarci bene nessun atleta ha mai regalato una certezza al proprio sport.\u00a0<strong>Ronaldo<\/strong>\u00a0non pu\u00f2 prevedere un gol,\u00a0<strong>Hamilton\u00a0<\/strong>non pu\u00f2 sapere che vincer\u00e0 sempre&#8230;e cos\u00ec via,\u00a0<strong>tranne Pantani, Pantani davanti ad una salita scatta ed \u00e8 spettacolare<\/strong>.<\/p>\n<div id=\"oas_Middle1\" class=\"active-M1\"><\/div>\n<p>&#8220;<em>Non ho bisogno di doping ma di salite<\/em>&#8221; diceva il povero Marco, oggi emblema dei &#8220;cattivi&#8221;, del doping, della droga, lui che viene ricordato per come ha finito la sua vita senza per\u00f2 ragionare su cosa l&#8217;ha portato a quel tragico\u00a0<strong>14 febbraio 2004<\/strong>. Altro che San Valentino, il 14 febbraio io\u00a0<strong>chiudo gli occhi e sento la splendida voce di De Zan che dice<\/strong>\u00a0&#8220;<em>Ecco che il nostro eroe si toglie la bandana, scatta Pantani, il Pirata<\/em>&#8220;, mi volto per svegliare mio padre ma poi apro gli occhi e ricordo che anche lui \u00e8 lass\u00f9 nel cielo a vedere cosa combina Marco, che non fa il pescatore come pensano gli amici,\u00a0<strong>ma getta la bandana tra Coppi e Bartali e se ne va in salita<\/strong>.<\/p>\n<p>Le salite verso il cielo sono iniziate a Madonna di Campiglio,\u00a0<strong>quel 5 giugno 1999\u00a0<\/strong>dove il Re del ciclismo doveva essere punito e detronizzato. Una provetta irregolare e subito l&#8217;etichetta del dopato, dimenticando che Marco \u00e8 squalificato solo per 15 giorni a &#8220;tutela della sua salute&#8221;.\u00a0<strong><em>Tutela della sua Salute?<\/em><\/strong>\u00a0E&#8217; l&#8217;inizio della fine, lo sport che tanto ha amato lo tradisce, lo sopprime, lo giudica e lo condanna ogni qualvolta il Pirata alza la testa. Provateci voi ad amare alla follia qualcosa e poi venir traditi dallo stesso amore. Provate voi a salire sulla bici quando la testa non ne vuol sapere e il cuore \u00e8 a pezzi.<\/p>\n<p>In quanti ci hanno marciato sul cadavere del Pirata dal 1999 al 2004, ma anche in quanti hanno pianto in quella maledetta caduta sul\u00a0<strong>Sampeyre<\/strong>, era il 2003 e Marco trov\u00f2 una discesa ghiacciata che lo mise quasi ko con Garzelli.\u00a0<strong>Era il 29 maggio, un giorno prima del mio compleanno. Nessun regalo?\u00a0<\/strong>Mi aveva gi\u00e0 regalato compleanni magnifici il mio Pirata, nel 1998 vince a Piancavallo, preludio della Rosa che arriver\u00e0 3 giorni dopo a Selva di Val Gardena, poi nel 1999, beh, dico solo Oropa, l&#8217;impresa pi\u00f9 bella al Giro, quando umilia i rivali, prima di essere calpestato a Campiglio.<\/p>\n<p>&#8220;<em>I miei tifosi dormono sulle strade del Giro per vedermi passare, il minimo che posso fare \u00e8 attaccare e farmi vedere per primo<\/em>.\u00a0<em>Svegliami quando scatta Pantani<\/em>&#8220;, perch\u00e9 la tappa \u00e8 in salita e il Pirata c&#8217;\u00e8, sta controllando il gruppo, si \u00e8 tolto la bandana, ecco che accelera, li sta staccando tutti, si arriva alle\u00a0<strong>Cascate del Toce\u00a0<\/strong>e lui prova una, due, cinque volte, stoppato sempre da chi ha umiliato anni prima, non vince, non li stacca, ma attacca, il mio Pirata attacca!<\/p>\n<p><em><strong>Che spettacolo.\u00a0\u00a0<\/strong><\/em>Il ciclismo dell&#8217;epoca d&#8217;oro per gli ascolti tv, uno sport che tra il 98 e 99 \u00e8 superiore al calcio, solo e semplicemente perch\u00e9 Pantani \u00e8 il fantasista del Giro e del Tour, uno che di botto t&#8217;infiamma la corsa, uno che ha uno sguardo perennemente triste, quasi a sapere che non vivr\u00e0 a lungo.<\/p>\n<p><strong><em>E poi la fine.\u00a0<\/em><\/strong>Solo, quasi fosse abbandonato da tutti, in un maledetto tunnel di depressione che solo la droga pu\u00f2 lenire. Abbandonato a quei sogni in cui sa che in salita non riuscir\u00e0 a scattare, lui che \u00e8 il figlio prediletto della montagna pur arrivando dal mare di Cesenatico, coccolato da\u00a0<strong>mamma Tonina\u00a0<\/strong>che ha donato a Marco un cuore immenso e che oggi \u00e8 diventata &#8220;<em>La nostra Pirata<\/em>&#8221; di tutti quei tifosi che rivedono in lei gli occhi e la grinta del figlio.<\/p>\n<p><strong><em>Non \u00e8 facile scrivere di Pantani, la paura di scrivere cose banali la fa sempre da padrone.\u00a0<\/em><\/strong>Eppure ogni 14 febbraio sembra tutto sia gi\u00e0 deciso. Il sole che splende lass\u00f9 a far da cornice alle nuvole che si incontrano nell&#8217;alta montagna, l&#8217;aria di chi attende uno scatto del Pirata, pronto a svegliare tutti, da angeli a diavoli, perch\u00e9 quando scatta Pantani tutto \u00e8 pi\u00f9 bello.\u00a0<strong><em>Ciao mio Pirata.<\/em><\/strong><\/p>\n<p>Francesco Fiori<\/p>\n<p>Fonte:Gazzetta Fan News<\/p>\n<h4><span style=\"color: #ffff00;\"><em>Seguici con un mi piace sulla nostra pagina <a href=\"https:\/\/www.facebook.com\/Ispirazionesportivacom-105768114468163\">facebook<\/a>:\u00a0<\/em><\/span><\/h4>\n<p><span style=\"color: #ff99cc;\">https:\/\/www.facebook.com\/Ispirazionesportivacom-105768114468163<\/span><\/p>\n<p><img data-recalc-dims=\"1\" loading=\"lazy\" decoding=\"async\" class=\" size-full wp-image-529 aligncenter\" src=\"https:\/\/i0.wp.com\/ispirazionesportiva.com\/wp-content\/uploads\/2020\/08\/pantan.jpg?resize=275%2C183&#038;ssl=1\" alt=\"pantan\" width=\"275\" height=\"183\" \/><\/p>\n","protected":false},"excerpt":{"rendered":"<p>Tra padre e figlio, un unico eroe in comune, da cui sempre si attendeva uno&#8230;<\/p>\n","protected":false},"author":5,"featured_media":530,"comment_status":"closed","ping_status":"closed","sticky":false,"template":"","format":"standard","meta":{"_monsterinsights_skip_tracking":false,"_jetpack_newsletter_access":"","_jetpack_dont_email_post_to_subs":false,"_jetpack_newsletter_tier_id":0,"_jetpack_memberships_contains_paywalled_content":false,"_jetpack_feature_clip_id":0,"_jetpack_memberships_contains_paid_content":false,"footnotes":"","jetpack_publicize_message":"","jetpack_publicize_feature_enabled":true,"jetpack_social_post_already_shared":false,"jetpack_social_options":{"image_generator_settings":{"template":"highway","default_image_id":0,"font":"","enabled":false},"version":2},"jetpack_post_was_ever_published":false},"categories":[6,11],"tags":[46],"class_list":["post-528","post","type-post","status-publish","format-standard","has-post-thumbnail","hentry","category-ciclismo","category-mi-alzo-sui-pedali","tag-pantani"],"aioseo_notices":[],"aioseo_head":"\n\t\t<!-- All in One SEO 5.0.1.1 - aioseo.com -->\n\t<meta name=\"description\" content=\"Tra padre e figlio, un unico eroe in comune, da cui sempre si attendeva uno scatto. &quot;Svegliami quando scatta Pantani&quot;, pu\u00f2 sembrare una frase banale invece me la ripeteva spesso mio padre e ora che ci penso racchiude la certezza in uno sport durissmo: lo scatto del Pirata. A pensarci bene nessun atleta ha mai regalato\" \/>\n\t<meta name=\"robots\" content=\"max-image-preview:large\" \/>\n\t<meta name=\"author\" content=\"Francesco Fiori\"\/>\n\t<link rel=\"canonical\" href=\"https:\/\/ispirazionesportiva.com\/index.php\/2020\/08\/15\/svegliami-quando-scatta-pantani\/\" \/>\n\t<meta name=\"generator\" content=\"All in One SEO (AIOSEO) 5.0.1.1\" \/>\n\t\t<meta property=\"og:locale\" content=\"it_IT\" \/>\n\t\t<meta property=\"og:site_name\" content=\"IspirazioneSportiva.com - Le storie sportive che emozionano\" \/>\n\t\t<meta property=\"og:type\" content=\"article\" \/>\n\t\t<meta property=\"og:title\" content=\"Svegliami quando scatta Pantani - IspirazioneSportiva.com\" \/>\n\t\t<meta property=\"og:description\" content=\"Tra padre e figlio, un unico eroe in comune, da cui sempre si attendeva uno scatto. &quot;Svegliami quando scatta Pantani&quot;, pu\u00f2 sembrare una frase banale invece me la ripeteva spesso mio padre e ora che ci penso racchiude la certezza in uno sport durissmo: lo scatto del Pirata. A pensarci bene nessun atleta ha mai regalato\" \/>\n\t\t<meta property=\"og:url\" content=\"https:\/\/ispirazionesportiva.com\/index.php\/2020\/08\/15\/svegliami-quando-scatta-pantani\/\" \/>\n\t\t<meta property=\"og:image\" content=\"https:\/\/i0.wp.com\/ispirazionesportiva.com\/wp-content\/uploads\/sites\/3\/2020\/09\/cropped-PHOTO-2020-09-16-08-47-03-e1600279086776-1.jpg?fit=500%2C230&#038;ssl=1\" \/>\n\t\t<meta property=\"og:image:secure_url\" content=\"https:\/\/i0.wp.com\/ispirazionesportiva.com\/wp-content\/uploads\/sites\/3\/2020\/09\/cropped-PHOTO-2020-09-16-08-47-03-e1600279086776-1.jpg?fit=500%2C230&#038;ssl=1\" \/>\n\t\t<meta property=\"article:published_time\" content=\"2020-08-15T12:30:07+00:00\" \/>\n\t\t<meta property=\"article:modified_time\" content=\"2026-07-25T20:46:06+00:00\" \/>\n\t\t<meta name=\"twitter:card\" content=\"summary_large_image\" \/>\n\t\t<meta name=\"twitter:title\" content=\"Svegliami quando scatta Pantani - IspirazioneSportiva.com\" \/>\n\t\t<meta name=\"twitter:description\" content=\"Tra padre e figlio, un unico eroe in comune, da cui sempre si attendeva uno scatto. &quot;Svegliami quando scatta Pantani&quot;, pu\u00f2 sembrare una frase banale invece me la ripeteva spesso mio padre e ora che ci penso racchiude la certezza in uno sport durissmo: lo scatto del Pirata. A pensarci bene nessun atleta ha mai regalato\" \/>\n\t\t<meta name=\"twitter:image\" content=\"https:\/\/i0.wp.com\/ispirazionesportiva.com\/wp-content\/uploads\/sites\/3\/2020\/09\/cropped-PHOTO-2020-09-16-08-47-03-e1600279086776-1.jpg?fit=500%2C230&amp;ssl=1\" \/>\n\t\t<script type=\"application\/ld+json\" class=\"aioseo-schema\">\n\t\t\t{\"@context\":\"https:\\\/\\\/schema.org\",\"@graph\":[{\"@type\":\"BlogPosting\",\"@id\":\"https:\\\/\\\/ispirazionesportiva.com\\\/index.php\\\/2020\\\/08\\\/15\\\/svegliami-quando-scatta-pantani\\\/#blogposting\",\"name\":\"Svegliami quando scatta Pantani - IspirazioneSportiva.com\",\"headline\":\"Svegliami quando scatta Pantani\",\"author\":{\"@id\":\"https:\\\/\\\/ispirazionesportiva.com\\\/index.php\\\/author\\\/supermariolemieux\\\/#author\"},\"publisher\":{\"@id\":\"https:\\\/\\\/ispirazionesportiva.com\\\/#organization\"},\"image\":{\"@type\":\"ImageObject\",\"url\":\"https:\\\/\\\/i0.wp.com\\\/ispirazionesportiva.com\\\/wp-content\\\/uploads\\\/sites\\\/3\\\/2020\\\/08\\\/bWFyY28-1-cropped.jpg?fit=778%2C525&ssl=1\",\"width\":778,\"height\":525},\"datePublished\":\"2020-08-15T14:30:07+02:00\",\"dateModified\":\"2026-07-25T22:46:06+02:00\",\"inLanguage\":\"it-IT\",\"commentCount\":8,\"mainEntityOfPage\":{\"@id\":\"https:\\\/\\\/ispirazionesportiva.com\\\/index.php\\\/2020\\\/08\\\/15\\\/svegliami-quando-scatta-pantani\\\/#webpage\"},\"isPartOf\":{\"@id\":\"https:\\\/\\\/ispirazionesportiva.com\\\/index.php\\\/2020\\\/08\\\/15\\\/svegliami-quando-scatta-pantani\\\/#webpage\"},\"articleSection\":\"Ciclismo, Mi alzo sui pedali, Pantani\"},{\"@type\":\"BreadcrumbList\",\"@id\":\"https:\\\/\\\/ispirazionesportiva.com\\\/index.php\\\/2020\\\/08\\\/15\\\/svegliami-quando-scatta-pantani\\\/#breadcrumblist\",\"itemListElement\":[{\"@type\":\"ListItem\",\"@id\":\"https:\\\/\\\/ispirazionesportiva.com#listItem\",\"position\":1,\"name\":\"Home\",\"item\":\"https:\\\/\\\/ispirazionesportiva.com\",\"nextItem\":{\"@type\":\"ListItem\",\"@id\":\"https:\\\/\\\/ispirazionesportiva.com\\\/index.php\\\/category\\\/ciclismo\\\/#listItem\",\"name\":\"Ciclismo\"}},{\"@type\":\"ListItem\",\"@id\":\"https:\\\/\\\/ispirazionesportiva.com\\\/index.php\\\/category\\\/ciclismo\\\/#listItem\",\"position\":2,\"name\":\"Ciclismo\",\"item\":\"https:\\\/\\\/ispirazionesportiva.com\\\/index.php\\\/category\\\/ciclismo\\\/\",\"nextItem\":{\"@type\":\"ListItem\",\"@id\":\"https:\\\/\\\/ispirazionesportiva.com\\\/index.php\\\/category\\\/ciclismo\\\/mi-alzo-sui-pedali\\\/#listItem\",\"name\":\"Mi alzo sui pedali\"},\"previousItem\":{\"@type\":\"ListItem\",\"@id\":\"https:\\\/\\\/ispirazionesportiva.com#listItem\",\"name\":\"Home\"}},{\"@type\":\"ListItem\",\"@id\":\"https:\\\/\\\/ispirazionesportiva.com\\\/index.php\\\/category\\\/ciclismo\\\/mi-alzo-sui-pedali\\\/#listItem\",\"position\":3,\"name\":\"Mi alzo sui pedali\",\"item\":\"https:\\\/\\\/ispirazionesportiva.com\\\/index.php\\\/category\\\/ciclismo\\\/mi-alzo-sui-pedali\\\/\",\"nextItem\":{\"@type\":\"ListItem\",\"@id\":\"https:\\\/\\\/ispirazionesportiva.com\\\/index.php\\\/2020\\\/08\\\/15\\\/svegliami-quando-scatta-pantani\\\/#listItem\",\"name\":\"Svegliami quando scatta Pantani\"},\"previousItem\":{\"@type\":\"ListItem\",\"@id\":\"https:\\\/\\\/ispirazionesportiva.com\\\/index.php\\\/category\\\/ciclismo\\\/#listItem\",\"name\":\"Ciclismo\"}},{\"@type\":\"ListItem\",\"@id\":\"https:\\\/\\\/ispirazionesportiva.com\\\/index.php\\\/2020\\\/08\\\/15\\\/svegliami-quando-scatta-pantani\\\/#listItem\",\"position\":4,\"name\":\"Svegliami quando scatta Pantani\",\"previousItem\":{\"@type\":\"ListItem\",\"@id\":\"https:\\\/\\\/ispirazionesportiva.com\\\/index.php\\\/category\\\/ciclismo\\\/mi-alzo-sui-pedali\\\/#listItem\",\"name\":\"Mi alzo sui pedali\"}}]},{\"@type\":\"Organization\",\"@id\":\"https:\\\/\\\/ispirazionesportiva.com\\\/#organization\",\"name\":\"IspirazioneSportiva.com\",\"description\":\"Le storie sportive che emozionano\",\"url\":\"https:\\\/\\\/ispirazionesportiva.com\\\/\",\"logo\":{\"@type\":\"ImageObject\",\"url\":\"https:\\\/\\\/i0.wp.com\\\/ispirazionesportiva.com\\\/wp-content\\\/uploads\\\/sites\\\/3\\\/2020\\\/09\\\/cropped-PHOTO-2020-09-16-08-47-03-e1600279086776-1.jpg?fit=500%2C230&ssl=1\",\"@id\":\"https:\\\/\\\/ispirazionesportiva.com\\\/index.php\\\/2020\\\/08\\\/15\\\/svegliami-quando-scatta-pantani\\\/#organizationLogo\",\"width\":500,\"height\":230},\"image\":{\"@id\":\"https:\\\/\\\/ispirazionesportiva.com\\\/index.php\\\/2020\\\/08\\\/15\\\/svegliami-quando-scatta-pantani\\\/#organizationLogo\"}},{\"@type\":\"Person\",\"@id\":\"https:\\\/\\\/ispirazionesportiva.com\\\/index.php\\\/author\\\/supermariolemieux\\\/#author\",\"url\":\"https:\\\/\\\/ispirazionesportiva.com\\\/index.php\\\/author\\\/supermariolemieux\\\/\",\"name\":\"Francesco Fiori\",\"image\":{\"@type\":\"ImageObject\",\"@id\":\"https:\\\/\\\/ispirazionesportiva.com\\\/index.php\\\/2020\\\/08\\\/15\\\/svegliami-quando-scatta-pantani\\\/#authorImage\",\"url\":\"https:\\\/\\\/secure.gravatar.com\\\/avatar\\\/beff881b593f312e866653a8c45295843e00b61ce1984ceaacd4e1709e4c1b57?s=96&d=mm&r=g\",\"width\":96,\"height\":96,\"caption\":\"Francesco Fiori\"}},{\"@type\":\"WebPage\",\"@id\":\"https:\\\/\\\/ispirazionesportiva.com\\\/index.php\\\/2020\\\/08\\\/15\\\/svegliami-quando-scatta-pantani\\\/#webpage\",\"url\":\"https:\\\/\\\/ispirazionesportiva.com\\\/index.php\\\/2020\\\/08\\\/15\\\/svegliami-quando-scatta-pantani\\\/\",\"name\":\"Svegliami quando scatta Pantani - IspirazioneSportiva.com\",\"description\":\"Tra padre e figlio, un unico eroe in comune, da cui sempre si attendeva uno scatto. \\\"Svegliami quando scatta Pantani\\\", pu\\u00f2 sembrare una frase banale invece me la ripeteva spesso mio padre e ora che ci penso racchiude la certezza in uno sport durissmo: lo scatto del Pirata. A pensarci bene nessun atleta ha mai regalato\",\"inLanguage\":\"it-IT\",\"isPartOf\":{\"@id\":\"https:\\\/\\\/ispirazionesportiva.com\\\/#website\"},\"breadcrumb\":{\"@id\":\"https:\\\/\\\/ispirazionesportiva.com\\\/index.php\\\/2020\\\/08\\\/15\\\/svegliami-quando-scatta-pantani\\\/#breadcrumblist\"},\"author\":{\"@id\":\"https:\\\/\\\/ispirazionesportiva.com\\\/index.php\\\/author\\\/supermariolemieux\\\/#author\"},\"creator\":{\"@id\":\"https:\\\/\\\/ispirazionesportiva.com\\\/index.php\\\/author\\\/supermariolemieux\\\/#author\"},\"image\":{\"@type\":\"ImageObject\",\"url\":\"https:\\\/\\\/i0.wp.com\\\/ispirazionesportiva.com\\\/wp-content\\\/uploads\\\/sites\\\/3\\\/2020\\\/08\\\/bWFyY28-1-cropped.jpg?fit=778%2C525&ssl=1\",\"@id\":\"https:\\\/\\\/ispirazionesportiva.com\\\/index.php\\\/2020\\\/08\\\/15\\\/svegliami-quando-scatta-pantani\\\/#mainImage\",\"width\":778,\"height\":525},\"primaryImageOfPage\":{\"@id\":\"https:\\\/\\\/ispirazionesportiva.com\\\/index.php\\\/2020\\\/08\\\/15\\\/svegliami-quando-scatta-pantani\\\/#mainImage\"},\"datePublished\":\"2020-08-15T14:30:07+02:00\",\"dateModified\":\"2026-07-25T22:46:06+02:00\"},{\"@type\":\"WebSite\",\"@id\":\"https:\\\/\\\/ispirazionesportiva.com\\\/#website\",\"url\":\"https:\\\/\\\/ispirazionesportiva.com\\\/\",\"name\":\"IspirazioneSportiva.com\",\"description\":\"Le storie sportive che emozionano\",\"inLanguage\":\"it-IT\",\"publisher\":{\"@id\":\"https:\\\/\\\/ispirazionesportiva.com\\\/#organization\"}}]}\n\t\t<\/script>\n\t\t<!-- All in One SEO -->\n\n","aioseo_head_json":{"title":"Svegliami quando scatta Pantani - IspirazioneSportiva.com","description":"Tra padre e figlio, un unico eroe in comune, da cui sempre si attendeva uno scatto. \"Svegliami quando scatta Pantani\", pu\u00f2 sembrare una frase banale invece me la ripeteva spesso mio padre e ora che ci penso racchiude la certezza in uno sport durissmo: lo scatto del Pirata. A pensarci bene nessun atleta ha mai regalato","canonical_url":"https:\/\/ispirazionesportiva.com\/index.php\/2020\/08\/15\/svegliami-quando-scatta-pantani\/","robots":"max-image-preview:large","keywords":"","webmasterTools":{"miscellaneous":""},"schema":{"@context":"https:\/\/schema.org","@graph":[{"@type":"BlogPosting","@id":"https:\/\/ispirazionesportiva.com\/index.php\/2020\/08\/15\/svegliami-quando-scatta-pantani\/#blogposting","name":"Svegliami quando scatta Pantani - IspirazioneSportiva.com","headline":"Svegliami quando scatta Pantani","author":{"@id":"https:\/\/ispirazionesportiva.com\/index.php\/author\/supermariolemieux\/#author"},"publisher":{"@id":"https:\/\/ispirazionesportiva.com\/#organization"},"image":{"@type":"ImageObject","url":"https:\/\/i0.wp.com\/ispirazionesportiva.com\/wp-content\/uploads\/sites\/3\/2020\/08\/bWFyY28-1-cropped.jpg?fit=778%2C525&ssl=1","width":778,"height":525},"datePublished":"2020-08-15T14:30:07+02:00","dateModified":"2026-07-25T22:46:06+02:00","inLanguage":"it-IT","commentCount":8,"mainEntityOfPage":{"@id":"https:\/\/ispirazionesportiva.com\/index.php\/2020\/08\/15\/svegliami-quando-scatta-pantani\/#webpage"},"isPartOf":{"@id":"https:\/\/ispirazionesportiva.com\/index.php\/2020\/08\/15\/svegliami-quando-scatta-pantani\/#webpage"},"articleSection":"Ciclismo, Mi alzo sui pedali, Pantani"},{"@type":"BreadcrumbList","@id":"https:\/\/ispirazionesportiva.com\/index.php\/2020\/08\/15\/svegliami-quando-scatta-pantani\/#breadcrumblist","itemListElement":[{"@type":"ListItem","@id":"https:\/\/ispirazionesportiva.com#listItem","position":1,"name":"Home","item":"https:\/\/ispirazionesportiva.com","nextItem":{"@type":"ListItem","@id":"https:\/\/ispirazionesportiva.com\/index.php\/category\/ciclismo\/#listItem","name":"Ciclismo"}},{"@type":"ListItem","@id":"https:\/\/ispirazionesportiva.com\/index.php\/category\/ciclismo\/#listItem","position":2,"name":"Ciclismo","item":"https:\/\/ispirazionesportiva.com\/index.php\/category\/ciclismo\/","nextItem":{"@type":"ListItem","@id":"https:\/\/ispirazionesportiva.com\/index.php\/category\/ciclismo\/mi-alzo-sui-pedali\/#listItem","name":"Mi alzo sui pedali"},"previousItem":{"@type":"ListItem","@id":"https:\/\/ispirazionesportiva.com#listItem","name":"Home"}},{"@type":"ListItem","@id":"https:\/\/ispirazionesportiva.com\/index.php\/category\/ciclismo\/mi-alzo-sui-pedali\/#listItem","position":3,"name":"Mi alzo sui pedali","item":"https:\/\/ispirazionesportiva.com\/index.php\/category\/ciclismo\/mi-alzo-sui-pedali\/","nextItem":{"@type":"ListItem","@id":"https:\/\/ispirazionesportiva.com\/index.php\/2020\/08\/15\/svegliami-quando-scatta-pantani\/#listItem","name":"Svegliami quando scatta Pantani"},"previousItem":{"@type":"ListItem","@id":"https:\/\/ispirazionesportiva.com\/index.php\/category\/ciclismo\/#listItem","name":"Ciclismo"}},{"@type":"ListItem","@id":"https:\/\/ispirazionesportiva.com\/index.php\/2020\/08\/15\/svegliami-quando-scatta-pantani\/#listItem","position":4,"name":"Svegliami quando scatta Pantani","previousItem":{"@type":"ListItem","@id":"https:\/\/ispirazionesportiva.com\/index.php\/category\/ciclismo\/mi-alzo-sui-pedali\/#listItem","name":"Mi alzo sui pedali"}}]},{"@type":"Organization","@id":"https:\/\/ispirazionesportiva.com\/#organization","name":"IspirazioneSportiva.com","description":"Le storie sportive che emozionano","url":"https:\/\/ispirazionesportiva.com\/","logo":{"@type":"ImageObject","url":"https:\/\/i0.wp.com\/ispirazionesportiva.com\/wp-content\/uploads\/sites\/3\/2020\/09\/cropped-PHOTO-2020-09-16-08-47-03-e1600279086776-1.jpg?fit=500%2C230&ssl=1","@id":"https:\/\/ispirazionesportiva.com\/index.php\/2020\/08\/15\/svegliami-quando-scatta-pantani\/#organizationLogo","width":500,"height":230},"image":{"@id":"https:\/\/ispirazionesportiva.com\/index.php\/2020\/08\/15\/svegliami-quando-scatta-pantani\/#organizationLogo"}},{"@type":"Person","@id":"https:\/\/ispirazionesportiva.com\/index.php\/author\/supermariolemieux\/#author","url":"https:\/\/ispirazionesportiva.com\/index.php\/author\/supermariolemieux\/","name":"Francesco Fiori","image":{"@type":"ImageObject","@id":"https:\/\/ispirazionesportiva.com\/index.php\/2020\/08\/15\/svegliami-quando-scatta-pantani\/#authorImage","url":"https:\/\/secure.gravatar.com\/avatar\/beff881b593f312e866653a8c45295843e00b61ce1984ceaacd4e1709e4c1b57?s=96&d=mm&r=g","width":96,"height":96,"caption":"Francesco Fiori"}},{"@type":"WebPage","@id":"https:\/\/ispirazionesportiva.com\/index.php\/2020\/08\/15\/svegliami-quando-scatta-pantani\/#webpage","url":"https:\/\/ispirazionesportiva.com\/index.php\/2020\/08\/15\/svegliami-quando-scatta-pantani\/","name":"Svegliami quando scatta Pantani - IspirazioneSportiva.com","description":"Tra padre e figlio, un unico eroe in comune, da cui sempre si attendeva uno scatto. \"Svegliami quando scatta Pantani\", pu\u00f2 sembrare una frase banale invece me la ripeteva spesso mio padre e ora che ci penso racchiude la certezza in uno sport durissmo: lo scatto del Pirata. A pensarci bene nessun atleta ha mai regalato","inLanguage":"it-IT","isPartOf":{"@id":"https:\/\/ispirazionesportiva.com\/#website"},"breadcrumb":{"@id":"https:\/\/ispirazionesportiva.com\/index.php\/2020\/08\/15\/svegliami-quando-scatta-pantani\/#breadcrumblist"},"author":{"@id":"https:\/\/ispirazionesportiva.com\/index.php\/author\/supermariolemieux\/#author"},"creator":{"@id":"https:\/\/ispirazionesportiva.com\/index.php\/author\/supermariolemieux\/#author"},"image":{"@type":"ImageObject","url":"https:\/\/i0.wp.com\/ispirazionesportiva.com\/wp-content\/uploads\/sites\/3\/2020\/08\/bWFyY28-1-cropped.jpg?fit=778%2C525&ssl=1","@id":"https:\/\/ispirazionesportiva.com\/index.php\/2020\/08\/15\/svegliami-quando-scatta-pantani\/#mainImage","width":778,"height":525},"primaryImageOfPage":{"@id":"https:\/\/ispirazionesportiva.com\/index.php\/2020\/08\/15\/svegliami-quando-scatta-pantani\/#mainImage"},"datePublished":"2020-08-15T14:30:07+02:00","dateModified":"2026-07-25T22:46:06+02:00"},{"@type":"WebSite","@id":"https:\/\/ispirazionesportiva.com\/#website","url":"https:\/\/ispirazionesportiva.com\/","name":"IspirazioneSportiva.com","description":"Le storie sportive che emozionano","inLanguage":"it-IT","publisher":{"@id":"https:\/\/ispirazionesportiva.com\/#organization"}}]},"og:locale":"it_IT","og:site_name":"IspirazioneSportiva.com - Le storie sportive che emozionano","og:type":"article","og:title":"Svegliami quando scatta Pantani - IspirazioneSportiva.com","og:description":"Tra padre e figlio, un unico eroe in comune, da cui sempre si attendeva uno scatto. &quot;Svegliami quando scatta Pantani&quot;, pu\u00f2 sembrare una frase banale invece me la ripeteva spesso mio padre e ora che ci penso racchiude la certezza in uno sport durissmo: lo scatto del Pirata. A pensarci bene nessun atleta ha mai regalato","og:url":"https:\/\/ispirazionesportiva.com\/index.php\/2020\/08\/15\/svegliami-quando-scatta-pantani\/","og:image":"https:\/\/i0.wp.com\/ispirazionesportiva.com\/wp-content\/uploads\/sites\/3\/2020\/09\/cropped-PHOTO-2020-09-16-08-47-03-e1600279086776-1.jpg?fit=500%2C230&#038;ssl=1","og:image:secure_url":"https:\/\/i0.wp.com\/ispirazionesportiva.com\/wp-content\/uploads\/sites\/3\/2020\/09\/cropped-PHOTO-2020-09-16-08-47-03-e1600279086776-1.jpg?fit=500%2C230&#038;ssl=1","article:published_time":"2020-08-15T12:30:07+00:00","article:modified_time":"2026-07-25T20:46:06+00:00","twitter:card":"summary_large_image","twitter:title":"Svegliami quando scatta Pantani - IspirazioneSportiva.com","twitter:description":"Tra padre e figlio, un unico eroe in comune, da cui sempre si attendeva uno scatto. &quot;Svegliami quando scatta Pantani&quot;, pu\u00f2 sembrare una frase banale invece me la ripeteva spesso mio padre e ora che ci penso racchiude la certezza in uno sport durissmo: lo scatto del Pirata. A pensarci bene nessun atleta ha mai regalato","twitter:image":"https:\/\/i0.wp.com\/ispirazionesportiva.com\/wp-content\/uploads\/sites\/3\/2020\/09\/cropped-PHOTO-2020-09-16-08-47-03-e1600279086776-1.jpg?fit=500%2C230&ssl=1"},"aioseo_meta_data":{"post_id":"528","title":null,"description":null,"keywords":null,"keyphrases":null,"primary_term":null,"canonical_url":null,"og_title":null,"og_description":null,"og_object_type":"default","og_image_type":"default","og_image_custom_url":null,"og_image_custom_fields":null,"og_image_url":null,"og_image_width":null,"og_image_height":null,"og_video":null,"og_custom_url":null,"og_article_section":null,"og_article_tags":null,"twitter_use_og":false,"twitter_card":"default","twitter_image_type":"default","twitter_image_custom_url":null,"twitter_image_custom_fields":null,"twitter_image_url":null,"twitter_title":null,"twitter_description":null,"schema_type":"default","schema_type_options":null,"schema":{"blockGraphs":[],"customGraphs":[],"default":{"data":{"Article":[],"Course":[],"Dataset":[],"FAQPage":[],"Movie":[],"Person":[],"Product":[],"ProductReview":[],"Car":[],"Recipe":[],"Service":[],"SoftwareApplication":[],"WebPage":[]},"graphName":"","isEnabled":true},"graphs":[]},"pillar_content":false,"robots_default":true,"robots_noindex":false,"robots_noarchive":false,"robots_nosnippet":false,"robots_nofollow":false,"robots_noimageindex":false,"robots_noodp":false,"robots_notranslate":false,"robots_max_snippet":null,"robots_max_videopreview":null,"robots_max_imagepreview":"large","priority":null,"frequency":null,"local_seo":null,"limit_modified_date":false,"ai":null,"breadcrumb_settings":null,"seo_analyzer_scan_date":null,"created":"2026-07-23 16:19:49","updated":"2026-07-26 09:37:07","focus_keyword":null,"additional_keywords":null,"truseo_locale":null},"aioseo_breadcrumb":"<div class=\"aioseo-breadcrumbs\"><span class=\"aioseo-breadcrumb\">\n\t\t\t<a href=\"https:\/\/ispirazionesportiva.com\" title=\"Home\">Home<\/a>\n\t\t<\/span><span class=\"aioseo-breadcrumb-separator\">&raquo;<\/span><span class=\"aioseo-breadcrumb\">\n\t\t\t<a href=\"https:\/\/ispirazionesportiva.com\/index.php\/category\/ciclismo\/\" title=\"Ciclismo\">Ciclismo<\/a>\n\t\t<\/span><span class=\"aioseo-breadcrumb-separator\">&raquo;<\/span><span class=\"aioseo-breadcrumb\">\n\t\t\t<a href=\"https:\/\/ispirazionesportiva.com\/index.php\/category\/ciclismo\/mi-alzo-sui-pedali\/\" title=\"Mi alzo sui pedali\">Mi alzo sui pedali<\/a>\n\t\t<\/span><span class=\"aioseo-breadcrumb-separator\">&raquo;<\/span><span class=\"aioseo-breadcrumb\">\n\t\t\tSvegliami quando scatta Pantani\n\t\t<\/span><\/div>","aioseo_breadcrumb_json":[{"label":"Home","link":"https:\/\/ispirazionesportiva.com"},{"label":"Ciclismo","link":"https:\/\/ispirazionesportiva.com\/index.php\/category\/ciclismo\/"},{"label":"Mi alzo sui pedali","link":"https:\/\/ispirazionesportiva.com\/index.php\/category\/ciclismo\/mi-alzo-sui-pedali\/"},{"label":"Svegliami quando scatta Pantani","link":"https:\/\/ispirazionesportiva.com\/index.php\/2020\/08\/15\/svegliami-quando-scatta-pantani\/"}],"jetpack_publicize_connections":[],"jetpack_sharing_enabled":true,"jetpack_likes_enabled":true,"amp_enabled":true,"jetpack_featured_media_url":"https:\/\/i0.wp.com\/ispirazionesportiva.com\/wp-content\/uploads\/sites\/3\/2020\/08\/bWFyY28-1-cropped.jpg?fit=778%2C525&ssl=1","_links":{"self":[{"href":"https:\/\/ispirazionesportiva.com\/index.php\/wp-json\/wp\/v2\/posts\/528","targetHints":{"allow":["GET"]}}],"collection":[{"href":"https:\/\/ispirazionesportiva.com\/index.php\/wp-json\/wp\/v2\/posts"}],"about":[{"href":"https:\/\/ispirazionesportiva.com\/index.php\/wp-json\/wp\/v2\/types\/post"}],"author":[{"embeddable":true,"href":"https:\/\/ispirazionesportiva.com\/index.php\/wp-json\/wp\/v2\/users\/5"}],"replies":[{"embeddable":true,"href":"https:\/\/ispirazionesportiva.com\/index.php\/wp-json\/wp\/v2\/comments?post=528"}],"version-history":[{"count":5,"href":"https:\/\/ispirazionesportiva.com\/index.php\/wp-json\/wp\/v2\/posts\/528\/revisions"}],"predecessor-version":[{"id":1001,"href":"https:\/\/ispirazionesportiva.com\/index.php\/wp-json\/wp\/v2\/posts\/528\/revisions\/1001"}],"wp:featuredmedia":[{"embeddable":true,"href":"https:\/\/ispirazionesportiva.com\/index.php\/wp-json\/wp\/v2\/media\/530"}],"wp:attachment":[{"href":"https:\/\/ispirazionesportiva.com\/index.php\/wp-json\/wp\/v2\/media?parent=528"}],"wp:term":[{"taxonomy":"category","embeddable":true,"href":"https:\/\/ispirazionesportiva.com\/index.php\/wp-json\/wp\/v2\/categories?post=528"},{"taxonomy":"post_tag","embeddable":true,"href":"https:\/\/ispirazionesportiva.com\/index.php\/wp-json\/wp\/v2\/tags?post=528"}],"curies":[{"name":"wp","href":"https:\/\/api.w.org\/{rel}","templated":true}]}}