{"id":441,"date":"2020-08-11T08:44:36","date_gmt":"2020-08-11T08:44:36","guid":{"rendered":"https:\/\/sportblog.codrotech.com\/?p=441"},"modified":"2026-07-25T22:46:42","modified_gmt":"2026-07-25T20:46:42","slug":"quando-90-minuto-rese-litalia-calcistica-unita","status":"publish","type":"post","link":"https:\/\/ispirazionesportiva.com\/index.php\/2020\/08\/11\/quando-90-minuto-rese-litalia-calcistica-unita\/","title":{"rendered":"Quando 90\u00b0 Minuto rese l\u2019Italia calcistica unita"},"content":{"rendered":"<p><em>La nostalgia delle domeniche in cui la Serie A giocava contemporaneamente e per vedere i gol si aspettava Paolo Valenti e 90\u00b0Minuto<\/em><\/p>\n<p><em>Fonte: Gazzetta Fan News\u00a0<a href=\"http:\/\/gazzettafannews.it\/calcio\/quando-90-minuto-rese-litalia-calcistica-unita\/\"><strong>http:\/\/gazzettafannews.it\/calcio\/quando-90-minuto-rese-litalia-calcistica-unita\/<\/strong><\/a><\/em><\/p>\n<p>\u201c<em>Amici sportivi, buon pomeriggio<\/em>\u201c. Il sorriso bonario di\u00a0<strong>Paolo Valenti<\/strong>\u00a0apriva cos\u00ec\u00a0<strong>90\u00b0 Minuto<\/strong>\u00a0e iniziava a far sognare un\u2019intera nazione calcistica.<\/p>\n<p>Chi ha avuto la fortuna di vivere quel calcio ancora oggi chiude gli occhi e sogna. E\u2019 il\u00a0<strong>27 settembre del 1970\u00a0<\/strong>quando alle ore 18 l\u2019Italia scopre una nuova abitudine nella domenica pomeriggio grazie all\u2019illuminazione di Valenti,\u00a0<strong>Barendson\u00a0<\/strong>e\u00a0<strong>Pascucci<\/strong>.<br \/>\nFino a quel momento esisteva solo \u201c<em>Tutto il calcio minuto per minuto<\/em>\u201c, estasi radiofonica per chi immaginava i gol, poi per\u00f2 le reti arrivano in tv in una<strong>\u00a0Serie A che si gioca tutta in contemporanea.<\/strong><\/p>\n<p>Disservizi tecnici, cravatte e giacche dei<strong>\u00a0conduttori improponibili, telecronisti accerchiati da tifosi festanti,<\/strong>\u00a0che salutano con la manina e si concedono pochi secondi di notoriet\u00e0, un calcio semplice raccontato in maniera ancor pi\u00f9 semplice, qualcosa che oggi \u00e8 inimmaginabile.<\/p>\n<p>Se negli anni 60 la Grande Inter aveva una formazione che in tanti decantano a memoria non meno va la formazione di 90\u00b0Minuto che con Valenti al timone aveva veri\u00a0<strong>top player del microfono<\/strong>, tra scivoloni sui nomi dei giocatori stranieri e mistiche conclusioni da un campo all\u2019altro in collegamento.\u00a0 La \u201c<em>Nazionale del giornalismo<\/em>\u201d si componeva con\u00a0<strong>Giorgio Bubba<\/strong>\u00a0da Genova,\u00a0<strong>Tonino Carino<\/strong>\u00a0da Ascoli,\u00a0<strong>Ferruccio Gard<\/strong>\u00a0da Genova,\u00a0<strong>Emanuele Giacoia<\/strong>\u00a0da Catanzaro,\u00a0<strong>Marcello Giannini<\/strong>\u00a0da Firenze,\u00a0<strong>Luigi Necco<\/strong>\u00a0da Napoli,\u00a0<strong>Lamberto Sposini<\/strong>\u00a0da Perugia,\u00a0<strong>Franco Strippoli\u00a0<\/strong>da Bari,\u00a0<strong>Gianni Vasino<\/strong>\u00a0da Milano e marginalmente a 90\u00b0Minuto anche un mito del giornalismo sportivo italiano televisivo,\u00a0<strong>Beppe Viola<\/strong>.<\/p>\n<p>L\u2019elenco sarebbe lunghissimo, ma ci\u00f2 che oggi, all\u2019ombra di diritti tv che hanno minacciato la scomparsa del simbolo del calcio italiano,\u00a0<strong>dobbiamo riflettere su cosa le pay tv hanno dato e tolto agli italiani<\/strong>.\u00a090\u00b0 Minuto\u00a0<strong>\u00e8 stato cancellato gi\u00e0 nel 2005<\/strong>, quando i diritti tv in favore di Mediaset lo avevano eliminato dal palinsesto seppur dando agli italiani nuovi programmi calcistici, volti pi\u00f9 allo spettacolo che alla genuina cronaca della Serie A, con\u00a0<strong>Paolo Bonolis<\/strong>\u00a0che prova a replicare su Canale 5 il racconto pomeridiano del calcio, raccogliendo solo un insuccesso a causa del cambiamento globale del binomio calcio-tv.<\/p>\n<p><strong>Paolo Valenti scompare il 15 novembre 1990<\/strong>, con una malattia che non ne limita le apparizioni domenicali e che fa condurre il suo \u201c<em>spettacolo<\/em>\u201d fino a pochi giorni prima del decesso. Con la scomparsa del \u201cpap\u00e0\u201d della trasmissione si perde gran parte della magia, quel filo conduttore raccolto poi da\u00a0<strong>Fabrizio Maffei e Giampiero Galeazzi<\/strong>\u00a0fino all\u2019epoca attuale con Paola Ferrari che non riesce in nessun modo a restituire il racconto del calcio ingenuo e semplice degli anni di Valenti.<\/p>\n<p>Oggi, in epoca di<strong>\u00a0crisi finanziaria,<\/strong>\u00a0si legge con orrore che non baster\u00e0 un singolo abbonamento per seguire la Serie A ma forse la parentesi del Mondiale, in cui ci vede in vacanza<strong>\u00a0a causa di un altro silenzioso fallimento<\/strong>, ancora non ha dato l\u2019esatta percezione del problema che i diritti tv causeranno ai tifosi.<\/p>\n<p>Quando lo capiremo, con\u00a0<strong>nostalgia ripenseremo alle tante domeniche<\/strong>\u00a0che si aprivano con \u201c<em>Amici sportivi, buon pomeriggio<\/em>\u201c, un altro calcio, un\u2019altra tv, tantissimi sogni.<\/p>\n<p style=\"text-align: right;\">Francesco Fiori<\/p>\n<p><img data-recalc-dims=\"1\" loading=\"lazy\" decoding=\"async\" class=\" size-full wp-image-443 aligncenter\" src=\"https:\/\/i0.wp.com\/ispirazionesportiva.com\/wp-content\/uploads\/2020\/08\/09.jpg?resize=512%2C345&#038;ssl=1\" alt=\"09\" width=\"512\" height=\"345\" srcset=\"https:\/\/i0.wp.com\/ispirazionesportiva.com\/wp-content\/uploads\/sites\/3\/2020\/08\/09.jpg?w=512&amp;ssl=1 512w, https:\/\/i0.wp.com\/ispirazionesportiva.com\/wp-content\/uploads\/sites\/3\/2020\/08\/09.jpg?resize=300%2C202&amp;ssl=1 300w\" sizes=\"auto, (max-width: 512px) 100vw, 512px\" \/><\/p>\n<p><img data-recalc-dims=\"1\" loading=\"lazy\" decoding=\"async\" class=\" size-full wp-image-444 aligncenter\" src=\"https:\/\/i0.wp.com\/ispirazionesportiva.com\/wp-content\/uploads\/2020\/08\/a2009b64-d246-11e3-8ed3-fdcfbf1b09b2.jpg?resize=512%2C384&#038;ssl=1\" alt=\"a2009b64-d246-11e3-8ed3-fdcfbf1b09b2\" width=\"512\" height=\"384\" srcset=\"https:\/\/i0.wp.com\/ispirazionesportiva.com\/wp-content\/uploads\/sites\/3\/2020\/08\/a2009b64-d246-11e3-8ed3-fdcfbf1b09b2.jpg?w=512&amp;ssl=1 512w, https:\/\/i0.wp.com\/ispirazionesportiva.com\/wp-content\/uploads\/sites\/3\/2020\/08\/a2009b64-d246-11e3-8ed3-fdcfbf1b09b2.jpg?resize=300%2C225&amp;ssl=1 300w\" sizes=\"auto, (max-width: 512px) 100vw, 512px\" \/><\/p>\n","protected":false},"excerpt":{"rendered":"<p>La nostalgia delle domeniche in cui la Serie A giocava contemporaneamente e per vedere i&#8230;<\/p>\n","protected":false},"author":5,"featured_media":442,"comment_status":"open","ping_status":"closed","sticky":false,"template":"","format":"standard","meta":{"_monsterinsights_skip_tracking":false,"_jetpack_newsletter_access":"","_jetpack_dont_email_post_to_subs":false,"_jetpack_newsletter_tier_id":0,"_jetpack_memberships_contains_paywalled_content":false,"_jetpack_feature_clip_id":0,"_jetpack_memberships_contains_paid_content":false,"footnotes":"","jetpack_publicize_message":"","jetpack_publicize_feature_enabled":true,"jetpack_social_post_already_shared":false,"jetpack_social_options":{"image_generator_settings":{"template":"highway","default_image_id":0,"font":"","enabled":false},"version":2},"jetpack_post_was_ever_published":false},"categories":[5,206],"tags":[17,62],"class_list":["post-441","post","type-post","status-publish","format-standard","has-post-thumbnail","hentry","category-calcio","category-i-miti-e-le-leggende-del-pallone","tag-90-minuto","tag-valenti"],"aioseo_notices":[],"aioseo_head":"\n\t\t<!-- All in One SEO 5.0.1.1 - aioseo.com -->\n\t<meta name=\"description\" content=\"La nostalgia delle domeniche in cui la Serie A giocava contemporaneamente e per vedere i gol si aspettava Paolo Valenti e 90\u00b0Minuto Fonte: Gazzetta Fan News http:\/\/gazzettafannews.it\/calcio\/quando-90-minuto-rese-litalia-calcistica-unita\/ \u201cAmici sportivi, buon pomeriggio\u201c. Il sorriso bonario di Paolo Valenti apriva cos\u00ec 90\u00b0 Minuto e iniziava a far sognare un\u2019intera nazione calcistica. Chi ha avuto la fortuna di vivere quel calcio ancora oggi\" \/>\n\t<meta name=\"robots\" content=\"max-image-preview:large\" \/>\n\t<meta name=\"author\" content=\"Francesco Fiori\"\/>\n\t<link rel=\"canonical\" href=\"https:\/\/ispirazionesportiva.com\/index.php\/2020\/08\/11\/quando-90-minuto-rese-litalia-calcistica-unita\/\" \/>\n\t<meta name=\"generator\" content=\"All in One SEO (AIOSEO) 5.0.1.1\" \/>\n\t\t<meta property=\"og:locale\" content=\"it_IT\" \/>\n\t\t<meta property=\"og:site_name\" content=\"IspirazioneSportiva.com - Le storie sportive che emozionano\" \/>\n\t\t<meta property=\"og:type\" content=\"article\" \/>\n\t\t<meta property=\"og:title\" content=\"Quando 90\u00b0 Minuto rese l\u2019Italia calcistica unita - IspirazioneSportiva.com\" \/>\n\t\t<meta property=\"og:description\" content=\"La nostalgia delle domeniche in cui la Serie A giocava contemporaneamente e per vedere i gol si aspettava Paolo Valenti e 90\u00b0Minuto Fonte: Gazzetta Fan News http:\/\/gazzettafannews.it\/calcio\/quando-90-minuto-rese-litalia-calcistica-unita\/ \u201cAmici sportivi, buon pomeriggio\u201c. Il sorriso bonario di Paolo Valenti apriva cos\u00ec 90\u00b0 Minuto e iniziava a far sognare un\u2019intera nazione calcistica. Chi ha avuto la fortuna di vivere quel calcio ancora oggi\" \/>\n\t\t<meta property=\"og:url\" content=\"https:\/\/ispirazionesportiva.com\/index.php\/2020\/08\/11\/quando-90-minuto-rese-litalia-calcistica-unita\/\" \/>\n\t\t<meta property=\"og:image\" content=\"https:\/\/i0.wp.com\/ispirazionesportiva.com\/wp-content\/uploads\/sites\/3\/2020\/09\/cropped-PHOTO-2020-09-16-08-47-03-e1600279086776-1.jpg?fit=500%2C230&#038;ssl=1\" \/>\n\t\t<meta property=\"og:image:secure_url\" content=\"https:\/\/i0.wp.com\/ispirazionesportiva.com\/wp-content\/uploads\/sites\/3\/2020\/09\/cropped-PHOTO-2020-09-16-08-47-03-e1600279086776-1.jpg?fit=500%2C230&#038;ssl=1\" \/>\n\t\t<meta property=\"article:published_time\" content=\"2020-08-11T08:44:36+00:00\" \/>\n\t\t<meta property=\"article:modified_time\" content=\"2026-07-25T20:46:42+00:00\" \/>\n\t\t<meta name=\"twitter:card\" content=\"summary_large_image\" \/>\n\t\t<meta name=\"twitter:title\" content=\"Quando 90\u00b0 Minuto rese l\u2019Italia calcistica unita - IspirazioneSportiva.com\" \/>\n\t\t<meta name=\"twitter:description\" content=\"La nostalgia delle domeniche in cui la Serie A giocava contemporaneamente e per vedere i gol si aspettava Paolo Valenti e 90\u00b0Minuto Fonte: Gazzetta Fan News http:\/\/gazzettafannews.it\/calcio\/quando-90-minuto-rese-litalia-calcistica-unita\/ \u201cAmici sportivi, buon pomeriggio\u201c. Il sorriso bonario di Paolo Valenti apriva cos\u00ec 90\u00b0 Minuto e iniziava a far sognare un\u2019intera nazione calcistica. Chi ha avuto la fortuna di vivere quel calcio ancora oggi\" \/>\n\t\t<meta name=\"twitter:image\" content=\"https:\/\/i0.wp.com\/ispirazionesportiva.com\/wp-content\/uploads\/sites\/3\/2020\/09\/cropped-PHOTO-2020-09-16-08-47-03-e1600279086776-1.jpg?fit=500%2C230&amp;ssl=1\" \/>\n\t\t<script type=\"application\/ld+json\" class=\"aioseo-schema\">\n\t\t\t{\"@context\":\"https:\\\/\\\/schema.org\",\"@graph\":[{\"@type\":\"BlogPosting\",\"@id\":\"https:\\\/\\\/ispirazionesportiva.com\\\/index.php\\\/2020\\\/08\\\/11\\\/quando-90-minuto-rese-litalia-calcistica-unita\\\/#blogposting\",\"name\":\"Quando 90\\u00b0 Minuto rese l\\u2019Italia calcistica unita - IspirazioneSportiva.com\",\"headline\":\"Quando 90\\u00b0 Minuto rese l\\u2019Italia calcistica unita\",\"author\":{\"@id\":\"https:\\\/\\\/ispirazionesportiva.com\\\/index.php\\\/author\\\/supermariolemieux\\\/#author\"},\"publisher\":{\"@id\":\"https:\\\/\\\/ispirazionesportiva.com\\\/#organization\"},\"image\":{\"@type\":\"ImageObject\",\"url\":\"https:\\\/\\\/i0.wp.com\\\/ispirazionesportiva.com\\\/wp-content\\\/uploads\\\/sites\\\/3\\\/2020\\\/08\\\/3785401_0006_vale.jpg?fit=620%2C339&ssl=1\",\"width\":620,\"height\":339},\"datePublished\":\"2020-08-11T08:44:36+02:00\",\"dateModified\":\"2026-07-25T22:46:42+02:00\",\"inLanguage\":\"it-IT\",\"mainEntityOfPage\":{\"@id\":\"https:\\\/\\\/ispirazionesportiva.com\\\/index.php\\\/2020\\\/08\\\/11\\\/quando-90-minuto-rese-litalia-calcistica-unita\\\/#webpage\"},\"isPartOf\":{\"@id\":\"https:\\\/\\\/ispirazionesportiva.com\\\/index.php\\\/2020\\\/08\\\/11\\\/quando-90-minuto-rese-litalia-calcistica-unita\\\/#webpage\"},\"articleSection\":\"Calcio, I miti e le leggende del pallone, 90 minuto, Valenti\"},{\"@type\":\"BreadcrumbList\",\"@id\":\"https:\\\/\\\/ispirazionesportiva.com\\\/index.php\\\/2020\\\/08\\\/11\\\/quando-90-minuto-rese-litalia-calcistica-unita\\\/#breadcrumblist\",\"itemListElement\":[{\"@type\":\"ListItem\",\"@id\":\"https:\\\/\\\/ispirazionesportiva.com#listItem\",\"position\":1,\"name\":\"Home\",\"item\":\"https:\\\/\\\/ispirazionesportiva.com\",\"nextItem\":{\"@type\":\"ListItem\",\"@id\":\"https:\\\/\\\/ispirazionesportiva.com\\\/index.php\\\/category\\\/calcio\\\/#listItem\",\"name\":\"Calcio\"}},{\"@type\":\"ListItem\",\"@id\":\"https:\\\/\\\/ispirazionesportiva.com\\\/index.php\\\/category\\\/calcio\\\/#listItem\",\"position\":2,\"name\":\"Calcio\",\"item\":\"https:\\\/\\\/ispirazionesportiva.com\\\/index.php\\\/category\\\/calcio\\\/\",\"nextItem\":{\"@type\":\"ListItem\",\"@id\":\"https:\\\/\\\/ispirazionesportiva.com\\\/index.php\\\/category\\\/calcio\\\/i-miti-e-le-leggende-del-pallone\\\/#listItem\",\"name\":\"I miti e le leggende del pallone\"},\"previousItem\":{\"@type\":\"ListItem\",\"@id\":\"https:\\\/\\\/ispirazionesportiva.com#listItem\",\"name\":\"Home\"}},{\"@type\":\"ListItem\",\"@id\":\"https:\\\/\\\/ispirazionesportiva.com\\\/index.php\\\/category\\\/calcio\\\/i-miti-e-le-leggende-del-pallone\\\/#listItem\",\"position\":3,\"name\":\"I miti e le leggende del pallone\",\"item\":\"https:\\\/\\\/ispirazionesportiva.com\\\/index.php\\\/category\\\/calcio\\\/i-miti-e-le-leggende-del-pallone\\\/\",\"nextItem\":{\"@type\":\"ListItem\",\"@id\":\"https:\\\/\\\/ispirazionesportiva.com\\\/index.php\\\/2020\\\/08\\\/11\\\/quando-90-minuto-rese-litalia-calcistica-unita\\\/#listItem\",\"name\":\"Quando 90\\u00b0 Minuto rese l\\u2019Italia calcistica unita\"},\"previousItem\":{\"@type\":\"ListItem\",\"@id\":\"https:\\\/\\\/ispirazionesportiva.com\\\/index.php\\\/category\\\/calcio\\\/#listItem\",\"name\":\"Calcio\"}},{\"@type\":\"ListItem\",\"@id\":\"https:\\\/\\\/ispirazionesportiva.com\\\/index.php\\\/2020\\\/08\\\/11\\\/quando-90-minuto-rese-litalia-calcistica-unita\\\/#listItem\",\"position\":4,\"name\":\"Quando 90\\u00b0 Minuto rese l\\u2019Italia calcistica unita\",\"previousItem\":{\"@type\":\"ListItem\",\"@id\":\"https:\\\/\\\/ispirazionesportiva.com\\\/index.php\\\/category\\\/calcio\\\/i-miti-e-le-leggende-del-pallone\\\/#listItem\",\"name\":\"I miti e le leggende del pallone\"}}]},{\"@type\":\"Organization\",\"@id\":\"https:\\\/\\\/ispirazionesportiva.com\\\/#organization\",\"name\":\"IspirazioneSportiva.com\",\"description\":\"Le storie sportive che emozionano\",\"url\":\"https:\\\/\\\/ispirazionesportiva.com\\\/\",\"logo\":{\"@type\":\"ImageObject\",\"url\":\"https:\\\/\\\/i0.wp.com\\\/ispirazionesportiva.com\\\/wp-content\\\/uploads\\\/sites\\\/3\\\/2020\\\/09\\\/cropped-PHOTO-2020-09-16-08-47-03-e1600279086776-1.jpg?fit=500%2C230&ssl=1\",\"@id\":\"https:\\\/\\\/ispirazionesportiva.com\\\/index.php\\\/2020\\\/08\\\/11\\\/quando-90-minuto-rese-litalia-calcistica-unita\\\/#organizationLogo\",\"width\":500,\"height\":230},\"image\":{\"@id\":\"https:\\\/\\\/ispirazionesportiva.com\\\/index.php\\\/2020\\\/08\\\/11\\\/quando-90-minuto-rese-litalia-calcistica-unita\\\/#organizationLogo\"}},{\"@type\":\"Person\",\"@id\":\"https:\\\/\\\/ispirazionesportiva.com\\\/index.php\\\/author\\\/supermariolemieux\\\/#author\",\"url\":\"https:\\\/\\\/ispirazionesportiva.com\\\/index.php\\\/author\\\/supermariolemieux\\\/\",\"name\":\"Francesco Fiori\",\"image\":{\"@type\":\"ImageObject\",\"@id\":\"https:\\\/\\\/ispirazionesportiva.com\\\/index.php\\\/2020\\\/08\\\/11\\\/quando-90-minuto-rese-litalia-calcistica-unita\\\/#authorImage\",\"url\":\"https:\\\/\\\/secure.gravatar.com\\\/avatar\\\/beff881b593f312e866653a8c45295843e00b61ce1984ceaacd4e1709e4c1b57?s=96&d=mm&r=g\",\"width\":96,\"height\":96,\"caption\":\"Francesco Fiori\"}},{\"@type\":\"WebPage\",\"@id\":\"https:\\\/\\\/ispirazionesportiva.com\\\/index.php\\\/2020\\\/08\\\/11\\\/quando-90-minuto-rese-litalia-calcistica-unita\\\/#webpage\",\"url\":\"https:\\\/\\\/ispirazionesportiva.com\\\/index.php\\\/2020\\\/08\\\/11\\\/quando-90-minuto-rese-litalia-calcistica-unita\\\/\",\"name\":\"Quando 90\\u00b0 Minuto rese l\\u2019Italia calcistica unita - IspirazioneSportiva.com\",\"description\":\"La nostalgia delle domeniche in cui la Serie A giocava contemporaneamente e per vedere i gol si aspettava Paolo Valenti e 90\\u00b0Minuto Fonte: Gazzetta Fan News http:\\\/\\\/gazzettafannews.it\\\/calcio\\\/quando-90-minuto-rese-litalia-calcistica-unita\\\/ \\u201cAmici sportivi, buon pomeriggio\\u201c. Il sorriso bonario di Paolo Valenti apriva cos\\u00ec 90\\u00b0 Minuto e iniziava a far sognare un\\u2019intera nazione calcistica. Chi ha avuto la fortuna di vivere quel calcio ancora oggi\",\"inLanguage\":\"it-IT\",\"isPartOf\":{\"@id\":\"https:\\\/\\\/ispirazionesportiva.com\\\/#website\"},\"breadcrumb\":{\"@id\":\"https:\\\/\\\/ispirazionesportiva.com\\\/index.php\\\/2020\\\/08\\\/11\\\/quando-90-minuto-rese-litalia-calcistica-unita\\\/#breadcrumblist\"},\"author\":{\"@id\":\"https:\\\/\\\/ispirazionesportiva.com\\\/index.php\\\/author\\\/supermariolemieux\\\/#author\"},\"creator\":{\"@id\":\"https:\\\/\\\/ispirazionesportiva.com\\\/index.php\\\/author\\\/supermariolemieux\\\/#author\"},\"image\":{\"@type\":\"ImageObject\",\"url\":\"https:\\\/\\\/i0.wp.com\\\/ispirazionesportiva.com\\\/wp-content\\\/uploads\\\/sites\\\/3\\\/2020\\\/08\\\/3785401_0006_vale.jpg?fit=620%2C339&ssl=1\",\"@id\":\"https:\\\/\\\/ispirazionesportiva.com\\\/index.php\\\/2020\\\/08\\\/11\\\/quando-90-minuto-rese-litalia-calcistica-unita\\\/#mainImage\",\"width\":620,\"height\":339},\"primaryImageOfPage\":{\"@id\":\"https:\\\/\\\/ispirazionesportiva.com\\\/index.php\\\/2020\\\/08\\\/11\\\/quando-90-minuto-rese-litalia-calcistica-unita\\\/#mainImage\"},\"datePublished\":\"2020-08-11T08:44:36+02:00\",\"dateModified\":\"2026-07-25T22:46:42+02:00\"},{\"@type\":\"WebSite\",\"@id\":\"https:\\\/\\\/ispirazionesportiva.com\\\/#website\",\"url\":\"https:\\\/\\\/ispirazionesportiva.com\\\/\",\"name\":\"IspirazioneSportiva.com\",\"description\":\"Le storie sportive che emozionano\",\"inLanguage\":\"it-IT\",\"publisher\":{\"@id\":\"https:\\\/\\\/ispirazionesportiva.com\\\/#organization\"}}]}\n\t\t<\/script>\n\t\t<!-- All in One SEO -->\n\n","aioseo_head_json":{"title":"Quando 90\u00b0 Minuto rese l\u2019Italia calcistica unita - IspirazioneSportiva.com","description":"La nostalgia delle domeniche in cui la Serie A giocava contemporaneamente e per vedere i gol si aspettava Paolo Valenti e 90\u00b0Minuto Fonte: Gazzetta Fan News http:\/\/gazzettafannews.it\/calcio\/quando-90-minuto-rese-litalia-calcistica-unita\/ \u201cAmici sportivi, buon pomeriggio\u201c. Il sorriso bonario di Paolo Valenti apriva cos\u00ec 90\u00b0 Minuto e iniziava a far sognare un\u2019intera nazione calcistica. Chi ha avuto la fortuna di vivere quel calcio ancora oggi","canonical_url":"https:\/\/ispirazionesportiva.com\/index.php\/2020\/08\/11\/quando-90-minuto-rese-litalia-calcistica-unita\/","robots":"max-image-preview:large","keywords":"","webmasterTools":{"miscellaneous":""},"schema":{"@context":"https:\/\/schema.org","@graph":[{"@type":"BlogPosting","@id":"https:\/\/ispirazionesportiva.com\/index.php\/2020\/08\/11\/quando-90-minuto-rese-litalia-calcistica-unita\/#blogposting","name":"Quando 90\u00b0 Minuto rese l\u2019Italia calcistica unita - IspirazioneSportiva.com","headline":"Quando 90\u00b0 Minuto rese l\u2019Italia calcistica unita","author":{"@id":"https:\/\/ispirazionesportiva.com\/index.php\/author\/supermariolemieux\/#author"},"publisher":{"@id":"https:\/\/ispirazionesportiva.com\/#organization"},"image":{"@type":"ImageObject","url":"https:\/\/i0.wp.com\/ispirazionesportiva.com\/wp-content\/uploads\/sites\/3\/2020\/08\/3785401_0006_vale.jpg?fit=620%2C339&ssl=1","width":620,"height":339},"datePublished":"2020-08-11T08:44:36+02:00","dateModified":"2026-07-25T22:46:42+02:00","inLanguage":"it-IT","mainEntityOfPage":{"@id":"https:\/\/ispirazionesportiva.com\/index.php\/2020\/08\/11\/quando-90-minuto-rese-litalia-calcistica-unita\/#webpage"},"isPartOf":{"@id":"https:\/\/ispirazionesportiva.com\/index.php\/2020\/08\/11\/quando-90-minuto-rese-litalia-calcistica-unita\/#webpage"},"articleSection":"Calcio, I miti e le leggende del pallone, 90 minuto, Valenti"},{"@type":"BreadcrumbList","@id":"https:\/\/ispirazionesportiva.com\/index.php\/2020\/08\/11\/quando-90-minuto-rese-litalia-calcistica-unita\/#breadcrumblist","itemListElement":[{"@type":"ListItem","@id":"https:\/\/ispirazionesportiva.com#listItem","position":1,"name":"Home","item":"https:\/\/ispirazionesportiva.com","nextItem":{"@type":"ListItem","@id":"https:\/\/ispirazionesportiva.com\/index.php\/category\/calcio\/#listItem","name":"Calcio"}},{"@type":"ListItem","@id":"https:\/\/ispirazionesportiva.com\/index.php\/category\/calcio\/#listItem","position":2,"name":"Calcio","item":"https:\/\/ispirazionesportiva.com\/index.php\/category\/calcio\/","nextItem":{"@type":"ListItem","@id":"https:\/\/ispirazionesportiva.com\/index.php\/category\/calcio\/i-miti-e-le-leggende-del-pallone\/#listItem","name":"I miti e le leggende del pallone"},"previousItem":{"@type":"ListItem","@id":"https:\/\/ispirazionesportiva.com#listItem","name":"Home"}},{"@type":"ListItem","@id":"https:\/\/ispirazionesportiva.com\/index.php\/category\/calcio\/i-miti-e-le-leggende-del-pallone\/#listItem","position":3,"name":"I miti e le leggende del pallone","item":"https:\/\/ispirazionesportiva.com\/index.php\/category\/calcio\/i-miti-e-le-leggende-del-pallone\/","nextItem":{"@type":"ListItem","@id":"https:\/\/ispirazionesportiva.com\/index.php\/2020\/08\/11\/quando-90-minuto-rese-litalia-calcistica-unita\/#listItem","name":"Quando 90\u00b0 Minuto rese l\u2019Italia calcistica unita"},"previousItem":{"@type":"ListItem","@id":"https:\/\/ispirazionesportiva.com\/index.php\/category\/calcio\/#listItem","name":"Calcio"}},{"@type":"ListItem","@id":"https:\/\/ispirazionesportiva.com\/index.php\/2020\/08\/11\/quando-90-minuto-rese-litalia-calcistica-unita\/#listItem","position":4,"name":"Quando 90\u00b0 Minuto rese l\u2019Italia calcistica unita","previousItem":{"@type":"ListItem","@id":"https:\/\/ispirazionesportiva.com\/index.php\/category\/calcio\/i-miti-e-le-leggende-del-pallone\/#listItem","name":"I miti e le leggende del pallone"}}]},{"@type":"Organization","@id":"https:\/\/ispirazionesportiva.com\/#organization","name":"IspirazioneSportiva.com","description":"Le storie sportive che emozionano","url":"https:\/\/ispirazionesportiva.com\/","logo":{"@type":"ImageObject","url":"https:\/\/i0.wp.com\/ispirazionesportiva.com\/wp-content\/uploads\/sites\/3\/2020\/09\/cropped-PHOTO-2020-09-16-08-47-03-e1600279086776-1.jpg?fit=500%2C230&ssl=1","@id":"https:\/\/ispirazionesportiva.com\/index.php\/2020\/08\/11\/quando-90-minuto-rese-litalia-calcistica-unita\/#organizationLogo","width":500,"height":230},"image":{"@id":"https:\/\/ispirazionesportiva.com\/index.php\/2020\/08\/11\/quando-90-minuto-rese-litalia-calcistica-unita\/#organizationLogo"}},{"@type":"Person","@id":"https:\/\/ispirazionesportiva.com\/index.php\/author\/supermariolemieux\/#author","url":"https:\/\/ispirazionesportiva.com\/index.php\/author\/supermariolemieux\/","name":"Francesco Fiori","image":{"@type":"ImageObject","@id":"https:\/\/ispirazionesportiva.com\/index.php\/2020\/08\/11\/quando-90-minuto-rese-litalia-calcistica-unita\/#authorImage","url":"https:\/\/secure.gravatar.com\/avatar\/beff881b593f312e866653a8c45295843e00b61ce1984ceaacd4e1709e4c1b57?s=96&d=mm&r=g","width":96,"height":96,"caption":"Francesco Fiori"}},{"@type":"WebPage","@id":"https:\/\/ispirazionesportiva.com\/index.php\/2020\/08\/11\/quando-90-minuto-rese-litalia-calcistica-unita\/#webpage","url":"https:\/\/ispirazionesportiva.com\/index.php\/2020\/08\/11\/quando-90-minuto-rese-litalia-calcistica-unita\/","name":"Quando 90\u00b0 Minuto rese l\u2019Italia calcistica unita - IspirazioneSportiva.com","description":"La nostalgia delle domeniche in cui la Serie A giocava contemporaneamente e per vedere i gol si aspettava Paolo Valenti e 90\u00b0Minuto Fonte: Gazzetta Fan News http:\/\/gazzettafannews.it\/calcio\/quando-90-minuto-rese-litalia-calcistica-unita\/ \u201cAmici sportivi, buon pomeriggio\u201c. Il sorriso bonario di Paolo Valenti apriva cos\u00ec 90\u00b0 Minuto e iniziava a far sognare un\u2019intera nazione calcistica. Chi ha avuto la fortuna di vivere quel calcio ancora oggi","inLanguage":"it-IT","isPartOf":{"@id":"https:\/\/ispirazionesportiva.com\/#website"},"breadcrumb":{"@id":"https:\/\/ispirazionesportiva.com\/index.php\/2020\/08\/11\/quando-90-minuto-rese-litalia-calcistica-unita\/#breadcrumblist"},"author":{"@id":"https:\/\/ispirazionesportiva.com\/index.php\/author\/supermariolemieux\/#author"},"creator":{"@id":"https:\/\/ispirazionesportiva.com\/index.php\/author\/supermariolemieux\/#author"},"image":{"@type":"ImageObject","url":"https:\/\/i0.wp.com\/ispirazionesportiva.com\/wp-content\/uploads\/sites\/3\/2020\/08\/3785401_0006_vale.jpg?fit=620%2C339&ssl=1","@id":"https:\/\/ispirazionesportiva.com\/index.php\/2020\/08\/11\/quando-90-minuto-rese-litalia-calcistica-unita\/#mainImage","width":620,"height":339},"primaryImageOfPage":{"@id":"https:\/\/ispirazionesportiva.com\/index.php\/2020\/08\/11\/quando-90-minuto-rese-litalia-calcistica-unita\/#mainImage"},"datePublished":"2020-08-11T08:44:36+02:00","dateModified":"2026-07-25T22:46:42+02:00"},{"@type":"WebSite","@id":"https:\/\/ispirazionesportiva.com\/#website","url":"https:\/\/ispirazionesportiva.com\/","name":"IspirazioneSportiva.com","description":"Le storie sportive che emozionano","inLanguage":"it-IT","publisher":{"@id":"https:\/\/ispirazionesportiva.com\/#organization"}}]},"og:locale":"it_IT","og:site_name":"IspirazioneSportiva.com - Le storie sportive che emozionano","og:type":"article","og:title":"Quando 90\u00b0 Minuto rese l\u2019Italia calcistica unita - IspirazioneSportiva.com","og:description":"La nostalgia delle domeniche in cui la Serie A giocava contemporaneamente e per vedere i gol si aspettava Paolo Valenti e 90\u00b0Minuto Fonte: Gazzetta Fan News http:\/\/gazzettafannews.it\/calcio\/quando-90-minuto-rese-litalia-calcistica-unita\/ \u201cAmici sportivi, buon pomeriggio\u201c. Il sorriso bonario di Paolo Valenti apriva cos\u00ec 90\u00b0 Minuto e iniziava a far sognare un\u2019intera nazione calcistica. Chi ha avuto la fortuna di vivere quel calcio ancora oggi","og:url":"https:\/\/ispirazionesportiva.com\/index.php\/2020\/08\/11\/quando-90-minuto-rese-litalia-calcistica-unita\/","og:image":"https:\/\/i0.wp.com\/ispirazionesportiva.com\/wp-content\/uploads\/sites\/3\/2020\/09\/cropped-PHOTO-2020-09-16-08-47-03-e1600279086776-1.jpg?fit=500%2C230&#038;ssl=1","og:image:secure_url":"https:\/\/i0.wp.com\/ispirazionesportiva.com\/wp-content\/uploads\/sites\/3\/2020\/09\/cropped-PHOTO-2020-09-16-08-47-03-e1600279086776-1.jpg?fit=500%2C230&#038;ssl=1","article:published_time":"2020-08-11T08:44:36+00:00","article:modified_time":"2026-07-25T20:46:42+00:00","twitter:card":"summary_large_image","twitter:title":"Quando 90\u00b0 Minuto rese l\u2019Italia calcistica unita - IspirazioneSportiva.com","twitter:description":"La nostalgia delle domeniche in cui la Serie A giocava contemporaneamente e per vedere i gol si aspettava Paolo Valenti e 90\u00b0Minuto Fonte: Gazzetta Fan News http:\/\/gazzettafannews.it\/calcio\/quando-90-minuto-rese-litalia-calcistica-unita\/ \u201cAmici sportivi, buon pomeriggio\u201c. Il sorriso bonario di Paolo Valenti apriva cos\u00ec 90\u00b0 Minuto e iniziava a far sognare un\u2019intera nazione calcistica. Chi ha avuto la fortuna di vivere quel calcio ancora oggi","twitter:image":"https:\/\/i0.wp.com\/ispirazionesportiva.com\/wp-content\/uploads\/sites\/3\/2020\/09\/cropped-PHOTO-2020-09-16-08-47-03-e1600279086776-1.jpg?fit=500%2C230&ssl=1"},"aioseo_meta_data":{"post_id":"441","title":null,"description":null,"keywords":null,"keyphrases":null,"primary_term":null,"canonical_url":null,"og_title":null,"og_description":null,"og_object_type":"default","og_image_type":"default","og_image_custom_url":null,"og_image_custom_fields":null,"og_image_url":null,"og_image_width":null,"og_image_height":null,"og_video":null,"og_custom_url":null,"og_article_section":null,"og_article_tags":null,"twitter_use_og":false,"twitter_card":"default","twitter_image_type":"default","twitter_image_custom_url":null,"twitter_image_custom_fields":null,"twitter_image_url":null,"twitter_title":null,"twitter_description":null,"schema_type":"default","schema_type_options":null,"schema":{"blockGraphs":[],"customGraphs":[],"default":{"data":{"Article":[],"Course":[],"Dataset":[],"FAQPage":[],"Movie":[],"Person":[],"Product":[],"ProductReview":[],"Car":[],"Recipe":[],"Service":[],"SoftwareApplication":[],"WebPage":[]},"graphName":"","isEnabled":true},"graphs":[]},"pillar_content":false,"robots_default":true,"robots_noindex":false,"robots_noarchive":false,"robots_nosnippet":false,"robots_nofollow":false,"robots_noimageindex":false,"robots_noodp":false,"robots_notranslate":false,"robots_max_snippet":null,"robots_max_videopreview":null,"robots_max_imagepreview":"large","priority":null,"frequency":null,"local_seo":null,"limit_modified_date":false,"ai":null,"breadcrumb_settings":null,"seo_analyzer_scan_date":null,"created":"2026-07-23 16:16:46","updated":"2026-07-26 09:33:49","focus_keyword":null,"additional_keywords":null,"truseo_locale":null},"aioseo_breadcrumb":"<div class=\"aioseo-breadcrumbs\"><span class=\"aioseo-breadcrumb\">\n\t\t\t<a href=\"https:\/\/ispirazionesportiva.com\" title=\"Home\">Home<\/a>\n\t\t<\/span><span class=\"aioseo-breadcrumb-separator\">&raquo;<\/span><span class=\"aioseo-breadcrumb\">\n\t\t\t<a href=\"https:\/\/ispirazionesportiva.com\/index.php\/category\/calcio\/\" title=\"Calcio\">Calcio<\/a>\n\t\t<\/span><span class=\"aioseo-breadcrumb-separator\">&raquo;<\/span><span class=\"aioseo-breadcrumb\">\n\t\t\t<a href=\"https:\/\/ispirazionesportiva.com\/index.php\/category\/calcio\/i-miti-e-le-leggende-del-pallone\/\" title=\"I miti e le leggende del pallone\">I miti e le leggende del pallone<\/a>\n\t\t<\/span><span class=\"aioseo-breadcrumb-separator\">&raquo;<\/span><span class=\"aioseo-breadcrumb\">\n\t\t\tQuando 90\u00b0 Minuto rese l\u2019Italia calcistica unita\n\t\t<\/span><\/div>","aioseo_breadcrumb_json":[{"label":"Home","link":"https:\/\/ispirazionesportiva.com"},{"label":"Calcio","link":"https:\/\/ispirazionesportiva.com\/index.php\/category\/calcio\/"},{"label":"I miti e le leggende del pallone","link":"https:\/\/ispirazionesportiva.com\/index.php\/category\/calcio\/i-miti-e-le-leggende-del-pallone\/"},{"label":"Quando 90\u00b0 Minuto rese l\u2019Italia calcistica unita","link":"https:\/\/ispirazionesportiva.com\/index.php\/2020\/08\/11\/quando-90-minuto-rese-litalia-calcistica-unita\/"}],"jetpack_publicize_connections":[],"jetpack_sharing_enabled":true,"jetpack_likes_enabled":true,"amp_enabled":true,"jetpack_featured_media_url":"https:\/\/i0.wp.com\/ispirazionesportiva.com\/wp-content\/uploads\/sites\/3\/2020\/08\/3785401_0006_vale.jpg?fit=620%2C339&ssl=1","_links":{"self":[{"href":"https:\/\/ispirazionesportiva.com\/index.php\/wp-json\/wp\/v2\/posts\/441","targetHints":{"allow":["GET"]}}],"collection":[{"href":"https:\/\/ispirazionesportiva.com\/index.php\/wp-json\/wp\/v2\/posts"}],"about":[{"href":"https:\/\/ispirazionesportiva.com\/index.php\/wp-json\/wp\/v2\/types\/post"}],"author":[{"embeddable":true,"href":"https:\/\/ispirazionesportiva.com\/index.php\/wp-json\/wp\/v2\/users\/5"}],"replies":[{"embeddable":true,"href":"https:\/\/ispirazionesportiva.com\/index.php\/wp-json\/wp\/v2\/comments?post=441"}],"version-history":[{"count":1,"href":"https:\/\/ispirazionesportiva.com\/index.php\/wp-json\/wp\/v2\/posts\/441\/revisions"}],"predecessor-version":[{"id":445,"href":"https:\/\/ispirazionesportiva.com\/index.php\/wp-json\/wp\/v2\/posts\/441\/revisions\/445"}],"wp:featuredmedia":[{"embeddable":true,"href":"https:\/\/ispirazionesportiva.com\/index.php\/wp-json\/wp\/v2\/media\/442"}],"wp:attachment":[{"href":"https:\/\/ispirazionesportiva.com\/index.php\/wp-json\/wp\/v2\/media?parent=441"}],"wp:term":[{"taxonomy":"category","embeddable":true,"href":"https:\/\/ispirazionesportiva.com\/index.php\/wp-json\/wp\/v2\/categories?post=441"},{"taxonomy":"post_tag","embeddable":true,"href":"https:\/\/ispirazionesportiva.com\/index.php\/wp-json\/wp\/v2\/tags?post=441"}],"curies":[{"name":"wp","href":"https:\/\/api.w.org\/{rel}","templated":true}]}}