{"id":439,"date":"2020-08-11T08:39:35","date_gmt":"2020-08-11T08:39:35","guid":{"rendered":"https:\/\/sportblog.codrotech.com\/?p=439"},"modified":"2023-12-03T20:10:46","modified_gmt":"2023-12-03T18:10:46","slug":"la-poesia-di-provenzali-un-mito-da-non-dimenticare","status":"publish","type":"post","link":"https:\/\/ispirazionesportiva.com\/index.php\/2020\/08\/11\/la-poesia-di-provenzali-un-mito-da-non-dimenticare\/","title":{"rendered":"La poesia di Provenzali, un mito da non dimenticare"},"content":{"rendered":"<p><strong><em>Il 13 luglio del 2012, nel giorno del suo 78esimo compleanno, si spegneva Alfredo Provenzali, l\u2019ultimo dei grandi vecchi, un mito da non dimenticare.<\/em><\/strong><\/p>\n<p><em>Chi sogna di imitarlo s\u00e0 che \u00e8 la cosa pi\u00f9 giusta del mondo. Chi ha ammirato e sognato con la sua voce, chi \u00e8 rimasto affascinato dalla dolcezza e dal raccontare quello che \u00e8 il mestiere pi\u00f9 bello del mondo, il radiocronista, sa che lui \u00e8 l\u2019esempio perfetto<\/em>.<\/p>\n<p><strong>Alfredo Provenzali<\/strong>\u00a0soleva iniziare i suoi collegamenti cos\u00ec: \u201c<em>Gentili ascoltatori buon pomeriggio dagli studi di Saxa Rubra di Radio 1 Rai<\/em>\u201c, quando raccolse il testimone da\u00a0<strong>Massimo De Luca<\/strong>\u00a0alla conduzione di Tutto il Calcio Minuto per Minuto nel 1992. Una carriera che molti definirebbero come quella di\u00a0<strong>Fiorenzo Magni<\/strong>, il terzo uomo che sfidava\u00a0<strong>Coppi<\/strong>\u00a0e\u00a0<strong>Bartali<\/strong>, mentre Provenzali apparteneva all\u2019epoca d\u2019oro del microfono italiano, con<strong>\u00a0Carosio<\/strong>,<strong>\u00a0Martellini<\/strong>,\u00a0<strong>Ciotti<\/strong>\u00a0e\u00a0<strong>Ameri<\/strong>. Il primo\u00a0<em>Tutto il Calcio<\/em>\u00a0aveva proprio in Ameri e Ciotti le prime voci, con Provenzali e\u00a0<strong>Ferretti<\/strong>\u00a0a completare il primo poker d\u2019assi, ma mai al mitico Alfredo \u00e8 stato un peso esser all\u2019ombra di due immortali.<\/p>\n<p>Anzi, ripeteva spesso che per lui era un pregio \u201c<em>essere pagato per un lavoro che altri avrebbero pagato per fare<\/em>\u201c, una passione nata quasi per caso, anticipando il servizio militare per togliersi il pensiero, arrivare come soldato semplice a Genova dove fare per tre mesi un corso che culmina con l\u2019incontro con\u00a0<strong>Cesare Viazzi<\/strong>, suo grande amico, che gli consigli\u00f2 di recarsi in Rai ove vi era la ricerca di collaboratori.<\/p>\n<p>Provenzali inizi\u00f2 con la cronaca nera e giudiziaria, la sua grande passione e molti non sanno che l\u2019ingresso nello sport \u00e8 legato ad un evento luttuoso. Ad Alfredo tocc\u00f2 rimpiazzare il collega\u00a0<strong>Nico Sapio<\/strong>,\u00a0<strong>perito nella tragedia aerea di Brema<\/strong>\u00a0dove mor\u00ec insieme alla Nazionale Italiana di nuoto del 1966, una delle squadre pi\u00f9 forti dell\u2019epoca, secondo grande lutto dopo la tragedia di Superga del 1949. Tutto il Calcio era qualcosa di magico, come lo \u00e8 tuttora nonostante il calcio giocato in pi\u00f9 giorni, ma negli anni 60 era semplicemente l\u2019Italia, con le famiglie che si riuniva come da rito a sognare il pallone e farlo con le voci dei radiocronisti.<\/p>\n<p>Non solo pallone per\u00f2, ma anche\u00a0<strong>pallanuoto<\/strong>\u00a0dopo averla praticata,\u00a0 (<em>Provenzali fu anche campione italiano<\/em>),\u00a0<strong>Giro d\u2019Italia<\/strong>\u00a0e\u00a0<strong>Giochi<\/strong>\u00a0<strong>Olimpici<\/strong>, il tutto con una voce gentile e melodiosa, che appassionava chiunque, risultando mai banale e unico nello stile.<\/p>\n<p>Apriva e chiudeva le ultime edizioni di Tutto il Calcio Minuto per Minuto e chi lo venerava trovava nelle parole di chiusura sempre una parola che racchiudeva un calcio romantico e non urlato, una sorta di \u201c<em>vecchietto<\/em>\u201d cui stringeresti forte per farti forza.<\/p>\n<p><strong>Non pranzava mai prima delle partite<\/strong>\u00a0Alfredo, perch\u00e9 intimorito che qualcosa potesse provocargli improvvisi disturbi, in una meticolosit\u00e0 da esordiente, dove uno pensa che ha una sola possibilit\u00e0 per far bene, leggendo ogni giornale e prendendo qualsiasi appunto.<\/p>\n<p>In ogni stadio veniva accolto con signorilit\u00e0, come ricordano i colleghi, perch\u00e9 oltre al giornalista riconoscevano le grandi, immense doti umane e una grande passione per raccontare lo sport.<\/p>\n<p>\u201c<em>Adesso siamo arrivati alla conclusione dell\u2019odierna puntata di Tutto il Calcio Minuto per Minuto, agli ascoltatori l\u2019invito di restare con noi, a tutti coloro che ci hanno seguito, grazie per l\u2019attenzione<\/em>\u201d narrava la voce gi\u00e0 sofferente per la malattia di Provenzali nel suo ultimo saluto ai microfoni il\u00a0<strong>2 maggio 2012<\/strong>, prima di spegnersi nel giorno del suo compleanno, avvolto dall\u2019affetto della sua Sampdoria ma sopratutto da chi, in lui, ha amato la sua professione e la sua voce, in un mito che mai deve essere dimenticato. Davanti al feretro, in quel triste giorno del 2012 uno striscione: \u201c<em>Grazie Alfredo, voce di quel calcio che ci ha fatto innamorare<\/em>\u201c. Mai tributo fu pi\u00f9 giusto.<\/p>\n<p style=\"text-align: right;\"><em>Francesco Fiori<\/em><\/p>\n<p style=\"text-align: right;\"><em>Fonte: Gazzetta Fan News<\/em><\/p>\n","protected":false},"excerpt":{"rendered":"<p>Il 13 luglio del 2012, nel giorno del suo 78esimo compleanno, si spegneva Alfredo Provenzali,&#8230;<\/p>\n","protected":false},"author":4,"featured_media":288,"comment_status":"closed","ping_status":"closed","sticky":false,"template":"","format":"standard","meta":{"footnotes":""},"categories":[5,206],"tags":[],"class_list":["post-439","post","type-post","status-publish","format-standard","has-post-thumbnail","hentry","category-calcio","category-i-miti-e-le-leggende-del-pallone"],"yoast_head":"<!-- This site is optimized with the Yoast SEO plugin v21.9 - https:\/\/yoast.com\/wordpress\/plugins\/seo\/ -->\n<title>La poesia di Provenzali, un mito da non dimenticare - IspirazioneSportiva.com<\/title>\n<meta name=\"robots\" content=\"index, follow, max-snippet:-1, max-image-preview:large, max-video-preview:-1\" \/>\n<link rel=\"canonical\" href=\"https:\/\/ispirazionesportiva.com\/index.php\/2020\/08\/11\/la-poesia-di-provenzali-un-mito-da-non-dimenticare\/\" \/>\n<meta property=\"og:locale\" content=\"it_IT\" \/>\n<meta property=\"og:type\" content=\"article\" \/>\n<meta property=\"og:title\" content=\"La poesia di Provenzali, un mito da non dimenticare - IspirazioneSportiva.com\" \/>\n<meta property=\"og:description\" content=\"Il 13 luglio del 2012, nel giorno del suo 78esimo compleanno, si spegneva Alfredo Provenzali,...\" \/>\n<meta property=\"og:url\" content=\"https:\/\/ispirazionesportiva.com\/index.php\/2020\/08\/11\/la-poesia-di-provenzali-un-mito-da-non-dimenticare\/\" \/>\n<meta property=\"og:site_name\" content=\"IspirazioneSportiva.com\" \/>\n<meta property=\"article:publisher\" content=\"https:\/\/www.facebook.com\/search\/top\/?q=ispirazionesportiva.com\" \/>\n<meta property=\"article:author\" content=\"https:\/\/www.facebook.com\/supermariolemieux\/\" \/>\n<meta property=\"article:published_time\" content=\"2020-08-11T08:39:35+00:00\" \/>\n<meta property=\"article:modified_time\" content=\"2023-12-03T18:10:46+00:00\" \/>\n<meta property=\"og:image\" content=\"https:\/\/ispirazionesportiva.com\/wp-content\/uploads\/2020\/05\/provenzali2flash_2837688_308200.jpg\" \/>\n\t<meta property=\"og:image:width\" content=\"635\" \/>\n\t<meta property=\"og:image:height\" content=\"445\" \/>\n\t<meta property=\"og:image:type\" content=\"image\/jpeg\" \/>\n<meta name=\"author\" content=\"Francesco Fiori\" \/>\n<meta name=\"twitter:card\" content=\"summary_large_image\" \/>\n<meta name=\"twitter:creator\" content=\"@frafiori21\" \/>\n<meta name=\"twitter:site\" content=\"@FraFiori21\" \/>\n<meta name=\"twitter:label1\" content=\"Scritto da\" \/>\n\t<meta name=\"twitter:data1\" content=\"Francesco Fiori\" \/>\n\t<meta name=\"twitter:label2\" content=\"Tempo di lettura stimato\" \/>\n\t<meta name=\"twitter:data2\" content=\"4 minuti\" \/>\n<script type=\"application\/ld+json\" class=\"yoast-schema-graph\">{\"@context\":\"https:\/\/schema.org\",\"@graph\":[{\"@type\":\"Article\",\"@id\":\"https:\/\/ispirazionesportiva.com\/index.php\/2020\/08\/11\/la-poesia-di-provenzali-un-mito-da-non-dimenticare\/#article\",\"isPartOf\":{\"@id\":\"https:\/\/ispirazionesportiva.com\/index.php\/2020\/08\/11\/la-poesia-di-provenzali-un-mito-da-non-dimenticare\/\"},\"author\":{\"name\":\"Francesco Fiori\",\"@id\":\"https:\/\/ispirazionesportiva.com\/#\/schema\/person\/7288fdedc9108918baa7bb22bab31fb7\"},\"headline\":\"La poesia di Provenzali, un mito da non dimenticare\",\"datePublished\":\"2020-08-11T08:39:35+00:00\",\"dateModified\":\"2023-12-03T18:10:46+00:00\",\"mainEntityOfPage\":{\"@id\":\"https:\/\/ispirazionesportiva.com\/index.php\/2020\/08\/11\/la-poesia-di-provenzali-un-mito-da-non-dimenticare\/\"},\"wordCount\":639,\"publisher\":{\"@id\":\"https:\/\/ispirazionesportiva.com\/#organization\"},\"articleSection\":[\"Calcio\",\"I miti e le leggende del pallone\"],\"inLanguage\":\"it-IT\"},{\"@type\":\"WebPage\",\"@id\":\"https:\/\/ispirazionesportiva.com\/index.php\/2020\/08\/11\/la-poesia-di-provenzali-un-mito-da-non-dimenticare\/\",\"url\":\"https:\/\/ispirazionesportiva.com\/index.php\/2020\/08\/11\/la-poesia-di-provenzali-un-mito-da-non-dimenticare\/\",\"name\":\"La poesia di Provenzali, un mito da non dimenticare - IspirazioneSportiva.com\",\"isPartOf\":{\"@id\":\"https:\/\/ispirazionesportiva.com\/#website\"},\"datePublished\":\"2020-08-11T08:39:35+00:00\",\"dateModified\":\"2023-12-03T18:10:46+00:00\",\"breadcrumb\":{\"@id\":\"https:\/\/ispirazionesportiva.com\/index.php\/2020\/08\/11\/la-poesia-di-provenzali-un-mito-da-non-dimenticare\/#breadcrumb\"},\"inLanguage\":\"it-IT\",\"potentialAction\":[{\"@type\":\"ReadAction\",\"target\":[\"https:\/\/ispirazionesportiva.com\/index.php\/2020\/08\/11\/la-poesia-di-provenzali-un-mito-da-non-dimenticare\/\"]}]},{\"@type\":\"BreadcrumbList\",\"@id\":\"https:\/\/ispirazionesportiva.com\/index.php\/2020\/08\/11\/la-poesia-di-provenzali-un-mito-da-non-dimenticare\/#breadcrumb\",\"itemListElement\":[{\"@type\":\"ListItem\",\"position\":1,\"name\":\"Home\",\"item\":\"https:\/\/ispirazionesportiva.com\/\"},{\"@type\":\"ListItem\",\"position\":2,\"name\":\"La poesia di Provenzali, un mito da non dimenticare\"}]},{\"@type\":\"WebSite\",\"@id\":\"https:\/\/ispirazionesportiva.com\/#website\",\"url\":\"https:\/\/ispirazionesportiva.com\/\",\"name\":\"IspirazioneSportiva.com\",\"description\":\"Le storie sportive che emozionano\",\"publisher\":{\"@id\":\"https:\/\/ispirazionesportiva.com\/#organization\"},\"potentialAction\":[{\"@type\":\"SearchAction\",\"target\":{\"@type\":\"EntryPoint\",\"urlTemplate\":\"https:\/\/ispirazionesportiva.com\/?s={search_term_string}\"},\"query-input\":\"required name=search_term_string\"}],\"inLanguage\":\"it-IT\"},{\"@type\":\"Organization\",\"@id\":\"https:\/\/ispirazionesportiva.com\/#organization\",\"name\":\"ispirazionesportiva.com\",\"url\":\"https:\/\/ispirazionesportiva.com\/\",\"logo\":{\"@type\":\"ImageObject\",\"inLanguage\":\"it-IT\",\"@id\":\"https:\/\/ispirazionesportiva.com\/#\/schema\/logo\/image\/\",\"url\":\"https:\/\/ispirazionesportiva.com\/wp-content\/uploads\/2020\/08\/1589964388149.jpg\",\"contentUrl\":\"https:\/\/ispirazionesportiva.com\/wp-content\/uploads\/2020\/08\/1589964388149.jpg\",\"width\":980,\"height\":600,\"caption\":\"ispirazionesportiva.com\"},\"image\":{\"@id\":\"https:\/\/ispirazionesportiva.com\/#\/schema\/logo\/image\/\"},\"sameAs\":[\"https:\/\/www.facebook.com\/search\/top\/?q=ispirazionesportiva.com\",\"https:\/\/twitter.com\/FraFiori21\",\"https:\/\/www.instagram.com\/ispirazione_sportiva\/?hl=it\",\"https:\/\/www.linkedin.com\/in\/mario-francesco-fiori-8788ba1b4\/\"]},{\"@type\":\"Person\",\"@id\":\"https:\/\/ispirazionesportiva.com\/#\/schema\/person\/7288fdedc9108918baa7bb22bab31fb7\",\"name\":\"Francesco Fiori\",\"image\":{\"@type\":\"ImageObject\",\"inLanguage\":\"it-IT\",\"@id\":\"https:\/\/ispirazionesportiva.com\/#\/schema\/person\/image\/\",\"url\":\"https:\/\/secure.gravatar.com\/avatar\/beff881b593f312e866653a8c45295843e00b61ce1984ceaacd4e1709e4c1b57?s=96&d=mm&r=g\",\"contentUrl\":\"https:\/\/secure.gravatar.com\/avatar\/beff881b593f312e866653a8c45295843e00b61ce1984ceaacd4e1709e4c1b57?s=96&d=mm&r=g\",\"caption\":\"Francesco Fiori\"},\"description\":\"Francesco Fiori \u00e8 un giornalista sardo, classe 1983, con la passione per il racconto dello sport. Di tutto lo sport. Aveva 6 anni quando, sicuramente errore o destino, ebbe in regalo una semplice radio, senza pensare alle conseguenze successive del pianeta sportivo. Una domenica, finiti i compiti, giocando con quel mezzo, capt\u00f2 la voce roca di Sandro Ciotti. Aveva appena scoperto l\u2019esistenza di Tutto il calcio minuto per minuto. La prima sfida arriva nella stagione calcistica 90\/91, quando lo zio, incredibile giornalista locale, gli diede come compito raccontare la giornata calcistica appena conclusa. Quel tema, ad appena 7 anni, risult\u00f2 migliore rispetto alle tabelline, mai entrate volentieri in testa. Il premio fu la presenza alla gara di cartello della squadra del suo paese, il Ploaghe, due settimane pi\u00f9 tardi. Destino volle che la morte prese suo zio proprio il mercoled\u00ec prima, innescando in Fiori la voglia di diventare giornalista. A scuola alla domanda \u201cHai solo il calcio in testa?\u201d rispondeva \u201cNo, anche il ciclismo\u201d e gli anni di partite contemporanee la domenica e di Tele +2 col calcio estero crearono un piccolo \u201cpsicopatico sportivo\u201d. Tra gli sport di cui si innamora c\u2019\u00e8 l\u2019hockey americano, soprattutto nella mitologica figura di Mario Lemieux. Poco prima della morte del padre, nel febbraio 2001, Fiori trova su La Gazzetta dello Sport proprio un trafiletto con scritto del ritorno sul ghiaccio di Lemieux dopo aver sconfitto una forma tumorale e un ritiro di 3 anni. Da l\u00ec altra promessa, qualora arrivi la possibilit\u00e0 di scrivere un articolo, questo sar\u00e0 su Lemieux il Magnifico. Diventato ragioniere capisce immediatamente che iva e fatture sono molto pi\u00f9 noiose del previsto e la prima collaborazione col giornale \u201cSa Bovida\u201d gli fanno capire le regole basi del giornalismo, cosa che Fiori ignorava ma che rispettava, chiedendo solo la possibilit\u00e0 di scrivere e far colpo. Chiusa la parentesi Sa Bovida per problemi logistici e di salute dell\u2019immenso Antonio Delitala ecco il primo reale colpo di fulmine, il sito di hockey Nhl Playitusa che non ha un articolo su Lemieux. Il direttore, con una mail che Fiori ancora oggi custodisce, risponde: \u201cBeh, perch\u00e9 non provi a scriverne uno tu?\u201d Il resto \u00e8 la storia scritta al pc dopo averne scritto 5 pagine in un quadernone a quadretti. Un cambio di lavoro, non per sua volont\u00e0, spariglia le carte in tavola, col ragazzo che stando fuori casa tutto il tempo deve abbandonare la scrittura, ma peggio ancora va col primo di 3 ictus che colpiscono la mamma proprio in quel periodo. Tempo al tempo e con un altro cambio di lavoro ecco l\u2019opzione che lo colpisce, scrivere della sua amata Inter sul sito SpazioInter. Gli inizi sono complicati, scrivere secondo le regole e non avere carta bianca lo bloccano un pochino, fino all\u2019esplosione che nel sito si chiama Live. Il Live sarebbe il racconto, minuto per minuto e in contemporanea, della partita in tv e a Fiori tocca esordire con Milan-Inter. Quella sera il divertimento raggiunge le stelle, anzi, le supera e da quel momento l\u2019impegno \u00e8 triplo, con le perle di interviste a Sandro Mazzola (che risate), Gigi Simoni (che gentilezza) e Riccardo Cucchi, suo idolo radiofonico. Il tesserino da giornalista gli fa mantenere la parola data a 6 anni e ancor pi\u00f9 sorprendente \u00e8 la proposta di essere addetto stampa proprio della squadra locale, andare a vedere quelle partite che il destino gli negarono nel 1991. Si chiede spesso se sia il destino a far scherzi oppure se semplicemente la vita va accettata per quella che \u00e8. Il 30 gennaio 2021, dopo un ricovero di un mese con tutte le aggravanti possibili, in ospedale viene a mancare la mamma di Francesco. Il colpo \u00e8 brutale. Il conto \u00e8 pesantissimo, la mente lontana, lo scrivere, anche solo un piccolo pensiero sulla giornata calcistica, \u00e8 di una difficolt\u00e0 che ad oggi \u00e8 ancora lontana dall'essere superata. Il resto \u00e8 storia o noia, dipende da che parte si vuol vedere, dagli articoli su Gazzetta Fan News al raccontare qualsiasi sport, perch\u00e9 per Fiori ogni sport ha un suo eroe e perch\u00e9 ora, con IspirazioneSportiva.com, sar\u00e0 ancor pi\u00f9 spettacolare dar libero sfogo a qualsiasi ispirazione, come dice il nome e come gli ha insegnato Riccardo Cucchi: \u201cNella vita mai smettere di sognare!\u201d. Anzi, scusate il ritardo! Mail: fcroda@yahoo.it Fb: supermariolemieux pec: francesco.fiori@pecgiornalisti.it\",\"sameAs\":[\"https:\/\/www.facebook.com\/supermariolemieux\/\",\"https:\/\/www.instagram.com\/francescofiori12\/\",\"https:\/\/www.linkedin.com\/in\/francesco-fiori-b45614176\/\",\"https:\/\/twitter.com\/frafiori21\"],\"url\":\"https:\/\/ispirazionesportiva.com\/index.php\/author\/supermariolemieux\/\"}]}<\/script>\n<!-- \/ Yoast SEO plugin. -->","yoast_head_json":{"title":"La poesia di Provenzali, un mito da non dimenticare - IspirazioneSportiva.com","robots":{"index":"index","follow":"follow","max-snippet":"max-snippet:-1","max-image-preview":"max-image-preview:large","max-video-preview":"max-video-preview:-1"},"canonical":"https:\/\/ispirazionesportiva.com\/index.php\/2020\/08\/11\/la-poesia-di-provenzali-un-mito-da-non-dimenticare\/","og_locale":"it_IT","og_type":"article","og_title":"La poesia di Provenzali, un mito da non dimenticare - IspirazioneSportiva.com","og_description":"Il 13 luglio del 2012, nel giorno del suo 78esimo compleanno, si spegneva Alfredo Provenzali,...","og_url":"https:\/\/ispirazionesportiva.com\/index.php\/2020\/08\/11\/la-poesia-di-provenzali-un-mito-da-non-dimenticare\/","og_site_name":"IspirazioneSportiva.com","article_publisher":"https:\/\/www.facebook.com\/search\/top\/?q=ispirazionesportiva.com","article_author":"https:\/\/www.facebook.com\/supermariolemieux\/","article_published_time":"2020-08-11T08:39:35+00:00","article_modified_time":"2023-12-03T18:10:46+00:00","og_image":[{"width":635,"height":445,"url":"https:\/\/ispirazionesportiva.com\/wp-content\/uploads\/2020\/05\/provenzali2flash_2837688_308200.jpg","type":"image\/jpeg"}],"author":"Francesco Fiori","twitter_card":"summary_large_image","twitter_creator":"@frafiori21","twitter_site":"@FraFiori21","twitter_misc":{"Scritto da":"Francesco Fiori","Tempo di lettura stimato":"4 minuti"},"schema":{"@context":"https:\/\/schema.org","@graph":[{"@type":"Article","@id":"https:\/\/ispirazionesportiva.com\/index.php\/2020\/08\/11\/la-poesia-di-provenzali-un-mito-da-non-dimenticare\/#article","isPartOf":{"@id":"https:\/\/ispirazionesportiva.com\/index.php\/2020\/08\/11\/la-poesia-di-provenzali-un-mito-da-non-dimenticare\/"},"author":{"name":"Francesco Fiori","@id":"https:\/\/ispirazionesportiva.com\/#\/schema\/person\/7288fdedc9108918baa7bb22bab31fb7"},"headline":"La poesia di Provenzali, un mito da non dimenticare","datePublished":"2020-08-11T08:39:35+00:00","dateModified":"2023-12-03T18:10:46+00:00","mainEntityOfPage":{"@id":"https:\/\/ispirazionesportiva.com\/index.php\/2020\/08\/11\/la-poesia-di-provenzali-un-mito-da-non-dimenticare\/"},"wordCount":639,"publisher":{"@id":"https:\/\/ispirazionesportiva.com\/#organization"},"articleSection":["Calcio","I miti e le leggende del pallone"],"inLanguage":"it-IT"},{"@type":"WebPage","@id":"https:\/\/ispirazionesportiva.com\/index.php\/2020\/08\/11\/la-poesia-di-provenzali-un-mito-da-non-dimenticare\/","url":"https:\/\/ispirazionesportiva.com\/index.php\/2020\/08\/11\/la-poesia-di-provenzali-un-mito-da-non-dimenticare\/","name":"La poesia di Provenzali, un mito da non dimenticare - IspirazioneSportiva.com","isPartOf":{"@id":"https:\/\/ispirazionesportiva.com\/#website"},"datePublished":"2020-08-11T08:39:35+00:00","dateModified":"2023-12-03T18:10:46+00:00","breadcrumb":{"@id":"https:\/\/ispirazionesportiva.com\/index.php\/2020\/08\/11\/la-poesia-di-provenzali-un-mito-da-non-dimenticare\/#breadcrumb"},"inLanguage":"it-IT","potentialAction":[{"@type":"ReadAction","target":["https:\/\/ispirazionesportiva.com\/index.php\/2020\/08\/11\/la-poesia-di-provenzali-un-mito-da-non-dimenticare\/"]}]},{"@type":"BreadcrumbList","@id":"https:\/\/ispirazionesportiva.com\/index.php\/2020\/08\/11\/la-poesia-di-provenzali-un-mito-da-non-dimenticare\/#breadcrumb","itemListElement":[{"@type":"ListItem","position":1,"name":"Home","item":"https:\/\/ispirazionesportiva.com\/"},{"@type":"ListItem","position":2,"name":"La poesia di Provenzali, un mito da non dimenticare"}]},{"@type":"WebSite","@id":"https:\/\/ispirazionesportiva.com\/#website","url":"https:\/\/ispirazionesportiva.com\/","name":"IspirazioneSportiva.com","description":"Le storie sportive che emozionano","publisher":{"@id":"https:\/\/ispirazionesportiva.com\/#organization"},"potentialAction":[{"@type":"SearchAction","target":{"@type":"EntryPoint","urlTemplate":"https:\/\/ispirazionesportiva.com\/?s={search_term_string}"},"query-input":"required name=search_term_string"}],"inLanguage":"it-IT"},{"@type":"Organization","@id":"https:\/\/ispirazionesportiva.com\/#organization","name":"ispirazionesportiva.com","url":"https:\/\/ispirazionesportiva.com\/","logo":{"@type":"ImageObject","inLanguage":"it-IT","@id":"https:\/\/ispirazionesportiva.com\/#\/schema\/logo\/image\/","url":"https:\/\/ispirazionesportiva.com\/wp-content\/uploads\/2020\/08\/1589964388149.jpg","contentUrl":"https:\/\/ispirazionesportiva.com\/wp-content\/uploads\/2020\/08\/1589964388149.jpg","width":980,"height":600,"caption":"ispirazionesportiva.com"},"image":{"@id":"https:\/\/ispirazionesportiva.com\/#\/schema\/logo\/image\/"},"sameAs":["https:\/\/www.facebook.com\/search\/top\/?q=ispirazionesportiva.com","https:\/\/twitter.com\/FraFiori21","https:\/\/www.instagram.com\/ispirazione_sportiva\/?hl=it","https:\/\/www.linkedin.com\/in\/mario-francesco-fiori-8788ba1b4\/"]},{"@type":"Person","@id":"https:\/\/ispirazionesportiva.com\/#\/schema\/person\/7288fdedc9108918baa7bb22bab31fb7","name":"Francesco Fiori","image":{"@type":"ImageObject","inLanguage":"it-IT","@id":"https:\/\/ispirazionesportiva.com\/#\/schema\/person\/image\/","url":"https:\/\/secure.gravatar.com\/avatar\/beff881b593f312e866653a8c45295843e00b61ce1984ceaacd4e1709e4c1b57?s=96&d=mm&r=g","contentUrl":"https:\/\/secure.gravatar.com\/avatar\/beff881b593f312e866653a8c45295843e00b61ce1984ceaacd4e1709e4c1b57?s=96&d=mm&r=g","caption":"Francesco Fiori"},"description":"Francesco Fiori \u00e8 un giornalista sardo, classe 1983, con la passione per il racconto dello sport. Di tutto lo sport. Aveva 6 anni quando, sicuramente errore o destino, ebbe in regalo una semplice radio, senza pensare alle conseguenze successive del pianeta sportivo. Una domenica, finiti i compiti, giocando con quel mezzo, capt\u00f2 la voce roca di Sandro Ciotti. Aveva appena scoperto l\u2019esistenza di Tutto il calcio minuto per minuto. La prima sfida arriva nella stagione calcistica 90\/91, quando lo zio, incredibile giornalista locale, gli diede come compito raccontare la giornata calcistica appena conclusa. Quel tema, ad appena 7 anni, risult\u00f2 migliore rispetto alle tabelline, mai entrate volentieri in testa. Il premio fu la presenza alla gara di cartello della squadra del suo paese, il Ploaghe, due settimane pi\u00f9 tardi. Destino volle che la morte prese suo zio proprio il mercoled\u00ec prima, innescando in Fiori la voglia di diventare giornalista. A scuola alla domanda \u201cHai solo il calcio in testa?\u201d rispondeva \u201cNo, anche il ciclismo\u201d e gli anni di partite contemporanee la domenica e di Tele +2 col calcio estero crearono un piccolo \u201cpsicopatico sportivo\u201d. Tra gli sport di cui si innamora c\u2019\u00e8 l\u2019hockey americano, soprattutto nella mitologica figura di Mario Lemieux. Poco prima della morte del padre, nel febbraio 2001, Fiori trova su La Gazzetta dello Sport proprio un trafiletto con scritto del ritorno sul ghiaccio di Lemieux dopo aver sconfitto una forma tumorale e un ritiro di 3 anni. Da l\u00ec altra promessa, qualora arrivi la possibilit\u00e0 di scrivere un articolo, questo sar\u00e0 su Lemieux il Magnifico. Diventato ragioniere capisce immediatamente che iva e fatture sono molto pi\u00f9 noiose del previsto e la prima collaborazione col giornale \u201cSa Bovida\u201d gli fanno capire le regole basi del giornalismo, cosa che Fiori ignorava ma che rispettava, chiedendo solo la possibilit\u00e0 di scrivere e far colpo. Chiusa la parentesi Sa Bovida per problemi logistici e di salute dell\u2019immenso Antonio Delitala ecco il primo reale colpo di fulmine, il sito di hockey Nhl Playitusa che non ha un articolo su Lemieux. Il direttore, con una mail che Fiori ancora oggi custodisce, risponde: \u201cBeh, perch\u00e9 non provi a scriverne uno tu?\u201d Il resto \u00e8 la storia scritta al pc dopo averne scritto 5 pagine in un quadernone a quadretti. Un cambio di lavoro, non per sua volont\u00e0, spariglia le carte in tavola, col ragazzo che stando fuori casa tutto il tempo deve abbandonare la scrittura, ma peggio ancora va col primo di 3 ictus che colpiscono la mamma proprio in quel periodo. Tempo al tempo e con un altro cambio di lavoro ecco l\u2019opzione che lo colpisce, scrivere della sua amata Inter sul sito SpazioInter. Gli inizi sono complicati, scrivere secondo le regole e non avere carta bianca lo bloccano un pochino, fino all\u2019esplosione che nel sito si chiama Live. Il Live sarebbe il racconto, minuto per minuto e in contemporanea, della partita in tv e a Fiori tocca esordire con Milan-Inter. Quella sera il divertimento raggiunge le stelle, anzi, le supera e da quel momento l\u2019impegno \u00e8 triplo, con le perle di interviste a Sandro Mazzola (che risate), Gigi Simoni (che gentilezza) e Riccardo Cucchi, suo idolo radiofonico. Il tesserino da giornalista gli fa mantenere la parola data a 6 anni e ancor pi\u00f9 sorprendente \u00e8 la proposta di essere addetto stampa proprio della squadra locale, andare a vedere quelle partite che il destino gli negarono nel 1991. Si chiede spesso se sia il destino a far scherzi oppure se semplicemente la vita va accettata per quella che \u00e8. Il 30 gennaio 2021, dopo un ricovero di un mese con tutte le aggravanti possibili, in ospedale viene a mancare la mamma di Francesco. Il colpo \u00e8 brutale. Il conto \u00e8 pesantissimo, la mente lontana, lo scrivere, anche solo un piccolo pensiero sulla giornata calcistica, \u00e8 di una difficolt\u00e0 che ad oggi \u00e8 ancora lontana dall'essere superata. Il resto \u00e8 storia o noia, dipende da che parte si vuol vedere, dagli articoli su Gazzetta Fan News al raccontare qualsiasi sport, perch\u00e9 per Fiori ogni sport ha un suo eroe e perch\u00e9 ora, con IspirazioneSportiva.com, sar\u00e0 ancor pi\u00f9 spettacolare dar libero sfogo a qualsiasi ispirazione, come dice il nome e come gli ha insegnato Riccardo Cucchi: \u201cNella vita mai smettere di sognare!\u201d. Anzi, scusate il ritardo! Mail: fcroda@yahoo.it Fb: supermariolemieux pec: francesco.fiori@pecgiornalisti.it","sameAs":["https:\/\/www.facebook.com\/supermariolemieux\/","https:\/\/www.instagram.com\/francescofiori12\/","https:\/\/www.linkedin.com\/in\/francesco-fiori-b45614176\/","https:\/\/twitter.com\/frafiori21"],"url":"https:\/\/ispirazionesportiva.com\/index.php\/author\/supermariolemieux\/"}]}},"_links":{"self":[{"href":"https:\/\/ispirazionesportiva.com\/index.php\/wp-json\/wp\/v2\/posts\/439","targetHints":{"allow":["GET"]}}],"collection":[{"href":"https:\/\/ispirazionesportiva.com\/index.php\/wp-json\/wp\/v2\/posts"}],"about":[{"href":"https:\/\/ispirazionesportiva.com\/index.php\/wp-json\/wp\/v2\/types\/post"}],"author":[{"embeddable":true,"href":"https:\/\/ispirazionesportiva.com\/index.php\/wp-json\/wp\/v2\/users\/4"}],"replies":[{"embeddable":true,"href":"https:\/\/ispirazionesportiva.com\/index.php\/wp-json\/wp\/v2\/comments?post=439"}],"version-history":[{"count":3,"href":"https:\/\/ispirazionesportiva.com\/index.php\/wp-json\/wp\/v2\/posts\/439\/revisions"}],"predecessor-version":[{"id":2273,"href":"https:\/\/ispirazionesportiva.com\/index.php\/wp-json\/wp\/v2\/posts\/439\/revisions\/2273"}],"wp:featuredmedia":[{"embeddable":true,"href":"https:\/\/ispirazionesportiva.com\/index.php\/wp-json\/wp\/v2\/media\/288"}],"wp:attachment":[{"href":"https:\/\/ispirazionesportiva.com\/index.php\/wp-json\/wp\/v2\/media?parent=439"}],"wp:term":[{"taxonomy":"category","embeddable":true,"href":"https:\/\/ispirazionesportiva.com\/index.php\/wp-json\/wp\/v2\/categories?post=439"},{"taxonomy":"post_tag","embeddable":true,"href":"https:\/\/ispirazionesportiva.com\/index.php\/wp-json\/wp\/v2\/tags?post=439"}],"curies":[{"name":"wp","href":"https:\/\/api.w.org\/{rel}","templated":true}]}}