{"id":436,"date":"2020-08-11T08:37:15","date_gmt":"2020-08-11T08:37:15","guid":{"rendered":"https:\/\/sportblog.codrotech.com\/?p=436"},"modified":"2023-12-03T20:09:50","modified_gmt":"2023-12-03T18:09:50","slug":"ode-al-centrocampista-ruolo-nobile-del-calcio","status":"publish","type":"post","link":"https:\/\/ispirazionesportiva.com\/index.php\/2020\/08\/11\/ode-al-centrocampista-ruolo-nobile-del-calcio\/","title":{"rendered":"Ode al centrocampista, ruolo nobile del calcio"},"content":{"rendered":"<p>Narra la leggenda che in un intervallo di una partita della Juve Gianni Agnelli\u00a0rimprover\u00f2 niente meno che\u00a0<strong>Michel Platini<\/strong>, sorpreso a fumare una sigaretta con risposta elegante nel francese: \u201c<em>Avvocato, sarei pi\u00f9 preoccupato se fumasse\u00a0<strong>Bonini\u00a0<\/strong>che deve correre anche per me<\/em>\u201c.<\/p>\n<p>Ecco, Bonini e Platini sono agli antipodi del mestiere di centrocampista,\u00a0<strong>uno che porta le borracce<\/strong>, che corre per tre e l\u2019altro che\u00a0<strong>segna o fa segnare\u00a0<\/strong>gli attaccanti a sua disposizione.<\/p>\n<p>Entrambi i ruoli hanno consegnato al calcio mondiale stelle di prim\u2019ordine, partendo dai grandi registi di una volta, vedi\u00a0<strong>Gerson\u00a0<\/strong>nel Brasile 1970, a<strong>\u00a0Falcao<\/strong>\u00a0re di Roma negli anni 80, passando poi per\u00a0<strong>Rijkaard<\/strong>\u00a0e<strong>\u00a0Paulo Sousa\u00a0<\/strong>negli anni 90 arrivando agli\u00a0<strong>Xavi<\/strong>,\u00a0<strong>Iniesta\u00a0<\/strong>(anche esterno in un tridente d\u2019attacco all\u2019occorrenza) dei giorni nostri.<\/p>\n<p>Nelle narrazioni giornalistiche spesso i titoli vengono dati ai portieri che non subiscono gol o agli attaccanti che li segnano, ma il ruolo di centrocampista, titolo nobile in campo, \u00e8 fondamentale per costruire il successo di una squadra di calcio.<\/p>\n<p>Nell\u2019Inter \u00e8 stata dedicata anche una canzone al mediano per eccellenza,\u00a0<strong>Lele Oriali<\/strong>, che correva per l\u2019intero reparto e nel calcio di fine anni 90 il colpo da maestro fu ad esempio della Juve che ingaggi\u00f2<strong>\u00a0Edgar Davids<\/strong>\u00a0che da cagnolino al Milan ritorn\u00f2 pitbull e fu decisivo nello scudetto 97\/98.<\/p>\n<p>In quegli anni\u00a0<strong>sbagli\u00f2 l\u2019Inter nell\u2019acquisto di Vieri<\/strong>, attenzione, non per Bobogol, ma per aver inserito nella controparte uno come\u00a0<strong>Diego Simeone<\/strong>, centrocampista di classe e sangue, decisivo nello scudetto della Lazio dove,\u00a0<em>occhio alla nostalgia<\/em>, il centrocampo era formato anche da\u00a0<strong>Nedved<\/strong>\u00a0(la sua assenza decise la Champions 2003 bianconera),\u00a0<strong>Veron<\/strong>,\u00a0<strong>Stankovic<\/strong>\u00a0e\u00a0<strong>Roberto Mancini<\/strong>, oro per i calciofili.<\/p>\n<p>E che dire dell\u2019Italia del 2006, con\u00a0<strong>Gattuso<\/strong>\u00a0a scatenare panico in mezzo al campo e proteggere la genialit\u00e0 di\u00a0<strong>Pirlo<\/strong>, uno che ha occhi dappertutto, innescando poi gli attacchi azzurri che risulteranno vincenti.<\/p>\n<p><em>Ringhio<\/em>\u00a0Gattuso \u00e8 l\u2019esempio di chi ai titoli sul giornale preferisce la sostanza e che nel Milan d\u2019oro degli anni 2000 poteva contare su\u00a0<strong>Seedorf<\/strong>, altro genio e su<strong>\u00a0Kak\u00e0<\/strong>, giocatore dalla progressione devastante e da un\u2019intelligenza calcistica fuori dal comune.<\/p>\n<p>In Premier League l\u2019esempio recente \u00e8 quello di\u00a0<strong>N\u2019Golo Kant\u00e9<\/strong>, metronomo sette polmoni del miracolo\u00a0<strong>Leicester di Ranieri<\/strong>, uno che poteva trovarsi a difendere su un angolo e attaccare nella successiva azione offensiva, degno erede di un altro centrocampista che in Inghilterra ha fatto storia e basta il nome:\u00a0<strong>Roy Keane<\/strong>, anima del Manchester United di Ferguson.<\/p>\n<p>Nel calcio attuale il ruolo di centrocampista si \u00e8 trasformato in \u201c<em>tuttocampista<\/em>\u201c, dove il giocatore al centro deve saper fare qualsiasi cosa, dal difendere all\u2019impostare l\u2019azione e attualmente i migliori di ruolo, secondo\u00a0<em>Transfermarkt<\/em>, sono\u00a0<strong>Modric<\/strong>,\u00a0<strong>De Bryune<\/strong>\u00a0(<em>fenomeno belga<\/em>),\u00a0<strong>Pjanic<\/strong>,\u00a0<strong>Ziyech<\/strong>\u00a0(<em>promesso sposo del Chelsea<\/em>),\u00a0<strong>Allan<\/strong>,\u00a0<strong>Rakitic<\/strong>,\u00a0<strong>Verratti<\/strong>,\u00a0<strong>Milinkovic Savic\u00a0<\/strong>(<em>mister 100 milioni<\/em>)\u00a0<strong>Pogba\u00a0<\/strong>(se ritorna ai livelli della Juve),\u00a0<strong>Kroos<\/strong>,\u00a0<strong>Busquets<\/strong>,\u00a0<strong>Witsel<\/strong>,<strong>\u00a0Muller<\/strong>\u00a0e ancora il genio nascosto di\u00a0<strong>Eriksen<\/strong>.<\/p>\n<p>Da\u00a0<strong>Rivera<\/strong>, mito mondiale, trequartista da 128 gol a\u00a0<strong>Zico<\/strong>, da\u00a0<strong>Schiaffino<\/strong>\u00a0grande regista dell\u2019Uruguay anni 50 a\u00a0<strong>Zinedine Zidane<\/strong>, da\u00a0<strong>Valentino Mazzola<\/strong>, 10 per eccellenza del Grande Torino, a\u00a0<strong>Luisito Suarez<\/strong>\u00a0dell\u2019Inter vincitutto degli anni 60, passando per\u00a0<strong>Neeskens<\/strong>,\u00a0<strong>Matthaus<\/strong>,\u00a0<strong>Gullit<\/strong>,\u00a0<strong>Dunga<\/strong>,\u00a0<strong>Deschamps<\/strong>,\u00a0<strong>Baraja<\/strong>,\u00a0<strong>Xabi Alonso<\/strong>,\u00a0<strong>Redondo<\/strong>\u00a0e\u00a0<strong>Cambiasso<\/strong>, la storia racconta che senza un buon centrocampo, che sia d\u2019ordine, d\u2019ispirazione e di grandi gol, una squadra pu\u00f2 avere qualsiasi giocatore in avanti ma avr\u00e0 gi\u00e0 perso gran parte delle partite, proprio per lodare questo ruolo nobile del calcio, il centrocampista.<\/p>\n<p style=\"text-align: right;\">Francesco Fiori<\/p>\n<p style=\"text-align: right;\">Fonte: Gazzetta Fan News<\/p>\n<p>Ispirazione Sportiva su Facebook:\u00a0<a href=\"https:\/\/www.facebook.com\/ispirazionesportivacom-105768114468163\/\"><strong>https:\/\/www.facebook.com\/ispirazionesportivacom-105768114468163\/<\/strong><\/a><\/p>\n<p>&nbsp;<\/p>\n","protected":false},"excerpt":{"rendered":"<p>Narra la leggenda che in un intervallo di una partita della Juve Gianni Agnelli\u00a0rimprover\u00f2 niente&#8230;<\/p>\n","protected":false},"author":4,"featured_media":437,"comment_status":"open","ping_status":"closed","sticky":false,"template":"","format":"standard","meta":{"footnotes":""},"categories":[5,206],"tags":[],"class_list":["post-436","post","type-post","status-publish","format-standard","has-post-thumbnail","hentry","category-calcio","category-i-miti-e-le-leggende-del-pallone"],"yoast_head":"<!-- This site is optimized with the Yoast SEO plugin v21.9 - https:\/\/yoast.com\/wordpress\/plugins\/seo\/ -->\n<title>Ode al centrocampista, ruolo nobile del calcio - IspirazioneSportiva.com<\/title>\n<meta name=\"robots\" content=\"index, follow, max-snippet:-1, max-image-preview:large, max-video-preview:-1\" \/>\n<link rel=\"canonical\" href=\"https:\/\/ispirazionesportiva.com\/index.php\/2020\/08\/11\/ode-al-centrocampista-ruolo-nobile-del-calcio\/\" \/>\n<meta property=\"og:locale\" content=\"it_IT\" \/>\n<meta property=\"og:type\" content=\"article\" \/>\n<meta property=\"og:title\" content=\"Ode al centrocampista, ruolo nobile del calcio - IspirazioneSportiva.com\" \/>\n<meta property=\"og:description\" content=\"Narra la leggenda che in un intervallo di una partita della Juve Gianni Agnelli\u00a0rimprover\u00f2 niente...\" \/>\n<meta property=\"og:url\" content=\"https:\/\/ispirazionesportiva.com\/index.php\/2020\/08\/11\/ode-al-centrocampista-ruolo-nobile-del-calcio\/\" \/>\n<meta property=\"og:site_name\" content=\"IspirazioneSportiva.com\" \/>\n<meta property=\"article:publisher\" content=\"https:\/\/www.facebook.com\/search\/top\/?q=ispirazionesportiva.com\" \/>\n<meta property=\"article:author\" content=\"https:\/\/www.facebook.com\/supermariolemieux\/\" \/>\n<meta property=\"article:published_time\" content=\"2020-08-11T08:37:15+00:00\" \/>\n<meta property=\"article:modified_time\" content=\"2023-12-03T18:09:50+00:00\" \/>\n<meta property=\"og:image\" content=\"https:\/\/ispirazionesportiva.com\/wp-content\/uploads\/2020\/08\/gettyimages-1232671-2048x2048-1.jpg\" \/>\n\t<meta property=\"og:image:width\" content=\"2048\" \/>\n\t<meta property=\"og:image:height\" content=\"1328\" \/>\n\t<meta property=\"og:image:type\" content=\"image\/jpeg\" \/>\n<meta name=\"author\" content=\"Francesco Fiori\" \/>\n<meta name=\"twitter:card\" content=\"summary_large_image\" \/>\n<meta name=\"twitter:creator\" content=\"@frafiori21\" \/>\n<meta name=\"twitter:site\" content=\"@FraFiori21\" \/>\n<meta name=\"twitter:label1\" content=\"Scritto da\" \/>\n\t<meta name=\"twitter:data1\" content=\"Francesco Fiori\" \/>\n\t<meta name=\"twitter:label2\" content=\"Tempo di lettura stimato\" \/>\n\t<meta name=\"twitter:data2\" content=\"4 minuti\" \/>\n<script type=\"application\/ld+json\" class=\"yoast-schema-graph\">{\"@context\":\"https:\/\/schema.org\",\"@graph\":[{\"@type\":\"Article\",\"@id\":\"https:\/\/ispirazionesportiva.com\/index.php\/2020\/08\/11\/ode-al-centrocampista-ruolo-nobile-del-calcio\/#article\",\"isPartOf\":{\"@id\":\"https:\/\/ispirazionesportiva.com\/index.php\/2020\/08\/11\/ode-al-centrocampista-ruolo-nobile-del-calcio\/\"},\"author\":{\"name\":\"Francesco Fiori\",\"@id\":\"https:\/\/ispirazionesportiva.com\/#\/schema\/person\/7288fdedc9108918baa7bb22bab31fb7\"},\"headline\":\"Ode al centrocampista, ruolo nobile del calcio\",\"datePublished\":\"2020-08-11T08:37:15+00:00\",\"dateModified\":\"2023-12-03T18:09:50+00:00\",\"mainEntityOfPage\":{\"@id\":\"https:\/\/ispirazionesportiva.com\/index.php\/2020\/08\/11\/ode-al-centrocampista-ruolo-nobile-del-calcio\/\"},\"wordCount\":602,\"commentCount\":0,\"publisher\":{\"@id\":\"https:\/\/ispirazionesportiva.com\/#organization\"},\"articleSection\":[\"Calcio\",\"I miti e le leggende del pallone\"],\"inLanguage\":\"it-IT\",\"potentialAction\":[{\"@type\":\"CommentAction\",\"name\":\"Comment\",\"target\":[\"https:\/\/ispirazionesportiva.com\/index.php\/2020\/08\/11\/ode-al-centrocampista-ruolo-nobile-del-calcio\/#respond\"]}]},{\"@type\":\"WebPage\",\"@id\":\"https:\/\/ispirazionesportiva.com\/index.php\/2020\/08\/11\/ode-al-centrocampista-ruolo-nobile-del-calcio\/\",\"url\":\"https:\/\/ispirazionesportiva.com\/index.php\/2020\/08\/11\/ode-al-centrocampista-ruolo-nobile-del-calcio\/\",\"name\":\"Ode al centrocampista, ruolo nobile del calcio - IspirazioneSportiva.com\",\"isPartOf\":{\"@id\":\"https:\/\/ispirazionesportiva.com\/#website\"},\"datePublished\":\"2020-08-11T08:37:15+00:00\",\"dateModified\":\"2023-12-03T18:09:50+00:00\",\"breadcrumb\":{\"@id\":\"https:\/\/ispirazionesportiva.com\/index.php\/2020\/08\/11\/ode-al-centrocampista-ruolo-nobile-del-calcio\/#breadcrumb\"},\"inLanguage\":\"it-IT\",\"potentialAction\":[{\"@type\":\"ReadAction\",\"target\":[\"https:\/\/ispirazionesportiva.com\/index.php\/2020\/08\/11\/ode-al-centrocampista-ruolo-nobile-del-calcio\/\"]}]},{\"@type\":\"BreadcrumbList\",\"@id\":\"https:\/\/ispirazionesportiva.com\/index.php\/2020\/08\/11\/ode-al-centrocampista-ruolo-nobile-del-calcio\/#breadcrumb\",\"itemListElement\":[{\"@type\":\"ListItem\",\"position\":1,\"name\":\"Home\",\"item\":\"https:\/\/ispirazionesportiva.com\/\"},{\"@type\":\"ListItem\",\"position\":2,\"name\":\"Ode al centrocampista, ruolo nobile del calcio\"}]},{\"@type\":\"WebSite\",\"@id\":\"https:\/\/ispirazionesportiva.com\/#website\",\"url\":\"https:\/\/ispirazionesportiva.com\/\",\"name\":\"IspirazioneSportiva.com\",\"description\":\"Le storie sportive che emozionano\",\"publisher\":{\"@id\":\"https:\/\/ispirazionesportiva.com\/#organization\"},\"potentialAction\":[{\"@type\":\"SearchAction\",\"target\":{\"@type\":\"EntryPoint\",\"urlTemplate\":\"https:\/\/ispirazionesportiva.com\/?s={search_term_string}\"},\"query-input\":\"required name=search_term_string\"}],\"inLanguage\":\"it-IT\"},{\"@type\":\"Organization\",\"@id\":\"https:\/\/ispirazionesportiva.com\/#organization\",\"name\":\"ispirazionesportiva.com\",\"url\":\"https:\/\/ispirazionesportiva.com\/\",\"logo\":{\"@type\":\"ImageObject\",\"inLanguage\":\"it-IT\",\"@id\":\"https:\/\/ispirazionesportiva.com\/#\/schema\/logo\/image\/\",\"url\":\"https:\/\/ispirazionesportiva.com\/wp-content\/uploads\/2020\/08\/1589964388149.jpg\",\"contentUrl\":\"https:\/\/ispirazionesportiva.com\/wp-content\/uploads\/2020\/08\/1589964388149.jpg\",\"width\":980,\"height\":600,\"caption\":\"ispirazionesportiva.com\"},\"image\":{\"@id\":\"https:\/\/ispirazionesportiva.com\/#\/schema\/logo\/image\/\"},\"sameAs\":[\"https:\/\/www.facebook.com\/search\/top\/?q=ispirazionesportiva.com\",\"https:\/\/twitter.com\/FraFiori21\",\"https:\/\/www.instagram.com\/ispirazione_sportiva\/?hl=it\",\"https:\/\/www.linkedin.com\/in\/mario-francesco-fiori-8788ba1b4\/\"]},{\"@type\":\"Person\",\"@id\":\"https:\/\/ispirazionesportiva.com\/#\/schema\/person\/7288fdedc9108918baa7bb22bab31fb7\",\"name\":\"Francesco Fiori\",\"image\":{\"@type\":\"ImageObject\",\"inLanguage\":\"it-IT\",\"@id\":\"https:\/\/ispirazionesportiva.com\/#\/schema\/person\/image\/\",\"url\":\"https:\/\/secure.gravatar.com\/avatar\/beff881b593f312e866653a8c45295843e00b61ce1984ceaacd4e1709e4c1b57?s=96&d=mm&r=g\",\"contentUrl\":\"https:\/\/secure.gravatar.com\/avatar\/beff881b593f312e866653a8c45295843e00b61ce1984ceaacd4e1709e4c1b57?s=96&d=mm&r=g\",\"caption\":\"Francesco Fiori\"},\"description\":\"Francesco Fiori \u00e8 un giornalista sardo, classe 1983, con la passione per il racconto dello sport. Di tutto lo sport. Aveva 6 anni quando, sicuramente errore o destino, ebbe in regalo una semplice radio, senza pensare alle conseguenze successive del pianeta sportivo. Una domenica, finiti i compiti, giocando con quel mezzo, capt\u00f2 la voce roca di Sandro Ciotti. Aveva appena scoperto l\u2019esistenza di Tutto il calcio minuto per minuto. La prima sfida arriva nella stagione calcistica 90\/91, quando lo zio, incredibile giornalista locale, gli diede come compito raccontare la giornata calcistica appena conclusa. Quel tema, ad appena 7 anni, risult\u00f2 migliore rispetto alle tabelline, mai entrate volentieri in testa. Il premio fu la presenza alla gara di cartello della squadra del suo paese, il Ploaghe, due settimane pi\u00f9 tardi. Destino volle che la morte prese suo zio proprio il mercoled\u00ec prima, innescando in Fiori la voglia di diventare giornalista. A scuola alla domanda \u201cHai solo il calcio in testa?\u201d rispondeva \u201cNo, anche il ciclismo\u201d e gli anni di partite contemporanee la domenica e di Tele +2 col calcio estero crearono un piccolo \u201cpsicopatico sportivo\u201d. Tra gli sport di cui si innamora c\u2019\u00e8 l\u2019hockey americano, soprattutto nella mitologica figura di Mario Lemieux. Poco prima della morte del padre, nel febbraio 2001, Fiori trova su La Gazzetta dello Sport proprio un trafiletto con scritto del ritorno sul ghiaccio di Lemieux dopo aver sconfitto una forma tumorale e un ritiro di 3 anni. Da l\u00ec altra promessa, qualora arrivi la possibilit\u00e0 di scrivere un articolo, questo sar\u00e0 su Lemieux il Magnifico. Diventato ragioniere capisce immediatamente che iva e fatture sono molto pi\u00f9 noiose del previsto e la prima collaborazione col giornale \u201cSa Bovida\u201d gli fanno capire le regole basi del giornalismo, cosa che Fiori ignorava ma che rispettava, chiedendo solo la possibilit\u00e0 di scrivere e far colpo. Chiusa la parentesi Sa Bovida per problemi logistici e di salute dell\u2019immenso Antonio Delitala ecco il primo reale colpo di fulmine, il sito di hockey Nhl Playitusa che non ha un articolo su Lemieux. Il direttore, con una mail che Fiori ancora oggi custodisce, risponde: \u201cBeh, perch\u00e9 non provi a scriverne uno tu?\u201d Il resto \u00e8 la storia scritta al pc dopo averne scritto 5 pagine in un quadernone a quadretti. Un cambio di lavoro, non per sua volont\u00e0, spariglia le carte in tavola, col ragazzo che stando fuori casa tutto il tempo deve abbandonare la scrittura, ma peggio ancora va col primo di 3 ictus che colpiscono la mamma proprio in quel periodo. Tempo al tempo e con un altro cambio di lavoro ecco l\u2019opzione che lo colpisce, scrivere della sua amata Inter sul sito SpazioInter. Gli inizi sono complicati, scrivere secondo le regole e non avere carta bianca lo bloccano un pochino, fino all\u2019esplosione che nel sito si chiama Live. Il Live sarebbe il racconto, minuto per minuto e in contemporanea, della partita in tv e a Fiori tocca esordire con Milan-Inter. Quella sera il divertimento raggiunge le stelle, anzi, le supera e da quel momento l\u2019impegno \u00e8 triplo, con le perle di interviste a Sandro Mazzola (che risate), Gigi Simoni (che gentilezza) e Riccardo Cucchi, suo idolo radiofonico. Il tesserino da giornalista gli fa mantenere la parola data a 6 anni e ancor pi\u00f9 sorprendente \u00e8 la proposta di essere addetto stampa proprio della squadra locale, andare a vedere quelle partite che il destino gli negarono nel 1991. Si chiede spesso se sia il destino a far scherzi oppure se semplicemente la vita va accettata per quella che \u00e8. Il 30 gennaio 2021, dopo un ricovero di un mese con tutte le aggravanti possibili, in ospedale viene a mancare la mamma di Francesco. Il colpo \u00e8 brutale. Il conto \u00e8 pesantissimo, la mente lontana, lo scrivere, anche solo un piccolo pensiero sulla giornata calcistica, \u00e8 di una difficolt\u00e0 che ad oggi \u00e8 ancora lontana dall'essere superata. Il resto \u00e8 storia o noia, dipende da che parte si vuol vedere, dagli articoli su Gazzetta Fan News al raccontare qualsiasi sport, perch\u00e9 per Fiori ogni sport ha un suo eroe e perch\u00e9 ora, con IspirazioneSportiva.com, sar\u00e0 ancor pi\u00f9 spettacolare dar libero sfogo a qualsiasi ispirazione, come dice il nome e come gli ha insegnato Riccardo Cucchi: \u201cNella vita mai smettere di sognare!\u201d. Anzi, scusate il ritardo! Mail: fcroda@yahoo.it Fb: supermariolemieux pec: francesco.fiori@pecgiornalisti.it\",\"sameAs\":[\"https:\/\/www.facebook.com\/supermariolemieux\/\",\"https:\/\/www.instagram.com\/francescofiori12\/\",\"https:\/\/www.linkedin.com\/in\/francesco-fiori-b45614176\/\",\"https:\/\/twitter.com\/frafiori21\"],\"url\":\"https:\/\/ispirazionesportiva.com\/index.php\/author\/supermariolemieux\/\"}]}<\/script>\n<!-- \/ Yoast SEO plugin. -->","yoast_head_json":{"title":"Ode al centrocampista, ruolo nobile del calcio - IspirazioneSportiva.com","robots":{"index":"index","follow":"follow","max-snippet":"max-snippet:-1","max-image-preview":"max-image-preview:large","max-video-preview":"max-video-preview:-1"},"canonical":"https:\/\/ispirazionesportiva.com\/index.php\/2020\/08\/11\/ode-al-centrocampista-ruolo-nobile-del-calcio\/","og_locale":"it_IT","og_type":"article","og_title":"Ode al centrocampista, ruolo nobile del calcio - IspirazioneSportiva.com","og_description":"Narra la leggenda che in un intervallo di una partita della Juve Gianni Agnelli\u00a0rimprover\u00f2 niente...","og_url":"https:\/\/ispirazionesportiva.com\/index.php\/2020\/08\/11\/ode-al-centrocampista-ruolo-nobile-del-calcio\/","og_site_name":"IspirazioneSportiva.com","article_publisher":"https:\/\/www.facebook.com\/search\/top\/?q=ispirazionesportiva.com","article_author":"https:\/\/www.facebook.com\/supermariolemieux\/","article_published_time":"2020-08-11T08:37:15+00:00","article_modified_time":"2023-12-03T18:09:50+00:00","og_image":[{"width":2048,"height":1328,"url":"https:\/\/ispirazionesportiva.com\/wp-content\/uploads\/2020\/08\/gettyimages-1232671-2048x2048-1.jpg","type":"image\/jpeg"}],"author":"Francesco Fiori","twitter_card":"summary_large_image","twitter_creator":"@frafiori21","twitter_site":"@FraFiori21","twitter_misc":{"Scritto da":"Francesco Fiori","Tempo di lettura stimato":"4 minuti"},"schema":{"@context":"https:\/\/schema.org","@graph":[{"@type":"Article","@id":"https:\/\/ispirazionesportiva.com\/index.php\/2020\/08\/11\/ode-al-centrocampista-ruolo-nobile-del-calcio\/#article","isPartOf":{"@id":"https:\/\/ispirazionesportiva.com\/index.php\/2020\/08\/11\/ode-al-centrocampista-ruolo-nobile-del-calcio\/"},"author":{"name":"Francesco Fiori","@id":"https:\/\/ispirazionesportiva.com\/#\/schema\/person\/7288fdedc9108918baa7bb22bab31fb7"},"headline":"Ode al centrocampista, ruolo nobile del calcio","datePublished":"2020-08-11T08:37:15+00:00","dateModified":"2023-12-03T18:09:50+00:00","mainEntityOfPage":{"@id":"https:\/\/ispirazionesportiva.com\/index.php\/2020\/08\/11\/ode-al-centrocampista-ruolo-nobile-del-calcio\/"},"wordCount":602,"commentCount":0,"publisher":{"@id":"https:\/\/ispirazionesportiva.com\/#organization"},"articleSection":["Calcio","I miti e le leggende del pallone"],"inLanguage":"it-IT","potentialAction":[{"@type":"CommentAction","name":"Comment","target":["https:\/\/ispirazionesportiva.com\/index.php\/2020\/08\/11\/ode-al-centrocampista-ruolo-nobile-del-calcio\/#respond"]}]},{"@type":"WebPage","@id":"https:\/\/ispirazionesportiva.com\/index.php\/2020\/08\/11\/ode-al-centrocampista-ruolo-nobile-del-calcio\/","url":"https:\/\/ispirazionesportiva.com\/index.php\/2020\/08\/11\/ode-al-centrocampista-ruolo-nobile-del-calcio\/","name":"Ode al centrocampista, ruolo nobile del calcio - IspirazioneSportiva.com","isPartOf":{"@id":"https:\/\/ispirazionesportiva.com\/#website"},"datePublished":"2020-08-11T08:37:15+00:00","dateModified":"2023-12-03T18:09:50+00:00","breadcrumb":{"@id":"https:\/\/ispirazionesportiva.com\/index.php\/2020\/08\/11\/ode-al-centrocampista-ruolo-nobile-del-calcio\/#breadcrumb"},"inLanguage":"it-IT","potentialAction":[{"@type":"ReadAction","target":["https:\/\/ispirazionesportiva.com\/index.php\/2020\/08\/11\/ode-al-centrocampista-ruolo-nobile-del-calcio\/"]}]},{"@type":"BreadcrumbList","@id":"https:\/\/ispirazionesportiva.com\/index.php\/2020\/08\/11\/ode-al-centrocampista-ruolo-nobile-del-calcio\/#breadcrumb","itemListElement":[{"@type":"ListItem","position":1,"name":"Home","item":"https:\/\/ispirazionesportiva.com\/"},{"@type":"ListItem","position":2,"name":"Ode al centrocampista, ruolo nobile del calcio"}]},{"@type":"WebSite","@id":"https:\/\/ispirazionesportiva.com\/#website","url":"https:\/\/ispirazionesportiva.com\/","name":"IspirazioneSportiva.com","description":"Le storie sportive che emozionano","publisher":{"@id":"https:\/\/ispirazionesportiva.com\/#organization"},"potentialAction":[{"@type":"SearchAction","target":{"@type":"EntryPoint","urlTemplate":"https:\/\/ispirazionesportiva.com\/?s={search_term_string}"},"query-input":"required name=search_term_string"}],"inLanguage":"it-IT"},{"@type":"Organization","@id":"https:\/\/ispirazionesportiva.com\/#organization","name":"ispirazionesportiva.com","url":"https:\/\/ispirazionesportiva.com\/","logo":{"@type":"ImageObject","inLanguage":"it-IT","@id":"https:\/\/ispirazionesportiva.com\/#\/schema\/logo\/image\/","url":"https:\/\/ispirazionesportiva.com\/wp-content\/uploads\/2020\/08\/1589964388149.jpg","contentUrl":"https:\/\/ispirazionesportiva.com\/wp-content\/uploads\/2020\/08\/1589964388149.jpg","width":980,"height":600,"caption":"ispirazionesportiva.com"},"image":{"@id":"https:\/\/ispirazionesportiva.com\/#\/schema\/logo\/image\/"},"sameAs":["https:\/\/www.facebook.com\/search\/top\/?q=ispirazionesportiva.com","https:\/\/twitter.com\/FraFiori21","https:\/\/www.instagram.com\/ispirazione_sportiva\/?hl=it","https:\/\/www.linkedin.com\/in\/mario-francesco-fiori-8788ba1b4\/"]},{"@type":"Person","@id":"https:\/\/ispirazionesportiva.com\/#\/schema\/person\/7288fdedc9108918baa7bb22bab31fb7","name":"Francesco Fiori","image":{"@type":"ImageObject","inLanguage":"it-IT","@id":"https:\/\/ispirazionesportiva.com\/#\/schema\/person\/image\/","url":"https:\/\/secure.gravatar.com\/avatar\/beff881b593f312e866653a8c45295843e00b61ce1984ceaacd4e1709e4c1b57?s=96&d=mm&r=g","contentUrl":"https:\/\/secure.gravatar.com\/avatar\/beff881b593f312e866653a8c45295843e00b61ce1984ceaacd4e1709e4c1b57?s=96&d=mm&r=g","caption":"Francesco Fiori"},"description":"Francesco Fiori \u00e8 un giornalista sardo, classe 1983, con la passione per il racconto dello sport. Di tutto lo sport. Aveva 6 anni quando, sicuramente errore o destino, ebbe in regalo una semplice radio, senza pensare alle conseguenze successive del pianeta sportivo. Una domenica, finiti i compiti, giocando con quel mezzo, capt\u00f2 la voce roca di Sandro Ciotti. Aveva appena scoperto l\u2019esistenza di Tutto il calcio minuto per minuto. La prima sfida arriva nella stagione calcistica 90\/91, quando lo zio, incredibile giornalista locale, gli diede come compito raccontare la giornata calcistica appena conclusa. Quel tema, ad appena 7 anni, risult\u00f2 migliore rispetto alle tabelline, mai entrate volentieri in testa. Il premio fu la presenza alla gara di cartello della squadra del suo paese, il Ploaghe, due settimane pi\u00f9 tardi. Destino volle che la morte prese suo zio proprio il mercoled\u00ec prima, innescando in Fiori la voglia di diventare giornalista. A scuola alla domanda \u201cHai solo il calcio in testa?\u201d rispondeva \u201cNo, anche il ciclismo\u201d e gli anni di partite contemporanee la domenica e di Tele +2 col calcio estero crearono un piccolo \u201cpsicopatico sportivo\u201d. Tra gli sport di cui si innamora c\u2019\u00e8 l\u2019hockey americano, soprattutto nella mitologica figura di Mario Lemieux. Poco prima della morte del padre, nel febbraio 2001, Fiori trova su La Gazzetta dello Sport proprio un trafiletto con scritto del ritorno sul ghiaccio di Lemieux dopo aver sconfitto una forma tumorale e un ritiro di 3 anni. Da l\u00ec altra promessa, qualora arrivi la possibilit\u00e0 di scrivere un articolo, questo sar\u00e0 su Lemieux il Magnifico. Diventato ragioniere capisce immediatamente che iva e fatture sono molto pi\u00f9 noiose del previsto e la prima collaborazione col giornale \u201cSa Bovida\u201d gli fanno capire le regole basi del giornalismo, cosa che Fiori ignorava ma che rispettava, chiedendo solo la possibilit\u00e0 di scrivere e far colpo. Chiusa la parentesi Sa Bovida per problemi logistici e di salute dell\u2019immenso Antonio Delitala ecco il primo reale colpo di fulmine, il sito di hockey Nhl Playitusa che non ha un articolo su Lemieux. Il direttore, con una mail che Fiori ancora oggi custodisce, risponde: \u201cBeh, perch\u00e9 non provi a scriverne uno tu?\u201d Il resto \u00e8 la storia scritta al pc dopo averne scritto 5 pagine in un quadernone a quadretti. Un cambio di lavoro, non per sua volont\u00e0, spariglia le carte in tavola, col ragazzo che stando fuori casa tutto il tempo deve abbandonare la scrittura, ma peggio ancora va col primo di 3 ictus che colpiscono la mamma proprio in quel periodo. Tempo al tempo e con un altro cambio di lavoro ecco l\u2019opzione che lo colpisce, scrivere della sua amata Inter sul sito SpazioInter. Gli inizi sono complicati, scrivere secondo le regole e non avere carta bianca lo bloccano un pochino, fino all\u2019esplosione che nel sito si chiama Live. Il Live sarebbe il racconto, minuto per minuto e in contemporanea, della partita in tv e a Fiori tocca esordire con Milan-Inter. Quella sera il divertimento raggiunge le stelle, anzi, le supera e da quel momento l\u2019impegno \u00e8 triplo, con le perle di interviste a Sandro Mazzola (che risate), Gigi Simoni (che gentilezza) e Riccardo Cucchi, suo idolo radiofonico. Il tesserino da giornalista gli fa mantenere la parola data a 6 anni e ancor pi\u00f9 sorprendente \u00e8 la proposta di essere addetto stampa proprio della squadra locale, andare a vedere quelle partite che il destino gli negarono nel 1991. Si chiede spesso se sia il destino a far scherzi oppure se semplicemente la vita va accettata per quella che \u00e8. Il 30 gennaio 2021, dopo un ricovero di un mese con tutte le aggravanti possibili, in ospedale viene a mancare la mamma di Francesco. Il colpo \u00e8 brutale. Il conto \u00e8 pesantissimo, la mente lontana, lo scrivere, anche solo un piccolo pensiero sulla giornata calcistica, \u00e8 di una difficolt\u00e0 che ad oggi \u00e8 ancora lontana dall'essere superata. Il resto \u00e8 storia o noia, dipende da che parte si vuol vedere, dagli articoli su Gazzetta Fan News al raccontare qualsiasi sport, perch\u00e9 per Fiori ogni sport ha un suo eroe e perch\u00e9 ora, con IspirazioneSportiva.com, sar\u00e0 ancor pi\u00f9 spettacolare dar libero sfogo a qualsiasi ispirazione, come dice il nome e come gli ha insegnato Riccardo Cucchi: \u201cNella vita mai smettere di sognare!\u201d. Anzi, scusate il ritardo! Mail: fcroda@yahoo.it Fb: supermariolemieux pec: francesco.fiori@pecgiornalisti.it","sameAs":["https:\/\/www.facebook.com\/supermariolemieux\/","https:\/\/www.instagram.com\/francescofiori12\/","https:\/\/www.linkedin.com\/in\/francesco-fiori-b45614176\/","https:\/\/twitter.com\/frafiori21"],"url":"https:\/\/ispirazionesportiva.com\/index.php\/author\/supermariolemieux\/"}]}},"_links":{"self":[{"href":"https:\/\/ispirazionesportiva.com\/index.php\/wp-json\/wp\/v2\/posts\/436","targetHints":{"allow":["GET"]}}],"collection":[{"href":"https:\/\/ispirazionesportiva.com\/index.php\/wp-json\/wp\/v2\/posts"}],"about":[{"href":"https:\/\/ispirazionesportiva.com\/index.php\/wp-json\/wp\/v2\/types\/post"}],"author":[{"embeddable":true,"href":"https:\/\/ispirazionesportiva.com\/index.php\/wp-json\/wp\/v2\/users\/4"}],"replies":[{"embeddable":true,"href":"https:\/\/ispirazionesportiva.com\/index.php\/wp-json\/wp\/v2\/comments?post=436"}],"version-history":[{"count":1,"href":"https:\/\/ispirazionesportiva.com\/index.php\/wp-json\/wp\/v2\/posts\/436\/revisions"}],"predecessor-version":[{"id":438,"href":"https:\/\/ispirazionesportiva.com\/index.php\/wp-json\/wp\/v2\/posts\/436\/revisions\/438"}],"wp:featuredmedia":[{"embeddable":true,"href":"https:\/\/ispirazionesportiva.com\/index.php\/wp-json\/wp\/v2\/media\/437"}],"wp:attachment":[{"href":"https:\/\/ispirazionesportiva.com\/index.php\/wp-json\/wp\/v2\/media?parent=436"}],"wp:term":[{"taxonomy":"category","embeddable":true,"href":"https:\/\/ispirazionesportiva.com\/index.php\/wp-json\/wp\/v2\/categories?post=436"},{"taxonomy":"post_tag","embeddable":true,"href":"https:\/\/ispirazionesportiva.com\/index.php\/wp-json\/wp\/v2\/tags?post=436"}],"curies":[{"name":"wp","href":"https:\/\/api.w.org\/{rel}","templated":true}]}}