{"id":3625,"date":"2026-04-30T17:40:21","date_gmt":"2026-04-30T15:40:21","guid":{"rendered":"https:\/\/ispirazionesportiva.com\/?p=3625"},"modified":"2026-04-30T17:40:21","modified_gmt":"2026-04-30T15:40:21","slug":"giorgio-terruzzi-suite-200-lultima-notte-di-ayrton-senna","status":"publish","type":"post","link":"https:\/\/ispirazionesportiva.com\/index.php\/2026\/04\/30\/giorgio-terruzzi-suite-200-lultima-notte-di-ayrton-senna\/","title":{"rendered":"Giorgio Terruzzi &#8211; Suite 200, l&#8217;ultima notte di Ayrton Senna"},"content":{"rendered":"<p><em><strong>Data di uscita: aprile 2019<\/strong><\/em><\/p>\n<p><em><strong>142 pagine<\/strong><\/em><\/p>\n<p>Il mix tra un campione del giornalismo nostrano, Giorgio Terruzzi, e il Campione con la maiuscola Ayrton Senna ha dato vita al libro Suite 200, l&#8217;ultima notte di Ayrton Senna, dove Terruzzi immagina cosa possa passare nella mente del campione brasiliano nel weekend tra il 30 aprile e il 1 maggio 1994, giorno in cui fu fatale al brasiliano l&#8217;uscita di pista al Tamburello.<\/p>\n<p>Tutti ricordiamo dove eravamo in quel momento, come se le nostre vite di colpo si bloccassero davanti ad una sorta di crocefissione in diretta di Ges\u00f9. Da quell&#8217;istante il mondo della Formula Uno cambi\u00f2, divent\u00f2 pi\u00f9 sicuro ma anche pi\u00f9 malinconico, nel ripensare che Ayrton aveva solo 34 anni e un modo di essere e di fare unico al mondo. Giorgio Terruzzi con questo libro ci regala un capolavoro!<\/p>\n<p><em>Sabato 30 Aprile 1994, Hotel Castello, Castel San Pietro, non lontano dal circuito dove si svolge il Gran Premio di Imola. Nella Suite 200 si consuma l\u2019ultima notte di Ayrton Senna. La vigilia della corsa \u00e8 funestata da incidenti: durante le prove libere, il suo pupillo Barrichello si \u00e8 salvato per miracolo, nelle qualifiche ha perso la vita Ratzenberger, finito a 300 km\/ h contro il muro della curva Villeneuve. Senna \u00e8 agitato, non vuole correre. Sar\u00e0 una notte di pensieri, tutta la sua vita verr\u00e0 passata al setaccio: il complesso rapporto di amore e odio con il padre, l\u2019immancabile, ma spesso soffocante presenza della famiglia, i suoi chiacchierati amori, le corse che hanno rappresentato una svolta, le rivalit\u00e0 con gli altri piloti tra tutti (Piquet, Prost e l\u2019astro nascente Schumacher). <strong>In suite 200, l\u2019ultima notte di Ayrton Senna<\/strong>, Giorgio Terruzzi ci accompagna dentro l\u2019esistenza di uno dei piloti pi\u00f9 amati di sempre. Emerge cos\u00ec il ritratto inedito e delicato di un campione, ma anche e soprattutto di un uomo, la cui scomparsa ha lasciato un voto incolmabile.<\/em><\/p>\n<h3 style=\"text-align: center;\"><em><strong>Dopo le foto trovi i nostri omaggi ad Ayrton<\/strong><\/em><\/h3>\n<p><img loading=\"lazy\" decoding=\"async\" class=\"aligncenter size-full wp-image-3627\" src=\"https:\/\/ispirazionesportiva.com\/wp-content\/uploads\/2026\/04\/WhatsApp-Image-2026-04-30-at-17.29.07.jpeg\" alt=\"\" width=\"1345\" height=\"2048\" srcset=\"https:\/\/ispirazionesportiva.com\/wp-content\/uploads\/2026\/04\/WhatsApp-Image-2026-04-30-at-17.29.07.jpeg 1345w, https:\/\/ispirazionesportiva.com\/wp-content\/uploads\/2026\/04\/WhatsApp-Image-2026-04-30-at-17.29.07-197x300.jpeg 197w, https:\/\/ispirazionesportiva.com\/wp-content\/uploads\/2026\/04\/WhatsApp-Image-2026-04-30-at-17.29.07-673x1024.jpeg 673w, https:\/\/ispirazionesportiva.com\/wp-content\/uploads\/2026\/04\/WhatsApp-Image-2026-04-30-at-17.29.07-768x1169.jpeg 768w, https:\/\/ispirazionesportiva.com\/wp-content\/uploads\/2026\/04\/WhatsApp-Image-2026-04-30-at-17.29.07-1009x1536.jpeg 1009w, https:\/\/ispirazionesportiva.com\/wp-content\/uploads\/2026\/04\/WhatsApp-Image-2026-04-30-at-17.29.07-1024x1559.jpeg 1024w\" sizes=\"auto, (max-width: 1345px) 100vw, 1345px\" \/><\/p>\n<p><img loading=\"lazy\" decoding=\"async\" class=\"aligncenter size-full wp-image-3628\" src=\"https:\/\/ispirazionesportiva.com\/wp-content\/uploads\/2026\/04\/WhatsApp-Image-2026-04-30-at-17.29.07-1.jpeg\" alt=\"\" width=\"1327\" height=\"2048\" srcset=\"https:\/\/ispirazionesportiva.com\/wp-content\/uploads\/2026\/04\/WhatsApp-Image-2026-04-30-at-17.29.07-1.jpeg 1327w, https:\/\/ispirazionesportiva.com\/wp-content\/uploads\/2026\/04\/WhatsApp-Image-2026-04-30-at-17.29.07-1-194x300.jpeg 194w, https:\/\/ispirazionesportiva.com\/wp-content\/uploads\/2026\/04\/WhatsApp-Image-2026-04-30-at-17.29.07-1-664x1024.jpeg 664w, https:\/\/ispirazionesportiva.com\/wp-content\/uploads\/2026\/04\/WhatsApp-Image-2026-04-30-at-17.29.07-1-768x1185.jpeg 768w, https:\/\/ispirazionesportiva.com\/wp-content\/uploads\/2026\/04\/WhatsApp-Image-2026-04-30-at-17.29.07-1-995x1536.jpeg 995w, https:\/\/ispirazionesportiva.com\/wp-content\/uploads\/2026\/04\/WhatsApp-Image-2026-04-30-at-17.29.07-1-1024x1580.jpeg 1024w\" sizes=\"auto, (max-width: 1327px) 100vw, 1327px\" \/><\/p>\n<p>&nbsp;<\/p>\n<p style=\"text-align: center;\">Leggi anche:<\/p>\n<blockquote class=\"wp-embedded-content\" data-secret=\"Y9O950w2Xo\"><p><a href=\"https:\/\/ispirazionesportiva.com\/index.php\/2022\/05\/01\/ayrton-non-correre-quel-gran-premio\/\">Ayrton non correre quel gran premio<\/a><\/p><\/blockquote>\n<p><iframe loading=\"lazy\" class=\"wp-embedded-content\" sandbox=\"allow-scripts\" security=\"restricted\" style=\"position: absolute; visibility: hidden;\" title=\"&#8220;Ayrton non correre quel gran premio&#8221; &#8212; IspirazioneSportiva.com\" src=\"https:\/\/ispirazionesportiva.com\/index.php\/2022\/05\/01\/ayrton-non-correre-quel-gran-premio\/embed\/#?secret=syGw22Rip6#?secret=Y9O950w2Xo\" data-secret=\"Y9O950w2Xo\" width=\"600\" height=\"338\" frameborder=\"0\" marginwidth=\"0\" marginheight=\"0\" scrolling=\"no\"><\/iframe><\/p>\n<blockquote class=\"wp-embedded-content\" data-secret=\"FU95ant3kj\"><p><a href=\"https:\/\/ispirazionesportiva.com\/index.php\/2022\/07\/15\/leonardo-guzzo-beco\/\">Leonardo Guzzo: Beco<\/a><\/p><\/blockquote>\n<p><iframe loading=\"lazy\" class=\"wp-embedded-content\" sandbox=\"allow-scripts\" security=\"restricted\" style=\"position: absolute; visibility: hidden;\" title=\"&#8220;Leonardo Guzzo: Beco&#8221; &#8212; IspirazioneSportiva.com\" src=\"https:\/\/ispirazionesportiva.com\/index.php\/2022\/07\/15\/leonardo-guzzo-beco\/embed\/#?secret=UWJSDipase#?secret=FU95ant3kj\" data-secret=\"FU95ant3kj\" width=\"600\" height=\"338\" frameborder=\"0\" marginwidth=\"0\" marginheight=\"0\" scrolling=\"no\"><\/iframe><\/p>\n<blockquote class=\"wp-embedded-content\" data-secret=\"PJ0kbVtKqU\"><p><a href=\"https:\/\/ispirazionesportiva.com\/index.php\/2022\/05\/01\/ci-ritorni-in-mente-senna-le-ali-del-signore\/\">Ci ritorni in mente: Senna, le ali del Signore<\/a><\/p><\/blockquote>\n<p><iframe loading=\"lazy\" class=\"wp-embedded-content\" sandbox=\"allow-scripts\" security=\"restricted\" style=\"position: absolute; visibility: hidden;\" title=\"&#8220;Ci ritorni in mente: Senna, le ali del Signore&#8221; &#8212; IspirazioneSportiva.com\" src=\"https:\/\/ispirazionesportiva.com\/index.php\/2022\/05\/01\/ci-ritorni-in-mente-senna-le-ali-del-signore\/embed\/#?secret=O6nfIdLY4I#?secret=PJ0kbVtKqU\" data-secret=\"PJ0kbVtKqU\" width=\"600\" height=\"338\" frameborder=\"0\" marginwidth=\"0\" marginheight=\"0\" scrolling=\"no\"><\/iframe><\/p>\n<blockquote class=\"wp-embedded-content\" data-secret=\"JPJ8SYL5jH\"><p><a href=\"https:\/\/ispirazionesportiva.com\/index.php\/2021\/03\/21\/il-pesco-in-fiore-e-la-nascita-di-ayrton-senna\/\">Il pesco in fiore e\u2026 la nascita di Ayrton Senna<\/a><\/p><\/blockquote>\n<p><iframe loading=\"lazy\" class=\"wp-embedded-content\" sandbox=\"allow-scripts\" security=\"restricted\" style=\"position: absolute; visibility: hidden;\" title=\"&#8220;Il pesco in fiore e\u2026 la nascita di Ayrton Senna&#8221; &#8212; IspirazioneSportiva.com\" src=\"https:\/\/ispirazionesportiva.com\/index.php\/2021\/03\/21\/il-pesco-in-fiore-e-la-nascita-di-ayrton-senna\/embed\/#?secret=k9Q5H1eUkF#?secret=JPJ8SYL5jH\" data-secret=\"JPJ8SYL5jH\" width=\"600\" height=\"338\" frameborder=\"0\" marginwidth=\"0\" marginheight=\"0\" scrolling=\"no\"><\/iframe><\/p>\n<blockquote class=\"wp-embedded-content\" data-secret=\"nqP30NXgX2\"><p><a href=\"https:\/\/ispirazionesportiva.com\/index.php\/2020\/10\/31\/il-mito-di-un-bimbo-non-muore-mai\/\">Il mito di un bimbo non muore mai<\/a><\/p><\/blockquote>\n<p><iframe loading=\"lazy\" class=\"wp-embedded-content\" sandbox=\"allow-scripts\" security=\"restricted\" style=\"position: absolute; visibility: hidden;\" title=\"&#8220;Il mito di un bimbo non muore mai&#8221; &#8212; IspirazioneSportiva.com\" src=\"https:\/\/ispirazionesportiva.com\/index.php\/2020\/10\/31\/il-mito-di-un-bimbo-non-muore-mai\/embed\/#?secret=pE6RpRYHhG#?secret=nqP30NXgX2\" data-secret=\"nqP30NXgX2\" width=\"600\" height=\"338\" frameborder=\"0\" marginwidth=\"0\" marginheight=\"0\" scrolling=\"no\"><\/iframe><\/p>\n<blockquote class=\"wp-embedded-content\" data-secret=\"bdC28R8YMk\"><p><a href=\"https:\/\/ispirazionesportiva.com\/index.php\/2020\/08\/11\/senna-inedito\/\">Senna Inedito<\/a><\/p><\/blockquote>\n<p><iframe loading=\"lazy\" class=\"wp-embedded-content\" sandbox=\"allow-scripts\" security=\"restricted\" style=\"position: absolute; visibility: hidden;\" title=\"&#8220;Senna Inedito&#8221; &#8212; IspirazioneSportiva.com\" src=\"https:\/\/ispirazionesportiva.com\/index.php\/2020\/08\/11\/senna-inedito\/embed\/#?secret=uMYEpZYJC4#?secret=bdC28R8YMk\" data-secret=\"bdC28R8YMk\" width=\"600\" height=\"338\" frameborder=\"0\" marginwidth=\"0\" marginheight=\"0\" scrolling=\"no\"><\/iframe><\/p>\n<blockquote class=\"wp-embedded-content\" data-secret=\"uwYVqlwSif\"><p><a href=\"https:\/\/ispirazionesportiva.com\/index.php\/2025\/01\/18\/ayrton-senna-un-dio-immortale-alla-ricerca-della-felicita-di-valeria-biotti\/\">Ayrton Senna &#8211; Un dio immortale alla ricerca della felicit\u00e0. Di Valeria Biotti<\/a><\/p><\/blockquote>\n<p><iframe loading=\"lazy\" class=\"wp-embedded-content\" sandbox=\"allow-scripts\" security=\"restricted\" style=\"position: absolute; visibility: hidden;\" title=\"&#8220;Ayrton Senna &#8211; Un dio immortale alla ricerca della felicit\u00e0. Di Valeria Biotti&#8221; &#8212; IspirazioneSportiva.com\" src=\"https:\/\/ispirazionesportiva.com\/index.php\/2025\/01\/18\/ayrton-senna-un-dio-immortale-alla-ricerca-della-felicita-di-valeria-biotti\/embed\/#?secret=Dpojr5aNqQ#?secret=uwYVqlwSif\" data-secret=\"uwYVqlwSif\" width=\"600\" height=\"338\" frameborder=\"0\" marginwidth=\"0\" marginheight=\"0\" scrolling=\"no\"><\/iframe><\/p>\n<blockquote class=\"wp-embedded-content\" data-secret=\"Ke2NWbBXZp\"><p><a href=\"https:\/\/ispirazionesportiva.com\/index.php\/2024\/05\/01\/senna-day-esclusiva-andrea-coco-la-mia-formula-uno-quella-di-senna-e-prost\/\">SENNA DAY, ESCLUSIVA: Andrea Coco, la mia Formula Uno, quella di Senna e Prost<\/a><\/p><\/blockquote>\n<p><iframe loading=\"lazy\" class=\"wp-embedded-content\" sandbox=\"allow-scripts\" security=\"restricted\" style=\"position: absolute; visibility: hidden;\" title=\"&#8220;SENNA DAY, ESCLUSIVA: Andrea Coco, la mia Formula Uno, quella di Senna e Prost&#8221; &#8212; IspirazioneSportiva.com\" src=\"https:\/\/ispirazionesportiva.com\/index.php\/2024\/05\/01\/senna-day-esclusiva-andrea-coco-la-mia-formula-uno-quella-di-senna-e-prost\/embed\/#?secret=hzmZM5gK0Z#?secret=Ke2NWbBXZp\" data-secret=\"Ke2NWbBXZp\" width=\"600\" height=\"338\" frameborder=\"0\" marginwidth=\"0\" marginheight=\"0\" scrolling=\"no\"><\/iframe><\/p>\n","protected":false},"excerpt":{"rendered":"<p>Data di uscita: aprile 2019 142 pagine Il mix tra un campione del giornalismo nostrano,&#8230;<\/p>\n","protected":false},"author":4,"featured_media":3630,"comment_status":"closed","ping_status":"closed","sticky":false,"template":"","format":"standard","meta":{"footnotes":""},"categories":[7,71,9],"tags":[55],"class_list":["post-3625","post","type-post","status-publish","format-standard","has-post-thumbnail","hentry","category-formula-1","category-i-libri-consigliati-formula-1","category-la-biblioteca","tag-senna"],"yoast_head":"<!-- This site is optimized with the Yoast SEO plugin v21.9 - https:\/\/yoast.com\/wordpress\/plugins\/seo\/ -->\n<title>Giorgio Terruzzi - Suite 200, l&#039;ultima notte di Ayrton Senna - IspirazioneSportiva.com<\/title>\n<meta name=\"description\" content=\"Imola, 1994. Bastano questi due dati per volare al pensiero di Ayrton Senna che ci lascia. Giorgio Terruzzi ne immagina l&#039;ultima notte\" \/>\n<meta name=\"robots\" content=\"index, follow, max-snippet:-1, max-image-preview:large, max-video-preview:-1\" \/>\n<link rel=\"canonical\" href=\"https:\/\/ispirazionesportiva.com\/index.php\/2026\/04\/30\/giorgio-terruzzi-suite-200-lultima-notte-di-ayrton-senna\/\" \/>\n<meta property=\"og:locale\" content=\"it_IT\" \/>\n<meta property=\"og:type\" content=\"article\" \/>\n<meta property=\"og:title\" content=\"Giorgio Terruzzi - Suite 200, l&#039;ultima notte di Ayrton Senna\" \/>\n<meta property=\"og:description\" content=\"Imola, 1994. Bastano questi due dati per volare al pensiero di Ayrton Senna che ci lascia. Giorgio Terruzzi ne immagina l&#039;ultima notte\" \/>\n<meta property=\"og:url\" content=\"https:\/\/ispirazionesportiva.com\/index.php\/2026\/04\/30\/giorgio-terruzzi-suite-200-lultima-notte-di-ayrton-senna\/\" \/>\n<meta property=\"og:site_name\" content=\"IspirazioneSportiva.com\" \/>\n<meta property=\"article:publisher\" content=\"https:\/\/www.facebook.com\/search\/top\/?q=ispirazionesportiva.com\" \/>\n<meta property=\"article:author\" content=\"https:\/\/www.facebook.com\/supermariolemieux\/\" \/>\n<meta property=\"article:published_time\" content=\"2026-04-30T15:40:21+00:00\" \/>\n<meta property=\"og:image\" content=\"https:\/\/ispirazionesportiva.com\/wp-content\/uploads\/2026\/04\/Collage_Maker_4_30_2026_5_37_59_PM.jpg\" \/>\n\t<meta property=\"og:image:width\" content=\"1280\" \/>\n\t<meta property=\"og:image:height\" content=\"720\" \/>\n\t<meta property=\"og:image:type\" content=\"image\/jpeg\" \/>\n<meta name=\"author\" content=\"Francesco Fiori\" \/>\n<meta name=\"twitter:card\" content=\"summary_large_image\" \/>\n<meta name=\"twitter:creator\" content=\"@frafiori21\" \/>\n<meta name=\"twitter:site\" content=\"@FraFiori21\" \/>\n<meta name=\"twitter:label1\" content=\"Scritto da\" \/>\n\t<meta name=\"twitter:data1\" content=\"Francesco Fiori\" \/>\n\t<meta name=\"twitter:label2\" content=\"Tempo di lettura stimato\" \/>\n\t<meta name=\"twitter:data2\" content=\"3 minuti\" \/>\n<script type=\"application\/ld+json\" class=\"yoast-schema-graph\">{\"@context\":\"https:\/\/schema.org\",\"@graph\":[{\"@type\":\"Article\",\"@id\":\"https:\/\/ispirazionesportiva.com\/index.php\/2026\/04\/30\/giorgio-terruzzi-suite-200-lultima-notte-di-ayrton-senna\/#article\",\"isPartOf\":{\"@id\":\"https:\/\/ispirazionesportiva.com\/index.php\/2026\/04\/30\/giorgio-terruzzi-suite-200-lultima-notte-di-ayrton-senna\/\"},\"author\":{\"name\":\"Francesco Fiori\",\"@id\":\"https:\/\/ispirazionesportiva.com\/#\/schema\/person\/7288fdedc9108918baa7bb22bab31fb7\"},\"headline\":\"Giorgio Terruzzi &#8211; Suite 200, l&#8217;ultima notte di Ayrton Senna\",\"datePublished\":\"2026-04-30T15:40:21+00:00\",\"dateModified\":\"2026-04-30T15:40:21+00:00\",\"mainEntityOfPage\":{\"@id\":\"https:\/\/ispirazionesportiva.com\/index.php\/2026\/04\/30\/giorgio-terruzzi-suite-200-lultima-notte-di-ayrton-senna\/\"},\"wordCount\":377,\"publisher\":{\"@id\":\"https:\/\/ispirazionesportiva.com\/#organization\"},\"keywords\":[\"senna\"],\"articleSection\":[\"Formula 1\",\"I libri consigliati formula 1\",\"La biblioteca\"],\"inLanguage\":\"it-IT\"},{\"@type\":\"WebPage\",\"@id\":\"https:\/\/ispirazionesportiva.com\/index.php\/2026\/04\/30\/giorgio-terruzzi-suite-200-lultima-notte-di-ayrton-senna\/\",\"url\":\"https:\/\/ispirazionesportiva.com\/index.php\/2026\/04\/30\/giorgio-terruzzi-suite-200-lultima-notte-di-ayrton-senna\/\",\"name\":\"Giorgio Terruzzi - Suite 200, l'ultima notte di Ayrton Senna - IspirazioneSportiva.com\",\"isPartOf\":{\"@id\":\"https:\/\/ispirazionesportiva.com\/#website\"},\"datePublished\":\"2026-04-30T15:40:21+00:00\",\"dateModified\":\"2026-04-30T15:40:21+00:00\",\"description\":\"Imola, 1994. Bastano questi due dati per volare al pensiero di Ayrton Senna che ci lascia. Giorgio Terruzzi ne immagina l'ultima notte\",\"breadcrumb\":{\"@id\":\"https:\/\/ispirazionesportiva.com\/index.php\/2026\/04\/30\/giorgio-terruzzi-suite-200-lultima-notte-di-ayrton-senna\/#breadcrumb\"},\"inLanguage\":\"it-IT\",\"potentialAction\":[{\"@type\":\"ReadAction\",\"target\":[\"https:\/\/ispirazionesportiva.com\/index.php\/2026\/04\/30\/giorgio-terruzzi-suite-200-lultima-notte-di-ayrton-senna\/\"]}]},{\"@type\":\"BreadcrumbList\",\"@id\":\"https:\/\/ispirazionesportiva.com\/index.php\/2026\/04\/30\/giorgio-terruzzi-suite-200-lultima-notte-di-ayrton-senna\/#breadcrumb\",\"itemListElement\":[{\"@type\":\"ListItem\",\"position\":1,\"name\":\"Home\",\"item\":\"https:\/\/ispirazionesportiva.com\/\"},{\"@type\":\"ListItem\",\"position\":2,\"name\":\"Giorgio Terruzzi &#8211; Suite 200, l&#8217;ultima notte di Ayrton Senna\"}]},{\"@type\":\"WebSite\",\"@id\":\"https:\/\/ispirazionesportiva.com\/#website\",\"url\":\"https:\/\/ispirazionesportiva.com\/\",\"name\":\"IspirazioneSportiva.com\",\"description\":\"Le storie sportive che emozionano\",\"publisher\":{\"@id\":\"https:\/\/ispirazionesportiva.com\/#organization\"},\"potentialAction\":[{\"@type\":\"SearchAction\",\"target\":{\"@type\":\"EntryPoint\",\"urlTemplate\":\"https:\/\/ispirazionesportiva.com\/?s={search_term_string}\"},\"query-input\":\"required name=search_term_string\"}],\"inLanguage\":\"it-IT\"},{\"@type\":\"Organization\",\"@id\":\"https:\/\/ispirazionesportiva.com\/#organization\",\"name\":\"ispirazionesportiva.com\",\"url\":\"https:\/\/ispirazionesportiva.com\/\",\"logo\":{\"@type\":\"ImageObject\",\"inLanguage\":\"it-IT\",\"@id\":\"https:\/\/ispirazionesportiva.com\/#\/schema\/logo\/image\/\",\"url\":\"https:\/\/ispirazionesportiva.com\/wp-content\/uploads\/2020\/08\/1589964388149.jpg\",\"contentUrl\":\"https:\/\/ispirazionesportiva.com\/wp-content\/uploads\/2020\/08\/1589964388149.jpg\",\"width\":980,\"height\":600,\"caption\":\"ispirazionesportiva.com\"},\"image\":{\"@id\":\"https:\/\/ispirazionesportiva.com\/#\/schema\/logo\/image\/\"},\"sameAs\":[\"https:\/\/www.facebook.com\/search\/top\/?q=ispirazionesportiva.com\",\"https:\/\/twitter.com\/FraFiori21\",\"https:\/\/www.instagram.com\/ispirazione_sportiva\/?hl=it\",\"https:\/\/www.linkedin.com\/in\/mario-francesco-fiori-8788ba1b4\/\"]},{\"@type\":\"Person\",\"@id\":\"https:\/\/ispirazionesportiva.com\/#\/schema\/person\/7288fdedc9108918baa7bb22bab31fb7\",\"name\":\"Francesco Fiori\",\"image\":{\"@type\":\"ImageObject\",\"inLanguage\":\"it-IT\",\"@id\":\"https:\/\/ispirazionesportiva.com\/#\/schema\/person\/image\/\",\"url\":\"https:\/\/secure.gravatar.com\/avatar\/beff881b593f312e866653a8c45295843e00b61ce1984ceaacd4e1709e4c1b57?s=96&d=mm&r=g\",\"contentUrl\":\"https:\/\/secure.gravatar.com\/avatar\/beff881b593f312e866653a8c45295843e00b61ce1984ceaacd4e1709e4c1b57?s=96&d=mm&r=g\",\"caption\":\"Francesco Fiori\"},\"description\":\"Francesco Fiori \u00e8 un giornalista sardo, classe 1983, con la passione per il racconto dello sport. Di tutto lo sport. Aveva 6 anni quando, sicuramente errore o destino, ebbe in regalo una semplice radio, senza pensare alle conseguenze successive del pianeta sportivo. Una domenica, finiti i compiti, giocando con quel mezzo, capt\u00f2 la voce roca di Sandro Ciotti. Aveva appena scoperto l\u2019esistenza di Tutto il calcio minuto per minuto. La prima sfida arriva nella stagione calcistica 90\/91, quando lo zio, incredibile giornalista locale, gli diede come compito raccontare la giornata calcistica appena conclusa. Quel tema, ad appena 7 anni, risult\u00f2 migliore rispetto alle tabelline, mai entrate volentieri in testa. Il premio fu la presenza alla gara di cartello della squadra del suo paese, il Ploaghe, due settimane pi\u00f9 tardi. Destino volle che la morte prese suo zio proprio il mercoled\u00ec prima, innescando in Fiori la voglia di diventare giornalista. A scuola alla domanda \u201cHai solo il calcio in testa?\u201d rispondeva \u201cNo, anche il ciclismo\u201d e gli anni di partite contemporanee la domenica e di Tele +2 col calcio estero crearono un piccolo \u201cpsicopatico sportivo\u201d. Tra gli sport di cui si innamora c\u2019\u00e8 l\u2019hockey americano, soprattutto nella mitologica figura di Mario Lemieux. Poco prima della morte del padre, nel febbraio 2001, Fiori trova su La Gazzetta dello Sport proprio un trafiletto con scritto del ritorno sul ghiaccio di Lemieux dopo aver sconfitto una forma tumorale e un ritiro di 3 anni. Da l\u00ec altra promessa, qualora arrivi la possibilit\u00e0 di scrivere un articolo, questo sar\u00e0 su Lemieux il Magnifico. Diventato ragioniere capisce immediatamente che iva e fatture sono molto pi\u00f9 noiose del previsto e la prima collaborazione col giornale \u201cSa Bovida\u201d gli fanno capire le regole basi del giornalismo, cosa che Fiori ignorava ma che rispettava, chiedendo solo la possibilit\u00e0 di scrivere e far colpo. Chiusa la parentesi Sa Bovida per problemi logistici e di salute dell\u2019immenso Antonio Delitala ecco il primo reale colpo di fulmine, il sito di hockey Nhl Playitusa che non ha un articolo su Lemieux. Il direttore, con una mail che Fiori ancora oggi custodisce, risponde: \u201cBeh, perch\u00e9 non provi a scriverne uno tu?\u201d Il resto \u00e8 la storia scritta al pc dopo averne scritto 5 pagine in un quadernone a quadretti. Un cambio di lavoro, non per sua volont\u00e0, spariglia le carte in tavola, col ragazzo che stando fuori casa tutto il tempo deve abbandonare la scrittura, ma peggio ancora va col primo di 3 ictus che colpiscono la mamma proprio in quel periodo. Tempo al tempo e con un altro cambio di lavoro ecco l\u2019opzione che lo colpisce, scrivere della sua amata Inter sul sito SpazioInter. Gli inizi sono complicati, scrivere secondo le regole e non avere carta bianca lo bloccano un pochino, fino all\u2019esplosione che nel sito si chiama Live. Il Live sarebbe il racconto, minuto per minuto e in contemporanea, della partita in tv e a Fiori tocca esordire con Milan-Inter. Quella sera il divertimento raggiunge le stelle, anzi, le supera e da quel momento l\u2019impegno \u00e8 triplo, con le perle di interviste a Sandro Mazzola (che risate), Gigi Simoni (che gentilezza) e Riccardo Cucchi, suo idolo radiofonico. Il tesserino da giornalista gli fa mantenere la parola data a 6 anni e ancor pi\u00f9 sorprendente \u00e8 la proposta di essere addetto stampa proprio della squadra locale, andare a vedere quelle partite che il destino gli negarono nel 1991. Si chiede spesso se sia il destino a far scherzi oppure se semplicemente la vita va accettata per quella che \u00e8. Il 30 gennaio 2021, dopo un ricovero di un mese con tutte le aggravanti possibili, in ospedale viene a mancare la mamma di Francesco. Il colpo \u00e8 brutale. Il conto \u00e8 pesantissimo, la mente lontana, lo scrivere, anche solo un piccolo pensiero sulla giornata calcistica, \u00e8 di una difficolt\u00e0 che ad oggi \u00e8 ancora lontana dall'essere superata. Il resto \u00e8 storia o noia, dipende da che parte si vuol vedere, dagli articoli su Gazzetta Fan News al raccontare qualsiasi sport, perch\u00e9 per Fiori ogni sport ha un suo eroe e perch\u00e9 ora, con IspirazioneSportiva.com, sar\u00e0 ancor pi\u00f9 spettacolare dar libero sfogo a qualsiasi ispirazione, come dice il nome e come gli ha insegnato Riccardo Cucchi: \u201cNella vita mai smettere di sognare!\u201d. Anzi, scusate il ritardo! Mail: fcroda@yahoo.it Fb: supermariolemieux pec: francesco.fiori@pecgiornalisti.it\",\"sameAs\":[\"https:\/\/www.facebook.com\/supermariolemieux\/\",\"https:\/\/www.instagram.com\/francescofiori12\/\",\"https:\/\/www.linkedin.com\/in\/francesco-fiori-b45614176\/\",\"https:\/\/twitter.com\/frafiori21\"],\"url\":\"https:\/\/ispirazionesportiva.com\/index.php\/author\/supermariolemieux\/\"}]}<\/script>\n<!-- \/ Yoast SEO plugin. -->","yoast_head_json":{"title":"Giorgio Terruzzi - Suite 200, l'ultima notte di Ayrton Senna - IspirazioneSportiva.com","description":"Imola, 1994. Bastano questi due dati per volare al pensiero di Ayrton Senna che ci lascia. Giorgio Terruzzi ne immagina l'ultima notte","robots":{"index":"index","follow":"follow","max-snippet":"max-snippet:-1","max-image-preview":"max-image-preview:large","max-video-preview":"max-video-preview:-1"},"canonical":"https:\/\/ispirazionesportiva.com\/index.php\/2026\/04\/30\/giorgio-terruzzi-suite-200-lultima-notte-di-ayrton-senna\/","og_locale":"it_IT","og_type":"article","og_title":"Giorgio Terruzzi - Suite 200, l'ultima notte di Ayrton Senna","og_description":"Imola, 1994. Bastano questi due dati per volare al pensiero di Ayrton Senna che ci lascia. Giorgio Terruzzi ne immagina l'ultima notte","og_url":"https:\/\/ispirazionesportiva.com\/index.php\/2026\/04\/30\/giorgio-terruzzi-suite-200-lultima-notte-di-ayrton-senna\/","og_site_name":"IspirazioneSportiva.com","article_publisher":"https:\/\/www.facebook.com\/search\/top\/?q=ispirazionesportiva.com","article_author":"https:\/\/www.facebook.com\/supermariolemieux\/","article_published_time":"2026-04-30T15:40:21+00:00","og_image":[{"width":1280,"height":720,"url":"https:\/\/ispirazionesportiva.com\/wp-content\/uploads\/2026\/04\/Collage_Maker_4_30_2026_5_37_59_PM.jpg","type":"image\/jpeg"}],"author":"Francesco Fiori","twitter_card":"summary_large_image","twitter_creator":"@frafiori21","twitter_site":"@FraFiori21","twitter_misc":{"Scritto da":"Francesco Fiori","Tempo di lettura stimato":"3 minuti"},"schema":{"@context":"https:\/\/schema.org","@graph":[{"@type":"Article","@id":"https:\/\/ispirazionesportiva.com\/index.php\/2026\/04\/30\/giorgio-terruzzi-suite-200-lultima-notte-di-ayrton-senna\/#article","isPartOf":{"@id":"https:\/\/ispirazionesportiva.com\/index.php\/2026\/04\/30\/giorgio-terruzzi-suite-200-lultima-notte-di-ayrton-senna\/"},"author":{"name":"Francesco Fiori","@id":"https:\/\/ispirazionesportiva.com\/#\/schema\/person\/7288fdedc9108918baa7bb22bab31fb7"},"headline":"Giorgio Terruzzi &#8211; Suite 200, l&#8217;ultima notte di Ayrton Senna","datePublished":"2026-04-30T15:40:21+00:00","dateModified":"2026-04-30T15:40:21+00:00","mainEntityOfPage":{"@id":"https:\/\/ispirazionesportiva.com\/index.php\/2026\/04\/30\/giorgio-terruzzi-suite-200-lultima-notte-di-ayrton-senna\/"},"wordCount":377,"publisher":{"@id":"https:\/\/ispirazionesportiva.com\/#organization"},"keywords":["senna"],"articleSection":["Formula 1","I libri consigliati formula 1","La biblioteca"],"inLanguage":"it-IT"},{"@type":"WebPage","@id":"https:\/\/ispirazionesportiva.com\/index.php\/2026\/04\/30\/giorgio-terruzzi-suite-200-lultima-notte-di-ayrton-senna\/","url":"https:\/\/ispirazionesportiva.com\/index.php\/2026\/04\/30\/giorgio-terruzzi-suite-200-lultima-notte-di-ayrton-senna\/","name":"Giorgio Terruzzi - Suite 200, l'ultima notte di Ayrton Senna - IspirazioneSportiva.com","isPartOf":{"@id":"https:\/\/ispirazionesportiva.com\/#website"},"datePublished":"2026-04-30T15:40:21+00:00","dateModified":"2026-04-30T15:40:21+00:00","description":"Imola, 1994. Bastano questi due dati per volare al pensiero di Ayrton Senna che ci lascia. Giorgio Terruzzi ne immagina l'ultima notte","breadcrumb":{"@id":"https:\/\/ispirazionesportiva.com\/index.php\/2026\/04\/30\/giorgio-terruzzi-suite-200-lultima-notte-di-ayrton-senna\/#breadcrumb"},"inLanguage":"it-IT","potentialAction":[{"@type":"ReadAction","target":["https:\/\/ispirazionesportiva.com\/index.php\/2026\/04\/30\/giorgio-terruzzi-suite-200-lultima-notte-di-ayrton-senna\/"]}]},{"@type":"BreadcrumbList","@id":"https:\/\/ispirazionesportiva.com\/index.php\/2026\/04\/30\/giorgio-terruzzi-suite-200-lultima-notte-di-ayrton-senna\/#breadcrumb","itemListElement":[{"@type":"ListItem","position":1,"name":"Home","item":"https:\/\/ispirazionesportiva.com\/"},{"@type":"ListItem","position":2,"name":"Giorgio Terruzzi &#8211; Suite 200, l&#8217;ultima notte di Ayrton Senna"}]},{"@type":"WebSite","@id":"https:\/\/ispirazionesportiva.com\/#website","url":"https:\/\/ispirazionesportiva.com\/","name":"IspirazioneSportiva.com","description":"Le storie sportive che emozionano","publisher":{"@id":"https:\/\/ispirazionesportiva.com\/#organization"},"potentialAction":[{"@type":"SearchAction","target":{"@type":"EntryPoint","urlTemplate":"https:\/\/ispirazionesportiva.com\/?s={search_term_string}"},"query-input":"required name=search_term_string"}],"inLanguage":"it-IT"},{"@type":"Organization","@id":"https:\/\/ispirazionesportiva.com\/#organization","name":"ispirazionesportiva.com","url":"https:\/\/ispirazionesportiva.com\/","logo":{"@type":"ImageObject","inLanguage":"it-IT","@id":"https:\/\/ispirazionesportiva.com\/#\/schema\/logo\/image\/","url":"https:\/\/ispirazionesportiva.com\/wp-content\/uploads\/2020\/08\/1589964388149.jpg","contentUrl":"https:\/\/ispirazionesportiva.com\/wp-content\/uploads\/2020\/08\/1589964388149.jpg","width":980,"height":600,"caption":"ispirazionesportiva.com"},"image":{"@id":"https:\/\/ispirazionesportiva.com\/#\/schema\/logo\/image\/"},"sameAs":["https:\/\/www.facebook.com\/search\/top\/?q=ispirazionesportiva.com","https:\/\/twitter.com\/FraFiori21","https:\/\/www.instagram.com\/ispirazione_sportiva\/?hl=it","https:\/\/www.linkedin.com\/in\/mario-francesco-fiori-8788ba1b4\/"]},{"@type":"Person","@id":"https:\/\/ispirazionesportiva.com\/#\/schema\/person\/7288fdedc9108918baa7bb22bab31fb7","name":"Francesco Fiori","image":{"@type":"ImageObject","inLanguage":"it-IT","@id":"https:\/\/ispirazionesportiva.com\/#\/schema\/person\/image\/","url":"https:\/\/secure.gravatar.com\/avatar\/beff881b593f312e866653a8c45295843e00b61ce1984ceaacd4e1709e4c1b57?s=96&d=mm&r=g","contentUrl":"https:\/\/secure.gravatar.com\/avatar\/beff881b593f312e866653a8c45295843e00b61ce1984ceaacd4e1709e4c1b57?s=96&d=mm&r=g","caption":"Francesco Fiori"},"description":"Francesco Fiori \u00e8 un giornalista sardo, classe 1983, con la passione per il racconto dello sport. Di tutto lo sport. Aveva 6 anni quando, sicuramente errore o destino, ebbe in regalo una semplice radio, senza pensare alle conseguenze successive del pianeta sportivo. Una domenica, finiti i compiti, giocando con quel mezzo, capt\u00f2 la voce roca di Sandro Ciotti. Aveva appena scoperto l\u2019esistenza di Tutto il calcio minuto per minuto. La prima sfida arriva nella stagione calcistica 90\/91, quando lo zio, incredibile giornalista locale, gli diede come compito raccontare la giornata calcistica appena conclusa. Quel tema, ad appena 7 anni, risult\u00f2 migliore rispetto alle tabelline, mai entrate volentieri in testa. Il premio fu la presenza alla gara di cartello della squadra del suo paese, il Ploaghe, due settimane pi\u00f9 tardi. Destino volle che la morte prese suo zio proprio il mercoled\u00ec prima, innescando in Fiori la voglia di diventare giornalista. A scuola alla domanda \u201cHai solo il calcio in testa?\u201d rispondeva \u201cNo, anche il ciclismo\u201d e gli anni di partite contemporanee la domenica e di Tele +2 col calcio estero crearono un piccolo \u201cpsicopatico sportivo\u201d. Tra gli sport di cui si innamora c\u2019\u00e8 l\u2019hockey americano, soprattutto nella mitologica figura di Mario Lemieux. Poco prima della morte del padre, nel febbraio 2001, Fiori trova su La Gazzetta dello Sport proprio un trafiletto con scritto del ritorno sul ghiaccio di Lemieux dopo aver sconfitto una forma tumorale e un ritiro di 3 anni. Da l\u00ec altra promessa, qualora arrivi la possibilit\u00e0 di scrivere un articolo, questo sar\u00e0 su Lemieux il Magnifico. Diventato ragioniere capisce immediatamente che iva e fatture sono molto pi\u00f9 noiose del previsto e la prima collaborazione col giornale \u201cSa Bovida\u201d gli fanno capire le regole basi del giornalismo, cosa che Fiori ignorava ma che rispettava, chiedendo solo la possibilit\u00e0 di scrivere e far colpo. Chiusa la parentesi Sa Bovida per problemi logistici e di salute dell\u2019immenso Antonio Delitala ecco il primo reale colpo di fulmine, il sito di hockey Nhl Playitusa che non ha un articolo su Lemieux. Il direttore, con una mail che Fiori ancora oggi custodisce, risponde: \u201cBeh, perch\u00e9 non provi a scriverne uno tu?\u201d Il resto \u00e8 la storia scritta al pc dopo averne scritto 5 pagine in un quadernone a quadretti. Un cambio di lavoro, non per sua volont\u00e0, spariglia le carte in tavola, col ragazzo che stando fuori casa tutto il tempo deve abbandonare la scrittura, ma peggio ancora va col primo di 3 ictus che colpiscono la mamma proprio in quel periodo. Tempo al tempo e con un altro cambio di lavoro ecco l\u2019opzione che lo colpisce, scrivere della sua amata Inter sul sito SpazioInter. Gli inizi sono complicati, scrivere secondo le regole e non avere carta bianca lo bloccano un pochino, fino all\u2019esplosione che nel sito si chiama Live. Il Live sarebbe il racconto, minuto per minuto e in contemporanea, della partita in tv e a Fiori tocca esordire con Milan-Inter. Quella sera il divertimento raggiunge le stelle, anzi, le supera e da quel momento l\u2019impegno \u00e8 triplo, con le perle di interviste a Sandro Mazzola (che risate), Gigi Simoni (che gentilezza) e Riccardo Cucchi, suo idolo radiofonico. Il tesserino da giornalista gli fa mantenere la parola data a 6 anni e ancor pi\u00f9 sorprendente \u00e8 la proposta di essere addetto stampa proprio della squadra locale, andare a vedere quelle partite che il destino gli negarono nel 1991. Si chiede spesso se sia il destino a far scherzi oppure se semplicemente la vita va accettata per quella che \u00e8. Il 30 gennaio 2021, dopo un ricovero di un mese con tutte le aggravanti possibili, in ospedale viene a mancare la mamma di Francesco. Il colpo \u00e8 brutale. Il conto \u00e8 pesantissimo, la mente lontana, lo scrivere, anche solo un piccolo pensiero sulla giornata calcistica, \u00e8 di una difficolt\u00e0 che ad oggi \u00e8 ancora lontana dall'essere superata. Il resto \u00e8 storia o noia, dipende da che parte si vuol vedere, dagli articoli su Gazzetta Fan News al raccontare qualsiasi sport, perch\u00e9 per Fiori ogni sport ha un suo eroe e perch\u00e9 ora, con IspirazioneSportiva.com, sar\u00e0 ancor pi\u00f9 spettacolare dar libero sfogo a qualsiasi ispirazione, come dice il nome e come gli ha insegnato Riccardo Cucchi: \u201cNella vita mai smettere di sognare!\u201d. Anzi, scusate il ritardo! Mail: fcroda@yahoo.it Fb: supermariolemieux pec: francesco.fiori@pecgiornalisti.it","sameAs":["https:\/\/www.facebook.com\/supermariolemieux\/","https:\/\/www.instagram.com\/francescofiori12\/","https:\/\/www.linkedin.com\/in\/francesco-fiori-b45614176\/","https:\/\/twitter.com\/frafiori21"],"url":"https:\/\/ispirazionesportiva.com\/index.php\/author\/supermariolemieux\/"}]}},"_links":{"self":[{"href":"https:\/\/ispirazionesportiva.com\/index.php\/wp-json\/wp\/v2\/posts\/3625","targetHints":{"allow":["GET"]}}],"collection":[{"href":"https:\/\/ispirazionesportiva.com\/index.php\/wp-json\/wp\/v2\/posts"}],"about":[{"href":"https:\/\/ispirazionesportiva.com\/index.php\/wp-json\/wp\/v2\/types\/post"}],"author":[{"embeddable":true,"href":"https:\/\/ispirazionesportiva.com\/index.php\/wp-json\/wp\/v2\/users\/4"}],"replies":[{"embeddable":true,"href":"https:\/\/ispirazionesportiva.com\/index.php\/wp-json\/wp\/v2\/comments?post=3625"}],"version-history":[{"count":2,"href":"https:\/\/ispirazionesportiva.com\/index.php\/wp-json\/wp\/v2\/posts\/3625\/revisions"}],"predecessor-version":[{"id":3629,"href":"https:\/\/ispirazionesportiva.com\/index.php\/wp-json\/wp\/v2\/posts\/3625\/revisions\/3629"}],"wp:featuredmedia":[{"embeddable":true,"href":"https:\/\/ispirazionesportiva.com\/index.php\/wp-json\/wp\/v2\/media\/3630"}],"wp:attachment":[{"href":"https:\/\/ispirazionesportiva.com\/index.php\/wp-json\/wp\/v2\/media?parent=3625"}],"wp:term":[{"taxonomy":"category","embeddable":true,"href":"https:\/\/ispirazionesportiva.com\/index.php\/wp-json\/wp\/v2\/categories?post=3625"},{"taxonomy":"post_tag","embeddable":true,"href":"https:\/\/ispirazionesportiva.com\/index.php\/wp-json\/wp\/v2\/tags?post=3625"}],"curies":[{"name":"wp","href":"https:\/\/api.w.org\/{rel}","templated":true}]}}