{"id":3600,"date":"2026-04-13T19:03:49","date_gmt":"2026-04-13T17:03:49","guid":{"rendered":"https:\/\/ispirazionesportiva.com\/?p=3600"},"modified":"2026-07-25T22:34:26","modified_gmt":"2026-07-25T20:34:26","slug":"paolo-piras-vertical-il-romanzo-di-gigi-riva","status":"publish","type":"post","link":"https:\/\/ispirazionesportiva.com\/index.php\/2026\/04\/13\/paolo-piras-vertical-il-romanzo-di-gigi-riva\/","title":{"rendered":"Paolo Piras &#8211; Vertical, il romanzo di Gigi Riva"},"content":{"rendered":"<p><em><strong>Data di pubblicazione: 27\/11\/2024<\/strong><\/em><\/p>\n<p><em><strong>Editore: 66thand2nd<\/strong><\/em><\/p>\n<p><em><strong>192 pagine<\/strong><\/em><\/p>\n<p>Gigi Riva. Basta nominarlo e in cielo si ode un rombo di tuono. <strong>Paolo Piras<\/strong> racconta in maniera magnifica con <strong>Vertical il romanzo di Gigi Riva<\/strong>, chi era il giocatore pi\u00f9 prolifico della Nazionale e in assoluto la leggenda pi\u00f9 grande del Cagliari e di un calcio, a fine anni sessanta, in cui era il numero uno.<\/p>\n<p>Vi riproponiamo l&#8217;introduzione del libro e un pezzo del capitolo su Manlio Scopigno per darvi una vaga idea di che personaggi mitologici vengono raccontati. Inutile dirvi che questo libro non pu\u00f2 mancare nella vostra personale biblioteca.<\/p>\n<p><em>&#8220;Per molti, nella storia del calcio italiano, Gigi Riva \u00e8 stato l\u2019ultimo degli eroi. Ai suoi tempi, tra gli anni Sessanta e Settanta del secolo scorso, la televisione non aveva ancora cancellato l\u2019epica dello sport, Il racconto dei testimoni contava pi\u00f9 delle immagini. E Riva, nel breve volgere della sua straordinaria carriera, \u00e8 riuscito a trasformarsi davvero in un personaggio epico, cantato e raccontato da compagni e avversari, tifosi e non tifosi, giornalisti e scrittori. <strong>Gianni Brera<\/strong> lo ha chiamato \u201cRombo di Tuono\u201d, ma \u00e8 stato <strong>Gianni Mura<\/strong> a trovare la definizione pi\u00f9 calzante, pi\u00f9 letteraria: \u201cHombre Vertical\u201d. Un uomo che non si piega ai guadagni facili, alle lusinghe dei potenti e alle scelte di comodo. Ancora oggi il nome di Riva evoca insieme la forza e la correttezza, Il talento e l\u2019integrit\u00e0. Un\u2019isola intera, la Sardegna, lo ha eletto per sempre a monumento della propria identit\u00e0 \u2013 lui che non era nemmeno sardo, ma lombardo di Leggiuno, \u201csponda magra\u201d del lago Maggiore. Perch\u00e9? Bisogna dipanare con pazienza e stupore tutto il filo della sua romanzesca avventura, dai lutti dell\u2019infanzia allo scudetto vinto col Cagliari (il primo di una squadra del Sud), dalle leggendarie imprese messicane al cammino esemplare come team manager della Nazionale, per capire appieno il percorso di un uomo che ha attraversato la povert\u00e0, il dolore, la rabbia, la gioia, la sfortuna, la gloria, l\u2019orgoglio, la serenit\u00e0, senza mai smettere di essere vertical&#8221;.<\/em><\/p>\n<p><em>\u201cEcco, la compagnia si \u00e8 formata. L\u2019Armata Bianca ha preso lentamente forma e coscienza di s\u00e9. Gli eroi di questa compagnia sono per\u00f2 ragazzi che fumano, bevono qualche goccetto e giocano a carte. Lo stesso Riva non si separa mai dalle sue Muratti, e va a scalare &#8211; un pacchetto circa il luned\u00ec, fino all\u2019ultima sigaretta, da fumarsi con lentezza religiosa il sabato mattina: A<strong> Scopigno<\/strong> importa che giochino e non tossiscano in campo; del resto, fuma e beve pi\u00f9 di tutti loro.<\/em><\/p>\n<p><em>Scopigno \u00e8 il mentore ideale per questi eroi. Uno che fa vivere l\u2019intera sua panchina in una nube perenne di fumo passivo. Uno che quando \u00e8 stanco non scende nemmeno dalla camera d\u2019albergo e dirige gli allenamenti dalla finestra, mentre la squadra corricchia nel giardino dell\u2019hotel. Uno che fa imbestialire Nereo Rocco, perch\u00e9, mentre il Par\u00f2n si sbraccia e si sgola in un combattuto Cagliari-Milan, si gira verso il rivale rosso blu e <strong>lo trova beatamente appisolato<\/strong>. Uno che sa essere severo e multare salato chi sgarra, ma a scansione casuale e imprevedibile, e pi\u00f9 a titolo di esempio. Per questo si scatena il panico nella camera di Albertosi quella notte famosa in cui il mister bussa alla porta, saranno le due o le tre e dentro ci sono Riva, Cera, Longoni e almeno altri tre. (le versioni divergono), impegnati in una interminabile partita a poker, che fumano come caminetti e bevono come pirati; Longoni si butta dentro un armadio; tutti spengono le rispettive cicche sotto il tavolo e le gettano sotto il letto, preferendo il rischio di incendio a quello della fragranza; resta il problema non risolvibile di dove nascondersi in uno stanzino d\u2019albergo. Mandano Albertosi a furia di spinte ad aprire &#8211; dopotutto, \u00e8 camera sua \u2013 ed ecco Scopigno farsi largo con cipiglio sonnolento, remando con le mani nella nebbia di fumo. Vede le carte, piglia la sedia che era di Longoni e dice: \u201c<strong>Vi secca, se faccio un giro con voi?<\/strong>\u201d<\/em><\/p>\n<p><em>Silenziosissima partita a carte. \u201cAh, ci sei anche tu?\u201d dice il mister a Longoni che nel frattempo scivola fuori dall\u2019armadio per non morire soffocato. \u201cQualcuno ha da accendere?\u201d. Un altro giro di carte e va via, e tutto quello che dice all\u2019uscita \u00e8: \u201cQuando finite aprite le finestre\u201d. La domenica vincono tre a zero. <\/em><\/p>\n<p><em>Nessun altro poteva tenere sereni questi cavalieri al momento del cimento decisivo, dell\u2019impresa impossibile, se non uno che, nel bailame degli ultimi minuti di una partita tiratissima, veniva raggiunto fin dentro la sua nube di fumo da uno dei suoi ragazzi, forse Cera, forse Greatti, che gli chiedeva, teso e ansante: \u201cMister, Mister, quanto manca?\u201d. Lui alz\u00f2 lentamente lo sguardo, lev\u00f2 la sigaretta dalle labbra, inarc\u00f2 il sopracciglio e rispose: \u201c<strong>A cosa?\u201d<\/strong><\/em><\/p>\n<p><img data-recalc-dims=\"1\" loading=\"lazy\" decoding=\"async\" class=\"aligncenter size-full wp-image-3601\" src=\"https:\/\/i0.wp.com\/ispirazionesportiva.com\/wp-content\/uploads\/2026\/04\/WhatsApp-Image-2026-04-13-at-18.44.20.jpeg?resize=640%2C972&#038;ssl=1\" alt=\"\" width=\"640\" height=\"972\" srcset=\"https:\/\/i0.wp.com\/ispirazionesportiva.com\/wp-content\/uploads\/sites\/3\/2026\/04\/WhatsApp-Image-2026-04-13-at-18.44.20.jpeg?w=1349&amp;ssl=1 1349w, https:\/\/i0.wp.com\/ispirazionesportiva.com\/wp-content\/uploads\/sites\/3\/2026\/04\/WhatsApp-Image-2026-04-13-at-18.44.20.jpeg?resize=198%2C300&amp;ssl=1 198w, https:\/\/i0.wp.com\/ispirazionesportiva.com\/wp-content\/uploads\/sites\/3\/2026\/04\/WhatsApp-Image-2026-04-13-at-18.44.20.jpeg?resize=675%2C1024&amp;ssl=1 675w, https:\/\/i0.wp.com\/ispirazionesportiva.com\/wp-content\/uploads\/sites\/3\/2026\/04\/WhatsApp-Image-2026-04-13-at-18.44.20.jpeg?resize=768%2C1166&amp;ssl=1 768w, https:\/\/i0.wp.com\/ispirazionesportiva.com\/wp-content\/uploads\/sites\/3\/2026\/04\/WhatsApp-Image-2026-04-13-at-18.44.20.jpeg?resize=1012%2C1536&amp;ssl=1 1012w, https:\/\/i0.wp.com\/ispirazionesportiva.com\/wp-content\/uploads\/sites\/3\/2026\/04\/WhatsApp-Image-2026-04-13-at-18.44.20.jpeg?resize=1024%2C1555&amp;ssl=1 1024w, https:\/\/i0.wp.com\/ispirazionesportiva.com\/wp-content\/uploads\/sites\/3\/2026\/04\/WhatsApp-Image-2026-04-13-at-18.44.20.jpeg?w=1280&amp;ssl=1 1280w\" sizes=\"auto, (max-width: 640px) 100vw, 640px\" \/><\/p>\n<p><img data-recalc-dims=\"1\" loading=\"lazy\" decoding=\"async\" class=\"aligncenter size-full wp-image-3602\" src=\"https:\/\/i0.wp.com\/ispirazionesportiva.com\/wp-content\/uploads\/2026\/04\/WhatsApp-Image-2026-04-13-at-18.44.20-1.jpeg?resize=640%2C960&#038;ssl=1\" alt=\"\" width=\"640\" height=\"960\" srcset=\"https:\/\/i0.wp.com\/ispirazionesportiva.com\/wp-content\/uploads\/sites\/3\/2026\/04\/WhatsApp-Image-2026-04-13-at-18.44.20-1.jpeg?w=1365&amp;ssl=1 1365w, https:\/\/i0.wp.com\/ispirazionesportiva.com\/wp-content\/uploads\/sites\/3\/2026\/04\/WhatsApp-Image-2026-04-13-at-18.44.20-1.jpeg?resize=200%2C300&amp;ssl=1 200w, https:\/\/i0.wp.com\/ispirazionesportiva.com\/wp-content\/uploads\/sites\/3\/2026\/04\/WhatsApp-Image-2026-04-13-at-18.44.20-1.jpeg?resize=683%2C1024&amp;ssl=1 683w, https:\/\/i0.wp.com\/ispirazionesportiva.com\/wp-content\/uploads\/sites\/3\/2026\/04\/WhatsApp-Image-2026-04-13-at-18.44.20-1.jpeg?resize=768%2C1152&amp;ssl=1 768w, https:\/\/i0.wp.com\/ispirazionesportiva.com\/wp-content\/uploads\/sites\/3\/2026\/04\/WhatsApp-Image-2026-04-13-at-18.44.20-1.jpeg?resize=1024%2C1536&amp;ssl=1 1024w, https:\/\/i0.wp.com\/ispirazionesportiva.com\/wp-content\/uploads\/sites\/3\/2026\/04\/WhatsApp-Image-2026-04-13-at-18.44.20-1.jpeg?w=1280&amp;ssl=1 1280w\" sizes=\"auto, (max-width: 640px) 100vw, 640px\" \/><\/p>\n","protected":false},"excerpt":{"rendered":"<p>Data di pubblicazione: 27\/11\/2024 Editore: 66thand2nd 192 pagine Gigi Riva. Basta nominarlo e in cielo&#8230;<\/p>\n","protected":false},"author":5,"featured_media":3604,"comment_status":"closed","ping_status":"closed","sticky":false,"template":"","format":"standard","meta":{"_monsterinsights_skip_tracking":false,"_jetpack_newsletter_access":"","_jetpack_dont_email_post_to_subs":false,"_jetpack_newsletter_tier_id":0,"_jetpack_memberships_contains_paywalled_content":false,"_jetpack_feature_clip_id":0,"_jetpack_memberships_contains_paid_content":false,"footnotes":"","jetpack_publicize_message":"","jetpack_publicize_feature_enabled":true,"jetpack_social_post_already_shared":false,"jetpack_social_options":{"image_generator_settings":{"template":"highway","default_image_id":0,"font":"","enabled":false},"version":2},"jetpack_post_was_ever_published":false},"categories":[5,207],"tags":[76],"class_list":["post-3600","post","type-post","status-publish","format-standard","has-post-thumbnail","hentry","category-calcio","category-i-libri-consigliati","tag-riva"],"aioseo_notices":[],"aioseo_head":"\n\t\t<!-- All in One SEO 5.0.1.1 - aioseo.com -->\n\t<meta name=\"description\" content=\"Data di pubblicazione: 27\/11\/2024 Editore: 66thand2nd 192 pagine Gigi Riva. Basta nominarlo e in cielo si ode un rombo di tuono. Paolo Piras racconta in maniera magnifica con Vertical il romanzo di Gigi Riva, chi era il giocatore pi\u00f9 prolifico della Nazionale e in assoluto la leggenda pi\u00f9 grande del Cagliari e di un calcio,\" \/>\n\t<meta name=\"robots\" content=\"max-image-preview:large\" \/>\n\t<meta name=\"author\" content=\"Francesco Fiori\"\/>\n\t<link rel=\"canonical\" href=\"https:\/\/ispirazionesportiva.com\/index.php\/2026\/04\/13\/paolo-piras-vertical-il-romanzo-di-gigi-riva\/\" \/>\n\t<meta name=\"generator\" content=\"All in One SEO (AIOSEO) 5.0.1.1\" \/>\n\t\t<meta property=\"og:locale\" content=\"it_IT\" \/>\n\t\t<meta property=\"og:site_name\" content=\"IspirazioneSportiva.com - Le storie sportive che emozionano\" \/>\n\t\t<meta property=\"og:type\" content=\"article\" \/>\n\t\t<meta property=\"og:title\" content=\"Paolo Piras \u2013 Vertical, il romanzo di Gigi Riva - IspirazioneSportiva.com\" \/>\n\t\t<meta property=\"og:description\" content=\"Data di pubblicazione: 27\/11\/2024 Editore: 66thand2nd 192 pagine Gigi Riva. Basta nominarlo e in cielo si ode un rombo di tuono. Paolo Piras racconta in maniera magnifica con Vertical il romanzo di Gigi Riva, chi era il giocatore pi\u00f9 prolifico della Nazionale e in assoluto la leggenda pi\u00f9 grande del Cagliari e di un calcio,\" \/>\n\t\t<meta property=\"og:url\" content=\"https:\/\/ispirazionesportiva.com\/index.php\/2026\/04\/13\/paolo-piras-vertical-il-romanzo-di-gigi-riva\/\" \/>\n\t\t<meta property=\"og:image\" content=\"https:\/\/i0.wp.com\/ispirazionesportiva.com\/wp-content\/uploads\/sites\/3\/2020\/09\/cropped-PHOTO-2020-09-16-08-47-03-e1600279086776-1.jpg?fit=500%2C230&#038;ssl=1\" \/>\n\t\t<meta property=\"og:image:secure_url\" content=\"https:\/\/i0.wp.com\/ispirazionesportiva.com\/wp-content\/uploads\/sites\/3\/2020\/09\/cropped-PHOTO-2020-09-16-08-47-03-e1600279086776-1.jpg?fit=500%2C230&#038;ssl=1\" \/>\n\t\t<meta property=\"article:published_time\" content=\"2026-04-13T17:03:49+00:00\" \/>\n\t\t<meta property=\"article:modified_time\" content=\"2026-07-25T20:34:26+00:00\" \/>\n\t\t<meta name=\"twitter:card\" content=\"summary_large_image\" \/>\n\t\t<meta name=\"twitter:title\" content=\"Paolo Piras \u2013 Vertical, il romanzo di Gigi Riva - IspirazioneSportiva.com\" \/>\n\t\t<meta name=\"twitter:description\" content=\"Data di pubblicazione: 27\/11\/2024 Editore: 66thand2nd 192 pagine Gigi Riva. Basta nominarlo e in cielo si ode un rombo di tuono. Paolo Piras racconta in maniera magnifica con Vertical il romanzo di Gigi Riva, chi era il giocatore pi\u00f9 prolifico della Nazionale e in assoluto la leggenda pi\u00f9 grande del Cagliari e di un calcio,\" \/>\n\t\t<meta name=\"twitter:image\" content=\"https:\/\/i0.wp.com\/ispirazionesportiva.com\/wp-content\/uploads\/sites\/3\/2020\/09\/cropped-PHOTO-2020-09-16-08-47-03-e1600279086776-1.jpg?fit=500%2C230&amp;ssl=1\" \/>\n\t\t<script type=\"application\/ld+json\" class=\"aioseo-schema\">\n\t\t\t{\"@context\":\"https:\\\/\\\/schema.org\",\"@graph\":[{\"@type\":\"BlogPosting\",\"@id\":\"https:\\\/\\\/ispirazionesportiva.com\\\/index.php\\\/2026\\\/04\\\/13\\\/paolo-piras-vertical-il-romanzo-di-gigi-riva\\\/#blogposting\",\"name\":\"Paolo Piras \\u2013 Vertical, il romanzo di Gigi Riva - IspirazioneSportiva.com\",\"headline\":\"Paolo Piras &#8211; Vertical, il romanzo di Gigi Riva\",\"author\":{\"@id\":\"https:\\\/\\\/ispirazionesportiva.com\\\/index.php\\\/author\\\/supermariolemieux\\\/#author\"},\"publisher\":{\"@id\":\"https:\\\/\\\/ispirazionesportiva.com\\\/#organization\"},\"image\":{\"@type\":\"ImageObject\",\"url\":\"https:\\\/\\\/i0.wp.com\\\/ispirazionesportiva.com\\\/wp-content\\\/uploads\\\/sites\\\/3\\\/2026\\\/04\\\/Collage_Maker_4_13_2026_7_01_19_PM.jpg?fit=1280%2C720&ssl=1\",\"width\":1280,\"height\":720},\"datePublished\":\"2026-04-13T19:03:49+02:00\",\"dateModified\":\"2026-07-25T22:34:26+02:00\",\"inLanguage\":\"it-IT\",\"mainEntityOfPage\":{\"@id\":\"https:\\\/\\\/ispirazionesportiva.com\\\/index.php\\\/2026\\\/04\\\/13\\\/paolo-piras-vertical-il-romanzo-di-gigi-riva\\\/#webpage\"},\"isPartOf\":{\"@id\":\"https:\\\/\\\/ispirazionesportiva.com\\\/index.php\\\/2026\\\/04\\\/13\\\/paolo-piras-vertical-il-romanzo-di-gigi-riva\\\/#webpage\"},\"articleSection\":\"Calcio, I libri consigliati calcio, Riva\"},{\"@type\":\"BreadcrumbList\",\"@id\":\"https:\\\/\\\/ispirazionesportiva.com\\\/index.php\\\/2026\\\/04\\\/13\\\/paolo-piras-vertical-il-romanzo-di-gigi-riva\\\/#breadcrumblist\",\"itemListElement\":[{\"@type\":\"ListItem\",\"@id\":\"https:\\\/\\\/ispirazionesportiva.com#listItem\",\"position\":1,\"name\":\"Home\",\"item\":\"https:\\\/\\\/ispirazionesportiva.com\",\"nextItem\":{\"@type\":\"ListItem\",\"@id\":\"https:\\\/\\\/ispirazionesportiva.com\\\/index.php\\\/category\\\/calcio\\\/#listItem\",\"name\":\"Calcio\"}},{\"@type\":\"ListItem\",\"@id\":\"https:\\\/\\\/ispirazionesportiva.com\\\/index.php\\\/category\\\/calcio\\\/#listItem\",\"position\":2,\"name\":\"Calcio\",\"item\":\"https:\\\/\\\/ispirazionesportiva.com\\\/index.php\\\/category\\\/calcio\\\/\",\"nextItem\":{\"@type\":\"ListItem\",\"@id\":\"https:\\\/\\\/ispirazionesportiva.com\\\/index.php\\\/category\\\/calcio\\\/i-libri-consigliati\\\/#listItem\",\"name\":\"I libri consigliati calcio\"},\"previousItem\":{\"@type\":\"ListItem\",\"@id\":\"https:\\\/\\\/ispirazionesportiva.com#listItem\",\"name\":\"Home\"}},{\"@type\":\"ListItem\",\"@id\":\"https:\\\/\\\/ispirazionesportiva.com\\\/index.php\\\/category\\\/calcio\\\/i-libri-consigliati\\\/#listItem\",\"position\":3,\"name\":\"I libri consigliati calcio\",\"item\":\"https:\\\/\\\/ispirazionesportiva.com\\\/index.php\\\/category\\\/calcio\\\/i-libri-consigliati\\\/\",\"nextItem\":{\"@type\":\"ListItem\",\"@id\":\"https:\\\/\\\/ispirazionesportiva.com\\\/index.php\\\/2026\\\/04\\\/13\\\/paolo-piras-vertical-il-romanzo-di-gigi-riva\\\/#listItem\",\"name\":\"Paolo Piras &#8211; Vertical, il romanzo di Gigi Riva\"},\"previousItem\":{\"@type\":\"ListItem\",\"@id\":\"https:\\\/\\\/ispirazionesportiva.com\\\/index.php\\\/category\\\/calcio\\\/#listItem\",\"name\":\"Calcio\"}},{\"@type\":\"ListItem\",\"@id\":\"https:\\\/\\\/ispirazionesportiva.com\\\/index.php\\\/2026\\\/04\\\/13\\\/paolo-piras-vertical-il-romanzo-di-gigi-riva\\\/#listItem\",\"position\":4,\"name\":\"Paolo Piras &#8211; Vertical, il romanzo di Gigi Riva\",\"previousItem\":{\"@type\":\"ListItem\",\"@id\":\"https:\\\/\\\/ispirazionesportiva.com\\\/index.php\\\/category\\\/calcio\\\/i-libri-consigliati\\\/#listItem\",\"name\":\"I libri consigliati calcio\"}}]},{\"@type\":\"Organization\",\"@id\":\"https:\\\/\\\/ispirazionesportiva.com\\\/#organization\",\"name\":\"IspirazioneSportiva.com\",\"description\":\"Le storie sportive che emozionano\",\"url\":\"https:\\\/\\\/ispirazionesportiva.com\\\/\",\"logo\":{\"@type\":\"ImageObject\",\"url\":\"https:\\\/\\\/i0.wp.com\\\/ispirazionesportiva.com\\\/wp-content\\\/uploads\\\/sites\\\/3\\\/2020\\\/09\\\/cropped-PHOTO-2020-09-16-08-47-03-e1600279086776-1.jpg?fit=500%2C230&ssl=1\",\"@id\":\"https:\\\/\\\/ispirazionesportiva.com\\\/index.php\\\/2026\\\/04\\\/13\\\/paolo-piras-vertical-il-romanzo-di-gigi-riva\\\/#organizationLogo\",\"width\":500,\"height\":230},\"image\":{\"@id\":\"https:\\\/\\\/ispirazionesportiva.com\\\/index.php\\\/2026\\\/04\\\/13\\\/paolo-piras-vertical-il-romanzo-di-gigi-riva\\\/#organizationLogo\"}},{\"@type\":\"Person\",\"@id\":\"https:\\\/\\\/ispirazionesportiva.com\\\/index.php\\\/author\\\/supermariolemieux\\\/#author\",\"url\":\"https:\\\/\\\/ispirazionesportiva.com\\\/index.php\\\/author\\\/supermariolemieux\\\/\",\"name\":\"Francesco Fiori\",\"image\":{\"@type\":\"ImageObject\",\"@id\":\"https:\\\/\\\/ispirazionesportiva.com\\\/index.php\\\/2026\\\/04\\\/13\\\/paolo-piras-vertical-il-romanzo-di-gigi-riva\\\/#authorImage\",\"url\":\"https:\\\/\\\/secure.gravatar.com\\\/avatar\\\/beff881b593f312e866653a8c45295843e00b61ce1984ceaacd4e1709e4c1b57?s=96&d=mm&r=g\",\"width\":96,\"height\":96,\"caption\":\"Francesco Fiori\"}},{\"@type\":\"WebPage\",\"@id\":\"https:\\\/\\\/ispirazionesportiva.com\\\/index.php\\\/2026\\\/04\\\/13\\\/paolo-piras-vertical-il-romanzo-di-gigi-riva\\\/#webpage\",\"url\":\"https:\\\/\\\/ispirazionesportiva.com\\\/index.php\\\/2026\\\/04\\\/13\\\/paolo-piras-vertical-il-romanzo-di-gigi-riva\\\/\",\"name\":\"Paolo Piras \\u2013 Vertical, il romanzo di Gigi Riva - IspirazioneSportiva.com\",\"description\":\"Data di pubblicazione: 27\\\/11\\\/2024 Editore: 66thand2nd 192 pagine Gigi Riva. Basta nominarlo e in cielo si ode un rombo di tuono. Paolo Piras racconta in maniera magnifica con Vertical il romanzo di Gigi Riva, chi era il giocatore pi\\u00f9 prolifico della Nazionale e in assoluto la leggenda pi\\u00f9 grande del Cagliari e di un calcio,\",\"inLanguage\":\"it-IT\",\"isPartOf\":{\"@id\":\"https:\\\/\\\/ispirazionesportiva.com\\\/#website\"},\"breadcrumb\":{\"@id\":\"https:\\\/\\\/ispirazionesportiva.com\\\/index.php\\\/2026\\\/04\\\/13\\\/paolo-piras-vertical-il-romanzo-di-gigi-riva\\\/#breadcrumblist\"},\"author\":{\"@id\":\"https:\\\/\\\/ispirazionesportiva.com\\\/index.php\\\/author\\\/supermariolemieux\\\/#author\"},\"creator\":{\"@id\":\"https:\\\/\\\/ispirazionesportiva.com\\\/index.php\\\/author\\\/supermariolemieux\\\/#author\"},\"image\":{\"@type\":\"ImageObject\",\"url\":\"https:\\\/\\\/i0.wp.com\\\/ispirazionesportiva.com\\\/wp-content\\\/uploads\\\/sites\\\/3\\\/2026\\\/04\\\/Collage_Maker_4_13_2026_7_01_19_PM.jpg?fit=1280%2C720&ssl=1\",\"@id\":\"https:\\\/\\\/ispirazionesportiva.com\\\/index.php\\\/2026\\\/04\\\/13\\\/paolo-piras-vertical-il-romanzo-di-gigi-riva\\\/#mainImage\",\"width\":1280,\"height\":720},\"primaryImageOfPage\":{\"@id\":\"https:\\\/\\\/ispirazionesportiva.com\\\/index.php\\\/2026\\\/04\\\/13\\\/paolo-piras-vertical-il-romanzo-di-gigi-riva\\\/#mainImage\"},\"datePublished\":\"2026-04-13T19:03:49+02:00\",\"dateModified\":\"2026-07-25T22:34:26+02:00\"},{\"@type\":\"WebSite\",\"@id\":\"https:\\\/\\\/ispirazionesportiva.com\\\/#website\",\"url\":\"https:\\\/\\\/ispirazionesportiva.com\\\/\",\"name\":\"IspirazioneSportiva.com\",\"description\":\"Le storie sportive che emozionano\",\"inLanguage\":\"it-IT\",\"publisher\":{\"@id\":\"https:\\\/\\\/ispirazionesportiva.com\\\/#organization\"}}]}\n\t\t<\/script>\n\t\t<!-- All in One SEO -->\n\n","aioseo_head_json":{"title":"Paolo Piras \u2013 Vertical, il romanzo di Gigi Riva - IspirazioneSportiva.com","description":"Data di pubblicazione: 27\/11\/2024 Editore: 66thand2nd 192 pagine Gigi Riva. Basta nominarlo e in cielo si ode un rombo di tuono. Paolo Piras racconta in maniera magnifica con Vertical il romanzo di Gigi Riva, chi era il giocatore pi\u00f9 prolifico della Nazionale e in assoluto la leggenda pi\u00f9 grande del Cagliari e di un calcio,","canonical_url":"https:\/\/ispirazionesportiva.com\/index.php\/2026\/04\/13\/paolo-piras-vertical-il-romanzo-di-gigi-riva\/","robots":"max-image-preview:large","keywords":"","webmasterTools":{"miscellaneous":""},"schema":{"@context":"https:\/\/schema.org","@graph":[{"@type":"BlogPosting","@id":"https:\/\/ispirazionesportiva.com\/index.php\/2026\/04\/13\/paolo-piras-vertical-il-romanzo-di-gigi-riva\/#blogposting","name":"Paolo Piras \u2013 Vertical, il romanzo di Gigi Riva - IspirazioneSportiva.com","headline":"Paolo Piras &#8211; Vertical, il romanzo di Gigi Riva","author":{"@id":"https:\/\/ispirazionesportiva.com\/index.php\/author\/supermariolemieux\/#author"},"publisher":{"@id":"https:\/\/ispirazionesportiva.com\/#organization"},"image":{"@type":"ImageObject","url":"https:\/\/i0.wp.com\/ispirazionesportiva.com\/wp-content\/uploads\/sites\/3\/2026\/04\/Collage_Maker_4_13_2026_7_01_19_PM.jpg?fit=1280%2C720&ssl=1","width":1280,"height":720},"datePublished":"2026-04-13T19:03:49+02:00","dateModified":"2026-07-25T22:34:26+02:00","inLanguage":"it-IT","mainEntityOfPage":{"@id":"https:\/\/ispirazionesportiva.com\/index.php\/2026\/04\/13\/paolo-piras-vertical-il-romanzo-di-gigi-riva\/#webpage"},"isPartOf":{"@id":"https:\/\/ispirazionesportiva.com\/index.php\/2026\/04\/13\/paolo-piras-vertical-il-romanzo-di-gigi-riva\/#webpage"},"articleSection":"Calcio, I libri consigliati calcio, Riva"},{"@type":"BreadcrumbList","@id":"https:\/\/ispirazionesportiva.com\/index.php\/2026\/04\/13\/paolo-piras-vertical-il-romanzo-di-gigi-riva\/#breadcrumblist","itemListElement":[{"@type":"ListItem","@id":"https:\/\/ispirazionesportiva.com#listItem","position":1,"name":"Home","item":"https:\/\/ispirazionesportiva.com","nextItem":{"@type":"ListItem","@id":"https:\/\/ispirazionesportiva.com\/index.php\/category\/calcio\/#listItem","name":"Calcio"}},{"@type":"ListItem","@id":"https:\/\/ispirazionesportiva.com\/index.php\/category\/calcio\/#listItem","position":2,"name":"Calcio","item":"https:\/\/ispirazionesportiva.com\/index.php\/category\/calcio\/","nextItem":{"@type":"ListItem","@id":"https:\/\/ispirazionesportiva.com\/index.php\/category\/calcio\/i-libri-consigliati\/#listItem","name":"I libri consigliati calcio"},"previousItem":{"@type":"ListItem","@id":"https:\/\/ispirazionesportiva.com#listItem","name":"Home"}},{"@type":"ListItem","@id":"https:\/\/ispirazionesportiva.com\/index.php\/category\/calcio\/i-libri-consigliati\/#listItem","position":3,"name":"I libri consigliati calcio","item":"https:\/\/ispirazionesportiva.com\/index.php\/category\/calcio\/i-libri-consigliati\/","nextItem":{"@type":"ListItem","@id":"https:\/\/ispirazionesportiva.com\/index.php\/2026\/04\/13\/paolo-piras-vertical-il-romanzo-di-gigi-riva\/#listItem","name":"Paolo Piras &#8211; Vertical, il romanzo di Gigi Riva"},"previousItem":{"@type":"ListItem","@id":"https:\/\/ispirazionesportiva.com\/index.php\/category\/calcio\/#listItem","name":"Calcio"}},{"@type":"ListItem","@id":"https:\/\/ispirazionesportiva.com\/index.php\/2026\/04\/13\/paolo-piras-vertical-il-romanzo-di-gigi-riva\/#listItem","position":4,"name":"Paolo Piras &#8211; Vertical, il romanzo di Gigi Riva","previousItem":{"@type":"ListItem","@id":"https:\/\/ispirazionesportiva.com\/index.php\/category\/calcio\/i-libri-consigliati\/#listItem","name":"I libri consigliati calcio"}}]},{"@type":"Organization","@id":"https:\/\/ispirazionesportiva.com\/#organization","name":"IspirazioneSportiva.com","description":"Le storie sportive che emozionano","url":"https:\/\/ispirazionesportiva.com\/","logo":{"@type":"ImageObject","url":"https:\/\/i0.wp.com\/ispirazionesportiva.com\/wp-content\/uploads\/sites\/3\/2020\/09\/cropped-PHOTO-2020-09-16-08-47-03-e1600279086776-1.jpg?fit=500%2C230&ssl=1","@id":"https:\/\/ispirazionesportiva.com\/index.php\/2026\/04\/13\/paolo-piras-vertical-il-romanzo-di-gigi-riva\/#organizationLogo","width":500,"height":230},"image":{"@id":"https:\/\/ispirazionesportiva.com\/index.php\/2026\/04\/13\/paolo-piras-vertical-il-romanzo-di-gigi-riva\/#organizationLogo"}},{"@type":"Person","@id":"https:\/\/ispirazionesportiva.com\/index.php\/author\/supermariolemieux\/#author","url":"https:\/\/ispirazionesportiva.com\/index.php\/author\/supermariolemieux\/","name":"Francesco Fiori","image":{"@type":"ImageObject","@id":"https:\/\/ispirazionesportiva.com\/index.php\/2026\/04\/13\/paolo-piras-vertical-il-romanzo-di-gigi-riva\/#authorImage","url":"https:\/\/secure.gravatar.com\/avatar\/beff881b593f312e866653a8c45295843e00b61ce1984ceaacd4e1709e4c1b57?s=96&d=mm&r=g","width":96,"height":96,"caption":"Francesco Fiori"}},{"@type":"WebPage","@id":"https:\/\/ispirazionesportiva.com\/index.php\/2026\/04\/13\/paolo-piras-vertical-il-romanzo-di-gigi-riva\/#webpage","url":"https:\/\/ispirazionesportiva.com\/index.php\/2026\/04\/13\/paolo-piras-vertical-il-romanzo-di-gigi-riva\/","name":"Paolo Piras \u2013 Vertical, il romanzo di Gigi Riva - IspirazioneSportiva.com","description":"Data di pubblicazione: 27\/11\/2024 Editore: 66thand2nd 192 pagine Gigi Riva. Basta nominarlo e in cielo si ode un rombo di tuono. Paolo Piras racconta in maniera magnifica con Vertical il romanzo di Gigi Riva, chi era il giocatore pi\u00f9 prolifico della Nazionale e in assoluto la leggenda pi\u00f9 grande del Cagliari e di un calcio,","inLanguage":"it-IT","isPartOf":{"@id":"https:\/\/ispirazionesportiva.com\/#website"},"breadcrumb":{"@id":"https:\/\/ispirazionesportiva.com\/index.php\/2026\/04\/13\/paolo-piras-vertical-il-romanzo-di-gigi-riva\/#breadcrumblist"},"author":{"@id":"https:\/\/ispirazionesportiva.com\/index.php\/author\/supermariolemieux\/#author"},"creator":{"@id":"https:\/\/ispirazionesportiva.com\/index.php\/author\/supermariolemieux\/#author"},"image":{"@type":"ImageObject","url":"https:\/\/i0.wp.com\/ispirazionesportiva.com\/wp-content\/uploads\/sites\/3\/2026\/04\/Collage_Maker_4_13_2026_7_01_19_PM.jpg?fit=1280%2C720&ssl=1","@id":"https:\/\/ispirazionesportiva.com\/index.php\/2026\/04\/13\/paolo-piras-vertical-il-romanzo-di-gigi-riva\/#mainImage","width":1280,"height":720},"primaryImageOfPage":{"@id":"https:\/\/ispirazionesportiva.com\/index.php\/2026\/04\/13\/paolo-piras-vertical-il-romanzo-di-gigi-riva\/#mainImage"},"datePublished":"2026-04-13T19:03:49+02:00","dateModified":"2026-07-25T22:34:26+02:00"},{"@type":"WebSite","@id":"https:\/\/ispirazionesportiva.com\/#website","url":"https:\/\/ispirazionesportiva.com\/","name":"IspirazioneSportiva.com","description":"Le storie sportive che emozionano","inLanguage":"it-IT","publisher":{"@id":"https:\/\/ispirazionesportiva.com\/#organization"}}]},"og:locale":"it_IT","og:site_name":"IspirazioneSportiva.com - Le storie sportive che emozionano","og:type":"article","og:title":"Paolo Piras \u2013 Vertical, il romanzo di Gigi Riva - IspirazioneSportiva.com","og:description":"Data di pubblicazione: 27\/11\/2024 Editore: 66thand2nd 192 pagine Gigi Riva. Basta nominarlo e in cielo si ode un rombo di tuono. Paolo Piras racconta in maniera magnifica con Vertical il romanzo di Gigi Riva, chi era il giocatore pi\u00f9 prolifico della Nazionale e in assoluto la leggenda pi\u00f9 grande del Cagliari e di un calcio,","og:url":"https:\/\/ispirazionesportiva.com\/index.php\/2026\/04\/13\/paolo-piras-vertical-il-romanzo-di-gigi-riva\/","og:image":"https:\/\/i0.wp.com\/ispirazionesportiva.com\/wp-content\/uploads\/sites\/3\/2020\/09\/cropped-PHOTO-2020-09-16-08-47-03-e1600279086776-1.jpg?fit=500%2C230&#038;ssl=1","og:image:secure_url":"https:\/\/i0.wp.com\/ispirazionesportiva.com\/wp-content\/uploads\/sites\/3\/2020\/09\/cropped-PHOTO-2020-09-16-08-47-03-e1600279086776-1.jpg?fit=500%2C230&#038;ssl=1","article:published_time":"2026-04-13T17:03:49+00:00","article:modified_time":"2026-07-25T20:34:26+00:00","twitter:card":"summary_large_image","twitter:title":"Paolo Piras \u2013 Vertical, il romanzo di Gigi Riva - IspirazioneSportiva.com","twitter:description":"Data di pubblicazione: 27\/11\/2024 Editore: 66thand2nd 192 pagine Gigi Riva. Basta nominarlo e in cielo si ode un rombo di tuono. Paolo Piras racconta in maniera magnifica con Vertical il romanzo di Gigi Riva, chi era il giocatore pi\u00f9 prolifico della Nazionale e in assoluto la leggenda pi\u00f9 grande del Cagliari e di un calcio,","twitter:image":"https:\/\/i0.wp.com\/ispirazionesportiva.com\/wp-content\/uploads\/sites\/3\/2020\/09\/cropped-PHOTO-2020-09-16-08-47-03-e1600279086776-1.jpg?fit=500%2C230&ssl=1"},"aioseo_meta_data":{"post_id":"3600","title":null,"description":null,"keywords":null,"keyphrases":null,"primary_term":null,"canonical_url":null,"og_title":null,"og_description":null,"og_object_type":"default","og_image_type":"default","og_image_custom_url":null,"og_image_custom_fields":null,"og_image_url":null,"og_image_width":null,"og_image_height":null,"og_video":null,"og_custom_url":null,"og_article_section":null,"og_article_tags":null,"twitter_use_og":false,"twitter_card":"default","twitter_image_type":"default","twitter_image_custom_url":null,"twitter_image_custom_fields":null,"twitter_image_url":null,"twitter_title":null,"twitter_description":null,"schema_type":"default","schema_type_options":null,"schema":{"blockGraphs":[],"customGraphs":[],"default":{"data":{"Article":[],"Course":[],"Dataset":[],"FAQPage":[],"Movie":[],"Person":[],"Product":[],"ProductReview":[],"Car":[],"Recipe":[],"Service":[],"SoftwareApplication":[],"WebPage":[]},"graphName":"","isEnabled":true},"graphs":[]},"pillar_content":false,"robots_default":true,"robots_noindex":false,"robots_noarchive":false,"robots_nosnippet":false,"robots_nofollow":false,"robots_noimageindex":false,"robots_noodp":false,"robots_notranslate":false,"robots_max_snippet":null,"robots_max_videopreview":null,"robots_max_imagepreview":"large","priority":null,"frequency":null,"local_seo":null,"limit_modified_date":false,"ai":null,"breadcrumb_settings":null,"seo_analyzer_scan_date":null,"created":"2026-07-23 16:56:00","updated":"2026-07-26 10:21:17","focus_keyword":null,"additional_keywords":null,"truseo_locale":null},"aioseo_breadcrumb":"<div class=\"aioseo-breadcrumbs\"><span class=\"aioseo-breadcrumb\">\n\t\t\t<a href=\"https:\/\/ispirazionesportiva.com\" title=\"Home\">Home<\/a>\n\t\t<\/span><span class=\"aioseo-breadcrumb-separator\">&raquo;<\/span><span class=\"aioseo-breadcrumb\">\n\t\t\t<a href=\"https:\/\/ispirazionesportiva.com\/index.php\/category\/calcio\/\" title=\"Calcio\">Calcio<\/a>\n\t\t<\/span><span class=\"aioseo-breadcrumb-separator\">&raquo;<\/span><span class=\"aioseo-breadcrumb\">\n\t\t\t<a href=\"https:\/\/ispirazionesportiva.com\/index.php\/category\/calcio\/i-libri-consigliati\/\" title=\"I libri consigliati calcio\">I libri consigliati calcio<\/a>\n\t\t<\/span><span class=\"aioseo-breadcrumb-separator\">&raquo;<\/span><span class=\"aioseo-breadcrumb\">\n\t\t\tPaolo Piras \u2013 Vertical, il romanzo di Gigi Riva\n\t\t<\/span><\/div>","aioseo_breadcrumb_json":[{"label":"Home","link":"https:\/\/ispirazionesportiva.com"},{"label":"Calcio","link":"https:\/\/ispirazionesportiva.com\/index.php\/category\/calcio\/"},{"label":"I libri consigliati calcio","link":"https:\/\/ispirazionesportiva.com\/index.php\/category\/calcio\/i-libri-consigliati\/"},{"label":"Paolo Piras &#8211; Vertical, il romanzo di Gigi Riva","link":"https:\/\/ispirazionesportiva.com\/index.php\/2026\/04\/13\/paolo-piras-vertical-il-romanzo-di-gigi-riva\/"}],"jetpack_publicize_connections":[],"jetpack_sharing_enabled":true,"jetpack_likes_enabled":true,"amp_enabled":true,"jetpack_featured_media_url":"https:\/\/i0.wp.com\/ispirazionesportiva.com\/wp-content\/uploads\/sites\/3\/2026\/04\/Collage_Maker_4_13_2026_7_01_19_PM.jpg?fit=1280%2C720&ssl=1","_links":{"self":[{"href":"https:\/\/ispirazionesportiva.com\/index.php\/wp-json\/wp\/v2\/posts\/3600","targetHints":{"allow":["GET"]}}],"collection":[{"href":"https:\/\/ispirazionesportiva.com\/index.php\/wp-json\/wp\/v2\/posts"}],"about":[{"href":"https:\/\/ispirazionesportiva.com\/index.php\/wp-json\/wp\/v2\/types\/post"}],"author":[{"embeddable":true,"href":"https:\/\/ispirazionesportiva.com\/index.php\/wp-json\/wp\/v2\/users\/5"}],"replies":[{"embeddable":true,"href":"https:\/\/ispirazionesportiva.com\/index.php\/wp-json\/wp\/v2\/comments?post=3600"}],"version-history":[{"count":2,"href":"https:\/\/ispirazionesportiva.com\/index.php\/wp-json\/wp\/v2\/posts\/3600\/revisions"}],"predecessor-version":[{"id":3605,"href":"https:\/\/ispirazionesportiva.com\/index.php\/wp-json\/wp\/v2\/posts\/3600\/revisions\/3605"}],"wp:featuredmedia":[{"embeddable":true,"href":"https:\/\/ispirazionesportiva.com\/index.php\/wp-json\/wp\/v2\/media\/3604"}],"wp:attachment":[{"href":"https:\/\/ispirazionesportiva.com\/index.php\/wp-json\/wp\/v2\/media?parent=3600"}],"wp:term":[{"taxonomy":"category","embeddable":true,"href":"https:\/\/ispirazionesportiva.com\/index.php\/wp-json\/wp\/v2\/categories?post=3600"},{"taxonomy":"post_tag","embeddable":true,"href":"https:\/\/ispirazionesportiva.com\/index.php\/wp-json\/wp\/v2\/tags?post=3600"}],"curies":[{"name":"wp","href":"https:\/\/api.w.org\/{rel}","templated":true}]}}