{"id":3323,"date":"2025-10-15T16:27:14","date_gmt":"2025-10-15T14:27:14","guid":{"rendered":"https:\/\/ispirazionesportiva.com\/?p=3323"},"modified":"2026-07-25T22:35:52","modified_gmt":"2026-07-25T20:35:52","slug":"ottobre-e-quel-magico-profumo-di-dinamo-nellaria","status":"publish","type":"post","link":"https:\/\/ispirazionesportiva.com\/index.php\/2025\/10\/15\/ottobre-e-quel-magico-profumo-di-dinamo-nellaria\/","title":{"rendered":"Ottobre e quel magico profumo di Dinamo nell&#8217;aria"},"content":{"rendered":"<p>Vola il tempo maledizione, per fortuna o per eccesso di velocit\u00e0 ci si ritrova a far conti con le statistiche. La stagione sportiva che \u00e8 iniziata da poco \u00e8 quella del 2025\/26, ci rifletto su, son numeri che mi dicono qualcosa.<\/p>\n<p><em>Ma inizialmente non ci credo.<\/em><\/p>\n<p>Da quel 1995\/96 saranno passati 30 anni. Incredibile.<\/p>\n<p>La prima volta nello sport \u00e8 un qualcosa di illogico. Un pianeta che ti viene incontro di botto e che ti accompagna per il resto della vita.<\/p>\n<p>30 anni son tanti.<\/p>\n<p>Non lo dimenticher\u00f2 mai quel 15 ottobre 1995.<\/p>\n<p>Pur di non guardare <strong>la mia Inter<\/strong>, nel limbo tra l\u2019era Pellegrini e quella di Moratti mi andrebbe bene qualsiasi altro sport.<\/p>\n<p>Mio padre, all\u2019epoca tecnico informatico che si teneva il weekend per rilassarsi in campagna e mandare tutto a quel paese mi fece una proposta che all\u2019inizio neanche presi sul serio: \u201c<em>Andiamo a vedere la Dinamo? Forse mi regalano i biglietti<\/em>\u201d.<\/p>\n<p><strong>La Dinamo \u00e8 la Dinamo Banco di Sardegna Sassari<\/strong>, in Sardegna il basket per antonomasia, un qualcosa che nella mia vita, seppur giocando a basket (<em>giocando \u00e8 un parolone, diciamo che pur di non studiare tutto faceva brodo<\/em>) non rientrava tra le cose che seguivo.<\/p>\n<p><em><strong>Che cos\u2019era la Dinamo?<\/strong><\/em> A 12 anni lo ignoravo. Ignoravo anche di aver un padre casinista e sportivo, poich\u00e9 visto sempre sotto i riflettori di chi lavora tutto il tempo, arriva verso cena per riposare e trova il figlio a far telecronache sul tavolo di cucina con partite create con i pupazzi di una serie di libri di fiabe.<\/p>\n<p>Ogni libro nuovo non era una storia nuova. Era calciomercato. I buoni con i buoni e i cattivi a far casino.<\/p>\n<p><em>Figuriamoci la sua povera pazienza.<\/em><\/p>\n<p>Porca miseria mi son appena scesi i lacrimoni a pensar a cosa sto per scrivere.<\/p>\n<p>All\u2019epoca mio padre mi raccontava spesso di un ragazzo di belle speranze di nome Marco, che lavorava a stretto contatto con lui e che era nato e cresciuto nella Dinamo. \u201c<em>Mi ha detto se ci andiamo, ci andiamo?<\/em>\u201d.<\/p>\n<p>La mia prima risposta, immediata e innocente stava per essere: \u201c<em>Ma cosa diamine \u00e8 la Dinamo?<\/em>\u201d, ma ricordando poi che l\u2019alternativa era un pomeriggio di studi o alla peggio un incontro religioso la scelta non fu poi cos\u00ec complicata.<\/p>\n<p>Premessa: casa ci si muoveva solo con la macchina aziendale. <em>Ma nel weekend perch\u00e9 non fare una passeggiata?<\/em><\/p>\n<p>Passeggiata di salute direi, perch\u00e9 dal mio paese a Sassari, non so il perch\u00e9 di quella scelta, oggi romantica, ai tempi masochista, fu prendere il treno.<\/p>\n<p>Dalla stazione al palazzetto della Dinamo <strong>son quasi 4 chilometri di strada.<\/strong><\/p>\n<p><em>In quei 4 chilometri ho scoperto un padre a me sconosciuto.<\/em><\/p>\n<p><img data-recalc-dims=\"1\" loading=\"lazy\" decoding=\"async\" class=\"aligncenter size-full wp-image-3334\" src=\"https:\/\/i0.wp.com\/ispirazionesportiva.com\/wp-content\/uploads\/2025\/10\/WhatsApp-Image-2025-10-15-at-12.29.20.jpeg?resize=640%2C381&#038;ssl=1\" alt=\"\" width=\"640\" height=\"381\" srcset=\"https:\/\/i0.wp.com\/ispirazionesportiva.com\/wp-content\/uploads\/sites\/3\/2025\/10\/WhatsApp-Image-2025-10-15-at-12.29.20.jpeg?w=1280&amp;ssl=1 1280w, https:\/\/i0.wp.com\/ispirazionesportiva.com\/wp-content\/uploads\/sites\/3\/2025\/10\/WhatsApp-Image-2025-10-15-at-12.29.20.jpeg?resize=300%2C178&amp;ssl=1 300w, https:\/\/i0.wp.com\/ispirazionesportiva.com\/wp-content\/uploads\/sites\/3\/2025\/10\/WhatsApp-Image-2025-10-15-at-12.29.20.jpeg?resize=1024%2C609&amp;ssl=1 1024w, https:\/\/i0.wp.com\/ispirazionesportiva.com\/wp-content\/uploads\/sites\/3\/2025\/10\/WhatsApp-Image-2025-10-15-at-12.29.20.jpeg?resize=768%2C457&amp;ssl=1 768w\" sizes=\"auto, (max-width: 640px) 100vw, 640px\" \/><\/p>\n<p>Miliardi di aneddoti su ogni vicolo, ogni via, ogni postazione in cui aveva sistemato un pc difettoso e io a osservare una persona vivace, allegra e pronta allo scherzo che mi pareva il fratello gemello sotto stress a casa.<\/p>\n<p>Mi disse: \u201c<em>Alla Dinamo portati un quaderno per gli autografi, vedrai!<\/em>\u201d. Ora, io neanche so cosa sia quindi neanche vedo il motivo per chiedere autografo a chiss\u00e0 cosa.<\/p>\n<p>Dopo una lunga, eterna camminata, l\u2019anticipo alla partita fu qualcosa di assurdo. La palla a due era in programma alle 18, noi eravamo l\u00ec alle 15.<\/p>\n<p>\u201c<em>E ma vedrai Marco, magari riusciamo ad entrare<\/em>\u201d.<\/p>\n<p>Ad oggi non mi spiego che pianeta si sia allineato per farmi felice.<\/p>\n<p>Alla visione dei biglietti avevamo due alternative, aspettare o provare l\u2019ingresso. Evidentemente la pazienza non \u00e8 di casa e visto che mio padre si credeva un vip per avere gi\u00e0 il biglietto in tasca ecco la visione.<\/p>\n<p>Bella, bellissima, imponente e col profumo della palla a spicchi. Il campo spuntava di botto nel labirinto di porte e, gioco del destino, nessuno era tra me e il campo.<\/p>\n<p>I giocatori, <strong>alti all\u2019epoca quasi 4 metri<\/strong> (ricordatevi che ho 12 anni, tutto in proporzione), mi fecero timore ed emozione.<\/p>\n<p>\u201c<em>Dammi il quaderno, ajo che chiediamo gli autografi<\/em>\u201d.<\/p>\n<p>Allora, intanto il quaderno \u00e8 il mio e al massimo sono io a dover chiedere, ma ormai mio padre era irrefrenabile. Un signore dalla gentilezza infinita ci si par\u00f2 davanti dicendo di non disturbare ma, la faccia tosta ormai attivata, fece dare il mio quaderno a quel pover uomo che si gir\u00f2 ogni giocatore, passo per passo durante lo stretching, a far mettere una firma su un foglio bianco che per loro poteva anche esser nulla ma per me era l\u2019inizio di una storia d\u2019amore.<\/p>\n<p>Ero ufficialmente un tifoso della Dinamo e stavo per vedere l\u2019incontro con la<strong> Jcoplastic Napoli<\/strong>.<\/p>\n<p>\u201c<em>Oh, il giocatore di colore di Napoli sembra forte, ora gli dico di aggiungere l\u2019autografo<\/em>\u201d. Folle o no, ma oggi capisco anche quando mi si chiude la centralina e faccio le stesse cose, mio padre avvicino <strong>Sean Green<\/strong> per apporre l\u2019ennesimo calco sul quaderno e poi per tutto rispetto quel giorno ne segn\u00f2 32 di punti ma fu la Dinamo a vincere 83-81, una cosa che non dimenticher\u00f2 mai.<\/p>\n<p>Era la Dinamo di <strong>capitan Casarin<\/strong>, l\u2019eleganza in campo, di <strong>Jarvis Lang<\/strong>, il mio primo idolo, treccine e numero 13 esplosivo, di un primo <strong>Emanuele Rotondo<\/strong> pronto a divenir leggenda da li a poco, di <strong>Ziranu, Angius, Picozzi, Bonino ed Esposito<\/strong>, di un giovanissimo Federico Rotondo che forse a me ha firmato il primo autografo:<\/p>\n<p>\u201c<em>Ma sei sicuro che la vuoi da me la firma?<\/em>\u201d mi disse l&#8217;allora fratello di Emanuele Rotondo.<\/p>\n<p>\u201c<em>Scusa tu giochi?\u201d.<\/em><\/p>\n<p><em>\u201cSi\u2019\u201d.<\/em><\/p>\n<p><em>\u201cAllora firma<\/em>\u201d, il tutto mentre Rotondo, che poi diventer\u00e0 un super professore, parlava in tribuna con gli amici.<\/p>\n<p>Quel giorno, e io lo auguro ad ogni genitore con figli e ad ogni figlio con genitore, la parola sport vinse su tutto.<\/p>\n<p>Io conobbi un padre in versione ultras, casinista al punto di andar da chi batteva sul tamburo e chieder pi\u00f9 ritmo, pi\u00f9 casino (<em>col mio pensiero: \u201dOra lo ammazzano\u201d<\/em>) esultando ad ogni tripla e ad ogni schiacciata di Lang.<\/p>\n<p><strong>Il piccolo problema fu che lo sport fa entrare in una strana dimensione<\/strong>. Ma l\u2019orologio non dice mai bugie.<\/p>\n<p>La partita fin\u00ec intorno alle 20. L\u2019ultimo treno delle 20.30 era praticamente impossibile da prendere coprendo 4 chilometri a piedi in venti minuti scarsi.<\/p>\n<p>E allora nuova perla di mio padre, <strong>prima macchina fermata, prima richiesta di passaggio dando la colpa a me<\/strong> che non avevo voglia di camminare. Missione compiuta.<\/p>\n<p>Due cose mi colpirono immediatamente sul treno ripensando al pomeriggio. La bellezza della maglia della Dinamo e <strong>la tribuna stampa<\/strong>. Ad entrambe ho fatto una promessa e se ora posso calcare con gioia i campi gloriosi del calcio dilettantistico come giornalista non mi son mai dimenticato che prima o poi la Dinamo la vedr\u00f2 da lass\u00f9.<\/p>\n<p>Anche perch\u00e9 \u00e8 da l\u00ec che cercher\u00f2 con lo sguardo un genitore con un bambino.<\/p>\n<p>C\u2019\u00e8 chi dice che con me la sfiga si sia accanita anche troppo, chi invece che per le cose che combino dovrei scriver un libro. La verit\u00e0 \u00e8 che io grazie allo sport son sempre rinato dalle cadute della vita. Qualsiasi esse siano. Con qualsiasi gravit\u00e0.<\/p>\n<p>Non \u00e8 esser Rocky ma esser tifoso di qualsiasi sport e gioco forza trovar sempre una gioia (<em>oddio, che vada tutto male anche nello sport \u00e8 possibilit\u00e0 ma, cavolo, ne segui 100 uno andr\u00e0 almeno quasi bene<\/em>).<\/p>\n<p>Quello che a me ha dato la Dinamo quel <strong>15 ottobre del 1995<\/strong>, 30 anni fa, \u00e8 molto di pi\u00f9 di quanto io ho dato alla Dinamo, alla squadra, all\u2019ambiente, al palazzetto, ai colori e alla tifoseria pi\u00f9 bella d\u2019Italia, alla birra, al <em>Commando<\/em>, a <em>Luca<\/em> e al suo sorriso di benvenuto, <em>a Umberto e Mario<\/em> che trovi in curva, a <em>Cosimo<\/em> che \u00e8 enciclopedia di basket, a <em>Baingio<\/em> che guarda Basile con occhi con cui non ha mai guardato la sua dolce met\u00e0, ai vari <strong>Banks, Chalmers, Whiting, i cugini Diener, Vanuzzo &amp; Devecchi, Green<\/strong> (pi\u00f9 alto io di 1 cm) a tutti quelli che mi hanno fatto esultare come un matto, ai<strong> presidenti Milia, Mele e Sardara<\/strong> (oh, quest&#8217;ultimo anche il Triplete ha fatto, \u00e8 praticamente mito!) in attesa di ritrovare anche <strong>Polonara a Sassari<\/strong>.<\/p>\n<p>A <em>Marco<\/em> che mi fece scoprire il basket ma soprattutto a mio padre Matteo che se lo godette per pochissimo tempo.<\/p>\n<p>Nessuno avrebbe mai immaginato che mio padre avrebbe avuto un altro anno e mezzo di vita sana. Nessuno sapeva che quel bambino avrebbe, come promesso, calcato i campi da gioco come giornalista. \u00c8 questo il bello della vita, nessuno sa e tutto accade, come una tripla o una schiacciata nel basket. Anche se quel basket ci ho messo 30 anni per ringraziarlo.<\/p>\n<p>Matteo, mio padre, venne messo ko da un male incurabile e miserabile pochi anni dopo quando ormai non poteva pi\u00f9 respirare. Riuscimmo a vederci solo un\u2019altra partita insieme, contro la Turboair Fabriano, poi sempre con la testa lucidissima fu costretto a informarsi sulla Dinamo dal divano.<\/p>\n<p>Mia sorella mai si godette il pap\u00e0 casinista, mia moglie non lo conobbe se non nei racconti (sarebbe stato un binomio folle) e a questo punto tocca a me ricordarlo, anche se \u00e8 la prima volta con la palla a spicchi in 42 anni. <strong>Solo due amori in comune, la Dinamo e Marco Pantani<\/strong>.<\/p>\n<p>Il figlio mai accett\u00f2 niente di ci\u00f2 che stava accadendo. Le ultime parole fra i due furono: \u201c<em>Contento sei<\/em>\u201d che saranno sempre un tarlo e un marchio di fabbrica per ogni cosa brutta.<\/p>\n<p>Ma un giorno, ormai che son passati 30 anni, il \u201ccontento sei\u201d sar\u00e0 quando io sar\u00f2 tra i giornalisti della Dinamo, a far casino peggio di qualsiasi tifoso, a sostenere una squadra che anni fa mi regal\u00f2 la cosa pi\u00f9 bella del mondo: l\u2019esser tifoso di una passione.<\/p>\n<p><em>Il \u201ccontento sei\u201d diventer\u00e0 una cosa grande, immensa.<\/em><\/p>\n<p><em>Proprio come la mia Dinamo.<\/em><\/p>\n<p><img data-recalc-dims=\"1\" loading=\"lazy\" decoding=\"async\" class=\"aligncenter size-full wp-image-3335\" src=\"https:\/\/i0.wp.com\/ispirazionesportiva.com\/wp-content\/uploads\/2025\/10\/4206_1094499255227_1608932173_215946_7756165_n.jpg?resize=604%2C401&#038;ssl=1\" alt=\"\" width=\"604\" height=\"401\" srcset=\"https:\/\/i0.wp.com\/ispirazionesportiva.com\/wp-content\/uploads\/sites\/3\/2025\/10\/4206_1094499255227_1608932173_215946_7756165_n.jpg?w=604&amp;ssl=1 604w, https:\/\/i0.wp.com\/ispirazionesportiva.com\/wp-content\/uploads\/sites\/3\/2025\/10\/4206_1094499255227_1608932173_215946_7756165_n.jpg?resize=300%2C199&amp;ssl=1 300w\" sizes=\"auto, (max-width: 604px) 100vw, 604px\" \/><\/p>\n","protected":false},"excerpt":{"rendered":"<p>Vola il tempo maledizione, per fortuna o per eccesso di velocit\u00e0 ci si ritrova a&#8230;<\/p>\n","protected":false},"author":5,"featured_media":3336,"comment_status":"closed","ping_status":"closed","sticky":false,"template":"","format":"standard","meta":{"_monsterinsights_skip_tracking":false,"_jetpack_newsletter_access":"","_jetpack_dont_email_post_to_subs":false,"_jetpack_newsletter_tier_id":0,"_jetpack_memberships_contains_paywalled_content":false,"_jetpack_feature_clip_id":0,"_jetpack_memberships_contains_paid_content":false,"footnotes":"","jetpack_publicize_message":"","jetpack_publicize_feature_enabled":true,"jetpack_social_post_already_shared":false,"jetpack_social_options":{"image_generator_settings":{"template":"highway","default_image_id":0,"font":"","enabled":false},"version":2},"jetpack_post_was_ever_published":false},"categories":[3,125,4],"tags":[],"class_list":["post-3323","post","type-post","status-publish","format-standard","has-post-thumbnail","hentry","category-basket","category-larcifiori","category-birra-e-palla-a-spicchi-basket"],"aioseo_notices":[],"aioseo_head":"\n\t\t<!-- All in One SEO 4.9.10 - aioseo.com -->\n\t<meta name=\"description\" content=\"Vola il tempo maledizione, per fortuna o per eccesso di velocit\u00e0 ci si ritrova a far conti con le statistiche. La stagione sportiva che \u00e8 iniziata da poco \u00e8 quella del 2025\/26, ci rifletto su, son numeri che mi dicono qualcosa. Ma inizialmente non ci credo. Da quel 1995\/96 saranno passati 30 anni. Incredibile. La\" \/>\n\t<meta name=\"robots\" content=\"max-image-preview:large\" \/>\n\t<meta name=\"author\" content=\"Francesco Fiori\"\/>\n\t<link rel=\"canonical\" href=\"https:\/\/ispirazionesportiva.com\/index.php\/2025\/10\/15\/ottobre-e-quel-magico-profumo-di-dinamo-nellaria\/\" \/>\n\t<meta name=\"generator\" content=\"All in One SEO (AIOSEO) 4.9.10\" \/>\n\t\t<meta property=\"og:locale\" content=\"it_IT\" \/>\n\t\t<meta property=\"og:site_name\" content=\"IspirazioneSportiva.com - Le storie sportive che emozionano\" \/>\n\t\t<meta property=\"og:type\" content=\"article\" \/>\n\t\t<meta property=\"og:title\" content=\"Ottobre e quel magico profumo di Dinamo nell\u2019aria - IspirazioneSportiva.com\" \/>\n\t\t<meta property=\"og:description\" content=\"Vola il tempo maledizione, per fortuna o per eccesso di velocit\u00e0 ci si ritrova a far conti con le statistiche. La stagione sportiva che \u00e8 iniziata da poco \u00e8 quella del 2025\/26, ci rifletto su, son numeri che mi dicono qualcosa. Ma inizialmente non ci credo. Da quel 1995\/96 saranno passati 30 anni. Incredibile. La\" \/>\n\t\t<meta property=\"og:url\" content=\"https:\/\/ispirazionesportiva.com\/index.php\/2025\/10\/15\/ottobre-e-quel-magico-profumo-di-dinamo-nellaria\/\" \/>\n\t\t<meta property=\"og:image\" content=\"https:\/\/i0.wp.com\/ispirazionesportiva.com\/wp-content\/uploads\/sites\/3\/2020\/09\/cropped-PHOTO-2020-09-16-08-47-03-e1600279086776-1.jpg?fit=500%2C230&#038;ssl=1\" \/>\n\t\t<meta property=\"og:image:secure_url\" content=\"https:\/\/i0.wp.com\/ispirazionesportiva.com\/wp-content\/uploads\/sites\/3\/2020\/09\/cropped-PHOTO-2020-09-16-08-47-03-e1600279086776-1.jpg?fit=500%2C230&#038;ssl=1\" \/>\n\t\t<meta property=\"article:published_time\" content=\"2025-10-15T14:27:14+00:00\" \/>\n\t\t<meta property=\"article:modified_time\" content=\"2026-07-25T20:35:52+00:00\" \/>\n\t\t<meta name=\"twitter:card\" content=\"summary_large_image\" \/>\n\t\t<meta name=\"twitter:title\" content=\"Ottobre e quel magico profumo di Dinamo nell\u2019aria - IspirazioneSportiva.com\" \/>\n\t\t<meta name=\"twitter:description\" content=\"Vola il tempo maledizione, per fortuna o per eccesso di velocit\u00e0 ci si ritrova a far conti con le statistiche. La stagione sportiva che \u00e8 iniziata da poco \u00e8 quella del 2025\/26, ci rifletto su, son numeri che mi dicono qualcosa. Ma inizialmente non ci credo. Da quel 1995\/96 saranno passati 30 anni. Incredibile. La\" \/>\n\t\t<meta name=\"twitter:image\" content=\"https:\/\/i0.wp.com\/ispirazionesportiva.com\/wp-content\/uploads\/sites\/3\/2020\/09\/cropped-PHOTO-2020-09-16-08-47-03-e1600279086776-1.jpg?fit=500%2C230&amp;ssl=1\" \/>\n\t\t<script type=\"application\/ld+json\" class=\"aioseo-schema\">\n\t\t\t{\"@context\":\"https:\\\/\\\/schema.org\",\"@graph\":[{\"@type\":\"BlogPosting\",\"@id\":\"https:\\\/\\\/ispirazionesportiva.com\\\/index.php\\\/2025\\\/10\\\/15\\\/ottobre-e-quel-magico-profumo-di-dinamo-nellaria\\\/#blogposting\",\"name\":\"Ottobre e quel magico profumo di Dinamo nell\\u2019aria - IspirazioneSportiva.com\",\"headline\":\"Ottobre e quel magico profumo di Dinamo nell&#8217;aria\",\"author\":{\"@id\":\"https:\\\/\\\/ispirazionesportiva.com\\\/index.php\\\/author\\\/supermariolemieux\\\/#author\"},\"publisher\":{\"@id\":\"https:\\\/\\\/ispirazionesportiva.com\\\/#organization\"},\"image\":{\"@type\":\"ImageObject\",\"url\":\"https:\\\/\\\/i0.wp.com\\\/ispirazionesportiva.com\\\/wp-content\\\/uploads\\\/sites\\\/3\\\/2025\\\/10\\\/Collage_Maker_10_15_2025_4_17_48_PM.jpg?fit=1280%2C720&ssl=1\",\"width\":1280,\"height\":720},\"datePublished\":\"2025-10-15T16:27:14+02:00\",\"dateModified\":\"2026-07-25T22:35:52+02:00\",\"inLanguage\":\"it-IT\",\"mainEntityOfPage\":{\"@id\":\"https:\\\/\\\/ispirazionesportiva.com\\\/index.php\\\/2025\\\/10\\\/15\\\/ottobre-e-quel-magico-profumo-di-dinamo-nellaria\\\/#webpage\"},\"isPartOf\":{\"@id\":\"https:\\\/\\\/ispirazionesportiva.com\\\/index.php\\\/2025\\\/10\\\/15\\\/ottobre-e-quel-magico-profumo-di-dinamo-nellaria\\\/#webpage\"},\"articleSection\":\"Basket, L'ArciFiori, La storia, i personaggi\"},{\"@type\":\"BreadcrumbList\",\"@id\":\"https:\\\/\\\/ispirazionesportiva.com\\\/index.php\\\/2025\\\/10\\\/15\\\/ottobre-e-quel-magico-profumo-di-dinamo-nellaria\\\/#breadcrumblist\",\"itemListElement\":[{\"@type\":\"ListItem\",\"@id\":\"https:\\\/\\\/ispirazionesportiva.com#listItem\",\"position\":1,\"name\":\"Home\",\"item\":\"https:\\\/\\\/ispirazionesportiva.com\",\"nextItem\":{\"@type\":\"ListItem\",\"@id\":\"https:\\\/\\\/ispirazionesportiva.com\\\/index.php\\\/category\\\/basket\\\/#listItem\",\"name\":\"Basket\"}},{\"@type\":\"ListItem\",\"@id\":\"https:\\\/\\\/ispirazionesportiva.com\\\/index.php\\\/category\\\/basket\\\/#listItem\",\"position\":2,\"name\":\"Basket\",\"item\":\"https:\\\/\\\/ispirazionesportiva.com\\\/index.php\\\/category\\\/basket\\\/\",\"nextItem\":{\"@type\":\"ListItem\",\"@id\":\"https:\\\/\\\/ispirazionesportiva.com\\\/index.php\\\/category\\\/basket\\\/birra-e-palla-a-spicchi-basket\\\/#listItem\",\"name\":\"La storia, i personaggi\"},\"previousItem\":{\"@type\":\"ListItem\",\"@id\":\"https:\\\/\\\/ispirazionesportiva.com#listItem\",\"name\":\"Home\"}},{\"@type\":\"ListItem\",\"@id\":\"https:\\\/\\\/ispirazionesportiva.com\\\/index.php\\\/category\\\/basket\\\/birra-e-palla-a-spicchi-basket\\\/#listItem\",\"position\":3,\"name\":\"La storia, i personaggi\",\"item\":\"https:\\\/\\\/ispirazionesportiva.com\\\/index.php\\\/category\\\/basket\\\/birra-e-palla-a-spicchi-basket\\\/\",\"nextItem\":{\"@type\":\"ListItem\",\"@id\":\"https:\\\/\\\/ispirazionesportiva.com\\\/index.php\\\/2025\\\/10\\\/15\\\/ottobre-e-quel-magico-profumo-di-dinamo-nellaria\\\/#listItem\",\"name\":\"Ottobre e quel magico profumo di Dinamo nell&#8217;aria\"},\"previousItem\":{\"@type\":\"ListItem\",\"@id\":\"https:\\\/\\\/ispirazionesportiva.com\\\/index.php\\\/category\\\/basket\\\/#listItem\",\"name\":\"Basket\"}},{\"@type\":\"ListItem\",\"@id\":\"https:\\\/\\\/ispirazionesportiva.com\\\/index.php\\\/2025\\\/10\\\/15\\\/ottobre-e-quel-magico-profumo-di-dinamo-nellaria\\\/#listItem\",\"position\":4,\"name\":\"Ottobre e quel magico profumo di Dinamo nell&#8217;aria\",\"previousItem\":{\"@type\":\"ListItem\",\"@id\":\"https:\\\/\\\/ispirazionesportiva.com\\\/index.php\\\/category\\\/basket\\\/birra-e-palla-a-spicchi-basket\\\/#listItem\",\"name\":\"La storia, i personaggi\"}}]},{\"@type\":\"Organization\",\"@id\":\"https:\\\/\\\/ispirazionesportiva.com\\\/#organization\",\"name\":\"IspirazioneSportiva.com\",\"description\":\"Le storie sportive che emozionano\",\"url\":\"https:\\\/\\\/ispirazionesportiva.com\\\/\",\"logo\":{\"@type\":\"ImageObject\",\"url\":\"https:\\\/\\\/i0.wp.com\\\/ispirazionesportiva.com\\\/wp-content\\\/uploads\\\/sites\\\/3\\\/2020\\\/09\\\/cropped-PHOTO-2020-09-16-08-47-03-e1600279086776-1.jpg?fit=500%2C230&ssl=1\",\"@id\":\"https:\\\/\\\/ispirazionesportiva.com\\\/index.php\\\/2025\\\/10\\\/15\\\/ottobre-e-quel-magico-profumo-di-dinamo-nellaria\\\/#organizationLogo\",\"width\":500,\"height\":230},\"image\":{\"@id\":\"https:\\\/\\\/ispirazionesportiva.com\\\/index.php\\\/2025\\\/10\\\/15\\\/ottobre-e-quel-magico-profumo-di-dinamo-nellaria\\\/#organizationLogo\"}},{\"@type\":\"Person\",\"@id\":\"https:\\\/\\\/ispirazionesportiva.com\\\/index.php\\\/author\\\/supermariolemieux\\\/#author\",\"url\":\"https:\\\/\\\/ispirazionesportiva.com\\\/index.php\\\/author\\\/supermariolemieux\\\/\",\"name\":\"Francesco Fiori\",\"image\":{\"@type\":\"ImageObject\",\"@id\":\"https:\\\/\\\/ispirazionesportiva.com\\\/index.php\\\/2025\\\/10\\\/15\\\/ottobre-e-quel-magico-profumo-di-dinamo-nellaria\\\/#authorImage\",\"url\":\"https:\\\/\\\/secure.gravatar.com\\\/avatar\\\/beff881b593f312e866653a8c45295843e00b61ce1984ceaacd4e1709e4c1b57?s=96&d=mm&r=g\",\"width\":96,\"height\":96,\"caption\":\"Francesco Fiori\"}},{\"@type\":\"WebPage\",\"@id\":\"https:\\\/\\\/ispirazionesportiva.com\\\/index.php\\\/2025\\\/10\\\/15\\\/ottobre-e-quel-magico-profumo-di-dinamo-nellaria\\\/#webpage\",\"url\":\"https:\\\/\\\/ispirazionesportiva.com\\\/index.php\\\/2025\\\/10\\\/15\\\/ottobre-e-quel-magico-profumo-di-dinamo-nellaria\\\/\",\"name\":\"Ottobre e quel magico profumo di Dinamo nell\\u2019aria - IspirazioneSportiva.com\",\"description\":\"Vola il tempo maledizione, per fortuna o per eccesso di velocit\\u00e0 ci si ritrova a far conti con le statistiche. La stagione sportiva che \\u00e8 iniziata da poco \\u00e8 quella del 2025\\\/26, ci rifletto su, son numeri che mi dicono qualcosa. Ma inizialmente non ci credo. Da quel 1995\\\/96 saranno passati 30 anni. Incredibile. La\",\"inLanguage\":\"it-IT\",\"isPartOf\":{\"@id\":\"https:\\\/\\\/ispirazionesportiva.com\\\/#website\"},\"breadcrumb\":{\"@id\":\"https:\\\/\\\/ispirazionesportiva.com\\\/index.php\\\/2025\\\/10\\\/15\\\/ottobre-e-quel-magico-profumo-di-dinamo-nellaria\\\/#breadcrumblist\"},\"author\":{\"@id\":\"https:\\\/\\\/ispirazionesportiva.com\\\/index.php\\\/author\\\/supermariolemieux\\\/#author\"},\"creator\":{\"@id\":\"https:\\\/\\\/ispirazionesportiva.com\\\/index.php\\\/author\\\/supermariolemieux\\\/#author\"},\"image\":{\"@type\":\"ImageObject\",\"url\":\"https:\\\/\\\/i0.wp.com\\\/ispirazionesportiva.com\\\/wp-content\\\/uploads\\\/sites\\\/3\\\/2025\\\/10\\\/Collage_Maker_10_15_2025_4_17_48_PM.jpg?fit=1280%2C720&ssl=1\",\"@id\":\"https:\\\/\\\/ispirazionesportiva.com\\\/index.php\\\/2025\\\/10\\\/15\\\/ottobre-e-quel-magico-profumo-di-dinamo-nellaria\\\/#mainImage\",\"width\":1280,\"height\":720},\"primaryImageOfPage\":{\"@id\":\"https:\\\/\\\/ispirazionesportiva.com\\\/index.php\\\/2025\\\/10\\\/15\\\/ottobre-e-quel-magico-profumo-di-dinamo-nellaria\\\/#mainImage\"},\"datePublished\":\"2025-10-15T16:27:14+02:00\",\"dateModified\":\"2026-07-25T22:35:52+02:00\"},{\"@type\":\"WebSite\",\"@id\":\"https:\\\/\\\/ispirazionesportiva.com\\\/#website\",\"url\":\"https:\\\/\\\/ispirazionesportiva.com\\\/\",\"name\":\"IspirazioneSportiva.com\",\"description\":\"Le storie sportive che emozionano\",\"inLanguage\":\"it-IT\",\"publisher\":{\"@id\":\"https:\\\/\\\/ispirazionesportiva.com\\\/#organization\"}}]}\n\t\t<\/script>\n\t\t<!-- All in One SEO -->\n\n","aioseo_head_json":{"title":"Ottobre e quel magico profumo di Dinamo nell\u2019aria - IspirazioneSportiva.com","description":"Vola il tempo maledizione, per fortuna o per eccesso di velocit\u00e0 ci si ritrova a far conti con le statistiche. La stagione sportiva che \u00e8 iniziata da poco \u00e8 quella del 2025\/26, ci rifletto su, son numeri che mi dicono qualcosa. Ma inizialmente non ci credo. Da quel 1995\/96 saranno passati 30 anni. Incredibile. La","canonical_url":"https:\/\/ispirazionesportiva.com\/index.php\/2025\/10\/15\/ottobre-e-quel-magico-profumo-di-dinamo-nellaria\/","robots":"max-image-preview:large","keywords":"","webmasterTools":{"miscellaneous":""},"schema":{"@context":"https:\/\/schema.org","@graph":[{"@type":"BlogPosting","@id":"https:\/\/ispirazionesportiva.com\/index.php\/2025\/10\/15\/ottobre-e-quel-magico-profumo-di-dinamo-nellaria\/#blogposting","name":"Ottobre e quel magico profumo di Dinamo nell\u2019aria - IspirazioneSportiva.com","headline":"Ottobre e quel magico profumo di Dinamo nell&#8217;aria","author":{"@id":"https:\/\/ispirazionesportiva.com\/index.php\/author\/supermariolemieux\/#author"},"publisher":{"@id":"https:\/\/ispirazionesportiva.com\/#organization"},"image":{"@type":"ImageObject","url":"https:\/\/i0.wp.com\/ispirazionesportiva.com\/wp-content\/uploads\/sites\/3\/2025\/10\/Collage_Maker_10_15_2025_4_17_48_PM.jpg?fit=1280%2C720&ssl=1","width":1280,"height":720},"datePublished":"2025-10-15T16:27:14+02:00","dateModified":"2026-07-25T22:35:52+02:00","inLanguage":"it-IT","mainEntityOfPage":{"@id":"https:\/\/ispirazionesportiva.com\/index.php\/2025\/10\/15\/ottobre-e-quel-magico-profumo-di-dinamo-nellaria\/#webpage"},"isPartOf":{"@id":"https:\/\/ispirazionesportiva.com\/index.php\/2025\/10\/15\/ottobre-e-quel-magico-profumo-di-dinamo-nellaria\/#webpage"},"articleSection":"Basket, L'ArciFiori, La storia, i personaggi"},{"@type":"BreadcrumbList","@id":"https:\/\/ispirazionesportiva.com\/index.php\/2025\/10\/15\/ottobre-e-quel-magico-profumo-di-dinamo-nellaria\/#breadcrumblist","itemListElement":[{"@type":"ListItem","@id":"https:\/\/ispirazionesportiva.com#listItem","position":1,"name":"Home","item":"https:\/\/ispirazionesportiva.com","nextItem":{"@type":"ListItem","@id":"https:\/\/ispirazionesportiva.com\/index.php\/category\/basket\/#listItem","name":"Basket"}},{"@type":"ListItem","@id":"https:\/\/ispirazionesportiva.com\/index.php\/category\/basket\/#listItem","position":2,"name":"Basket","item":"https:\/\/ispirazionesportiva.com\/index.php\/category\/basket\/","nextItem":{"@type":"ListItem","@id":"https:\/\/ispirazionesportiva.com\/index.php\/category\/basket\/birra-e-palla-a-spicchi-basket\/#listItem","name":"La storia, i personaggi"},"previousItem":{"@type":"ListItem","@id":"https:\/\/ispirazionesportiva.com#listItem","name":"Home"}},{"@type":"ListItem","@id":"https:\/\/ispirazionesportiva.com\/index.php\/category\/basket\/birra-e-palla-a-spicchi-basket\/#listItem","position":3,"name":"La storia, i personaggi","item":"https:\/\/ispirazionesportiva.com\/index.php\/category\/basket\/birra-e-palla-a-spicchi-basket\/","nextItem":{"@type":"ListItem","@id":"https:\/\/ispirazionesportiva.com\/index.php\/2025\/10\/15\/ottobre-e-quel-magico-profumo-di-dinamo-nellaria\/#listItem","name":"Ottobre e quel magico profumo di Dinamo nell&#8217;aria"},"previousItem":{"@type":"ListItem","@id":"https:\/\/ispirazionesportiva.com\/index.php\/category\/basket\/#listItem","name":"Basket"}},{"@type":"ListItem","@id":"https:\/\/ispirazionesportiva.com\/index.php\/2025\/10\/15\/ottobre-e-quel-magico-profumo-di-dinamo-nellaria\/#listItem","position":4,"name":"Ottobre e quel magico profumo di Dinamo nell&#8217;aria","previousItem":{"@type":"ListItem","@id":"https:\/\/ispirazionesportiva.com\/index.php\/category\/basket\/birra-e-palla-a-spicchi-basket\/#listItem","name":"La storia, i personaggi"}}]},{"@type":"Organization","@id":"https:\/\/ispirazionesportiva.com\/#organization","name":"IspirazioneSportiva.com","description":"Le storie sportive che emozionano","url":"https:\/\/ispirazionesportiva.com\/","logo":{"@type":"ImageObject","url":"https:\/\/i0.wp.com\/ispirazionesportiva.com\/wp-content\/uploads\/sites\/3\/2020\/09\/cropped-PHOTO-2020-09-16-08-47-03-e1600279086776-1.jpg?fit=500%2C230&ssl=1","@id":"https:\/\/ispirazionesportiva.com\/index.php\/2025\/10\/15\/ottobre-e-quel-magico-profumo-di-dinamo-nellaria\/#organizationLogo","width":500,"height":230},"image":{"@id":"https:\/\/ispirazionesportiva.com\/index.php\/2025\/10\/15\/ottobre-e-quel-magico-profumo-di-dinamo-nellaria\/#organizationLogo"}},{"@type":"Person","@id":"https:\/\/ispirazionesportiva.com\/index.php\/author\/supermariolemieux\/#author","url":"https:\/\/ispirazionesportiva.com\/index.php\/author\/supermariolemieux\/","name":"Francesco Fiori","image":{"@type":"ImageObject","@id":"https:\/\/ispirazionesportiva.com\/index.php\/2025\/10\/15\/ottobre-e-quel-magico-profumo-di-dinamo-nellaria\/#authorImage","url":"https:\/\/secure.gravatar.com\/avatar\/beff881b593f312e866653a8c45295843e00b61ce1984ceaacd4e1709e4c1b57?s=96&d=mm&r=g","width":96,"height":96,"caption":"Francesco Fiori"}},{"@type":"WebPage","@id":"https:\/\/ispirazionesportiva.com\/index.php\/2025\/10\/15\/ottobre-e-quel-magico-profumo-di-dinamo-nellaria\/#webpage","url":"https:\/\/ispirazionesportiva.com\/index.php\/2025\/10\/15\/ottobre-e-quel-magico-profumo-di-dinamo-nellaria\/","name":"Ottobre e quel magico profumo di Dinamo nell\u2019aria - IspirazioneSportiva.com","description":"Vola il tempo maledizione, per fortuna o per eccesso di velocit\u00e0 ci si ritrova a far conti con le statistiche. La stagione sportiva che \u00e8 iniziata da poco \u00e8 quella del 2025\/26, ci rifletto su, son numeri che mi dicono qualcosa. Ma inizialmente non ci credo. Da quel 1995\/96 saranno passati 30 anni. Incredibile. La","inLanguage":"it-IT","isPartOf":{"@id":"https:\/\/ispirazionesportiva.com\/#website"},"breadcrumb":{"@id":"https:\/\/ispirazionesportiva.com\/index.php\/2025\/10\/15\/ottobre-e-quel-magico-profumo-di-dinamo-nellaria\/#breadcrumblist"},"author":{"@id":"https:\/\/ispirazionesportiva.com\/index.php\/author\/supermariolemieux\/#author"},"creator":{"@id":"https:\/\/ispirazionesportiva.com\/index.php\/author\/supermariolemieux\/#author"},"image":{"@type":"ImageObject","url":"https:\/\/i0.wp.com\/ispirazionesportiva.com\/wp-content\/uploads\/sites\/3\/2025\/10\/Collage_Maker_10_15_2025_4_17_48_PM.jpg?fit=1280%2C720&ssl=1","@id":"https:\/\/ispirazionesportiva.com\/index.php\/2025\/10\/15\/ottobre-e-quel-magico-profumo-di-dinamo-nellaria\/#mainImage","width":1280,"height":720},"primaryImageOfPage":{"@id":"https:\/\/ispirazionesportiva.com\/index.php\/2025\/10\/15\/ottobre-e-quel-magico-profumo-di-dinamo-nellaria\/#mainImage"},"datePublished":"2025-10-15T16:27:14+02:00","dateModified":"2026-07-25T22:35:52+02:00"},{"@type":"WebSite","@id":"https:\/\/ispirazionesportiva.com\/#website","url":"https:\/\/ispirazionesportiva.com\/","name":"IspirazioneSportiva.com","description":"Le storie sportive che emozionano","inLanguage":"it-IT","publisher":{"@id":"https:\/\/ispirazionesportiva.com\/#organization"}}]},"og:locale":"it_IT","og:site_name":"IspirazioneSportiva.com - Le storie sportive che emozionano","og:type":"article","og:title":"Ottobre e quel magico profumo di Dinamo nell\u2019aria - IspirazioneSportiva.com","og:description":"Vola il tempo maledizione, per fortuna o per eccesso di velocit\u00e0 ci si ritrova a far conti con le statistiche. La stagione sportiva che \u00e8 iniziata da poco \u00e8 quella del 2025\/26, ci rifletto su, son numeri che mi dicono qualcosa. Ma inizialmente non ci credo. Da quel 1995\/96 saranno passati 30 anni. Incredibile. La","og:url":"https:\/\/ispirazionesportiva.com\/index.php\/2025\/10\/15\/ottobre-e-quel-magico-profumo-di-dinamo-nellaria\/","og:image":"https:\/\/i0.wp.com\/ispirazionesportiva.com\/wp-content\/uploads\/sites\/3\/2020\/09\/cropped-PHOTO-2020-09-16-08-47-03-e1600279086776-1.jpg?fit=500%2C230&#038;ssl=1","og:image:secure_url":"https:\/\/i0.wp.com\/ispirazionesportiva.com\/wp-content\/uploads\/sites\/3\/2020\/09\/cropped-PHOTO-2020-09-16-08-47-03-e1600279086776-1.jpg?fit=500%2C230&#038;ssl=1","article:published_time":"2025-10-15T14:27:14+00:00","article:modified_time":"2026-07-25T20:35:52+00:00","twitter:card":"summary_large_image","twitter:title":"Ottobre e quel magico profumo di Dinamo nell\u2019aria - IspirazioneSportiva.com","twitter:description":"Vola il tempo maledizione, per fortuna o per eccesso di velocit\u00e0 ci si ritrova a far conti con le statistiche. La stagione sportiva che \u00e8 iniziata da poco \u00e8 quella del 2025\/26, ci rifletto su, son numeri che mi dicono qualcosa. Ma inizialmente non ci credo. Da quel 1995\/96 saranno passati 30 anni. Incredibile. La","twitter:image":"https:\/\/i0.wp.com\/ispirazionesportiva.com\/wp-content\/uploads\/sites\/3\/2020\/09\/cropped-PHOTO-2020-09-16-08-47-03-e1600279086776-1.jpg?fit=500%2C230&ssl=1"},"aioseo_meta_data":{"post_id":"3323","title":null,"description":null,"keywords":null,"keyphrases":null,"primary_term":null,"canonical_url":null,"og_title":null,"og_description":null,"og_object_type":"default","og_image_type":"default","og_image_custom_url":null,"og_image_custom_fields":null,"og_image_url":null,"og_image_width":null,"og_image_height":null,"og_video":null,"og_custom_url":null,"og_article_section":null,"og_article_tags":null,"twitter_use_og":false,"twitter_card":"default","twitter_image_type":"default","twitter_image_custom_url":null,"twitter_image_custom_fields":null,"twitter_image_url":null,"twitter_title":null,"twitter_description":null,"schema_type":"default","schema_type_options":null,"schema":{"blockGraphs":[],"customGraphs":[],"default":{"data":{"Article":[],"Course":[],"Dataset":[],"FAQPage":[],"Movie":[],"Person":[],"Product":[],"ProductReview":[],"Car":[],"Recipe":[],"Service":[],"SoftwareApplication":[],"WebPage":[]},"graphName":"","isEnabled":true},"graphs":[]},"pillar_content":false,"robots_default":true,"robots_noindex":false,"robots_noarchive":false,"robots_nosnippet":false,"robots_nofollow":false,"robots_noimageindex":false,"robots_noodp":false,"robots_notranslate":false,"robots_max_snippet":null,"robots_max_videopreview":null,"robots_max_imagepreview":"large","priority":null,"frequency":null,"local_seo":null,"limit_modified_date":false,"ai":null,"breadcrumb_settings":null,"seo_analyzer_scan_date":null,"created":"2026-07-23 16:51:45","updated":"2026-07-26 10:15:33"},"aioseo_breadcrumb":"<div class=\"aioseo-breadcrumbs\"><span class=\"aioseo-breadcrumb\">\n\t\t\t<a href=\"https:\/\/ispirazionesportiva.com\" title=\"Home\">Home<\/a>\n\t\t<\/span><span class=\"aioseo-breadcrumb-separator\">&raquo;<\/span><span class=\"aioseo-breadcrumb\">\n\t\t\t<a href=\"https:\/\/ispirazionesportiva.com\/index.php\/category\/basket\/\" title=\"Basket\">Basket<\/a>\n\t\t<\/span><span class=\"aioseo-breadcrumb-separator\">&raquo;<\/span><span class=\"aioseo-breadcrumb\">\n\t\t\t<a href=\"https:\/\/ispirazionesportiva.com\/index.php\/category\/basket\/birra-e-palla-a-spicchi-basket\/\" title=\"La storia, i personaggi\">La storia, i personaggi<\/a>\n\t\t<\/span><span class=\"aioseo-breadcrumb-separator\">&raquo;<\/span><span class=\"aioseo-breadcrumb\">\n\t\t\tOttobre e quel magico profumo di Dinamo nell\u2019aria\n\t\t<\/span><\/div>","aioseo_breadcrumb_json":[{"label":"Home","link":"https:\/\/ispirazionesportiva.com"},{"label":"Basket","link":"https:\/\/ispirazionesportiva.com\/index.php\/category\/basket\/"},{"label":"La storia, i personaggi","link":"https:\/\/ispirazionesportiva.com\/index.php\/category\/basket\/birra-e-palla-a-spicchi-basket\/"},{"label":"Ottobre e quel magico profumo di Dinamo nell&#8217;aria","link":"https:\/\/ispirazionesportiva.com\/index.php\/2025\/10\/15\/ottobre-e-quel-magico-profumo-di-dinamo-nellaria\/"}],"jetpack_publicize_connections":[],"jetpack_featured_media_url":"https:\/\/i0.wp.com\/ispirazionesportiva.com\/wp-content\/uploads\/sites\/3\/2025\/10\/Collage_Maker_10_15_2025_4_17_48_PM.jpg?fit=1280%2C720&ssl=1","jetpack_sharing_enabled":true,"jetpack_likes_enabled":true,"amp_enabled":true,"_links":{"self":[{"href":"https:\/\/ispirazionesportiva.com\/index.php\/wp-json\/wp\/v2\/posts\/3323","targetHints":{"allow":["GET"]}}],"collection":[{"href":"https:\/\/ispirazionesportiva.com\/index.php\/wp-json\/wp\/v2\/posts"}],"about":[{"href":"https:\/\/ispirazionesportiva.com\/index.php\/wp-json\/wp\/v2\/types\/post"}],"author":[{"embeddable":true,"href":"https:\/\/ispirazionesportiva.com\/index.php\/wp-json\/wp\/v2\/users\/5"}],"replies":[{"embeddable":true,"href":"https:\/\/ispirazionesportiva.com\/index.php\/wp-json\/wp\/v2\/comments?post=3323"}],"version-history":[{"count":4,"href":"https:\/\/ispirazionesportiva.com\/index.php\/wp-json\/wp\/v2\/posts\/3323\/revisions"}],"predecessor-version":[{"id":3337,"href":"https:\/\/ispirazionesportiva.com\/index.php\/wp-json\/wp\/v2\/posts\/3323\/revisions\/3337"}],"wp:featuredmedia":[{"embeddable":true,"href":"https:\/\/ispirazionesportiva.com\/index.php\/wp-json\/wp\/v2\/media\/3336"}],"wp:attachment":[{"href":"https:\/\/ispirazionesportiva.com\/index.php\/wp-json\/wp\/v2\/media?parent=3323"}],"wp:term":[{"taxonomy":"category","embeddable":true,"href":"https:\/\/ispirazionesportiva.com\/index.php\/wp-json\/wp\/v2\/categories?post=3323"},{"taxonomy":"post_tag","embeddable":true,"href":"https:\/\/ispirazionesportiva.com\/index.php\/wp-json\/wp\/v2\/tags?post=3323"}],"curies":[{"name":"wp","href":"https:\/\/api.w.org\/{rel}","templated":true}]}}