{"id":2778,"date":"2024-03-11T10:04:31","date_gmt":"2024-03-11T08:04:31","guid":{"rendered":"https:\/\/ispirazionesportiva.com\/?p=2778"},"modified":"2024-03-11T10:04:31","modified_gmt":"2024-03-11T08:04:31","slug":"sandro-ciotti-quarantanni-di-parole","status":"publish","type":"post","link":"https:\/\/ispirazionesportiva.com\/index.php\/2024\/03\/11\/sandro-ciotti-quarantanni-di-parole\/","title":{"rendered":"Sandro Ciotti: quarant&#8217;anni di parole"},"content":{"rendered":"<p><strong>Titolo<\/strong>: Quarant&#8217;anni di parole<\/p>\n<p><strong>Autore<\/strong>: Sandro Ciotti<\/p>\n<p><strong>Casa editrice<\/strong>: Rizzoli<\/p>\n<p><strong>Editore<\/strong>: Saggi Italiani<\/p>\n<p><strong>Anno pubblicazione<\/strong>: 1 luglio 1997<\/p>\n<p><em><strong>E&#8217; il libro cult della biblioteca di Ispirazione Sportiva<\/strong><\/em>. Lo \u00e8 perch\u00e9 lo abbiamo inseguito a lungo, trattato con cura e coccolandolo nella lettura, assaporando ogni parola e sognando col profumo delle pagine.<\/p>\n<p>E&#8217; il libro scritto da<strong> Sandro Ciotti<\/strong> dove lui stesso si racconta in <strong>&#8220;Quarant&#8217;anni di parole&#8221;, datato 1997.<\/strong><\/p>\n<p>Per i pochi che non sanno cosa \u00e8 stato Sandro Ciotti, <strong>classe 1928<\/strong>, &#8220;<em>The Voice<\/em>&#8220;, bastano le quasi 4.000 dirette radio, ma come scrive lui: &#8220;<em>Le parole dette in un microfono sono scritte sull&#8217;acqua<\/em>&#8220;.<\/p>\n<p>Il giovane Ciotti frequenta la quarta e quinta classe al<strong> Marcantonio Colonna<\/strong>, dove come compagno trova <strong>Franco Sensi<\/strong>, futuro <strong>presidente della Roma<\/strong> che porta allo scudetto. Tra giallorossi e biancocelesti preferisce questi ultimi, ma solo per una questione cromatica, ammettendo di non fare il tifo per nessuna squadra e anzi trovandosi in disagio con l&#8217;enorme folla che si riversa negli stadi.<\/p>\n<p>Il biancazzurro gli pare pi\u00f9 elegante ma il padre non contempla la passione per il troppo plebeo calcio e lo indirizza verso l&#8217;amato canottaggio unito <strong>allo studio del violino<\/strong>. E&#8217; proprio il violino a creare l&#8217;escamotage per continuare col calcio e con la Lazio giovanile. Sandro <strong>mette gli scarpini all&#8217;interno della custodia dello strumento musicale<\/strong> e per un po&#8217; di tempo gli va bene, salvo poi dover una spiegazione alla madre sul come mai fosse cosi sporco l&#8217;astuccio che doveva contenere il violino. La pacchia era finita. Lo stadio lo ammirava cos\u00ec:<em>&#8220;Beethoven gioca anche bene.<\/em><\/p>\n<p><img loading=\"lazy\" decoding=\"async\" class=\"size-full wp-image-2787 alignright\" src=\"https:\/\/ispirazionesportiva.com\/wp-content\/uploads\/2024\/03\/ciotti-2.jpg\" alt=\"\" width=\"397\" height=\"310\" srcset=\"https:\/\/ispirazionesportiva.com\/wp-content\/uploads\/2024\/03\/ciotti-2.jpg 397w, https:\/\/ispirazionesportiva.com\/wp-content\/uploads\/2024\/03\/ciotti-2-300x234.jpg 300w\" sizes=\"auto, (max-width: 397px) 100vw, 397px\" \/><\/p>\n<p>La <strong>Lazio regalava i biglietti<\/strong> per la prima squadra ma <strong>Ciotti a sua volta li donava agli amici<\/strong> e se ne andava a ballare o a suonare, perch\u00e9 lui il calcio lo voleva giocare, non guardare. E ironia della sorte finir\u00e0 per guardarlo e raccontarlo.<\/p>\n<p><strong>Quando ha 16 anni una tragedia gli segna il carattere<\/strong>. Tra le sue braccia muore il padre, colpito dal <strong>morbo di Weil<\/strong>, causato dalle nuotate nelle acque del fiume. La carriera calcistica, tra Forl\u00ec e Anconitana, non andr\u00e0 oltre e nel 1954 diventa giornalista pubblicista grazie allo scriver con estrema facilit\u00e0 di musica a <strong>Voce Repubblicana<\/strong>.<\/p>\n<p>Enrico Ameri e Paolo Valenti gli propongono una collaborazione con <strong>Giornale d&#8217;Italia<\/strong>, in una rubrica che si chiamava <strong>K.O., incontri e scontri della settimana sportiva<\/strong>, un programma dal taglio satirico e umoristico che vedeva anche chiusure del tipo: &#8220;<em>Stessa ora, stesso programma, come sa anche la mamma<\/em>&#8220;. Fu un successone che aument\u00f2 anche le collaborazioni richieste a Ciotti.<\/p>\n<p>Tante collaborazioni significavano anche tanti soldi, cosa che allarm\u00f2 i vertici Rai in vista di un possibile contratto.<\/p>\n<p>Entra cos\u00ec a far parte della <strong>mitica redazione di radiocronache fondata da Vittorio Veltroni<\/strong>, con i consigli del maestro <a href=\"https:\/\/ispirazionesportiva.com\/index.php\/2020\/08\/15\/zavoli-lultimo-immortale\/\">Sergio Zavoli<\/a> e la musica come prima passione, tanto da seguire Festival di Sanremo bistrattati col vantaggio di capire la musica e aver conoscenze ovunque.<\/p>\n<p>Il primo Festival che porta la firma di Sandro \u00e8 <strong>datato 1957<\/strong> dove vinse Claudio Villa. Dalla, Paoli, Tenco (<em>tra i primi Ciotti a dar la triste notizia del suicidio e smentire categoricamente il gesto<\/em>), Endrigo e Celentano i suoi preferiti, poi Mina, Fred Buscaglione, finch\u00e9 Ciotti \u00e8 anche cantautore con Fo e Jannacci in Veronica. Alla fine saranno quarant&#8217;anni di Sanremo.<\/p>\n<p><img loading=\"lazy\" decoding=\"async\" class=\"size-full wp-image-2789 alignright\" src=\"https:\/\/ispirazionesportiva.com\/wp-content\/uploads\/2024\/03\/ciotti-e-ameri.jpg\" alt=\"\" width=\"474\" height=\"313\" srcset=\"https:\/\/ispirazionesportiva.com\/wp-content\/uploads\/2024\/03\/ciotti-e-ameri.jpg 474w, https:\/\/ispirazionesportiva.com\/wp-content\/uploads\/2024\/03\/ciotti-e-ameri-300x198.jpg 300w\" sizes=\"auto, (max-width: 474px) 100vw, 474px\" \/><\/p>\n<p>Musica e <strong>film<\/strong>, con la rubrica <strong>Ciak insieme a Lello Bersani<\/strong>, dove per Ciotti la classifica di gradimento degli interpreti recita la nomination di Proietti, Sordi, Gassman, Serrault, Noiret, Rampling, Vitti, Redgrave, De Niro e Newman.<\/p>\n<p><strong>Il vero asso nella manica della classe di Sandro Ciotti \u00e8 per\u00f2 lo sport<\/strong>. L&#8217;esordio arriva per le Olimpiadi di Roma nel 1960 quando la Rai non ha i mezzi attuali come numero di inviati sul campo e capita anche che Ciotti, che passa dinanzi alla postazione di Zavoli dopo due notti in bianco, venga spedito di colpo a raccontare<strong> India-Pakistan di hockey su prato<\/strong>, sport che studia nel taxi e che appena ha a disposizione i nomi delle due squadre vede che esse si distinguono in Singh e Abdullah, facendo cos\u00ec pervenire Singh I, Singh II e cos\u00ec via, narrando comunque una fetta di storia poich\u00e9 il Pakistan per la prima volta sconfisse l&#8217;egemonia dell&#8217;India.<\/p>\n<p><strong>Ciotti e le radiocronache furono storia e poesia.<\/strong><\/p>\n<p>&#8220;<em>Gentili ascoltatori, eccovi collegati con lo stadio di San Siro da dove Sandro Ciotti vi augura buon pomeriggio e buon ascolto. La giornata \u00e8 di sole, il terreno perfettamente agibile, la ventilazione inapprezzabile, gli spalti gremiti ai limiti della capienza<\/em>&#8220;. Per Ciotti, da buon calciatore, conoscer la materia da raccontare, saper leggere le partite e gli atteggiamenti dei 22 in campo fu cosa semplice. Cosi venne spedito immediatamente a raccontare Danimarca-Argentina senza nessun appunto.<\/p>\n<p>&#8220;<em>Oggi mancano le personalit\u00e0 di spicco. Ai miei tempi tra giornalisti ci si scannava in maniera dura e si andava a cena insieme la sera stessa. C&#8217;erano determinate firme, Ghirelli, Brera, Zanetti ad esempio, che da sole valevano l&#8217;acquisto del giornale e anche quando dicevano cose sbagliate le dicevano talmente bene da ricever applausi. Ora son tutti prudenti e diplomatici<\/em>&#8220;.<\/p>\n<figure id=\"attachment_2790\" aria-describedby=\"caption-attachment-2790\" style=\"width: 820px\" class=\"wp-caption aligncenter\"><img loading=\"lazy\" decoding=\"async\" class=\"size-full wp-image-2790\" src=\"https:\/\/ispirazionesportiva.com\/wp-content\/uploads\/2024\/03\/07-2994_10201926600672263_1866937150_n.jpg\" alt=\"\" width=\"820\" height=\"615\" srcset=\"https:\/\/ispirazionesportiva.com\/wp-content\/uploads\/2024\/03\/07-2994_10201926600672263_1866937150_n.jpg 820w, https:\/\/ispirazionesportiva.com\/wp-content\/uploads\/2024\/03\/07-2994_10201926600672263_1866937150_n-300x225.jpg 300w, https:\/\/ispirazionesportiva.com\/wp-content\/uploads\/2024\/03\/07-2994_10201926600672263_1866937150_n-768x576.jpg 768w\" sizes=\"auto, (max-width: 820px) 100vw, 820px\" \/><figcaption id=\"caption-attachment-2790\" class=\"wp-caption-text\"><em>Ameri, Martellini, Ciotti, Zavoli, De Zan<\/em><\/figcaption><\/figure>\n<p>Nel dopoguerra, racconta Ciotti, il <strong>calcio fu consacrato come elemento basilare della quotidianit\u00e0<\/strong> mentre prima invece si pensava fosse fenomeno di breve durata. Lo stesso Carosio non fu mai assunto in radio perch\u00e9 nessuno se la sentiva di far un contratto ad un giornalista che avrebbe lavorato tre quarti d&#8217;ora alla settimana per otto mesi.<\/p>\n<p><strong>Nicol\u00f2 Carosio<\/strong> non ha imparato il mestiere di cronista da nessuno: ha inventato lui il modello della radiocronaca vibrante. Nando Martellini fu un nuovo capostipite del calcio narrato senza urla ne isterismi. Ciotti aument\u00f2 il vocabolario di ruoli in campo: &#8220;<em><strong>Terzino fluidificante\/ala tornante\/mezzala di raccordo\/mediano di sostegno o di spinta<\/strong><\/em>&#8220;.<\/p>\n<p><strong>Ed arriv\u00f2 Tutto il Calcio Minuto per Minuto<\/strong>.<\/p>\n<p>Quarant&#8217;anni di radiocronache talvolta saltando i pasti, notti in bianco e un infarto durante la conduzione de La Domenica Sportiva. Ha regalato alla Rai 6 mesi di ferie arretrate, ricordando lo stress ma anche dicendo che: &#8220;<em>A parit\u00e0 di tempo fossi stato avvocato sarei stato miliardario<\/em>&#8220;.<\/p>\n<p>L&#8217;occhio veloce nel saper analizzare le partite e sintetizzarlo nel minuto di intervento (<em>i bei tempi della contemporaneit\u00e0 dei campi<\/em>), il nervosismo che gli fa ricordare tanti colleghi scomparsi prima del tempo, Valentini, <a href=\"https:\/\/ispirazionesportiva.com\/index.php\/2020\/10\/20\/quelli-che-sinnamorano-di-beppe-viola\/\">Viola<\/a>, Boscione, Barendson, Piero Pasini (morto dopo un intervento da Bologna) e che fa apprezzare a Ciotti tutti gli eventi che ha avuto possibilit\u00e0 di raccontare, da Olimpiadi a Mondiali passando per il Tour de France dove prese in simpatia <strong>un giovane Gianni Mura<\/strong> che gi\u00e0 diciottenne &#8220;<em>scrive come un poeta<\/em>&#8220;.<\/p>\n<p><strong>Saranno le Olimpiadi di Messico 1968 a far da spartiacque alla storia di Sandro Ciotti. Dopo 14 ore ininterrotte di cronaca sotto la pioggia saltando da un impianto all&#8217;altro, da uno stadio ad un velodromo e poi ad un palazzetto la voce del giornalista si interrompe. La causa \u00e8 edema alle corde vocali.<\/strong> Dallo spavento iniziale per il pensiero della carriera ormai finita ecco l&#8217;incoraggiamento che quella voce, roca e riconoscibile a occhi chiusi, sar\u00e0 un marchio di fabbrica che incrementa la popolarit\u00e0.<\/p>\n<p style=\"text-align: center;\"><strong>Ed infine le classifiche di ci\u00f2 che gli occhi di Sandro videro:<\/strong><\/p>\n<p><strong>Genio e sregolatezza:<\/strong> Sivori, Angelillo e Maradona.<\/p>\n<p><strong>Tragedie:<\/strong> Torino 1949, la morte in campo di Renato Curi e l&#8217;annuncio in tv della disgrazia che colp\u00ec Gaetano Scirea.<\/p>\n<p><strong>Miti:<\/strong> Castigliano, mediano del Grande Torino, Italo Allodi e Gino Cappello &#8220;tecnicamente il calciatore italiano pi\u00f9 forte di tutti i tempi, matto come un cavallo!&#8221;<\/p>\n<p><strong>I sette peccati capitali:<\/strong> Arrigo Sacchi (superbia), Helenio Herrera (avarizia), Carletto Mazzone (ira), Carlo Ancelotti (gola), Paul Gascoigne (lussuria), Joseph Blatter (invidia), Vincenzo D&#8217;Amico (accidia).<\/p>\n<p><strong>La squadra pi\u00f9 grande:<\/strong> Ungheria 1954, a seguire Inter e Milan anni 60, Ajax di Cruijff (con cui fece un docu-film dal titolo il Profeta del Gol).<\/p>\n<p><strong>I migliori raccontati:<\/strong> Maradona per la fantasia, Puskas per la potenza, Di Stefano e Boniperti per la grandezza.<\/p>\n<p style=\"text-align: center;\"><strong>Il libro \u00e8 ovviamente un capolavoro!<\/strong><\/p>\n<p>Leggi anche: <a href=\"https:\/\/ispirazionesportiva.com\/index.php\/2022\/03\/09\/che-disastro-mio-figlio-ha-scoperto-sandro-ciotti\/\">Aiuto, mio figlio ha scoperto Sandro Ciotti<\/a><\/p>\n<p><img loading=\"lazy\" decoding=\"async\" class=\"aligncenter size-full wp-image-2791\" src=\"https:\/\/ispirazionesportiva.com\/wp-content\/uploads\/2024\/03\/ciotti-10.jpg\" alt=\"\" width=\"474\" height=\"237\" srcset=\"https:\/\/ispirazionesportiva.com\/wp-content\/uploads\/2024\/03\/ciotti-10.jpg 474w, https:\/\/ispirazionesportiva.com\/wp-content\/uploads\/2024\/03\/ciotti-10-300x150.jpg 300w\" sizes=\"auto, (max-width: 474px) 100vw, 474px\" \/><\/p>\n","protected":false},"excerpt":{"rendered":"<p>Titolo: Quarant&#8217;anni di parole Autore: Sandro Ciotti Casa editrice: Rizzoli Editore: Saggi Italiani Anno pubblicazione:&#8230;<\/p>\n","protected":false},"author":4,"featured_media":2793,"comment_status":"closed","ping_status":"closed","sticky":false,"template":"","format":"standard","meta":{"footnotes":""},"categories":[5,207,125,9],"tags":[23],"class_list":["post-2778","post","type-post","status-publish","format-standard","has-post-thumbnail","hentry","category-calcio","category-i-libri-consigliati","category-larcifiori","category-la-biblioteca","tag-ciotti"],"yoast_head":"<!-- This site is optimized with the Yoast SEO plugin v21.9 - https:\/\/yoast.com\/wordpress\/plugins\/seo\/ -->\n<title>Sandro Ciotti: quarant&#039;anni di parole - IspirazioneSportiva.com<\/title>\n<meta name=\"description\" content=\"Sandro Ciotti e il suo magnifico libro. Una reliquia per ogni libreria assolutamente da leggere!\" \/>\n<meta name=\"robots\" content=\"index, follow, max-snippet:-1, max-image-preview:large, max-video-preview:-1\" \/>\n<link rel=\"canonical\" href=\"https:\/\/ispirazionesportiva.com\/index.php\/2024\/03\/11\/sandro-ciotti-quarantanni-di-parole\/\" \/>\n<meta property=\"og:locale\" content=\"it_IT\" \/>\n<meta property=\"og:type\" content=\"article\" \/>\n<meta property=\"og:title\" content=\"Sandro Ciotti: quarant&#039;anni di parole\" \/>\n<meta property=\"og:description\" content=\"Un libro che non pu\u00f2 mancare nella storia mondiale del calcio. Nel 1997 Sandro Ciotti si raccontava con &quot;Quarant&#039;anni di parole&quot;\" \/>\n<meta property=\"og:url\" content=\"https:\/\/ispirazionesportiva.com\/index.php\/2024\/03\/11\/sandro-ciotti-quarantanni-di-parole\/\" \/>\n<meta property=\"og:site_name\" content=\"IspirazioneSportiva.com\" \/>\n<meta property=\"article:publisher\" content=\"https:\/\/www.facebook.com\/search\/top\/?q=ispirazionesportiva.com\" \/>\n<meta property=\"article:author\" content=\"https:\/\/www.facebook.com\/supermariolemieux\/\" \/>\n<meta property=\"article:published_time\" content=\"2024-03-11T08:04:31+00:00\" \/>\n<meta property=\"og:image\" content=\"https:\/\/ispirazionesportiva.com\/wp-content\/uploads\/2024\/03\/InCollage_20240308_230114011-scaled.jpg\" \/>\n\t<meta property=\"og:image:width\" content=\"1536\" \/>\n\t<meta property=\"og:image:height\" content=\"2560\" \/>\n\t<meta property=\"og:image:type\" content=\"image\/jpeg\" \/>\n<meta name=\"author\" content=\"Francesco Fiori\" \/>\n<meta name=\"twitter:card\" content=\"summary_large_image\" \/>\n<meta name=\"twitter:title\" content=\"Sandro #Ciotti: quarant&#039;anni di parole\" \/>\n<meta name=\"twitter:description\" content=\"Un libro che non pu\u00f2 mancare nella storia mondiale del calcio. Nel 1997 Sandro Ciotti si raccontava con &quot;Quarant&#039;anni di parole\" \/>\n<meta name=\"twitter:image\" content=\"https:\/\/ispirazionesportiva.com\/wp-content\/uploads\/2024\/03\/InCollage_20240308_230114011-scaled.jpg\" \/>\n<meta name=\"twitter:creator\" content=\"@frafiori21\" \/>\n<meta name=\"twitter:site\" content=\"@FraFiori21\" \/>\n<meta name=\"twitter:label1\" content=\"Scritto da\" \/>\n\t<meta name=\"twitter:data1\" content=\"Francesco Fiori\" \/>\n\t<meta name=\"twitter:label2\" content=\"Tempo di lettura stimato\" \/>\n\t<meta name=\"twitter:data2\" content=\"9 minuti\" \/>\n<script type=\"application\/ld+json\" class=\"yoast-schema-graph\">{\"@context\":\"https:\/\/schema.org\",\"@graph\":[{\"@type\":\"Article\",\"@id\":\"https:\/\/ispirazionesportiva.com\/index.php\/2024\/03\/11\/sandro-ciotti-quarantanni-di-parole\/#article\",\"isPartOf\":{\"@id\":\"https:\/\/ispirazionesportiva.com\/index.php\/2024\/03\/11\/sandro-ciotti-quarantanni-di-parole\/\"},\"author\":{\"name\":\"Francesco Fiori\",\"@id\":\"https:\/\/ispirazionesportiva.com\/#\/schema\/person\/7288fdedc9108918baa7bb22bab31fb7\"},\"headline\":\"Sandro Ciotti: quarant&#8217;anni di parole\",\"datePublished\":\"2024-03-11T08:04:31+00:00\",\"dateModified\":\"2024-03-11T08:04:31+00:00\",\"mainEntityOfPage\":{\"@id\":\"https:\/\/ispirazionesportiva.com\/index.php\/2024\/03\/11\/sandro-ciotti-quarantanni-di-parole\/\"},\"wordCount\":1310,\"publisher\":{\"@id\":\"https:\/\/ispirazionesportiva.com\/#organization\"},\"keywords\":[\"Ciotti\"],\"articleSection\":[\"Calcio\",\"I libri consigliati calcio\",\"L'ArciFiori\",\"La biblioteca\"],\"inLanguage\":\"it-IT\"},{\"@type\":\"WebPage\",\"@id\":\"https:\/\/ispirazionesportiva.com\/index.php\/2024\/03\/11\/sandro-ciotti-quarantanni-di-parole\/\",\"url\":\"https:\/\/ispirazionesportiva.com\/index.php\/2024\/03\/11\/sandro-ciotti-quarantanni-di-parole\/\",\"name\":\"Sandro Ciotti: quarant'anni di parole - IspirazioneSportiva.com\",\"isPartOf\":{\"@id\":\"https:\/\/ispirazionesportiva.com\/#website\"},\"datePublished\":\"2024-03-11T08:04:31+00:00\",\"dateModified\":\"2024-03-11T08:04:31+00:00\",\"description\":\"Sandro Ciotti e il suo magnifico libro. Una reliquia per ogni libreria assolutamente da leggere!\",\"breadcrumb\":{\"@id\":\"https:\/\/ispirazionesportiva.com\/index.php\/2024\/03\/11\/sandro-ciotti-quarantanni-di-parole\/#breadcrumb\"},\"inLanguage\":\"it-IT\",\"potentialAction\":[{\"@type\":\"ReadAction\",\"target\":[\"https:\/\/ispirazionesportiva.com\/index.php\/2024\/03\/11\/sandro-ciotti-quarantanni-di-parole\/\"]}]},{\"@type\":\"BreadcrumbList\",\"@id\":\"https:\/\/ispirazionesportiva.com\/index.php\/2024\/03\/11\/sandro-ciotti-quarantanni-di-parole\/#breadcrumb\",\"itemListElement\":[{\"@type\":\"ListItem\",\"position\":1,\"name\":\"Home\",\"item\":\"https:\/\/ispirazionesportiva.com\/\"},{\"@type\":\"ListItem\",\"position\":2,\"name\":\"Sandro Ciotti: quarant&#8217;anni di parole\"}]},{\"@type\":\"WebSite\",\"@id\":\"https:\/\/ispirazionesportiva.com\/#website\",\"url\":\"https:\/\/ispirazionesportiva.com\/\",\"name\":\"IspirazioneSportiva.com\",\"description\":\"Le storie sportive che emozionano\",\"publisher\":{\"@id\":\"https:\/\/ispirazionesportiva.com\/#organization\"},\"potentialAction\":[{\"@type\":\"SearchAction\",\"target\":{\"@type\":\"EntryPoint\",\"urlTemplate\":\"https:\/\/ispirazionesportiva.com\/?s={search_term_string}\"},\"query-input\":\"required name=search_term_string\"}],\"inLanguage\":\"it-IT\"},{\"@type\":\"Organization\",\"@id\":\"https:\/\/ispirazionesportiva.com\/#organization\",\"name\":\"ispirazionesportiva.com\",\"url\":\"https:\/\/ispirazionesportiva.com\/\",\"logo\":{\"@type\":\"ImageObject\",\"inLanguage\":\"it-IT\",\"@id\":\"https:\/\/ispirazionesportiva.com\/#\/schema\/logo\/image\/\",\"url\":\"https:\/\/ispirazionesportiva.com\/wp-content\/uploads\/2020\/08\/1589964388149.jpg\",\"contentUrl\":\"https:\/\/ispirazionesportiva.com\/wp-content\/uploads\/2020\/08\/1589964388149.jpg\",\"width\":980,\"height\":600,\"caption\":\"ispirazionesportiva.com\"},\"image\":{\"@id\":\"https:\/\/ispirazionesportiva.com\/#\/schema\/logo\/image\/\"},\"sameAs\":[\"https:\/\/www.facebook.com\/search\/top\/?q=ispirazionesportiva.com\",\"https:\/\/twitter.com\/FraFiori21\",\"https:\/\/www.instagram.com\/ispirazione_sportiva\/?hl=it\",\"https:\/\/www.linkedin.com\/in\/mario-francesco-fiori-8788ba1b4\/\"]},{\"@type\":\"Person\",\"@id\":\"https:\/\/ispirazionesportiva.com\/#\/schema\/person\/7288fdedc9108918baa7bb22bab31fb7\",\"name\":\"Francesco Fiori\",\"image\":{\"@type\":\"ImageObject\",\"inLanguage\":\"it-IT\",\"@id\":\"https:\/\/ispirazionesportiva.com\/#\/schema\/person\/image\/\",\"url\":\"https:\/\/secure.gravatar.com\/avatar\/beff881b593f312e866653a8c45295843e00b61ce1984ceaacd4e1709e4c1b57?s=96&d=mm&r=g\",\"contentUrl\":\"https:\/\/secure.gravatar.com\/avatar\/beff881b593f312e866653a8c45295843e00b61ce1984ceaacd4e1709e4c1b57?s=96&d=mm&r=g\",\"caption\":\"Francesco Fiori\"},\"description\":\"Francesco Fiori \u00e8 un giornalista sardo, classe 1983, con la passione per il racconto dello sport. Di tutto lo sport. Aveva 6 anni quando, sicuramente errore o destino, ebbe in regalo una semplice radio, senza pensare alle conseguenze successive del pianeta sportivo. Una domenica, finiti i compiti, giocando con quel mezzo, capt\u00f2 la voce roca di Sandro Ciotti. Aveva appena scoperto l\u2019esistenza di Tutto il calcio minuto per minuto. La prima sfida arriva nella stagione calcistica 90\/91, quando lo zio, incredibile giornalista locale, gli diede come compito raccontare la giornata calcistica appena conclusa. Quel tema, ad appena 7 anni, risult\u00f2 migliore rispetto alle tabelline, mai entrate volentieri in testa. Il premio fu la presenza alla gara di cartello della squadra del suo paese, il Ploaghe, due settimane pi\u00f9 tardi. Destino volle che la morte prese suo zio proprio il mercoled\u00ec prima, innescando in Fiori la voglia di diventare giornalista. A scuola alla domanda \u201cHai solo il calcio in testa?\u201d rispondeva \u201cNo, anche il ciclismo\u201d e gli anni di partite contemporanee la domenica e di Tele +2 col calcio estero crearono un piccolo \u201cpsicopatico sportivo\u201d. Tra gli sport di cui si innamora c\u2019\u00e8 l\u2019hockey americano, soprattutto nella mitologica figura di Mario Lemieux. Poco prima della morte del padre, nel febbraio 2001, Fiori trova su La Gazzetta dello Sport proprio un trafiletto con scritto del ritorno sul ghiaccio di Lemieux dopo aver sconfitto una forma tumorale e un ritiro di 3 anni. Da l\u00ec altra promessa, qualora arrivi la possibilit\u00e0 di scrivere un articolo, questo sar\u00e0 su Lemieux il Magnifico. Diventato ragioniere capisce immediatamente che iva e fatture sono molto pi\u00f9 noiose del previsto e la prima collaborazione col giornale \u201cSa Bovida\u201d gli fanno capire le regole basi del giornalismo, cosa che Fiori ignorava ma che rispettava, chiedendo solo la possibilit\u00e0 di scrivere e far colpo. Chiusa la parentesi Sa Bovida per problemi logistici e di salute dell\u2019immenso Antonio Delitala ecco il primo reale colpo di fulmine, il sito di hockey Nhl Playitusa che non ha un articolo su Lemieux. Il direttore, con una mail che Fiori ancora oggi custodisce, risponde: \u201cBeh, perch\u00e9 non provi a scriverne uno tu?\u201d Il resto \u00e8 la storia scritta al pc dopo averne scritto 5 pagine in un quadernone a quadretti. Un cambio di lavoro, non per sua volont\u00e0, spariglia le carte in tavola, col ragazzo che stando fuori casa tutto il tempo deve abbandonare la scrittura, ma peggio ancora va col primo di 3 ictus che colpiscono la mamma proprio in quel periodo. Tempo al tempo e con un altro cambio di lavoro ecco l\u2019opzione che lo colpisce, scrivere della sua amata Inter sul sito SpazioInter. Gli inizi sono complicati, scrivere secondo le regole e non avere carta bianca lo bloccano un pochino, fino all\u2019esplosione che nel sito si chiama Live. Il Live sarebbe il racconto, minuto per minuto e in contemporanea, della partita in tv e a Fiori tocca esordire con Milan-Inter. Quella sera il divertimento raggiunge le stelle, anzi, le supera e da quel momento l\u2019impegno \u00e8 triplo, con le perle di interviste a Sandro Mazzola (che risate), Gigi Simoni (che gentilezza) e Riccardo Cucchi, suo idolo radiofonico. Il tesserino da giornalista gli fa mantenere la parola data a 6 anni e ancor pi\u00f9 sorprendente \u00e8 la proposta di essere addetto stampa proprio della squadra locale, andare a vedere quelle partite che il destino gli negarono nel 1991. Si chiede spesso se sia il destino a far scherzi oppure se semplicemente la vita va accettata per quella che \u00e8. Il 30 gennaio 2021, dopo un ricovero di un mese con tutte le aggravanti possibili, in ospedale viene a mancare la mamma di Francesco. Il colpo \u00e8 brutale. Il conto \u00e8 pesantissimo, la mente lontana, lo scrivere, anche solo un piccolo pensiero sulla giornata calcistica, \u00e8 di una difficolt\u00e0 che ad oggi \u00e8 ancora lontana dall'essere superata. Il resto \u00e8 storia o noia, dipende da che parte si vuol vedere, dagli articoli su Gazzetta Fan News al raccontare qualsiasi sport, perch\u00e9 per Fiori ogni sport ha un suo eroe e perch\u00e9 ora, con IspirazioneSportiva.com, sar\u00e0 ancor pi\u00f9 spettacolare dar libero sfogo a qualsiasi ispirazione, come dice il nome e come gli ha insegnato Riccardo Cucchi: \u201cNella vita mai smettere di sognare!\u201d. Anzi, scusate il ritardo! Mail: fcroda@yahoo.it Fb: supermariolemieux pec: francesco.fiori@pecgiornalisti.it\",\"sameAs\":[\"https:\/\/www.facebook.com\/supermariolemieux\/\",\"https:\/\/www.instagram.com\/francescofiori12\/\",\"https:\/\/www.linkedin.com\/in\/francesco-fiori-b45614176\/\",\"https:\/\/twitter.com\/frafiori21\"],\"url\":\"https:\/\/ispirazionesportiva.com\/index.php\/author\/supermariolemieux\/\"}]}<\/script>\n<!-- \/ Yoast SEO plugin. -->","yoast_head_json":{"title":"Sandro Ciotti: quarant'anni di parole - IspirazioneSportiva.com","description":"Sandro Ciotti e il suo magnifico libro. Una reliquia per ogni libreria assolutamente da leggere!","robots":{"index":"index","follow":"follow","max-snippet":"max-snippet:-1","max-image-preview":"max-image-preview:large","max-video-preview":"max-video-preview:-1"},"canonical":"https:\/\/ispirazionesportiva.com\/index.php\/2024\/03\/11\/sandro-ciotti-quarantanni-di-parole\/","og_locale":"it_IT","og_type":"article","og_title":"Sandro Ciotti: quarant'anni di parole","og_description":"Un libro che non pu\u00f2 mancare nella storia mondiale del calcio. Nel 1997 Sandro Ciotti si raccontava con \"Quarant'anni di parole\"","og_url":"https:\/\/ispirazionesportiva.com\/index.php\/2024\/03\/11\/sandro-ciotti-quarantanni-di-parole\/","og_site_name":"IspirazioneSportiva.com","article_publisher":"https:\/\/www.facebook.com\/search\/top\/?q=ispirazionesportiva.com","article_author":"https:\/\/www.facebook.com\/supermariolemieux\/","article_published_time":"2024-03-11T08:04:31+00:00","og_image":[{"width":1536,"height":2560,"url":"https:\/\/ispirazionesportiva.com\/wp-content\/uploads\/2024\/03\/InCollage_20240308_230114011-scaled.jpg","type":"image\/jpeg"}],"author":"Francesco Fiori","twitter_card":"summary_large_image","twitter_title":"Sandro #Ciotti: quarant'anni di parole","twitter_description":"Un libro che non pu\u00f2 mancare nella storia mondiale del calcio. Nel 1997 Sandro Ciotti si raccontava con \"Quarant'anni di parole","twitter_image":"https:\/\/ispirazionesportiva.com\/wp-content\/uploads\/2024\/03\/InCollage_20240308_230114011-scaled.jpg","twitter_creator":"@frafiori21","twitter_site":"@FraFiori21","twitter_misc":{"Scritto da":"Francesco Fiori","Tempo di lettura stimato":"9 minuti"},"schema":{"@context":"https:\/\/schema.org","@graph":[{"@type":"Article","@id":"https:\/\/ispirazionesportiva.com\/index.php\/2024\/03\/11\/sandro-ciotti-quarantanni-di-parole\/#article","isPartOf":{"@id":"https:\/\/ispirazionesportiva.com\/index.php\/2024\/03\/11\/sandro-ciotti-quarantanni-di-parole\/"},"author":{"name":"Francesco Fiori","@id":"https:\/\/ispirazionesportiva.com\/#\/schema\/person\/7288fdedc9108918baa7bb22bab31fb7"},"headline":"Sandro Ciotti: quarant&#8217;anni di parole","datePublished":"2024-03-11T08:04:31+00:00","dateModified":"2024-03-11T08:04:31+00:00","mainEntityOfPage":{"@id":"https:\/\/ispirazionesportiva.com\/index.php\/2024\/03\/11\/sandro-ciotti-quarantanni-di-parole\/"},"wordCount":1310,"publisher":{"@id":"https:\/\/ispirazionesportiva.com\/#organization"},"keywords":["Ciotti"],"articleSection":["Calcio","I libri consigliati calcio","L'ArciFiori","La biblioteca"],"inLanguage":"it-IT"},{"@type":"WebPage","@id":"https:\/\/ispirazionesportiva.com\/index.php\/2024\/03\/11\/sandro-ciotti-quarantanni-di-parole\/","url":"https:\/\/ispirazionesportiva.com\/index.php\/2024\/03\/11\/sandro-ciotti-quarantanni-di-parole\/","name":"Sandro Ciotti: quarant'anni di parole - IspirazioneSportiva.com","isPartOf":{"@id":"https:\/\/ispirazionesportiva.com\/#website"},"datePublished":"2024-03-11T08:04:31+00:00","dateModified":"2024-03-11T08:04:31+00:00","description":"Sandro Ciotti e il suo magnifico libro. Una reliquia per ogni libreria assolutamente da leggere!","breadcrumb":{"@id":"https:\/\/ispirazionesportiva.com\/index.php\/2024\/03\/11\/sandro-ciotti-quarantanni-di-parole\/#breadcrumb"},"inLanguage":"it-IT","potentialAction":[{"@type":"ReadAction","target":["https:\/\/ispirazionesportiva.com\/index.php\/2024\/03\/11\/sandro-ciotti-quarantanni-di-parole\/"]}]},{"@type":"BreadcrumbList","@id":"https:\/\/ispirazionesportiva.com\/index.php\/2024\/03\/11\/sandro-ciotti-quarantanni-di-parole\/#breadcrumb","itemListElement":[{"@type":"ListItem","position":1,"name":"Home","item":"https:\/\/ispirazionesportiva.com\/"},{"@type":"ListItem","position":2,"name":"Sandro Ciotti: quarant&#8217;anni di parole"}]},{"@type":"WebSite","@id":"https:\/\/ispirazionesportiva.com\/#website","url":"https:\/\/ispirazionesportiva.com\/","name":"IspirazioneSportiva.com","description":"Le storie sportive che emozionano","publisher":{"@id":"https:\/\/ispirazionesportiva.com\/#organization"},"potentialAction":[{"@type":"SearchAction","target":{"@type":"EntryPoint","urlTemplate":"https:\/\/ispirazionesportiva.com\/?s={search_term_string}"},"query-input":"required name=search_term_string"}],"inLanguage":"it-IT"},{"@type":"Organization","@id":"https:\/\/ispirazionesportiva.com\/#organization","name":"ispirazionesportiva.com","url":"https:\/\/ispirazionesportiva.com\/","logo":{"@type":"ImageObject","inLanguage":"it-IT","@id":"https:\/\/ispirazionesportiva.com\/#\/schema\/logo\/image\/","url":"https:\/\/ispirazionesportiva.com\/wp-content\/uploads\/2020\/08\/1589964388149.jpg","contentUrl":"https:\/\/ispirazionesportiva.com\/wp-content\/uploads\/2020\/08\/1589964388149.jpg","width":980,"height":600,"caption":"ispirazionesportiva.com"},"image":{"@id":"https:\/\/ispirazionesportiva.com\/#\/schema\/logo\/image\/"},"sameAs":["https:\/\/www.facebook.com\/search\/top\/?q=ispirazionesportiva.com","https:\/\/twitter.com\/FraFiori21","https:\/\/www.instagram.com\/ispirazione_sportiva\/?hl=it","https:\/\/www.linkedin.com\/in\/mario-francesco-fiori-8788ba1b4\/"]},{"@type":"Person","@id":"https:\/\/ispirazionesportiva.com\/#\/schema\/person\/7288fdedc9108918baa7bb22bab31fb7","name":"Francesco Fiori","image":{"@type":"ImageObject","inLanguage":"it-IT","@id":"https:\/\/ispirazionesportiva.com\/#\/schema\/person\/image\/","url":"https:\/\/secure.gravatar.com\/avatar\/beff881b593f312e866653a8c45295843e00b61ce1984ceaacd4e1709e4c1b57?s=96&d=mm&r=g","contentUrl":"https:\/\/secure.gravatar.com\/avatar\/beff881b593f312e866653a8c45295843e00b61ce1984ceaacd4e1709e4c1b57?s=96&d=mm&r=g","caption":"Francesco Fiori"},"description":"Francesco Fiori \u00e8 un giornalista sardo, classe 1983, con la passione per il racconto dello sport. Di tutto lo sport. Aveva 6 anni quando, sicuramente errore o destino, ebbe in regalo una semplice radio, senza pensare alle conseguenze successive del pianeta sportivo. Una domenica, finiti i compiti, giocando con quel mezzo, capt\u00f2 la voce roca di Sandro Ciotti. Aveva appena scoperto l\u2019esistenza di Tutto il calcio minuto per minuto. La prima sfida arriva nella stagione calcistica 90\/91, quando lo zio, incredibile giornalista locale, gli diede come compito raccontare la giornata calcistica appena conclusa. Quel tema, ad appena 7 anni, risult\u00f2 migliore rispetto alle tabelline, mai entrate volentieri in testa. Il premio fu la presenza alla gara di cartello della squadra del suo paese, il Ploaghe, due settimane pi\u00f9 tardi. Destino volle che la morte prese suo zio proprio il mercoled\u00ec prima, innescando in Fiori la voglia di diventare giornalista. A scuola alla domanda \u201cHai solo il calcio in testa?\u201d rispondeva \u201cNo, anche il ciclismo\u201d e gli anni di partite contemporanee la domenica e di Tele +2 col calcio estero crearono un piccolo \u201cpsicopatico sportivo\u201d. Tra gli sport di cui si innamora c\u2019\u00e8 l\u2019hockey americano, soprattutto nella mitologica figura di Mario Lemieux. Poco prima della morte del padre, nel febbraio 2001, Fiori trova su La Gazzetta dello Sport proprio un trafiletto con scritto del ritorno sul ghiaccio di Lemieux dopo aver sconfitto una forma tumorale e un ritiro di 3 anni. Da l\u00ec altra promessa, qualora arrivi la possibilit\u00e0 di scrivere un articolo, questo sar\u00e0 su Lemieux il Magnifico. Diventato ragioniere capisce immediatamente che iva e fatture sono molto pi\u00f9 noiose del previsto e la prima collaborazione col giornale \u201cSa Bovida\u201d gli fanno capire le regole basi del giornalismo, cosa che Fiori ignorava ma che rispettava, chiedendo solo la possibilit\u00e0 di scrivere e far colpo. Chiusa la parentesi Sa Bovida per problemi logistici e di salute dell\u2019immenso Antonio Delitala ecco il primo reale colpo di fulmine, il sito di hockey Nhl Playitusa che non ha un articolo su Lemieux. Il direttore, con una mail che Fiori ancora oggi custodisce, risponde: \u201cBeh, perch\u00e9 non provi a scriverne uno tu?\u201d Il resto \u00e8 la storia scritta al pc dopo averne scritto 5 pagine in un quadernone a quadretti. Un cambio di lavoro, non per sua volont\u00e0, spariglia le carte in tavola, col ragazzo che stando fuori casa tutto il tempo deve abbandonare la scrittura, ma peggio ancora va col primo di 3 ictus che colpiscono la mamma proprio in quel periodo. Tempo al tempo e con un altro cambio di lavoro ecco l\u2019opzione che lo colpisce, scrivere della sua amata Inter sul sito SpazioInter. Gli inizi sono complicati, scrivere secondo le regole e non avere carta bianca lo bloccano un pochino, fino all\u2019esplosione che nel sito si chiama Live. Il Live sarebbe il racconto, minuto per minuto e in contemporanea, della partita in tv e a Fiori tocca esordire con Milan-Inter. Quella sera il divertimento raggiunge le stelle, anzi, le supera e da quel momento l\u2019impegno \u00e8 triplo, con le perle di interviste a Sandro Mazzola (che risate), Gigi Simoni (che gentilezza) e Riccardo Cucchi, suo idolo radiofonico. Il tesserino da giornalista gli fa mantenere la parola data a 6 anni e ancor pi\u00f9 sorprendente \u00e8 la proposta di essere addetto stampa proprio della squadra locale, andare a vedere quelle partite che il destino gli negarono nel 1991. Si chiede spesso se sia il destino a far scherzi oppure se semplicemente la vita va accettata per quella che \u00e8. Il 30 gennaio 2021, dopo un ricovero di un mese con tutte le aggravanti possibili, in ospedale viene a mancare la mamma di Francesco. Il colpo \u00e8 brutale. Il conto \u00e8 pesantissimo, la mente lontana, lo scrivere, anche solo un piccolo pensiero sulla giornata calcistica, \u00e8 di una difficolt\u00e0 che ad oggi \u00e8 ancora lontana dall'essere superata. Il resto \u00e8 storia o noia, dipende da che parte si vuol vedere, dagli articoli su Gazzetta Fan News al raccontare qualsiasi sport, perch\u00e9 per Fiori ogni sport ha un suo eroe e perch\u00e9 ora, con IspirazioneSportiva.com, sar\u00e0 ancor pi\u00f9 spettacolare dar libero sfogo a qualsiasi ispirazione, come dice il nome e come gli ha insegnato Riccardo Cucchi: \u201cNella vita mai smettere di sognare!\u201d. Anzi, scusate il ritardo! Mail: fcroda@yahoo.it Fb: supermariolemieux pec: francesco.fiori@pecgiornalisti.it","sameAs":["https:\/\/www.facebook.com\/supermariolemieux\/","https:\/\/www.instagram.com\/francescofiori12\/","https:\/\/www.linkedin.com\/in\/francesco-fiori-b45614176\/","https:\/\/twitter.com\/frafiori21"],"url":"https:\/\/ispirazionesportiva.com\/index.php\/author\/supermariolemieux\/"}]}},"_links":{"self":[{"href":"https:\/\/ispirazionesportiva.com\/index.php\/wp-json\/wp\/v2\/posts\/2778","targetHints":{"allow":["GET"]}}],"collection":[{"href":"https:\/\/ispirazionesportiva.com\/index.php\/wp-json\/wp\/v2\/posts"}],"about":[{"href":"https:\/\/ispirazionesportiva.com\/index.php\/wp-json\/wp\/v2\/types\/post"}],"author":[{"embeddable":true,"href":"https:\/\/ispirazionesportiva.com\/index.php\/wp-json\/wp\/v2\/users\/4"}],"replies":[{"embeddable":true,"href":"https:\/\/ispirazionesportiva.com\/index.php\/wp-json\/wp\/v2\/comments?post=2778"}],"version-history":[{"count":5,"href":"https:\/\/ispirazionesportiva.com\/index.php\/wp-json\/wp\/v2\/posts\/2778\/revisions"}],"predecessor-version":[{"id":2795,"href":"https:\/\/ispirazionesportiva.com\/index.php\/wp-json\/wp\/v2\/posts\/2778\/revisions\/2795"}],"wp:featuredmedia":[{"embeddable":true,"href":"https:\/\/ispirazionesportiva.com\/index.php\/wp-json\/wp\/v2\/media\/2793"}],"wp:attachment":[{"href":"https:\/\/ispirazionesportiva.com\/index.php\/wp-json\/wp\/v2\/media?parent=2778"}],"wp:term":[{"taxonomy":"category","embeddable":true,"href":"https:\/\/ispirazionesportiva.com\/index.php\/wp-json\/wp\/v2\/categories?post=2778"},{"taxonomy":"post_tag","embeddable":true,"href":"https:\/\/ispirazionesportiva.com\/index.php\/wp-json\/wp\/v2\/tags?post=2778"}],"curies":[{"name":"wp","href":"https:\/\/api.w.org\/{rel}","templated":true}]}}