{"id":2629,"date":"2023-12-16T08:00:03","date_gmt":"2023-12-16T06:00:03","guid":{"rendered":"https:\/\/ispirazionesportiva.com\/?p=2629"},"modified":"2023-12-16T08:33:47","modified_gmt":"2023-12-16T06:33:47","slug":"lesser-ciccio-graziani-uomo-speciale-calciatore-esemplare","status":"publish","type":"post","link":"https:\/\/ispirazionesportiva.com\/index.php\/2023\/12\/16\/lesser-ciccio-graziani-uomo-speciale-calciatore-esemplare\/","title":{"rendered":"L&#8217;esser Ciccio Graziani, uomo speciale, calciatore esemplare"},"content":{"rendered":"<p><em><strong>Se date un pallone a Ciccio Graziani \u00e8 sicuro che sar\u00e0 gol<\/strong><\/em>. Questo il mantra nell&#8217;ultimo <strong>Toro campione d&#8217;Italia<\/strong>, quando con Pulici formava un&#8217;unica entit\u00e0 che si tramutava in rete o in grossi problemi per le difese avversarie.<\/p>\n<p>Graziani, nato il 16 dicembre, giorno di <strong>Sant&#8217;Adelaide<\/strong> che nell&#8217;antichit\u00e0 era sinonimo di nobilt\u00e0 di stirpe e d&#8217;aspetto, cosa che rappresenta al meglio Francesco, o pi\u00f9 comunemente <em>Ciccio<\/em>, che nella sua carriera ha scritto quasi tre fiabe, quasi, perch\u00e9 il lieto fine \u00e8 arrivato solo in maglia granata, poi perde il campionato per un solo punto con la Fiorentina e nella Roma vince due Coppa Italia perdendo per\u00f2 ai rigori contro il Liverpool la finale di Coppa dei Campioni.<\/p>\n<p><del><img loading=\"lazy\" decoding=\"async\" class=\"size-full wp-image-2633 alignleft\" src=\"https:\/\/ispirazionesportiva.com\/wp-content\/uploads\/2023\/12\/IMG-20231215-WA0035.jpg\" alt=\"\" width=\"682\" height=\"986\" srcset=\"https:\/\/ispirazionesportiva.com\/wp-content\/uploads\/2023\/12\/IMG-20231215-WA0035.jpg 682w, https:\/\/ispirazionesportiva.com\/wp-content\/uploads\/2023\/12\/IMG-20231215-WA0035-208x300.jpg 208w\" sizes=\"auto, (max-width: 682px) 100vw, 682px\" \/><\/del><\/p>\n<p>Chiusa la parabola da attaccante<strong> da 182 gol<\/strong> in carriera per Ciccio si avviano due nuove strade da percorrere, quella dell&#8217;allenatore e quella del commentatore radio\/tv.<\/p>\n<p>Da allenatore, nel primo reality Campioni col Cervia Ciccio \u00e8 indubbiamente l&#8217;allenatore pi\u00f9 seguito d&#8217;Italia perch\u00e9 in quei ragazzi ogni telespettatore ci si rivede (<em>Gullo pi\u00f9, Gullo meno<\/em>) e Graziani \u00e8 l&#8217;uomo in pi\u00f9, lo show nello show, uno che sa essere mister bastone e mister carota, facendo breccia su chi ne seguiva le peripezie.<\/p>\n<p>In tv \u00e8 spalla di <strong>Mino Taveri<\/strong> su <strong>Sport Mediaset XXL<\/strong> (<em>l&#8217;ex Guida al Campionato<\/em>) ma \u00e8 in radio, <strong>su Radiodue a Campioni del Mondo<\/strong>, che Ciccio d\u00e0 il meglio, in tandem d&#8217;attacco con<strong> Domenico Marocchino<\/strong> (lui ala a tutto campo, dalla sapienza dei boschi alla risata contagiosa) con il prezioso registro di<strong> Marco Lollobrigida<\/strong>, numero 10 del programma.<\/p>\n<p>Al microfono Ciccio \u00e8 proverbiale, \u00e8 una di quelle persone che si ascolterebbe per tutta la mattina o anche di pi\u00f9, con aneddoti divertenti (vedere Bearzot gettato in piscina al <em>Mundial 1982<\/em>) e partite di calcetto in cui il suo guizzo non manca mai.<\/p>\n<p>L&#8217;esser Ciccio Graziani tocca l&#8217;apice in quel 1975\/76 quando dalla sciagura di Superga arriva quel Tricolore che sa di festa per i due punti di vantaggio sulla Juve, <strong>45 a 43, con 15 gol in 29 partite del &#8220;saggio&#8221; di Campioni del Mondo<\/strong> (<em>sempre RadioDue<\/em>) che poi mette in cascina il dover abbandonare il terreno di gioco del Bernabeu, con la sciagurata spalla che gli fa abbandonare la finale dei sogni, quella del Mondiale.<\/p>\n<p>Poco importa, 7 minuti e poi out per far posto ad Altobelli. Beh, diremmo noi, Spillo segna perch\u00e9 entra al posto di Ciccio, perch\u00e9 Ciccio (e ci scusiamo per la confidenza verso il nostro compagno di tutti i sabato mattina) non ha bisogno di far gol al Mundial. Lui \u00e8 gi\u00e0 mundial.<\/p>\n<p><em><strong>E non potrebbe mancare neanche il nostro abbraccio per gli auguri del 16 dicembre 2023, al bomber radiofonico preferito dalla nostra redazione!<\/strong><\/em><\/p>\n","protected":false},"excerpt":{"rendered":"<p>Se date un pallone a Ciccio Graziani \u00e8 sicuro che sar\u00e0 gol. Questo il mantra&#8230;<\/p>\n","protected":false},"author":4,"featured_media":1998,"comment_status":"closed","ping_status":"closed","sticky":false,"template":"","format":"standard","meta":{"footnotes":""},"categories":[125],"tags":[],"class_list":["post-2629","post","type-post","status-publish","format-standard","has-post-thumbnail","hentry","category-larcifiori"],"yoast_head":"<!-- This site is optimized with the Yoast SEO plugin v21.9 - https:\/\/yoast.com\/wordpress\/plugins\/seo\/ -->\n<title>L&#039;esser Ciccio Graziani, uomo speciale, calciatore esemplare - IspirazioneSportiva.com<\/title>\n<meta name=\"robots\" content=\"index, follow, max-snippet:-1, max-image-preview:large, max-video-preview:-1\" \/>\n<link rel=\"canonical\" href=\"https:\/\/ispirazionesportiva.com\/index.php\/2023\/12\/16\/lesser-ciccio-graziani-uomo-speciale-calciatore-esemplare\/\" \/>\n<meta property=\"og:locale\" content=\"it_IT\" \/>\n<meta property=\"og:type\" content=\"article\" \/>\n<meta property=\"og:title\" content=\"L&#039;esser Ciccio Graziani, uomo speciale, calciatore esemplare\" \/>\n<meta property=\"og:description\" content=\"La giornata di Ciccio Graziani, splendido cantore di un calcio nostalgico, idolo di tutti noi!\" \/>\n<meta property=\"og:url\" content=\"https:\/\/ispirazionesportiva.com\/index.php\/2023\/12\/16\/lesser-ciccio-graziani-uomo-speciale-calciatore-esemplare\/\" \/>\n<meta property=\"og:site_name\" content=\"IspirazioneSportiva.com\" \/>\n<meta property=\"article:publisher\" content=\"https:\/\/www.facebook.com\/search\/top\/?q=ispirazionesportiva.com\" \/>\n<meta property=\"article:author\" content=\"https:\/\/www.facebook.com\/supermariolemieux\/\" \/>\n<meta property=\"article:published_time\" content=\"2023-12-16T06:00:03+00:00\" \/>\n<meta property=\"article:modified_time\" content=\"2023-12-16T06:33:47+00:00\" \/>\n<meta property=\"og:image\" content=\"https:\/\/ispirazionesportiva.com\/wp-content\/uploads\/2023\/06\/R-1.jpg\" \/>\n\t<meta property=\"og:image:width\" content=\"1200\" \/>\n\t<meta property=\"og:image:height\" content=\"600\" \/>\n\t<meta property=\"og:image:type\" content=\"image\/jpeg\" \/>\n<meta name=\"author\" content=\"Francesco Fiori\" \/>\n<meta name=\"twitter:card\" content=\"summary_large_image\" \/>\n<meta name=\"twitter:creator\" content=\"@frafiori21\" \/>\n<meta name=\"twitter:site\" content=\"@FraFiori21\" \/>\n<meta name=\"twitter:label1\" content=\"Scritto da\" \/>\n\t<meta name=\"twitter:data1\" content=\"Francesco Fiori\" \/>\n\t<meta name=\"twitter:label2\" content=\"Tempo di lettura stimato\" \/>\n\t<meta name=\"twitter:data2\" content=\"3 minuti\" \/>\n<script type=\"application\/ld+json\" class=\"yoast-schema-graph\">{\"@context\":\"https:\/\/schema.org\",\"@graph\":[{\"@type\":\"Article\",\"@id\":\"https:\/\/ispirazionesportiva.com\/index.php\/2023\/12\/16\/lesser-ciccio-graziani-uomo-speciale-calciatore-esemplare\/#article\",\"isPartOf\":{\"@id\":\"https:\/\/ispirazionesportiva.com\/index.php\/2023\/12\/16\/lesser-ciccio-graziani-uomo-speciale-calciatore-esemplare\/\"},\"author\":{\"name\":\"Francesco Fiori\",\"@id\":\"https:\/\/ispirazionesportiva.com\/#\/schema\/person\/7288fdedc9108918baa7bb22bab31fb7\"},\"headline\":\"L&#8217;esser Ciccio Graziani, uomo speciale, calciatore esemplare\",\"datePublished\":\"2023-12-16T06:00:03+00:00\",\"dateModified\":\"2023-12-16T06:33:47+00:00\",\"mainEntityOfPage\":{\"@id\":\"https:\/\/ispirazionesportiva.com\/index.php\/2023\/12\/16\/lesser-ciccio-graziani-uomo-speciale-calciatore-esemplare\/\"},\"wordCount\":436,\"publisher\":{\"@id\":\"https:\/\/ispirazionesportiva.com\/#organization\"},\"articleSection\":[\"L'ArciFiori\"],\"inLanguage\":\"it-IT\"},{\"@type\":\"WebPage\",\"@id\":\"https:\/\/ispirazionesportiva.com\/index.php\/2023\/12\/16\/lesser-ciccio-graziani-uomo-speciale-calciatore-esemplare\/\",\"url\":\"https:\/\/ispirazionesportiva.com\/index.php\/2023\/12\/16\/lesser-ciccio-graziani-uomo-speciale-calciatore-esemplare\/\",\"name\":\"L'esser Ciccio Graziani, uomo speciale, calciatore esemplare - IspirazioneSportiva.com\",\"isPartOf\":{\"@id\":\"https:\/\/ispirazionesportiva.com\/#website\"},\"datePublished\":\"2023-12-16T06:00:03+00:00\",\"dateModified\":\"2023-12-16T06:33:47+00:00\",\"breadcrumb\":{\"@id\":\"https:\/\/ispirazionesportiva.com\/index.php\/2023\/12\/16\/lesser-ciccio-graziani-uomo-speciale-calciatore-esemplare\/#breadcrumb\"},\"inLanguage\":\"it-IT\",\"potentialAction\":[{\"@type\":\"ReadAction\",\"target\":[\"https:\/\/ispirazionesportiva.com\/index.php\/2023\/12\/16\/lesser-ciccio-graziani-uomo-speciale-calciatore-esemplare\/\"]}]},{\"@type\":\"BreadcrumbList\",\"@id\":\"https:\/\/ispirazionesportiva.com\/index.php\/2023\/12\/16\/lesser-ciccio-graziani-uomo-speciale-calciatore-esemplare\/#breadcrumb\",\"itemListElement\":[{\"@type\":\"ListItem\",\"position\":1,\"name\":\"Home\",\"item\":\"https:\/\/ispirazionesportiva.com\/\"},{\"@type\":\"ListItem\",\"position\":2,\"name\":\"L&#8217;esser Ciccio Graziani, uomo speciale, calciatore esemplare\"}]},{\"@type\":\"WebSite\",\"@id\":\"https:\/\/ispirazionesportiva.com\/#website\",\"url\":\"https:\/\/ispirazionesportiva.com\/\",\"name\":\"IspirazioneSportiva.com\",\"description\":\"Le storie sportive che emozionano\",\"publisher\":{\"@id\":\"https:\/\/ispirazionesportiva.com\/#organization\"},\"potentialAction\":[{\"@type\":\"SearchAction\",\"target\":{\"@type\":\"EntryPoint\",\"urlTemplate\":\"https:\/\/ispirazionesportiva.com\/?s={search_term_string}\"},\"query-input\":\"required name=search_term_string\"}],\"inLanguage\":\"it-IT\"},{\"@type\":\"Organization\",\"@id\":\"https:\/\/ispirazionesportiva.com\/#organization\",\"name\":\"ispirazionesportiva.com\",\"url\":\"https:\/\/ispirazionesportiva.com\/\",\"logo\":{\"@type\":\"ImageObject\",\"inLanguage\":\"it-IT\",\"@id\":\"https:\/\/ispirazionesportiva.com\/#\/schema\/logo\/image\/\",\"url\":\"https:\/\/ispirazionesportiva.com\/wp-content\/uploads\/2020\/08\/1589964388149.jpg\",\"contentUrl\":\"https:\/\/ispirazionesportiva.com\/wp-content\/uploads\/2020\/08\/1589964388149.jpg\",\"width\":980,\"height\":600,\"caption\":\"ispirazionesportiva.com\"},\"image\":{\"@id\":\"https:\/\/ispirazionesportiva.com\/#\/schema\/logo\/image\/\"},\"sameAs\":[\"https:\/\/www.facebook.com\/search\/top\/?q=ispirazionesportiva.com\",\"https:\/\/twitter.com\/FraFiori21\",\"https:\/\/www.instagram.com\/ispirazione_sportiva\/?hl=it\",\"https:\/\/www.linkedin.com\/in\/mario-francesco-fiori-8788ba1b4\/\"]},{\"@type\":\"Person\",\"@id\":\"https:\/\/ispirazionesportiva.com\/#\/schema\/person\/7288fdedc9108918baa7bb22bab31fb7\",\"name\":\"Francesco Fiori\",\"image\":{\"@type\":\"ImageObject\",\"inLanguage\":\"it-IT\",\"@id\":\"https:\/\/ispirazionesportiva.com\/#\/schema\/person\/image\/\",\"url\":\"https:\/\/secure.gravatar.com\/avatar\/beff881b593f312e866653a8c45295843e00b61ce1984ceaacd4e1709e4c1b57?s=96&d=mm&r=g\",\"contentUrl\":\"https:\/\/secure.gravatar.com\/avatar\/beff881b593f312e866653a8c45295843e00b61ce1984ceaacd4e1709e4c1b57?s=96&d=mm&r=g\",\"caption\":\"Francesco Fiori\"},\"description\":\"Francesco Fiori \u00e8 un giornalista sardo, classe 1983, con la passione per il racconto dello sport. Di tutto lo sport. Aveva 6 anni quando, sicuramente errore o destino, ebbe in regalo una semplice radio, senza pensare alle conseguenze successive del pianeta sportivo. Una domenica, finiti i compiti, giocando con quel mezzo, capt\u00f2 la voce roca di Sandro Ciotti. Aveva appena scoperto l\u2019esistenza di Tutto il calcio minuto per minuto. La prima sfida arriva nella stagione calcistica 90\/91, quando lo zio, incredibile giornalista locale, gli diede come compito raccontare la giornata calcistica appena conclusa. Quel tema, ad appena 7 anni, risult\u00f2 migliore rispetto alle tabelline, mai entrate volentieri in testa. Il premio fu la presenza alla gara di cartello della squadra del suo paese, il Ploaghe, due settimane pi\u00f9 tardi. Destino volle che la morte prese suo zio proprio il mercoled\u00ec prima, innescando in Fiori la voglia di diventare giornalista. A scuola alla domanda \u201cHai solo il calcio in testa?\u201d rispondeva \u201cNo, anche il ciclismo\u201d e gli anni di partite contemporanee la domenica e di Tele +2 col calcio estero crearono un piccolo \u201cpsicopatico sportivo\u201d. Tra gli sport di cui si innamora c\u2019\u00e8 l\u2019hockey americano, soprattutto nella mitologica figura di Mario Lemieux. Poco prima della morte del padre, nel febbraio 2001, Fiori trova su La Gazzetta dello Sport proprio un trafiletto con scritto del ritorno sul ghiaccio di Lemieux dopo aver sconfitto una forma tumorale e un ritiro di 3 anni. Da l\u00ec altra promessa, qualora arrivi la possibilit\u00e0 di scrivere un articolo, questo sar\u00e0 su Lemieux il Magnifico. Diventato ragioniere capisce immediatamente che iva e fatture sono molto pi\u00f9 noiose del previsto e la prima collaborazione col giornale \u201cSa Bovida\u201d gli fanno capire le regole basi del giornalismo, cosa che Fiori ignorava ma che rispettava, chiedendo solo la possibilit\u00e0 di scrivere e far colpo. Chiusa la parentesi Sa Bovida per problemi logistici e di salute dell\u2019immenso Antonio Delitala ecco il primo reale colpo di fulmine, il sito di hockey Nhl Playitusa che non ha un articolo su Lemieux. Il direttore, con una mail che Fiori ancora oggi custodisce, risponde: \u201cBeh, perch\u00e9 non provi a scriverne uno tu?\u201d Il resto \u00e8 la storia scritta al pc dopo averne scritto 5 pagine in un quadernone a quadretti. Un cambio di lavoro, non per sua volont\u00e0, spariglia le carte in tavola, col ragazzo che stando fuori casa tutto il tempo deve abbandonare la scrittura, ma peggio ancora va col primo di 3 ictus che colpiscono la mamma proprio in quel periodo. Tempo al tempo e con un altro cambio di lavoro ecco l\u2019opzione che lo colpisce, scrivere della sua amata Inter sul sito SpazioInter. Gli inizi sono complicati, scrivere secondo le regole e non avere carta bianca lo bloccano un pochino, fino all\u2019esplosione che nel sito si chiama Live. Il Live sarebbe il racconto, minuto per minuto e in contemporanea, della partita in tv e a Fiori tocca esordire con Milan-Inter. Quella sera il divertimento raggiunge le stelle, anzi, le supera e da quel momento l\u2019impegno \u00e8 triplo, con le perle di interviste a Sandro Mazzola (che risate), Gigi Simoni (che gentilezza) e Riccardo Cucchi, suo idolo radiofonico. Il tesserino da giornalista gli fa mantenere la parola data a 6 anni e ancor pi\u00f9 sorprendente \u00e8 la proposta di essere addetto stampa proprio della squadra locale, andare a vedere quelle partite che il destino gli negarono nel 1991. Si chiede spesso se sia il destino a far scherzi oppure se semplicemente la vita va accettata per quella che \u00e8. Il 30 gennaio 2021, dopo un ricovero di un mese con tutte le aggravanti possibili, in ospedale viene a mancare la mamma di Francesco. Il colpo \u00e8 brutale. Il conto \u00e8 pesantissimo, la mente lontana, lo scrivere, anche solo un piccolo pensiero sulla giornata calcistica, \u00e8 di una difficolt\u00e0 che ad oggi \u00e8 ancora lontana dall'essere superata. Il resto \u00e8 storia o noia, dipende da che parte si vuol vedere, dagli articoli su Gazzetta Fan News al raccontare qualsiasi sport, perch\u00e9 per Fiori ogni sport ha un suo eroe e perch\u00e9 ora, con IspirazioneSportiva.com, sar\u00e0 ancor pi\u00f9 spettacolare dar libero sfogo a qualsiasi ispirazione, come dice il nome e come gli ha insegnato Riccardo Cucchi: \u201cNella vita mai smettere di sognare!\u201d. Anzi, scusate il ritardo! Mail: fcroda@yahoo.it Fb: supermariolemieux pec: francesco.fiori@pecgiornalisti.it\",\"sameAs\":[\"https:\/\/www.facebook.com\/supermariolemieux\/\",\"https:\/\/www.instagram.com\/francescofiori12\/\",\"https:\/\/www.linkedin.com\/in\/francesco-fiori-b45614176\/\",\"https:\/\/twitter.com\/frafiori21\"],\"url\":\"https:\/\/ispirazionesportiva.com\/index.php\/author\/supermariolemieux\/\"}]}<\/script>\n<!-- \/ Yoast SEO plugin. -->","yoast_head_json":{"title":"L'esser Ciccio Graziani, uomo speciale, calciatore esemplare - IspirazioneSportiva.com","robots":{"index":"index","follow":"follow","max-snippet":"max-snippet:-1","max-image-preview":"max-image-preview:large","max-video-preview":"max-video-preview:-1"},"canonical":"https:\/\/ispirazionesportiva.com\/index.php\/2023\/12\/16\/lesser-ciccio-graziani-uomo-speciale-calciatore-esemplare\/","og_locale":"it_IT","og_type":"article","og_title":"L'esser Ciccio Graziani, uomo speciale, calciatore esemplare","og_description":"La giornata di Ciccio Graziani, splendido cantore di un calcio nostalgico, idolo di tutti noi!","og_url":"https:\/\/ispirazionesportiva.com\/index.php\/2023\/12\/16\/lesser-ciccio-graziani-uomo-speciale-calciatore-esemplare\/","og_site_name":"IspirazioneSportiva.com","article_publisher":"https:\/\/www.facebook.com\/search\/top\/?q=ispirazionesportiva.com","article_author":"https:\/\/www.facebook.com\/supermariolemieux\/","article_published_time":"2023-12-16T06:00:03+00:00","article_modified_time":"2023-12-16T06:33:47+00:00","og_image":[{"width":1200,"height":600,"url":"https:\/\/ispirazionesportiva.com\/wp-content\/uploads\/2023\/06\/R-1.jpg","type":"image\/jpeg"}],"author":"Francesco Fiori","twitter_card":"summary_large_image","twitter_creator":"@frafiori21","twitter_site":"@FraFiori21","twitter_misc":{"Scritto da":"Francesco Fiori","Tempo di lettura stimato":"3 minuti"},"schema":{"@context":"https:\/\/schema.org","@graph":[{"@type":"Article","@id":"https:\/\/ispirazionesportiva.com\/index.php\/2023\/12\/16\/lesser-ciccio-graziani-uomo-speciale-calciatore-esemplare\/#article","isPartOf":{"@id":"https:\/\/ispirazionesportiva.com\/index.php\/2023\/12\/16\/lesser-ciccio-graziani-uomo-speciale-calciatore-esemplare\/"},"author":{"name":"Francesco Fiori","@id":"https:\/\/ispirazionesportiva.com\/#\/schema\/person\/7288fdedc9108918baa7bb22bab31fb7"},"headline":"L&#8217;esser Ciccio Graziani, uomo speciale, calciatore esemplare","datePublished":"2023-12-16T06:00:03+00:00","dateModified":"2023-12-16T06:33:47+00:00","mainEntityOfPage":{"@id":"https:\/\/ispirazionesportiva.com\/index.php\/2023\/12\/16\/lesser-ciccio-graziani-uomo-speciale-calciatore-esemplare\/"},"wordCount":436,"publisher":{"@id":"https:\/\/ispirazionesportiva.com\/#organization"},"articleSection":["L'ArciFiori"],"inLanguage":"it-IT"},{"@type":"WebPage","@id":"https:\/\/ispirazionesportiva.com\/index.php\/2023\/12\/16\/lesser-ciccio-graziani-uomo-speciale-calciatore-esemplare\/","url":"https:\/\/ispirazionesportiva.com\/index.php\/2023\/12\/16\/lesser-ciccio-graziani-uomo-speciale-calciatore-esemplare\/","name":"L'esser Ciccio Graziani, uomo speciale, calciatore esemplare - IspirazioneSportiva.com","isPartOf":{"@id":"https:\/\/ispirazionesportiva.com\/#website"},"datePublished":"2023-12-16T06:00:03+00:00","dateModified":"2023-12-16T06:33:47+00:00","breadcrumb":{"@id":"https:\/\/ispirazionesportiva.com\/index.php\/2023\/12\/16\/lesser-ciccio-graziani-uomo-speciale-calciatore-esemplare\/#breadcrumb"},"inLanguage":"it-IT","potentialAction":[{"@type":"ReadAction","target":["https:\/\/ispirazionesportiva.com\/index.php\/2023\/12\/16\/lesser-ciccio-graziani-uomo-speciale-calciatore-esemplare\/"]}]},{"@type":"BreadcrumbList","@id":"https:\/\/ispirazionesportiva.com\/index.php\/2023\/12\/16\/lesser-ciccio-graziani-uomo-speciale-calciatore-esemplare\/#breadcrumb","itemListElement":[{"@type":"ListItem","position":1,"name":"Home","item":"https:\/\/ispirazionesportiva.com\/"},{"@type":"ListItem","position":2,"name":"L&#8217;esser Ciccio Graziani, uomo speciale, calciatore esemplare"}]},{"@type":"WebSite","@id":"https:\/\/ispirazionesportiva.com\/#website","url":"https:\/\/ispirazionesportiva.com\/","name":"IspirazioneSportiva.com","description":"Le storie sportive che emozionano","publisher":{"@id":"https:\/\/ispirazionesportiva.com\/#organization"},"potentialAction":[{"@type":"SearchAction","target":{"@type":"EntryPoint","urlTemplate":"https:\/\/ispirazionesportiva.com\/?s={search_term_string}"},"query-input":"required name=search_term_string"}],"inLanguage":"it-IT"},{"@type":"Organization","@id":"https:\/\/ispirazionesportiva.com\/#organization","name":"ispirazionesportiva.com","url":"https:\/\/ispirazionesportiva.com\/","logo":{"@type":"ImageObject","inLanguage":"it-IT","@id":"https:\/\/ispirazionesportiva.com\/#\/schema\/logo\/image\/","url":"https:\/\/ispirazionesportiva.com\/wp-content\/uploads\/2020\/08\/1589964388149.jpg","contentUrl":"https:\/\/ispirazionesportiva.com\/wp-content\/uploads\/2020\/08\/1589964388149.jpg","width":980,"height":600,"caption":"ispirazionesportiva.com"},"image":{"@id":"https:\/\/ispirazionesportiva.com\/#\/schema\/logo\/image\/"},"sameAs":["https:\/\/www.facebook.com\/search\/top\/?q=ispirazionesportiva.com","https:\/\/twitter.com\/FraFiori21","https:\/\/www.instagram.com\/ispirazione_sportiva\/?hl=it","https:\/\/www.linkedin.com\/in\/mario-francesco-fiori-8788ba1b4\/"]},{"@type":"Person","@id":"https:\/\/ispirazionesportiva.com\/#\/schema\/person\/7288fdedc9108918baa7bb22bab31fb7","name":"Francesco Fiori","image":{"@type":"ImageObject","inLanguage":"it-IT","@id":"https:\/\/ispirazionesportiva.com\/#\/schema\/person\/image\/","url":"https:\/\/secure.gravatar.com\/avatar\/beff881b593f312e866653a8c45295843e00b61ce1984ceaacd4e1709e4c1b57?s=96&d=mm&r=g","contentUrl":"https:\/\/secure.gravatar.com\/avatar\/beff881b593f312e866653a8c45295843e00b61ce1984ceaacd4e1709e4c1b57?s=96&d=mm&r=g","caption":"Francesco Fiori"},"description":"Francesco Fiori \u00e8 un giornalista sardo, classe 1983, con la passione per il racconto dello sport. Di tutto lo sport. Aveva 6 anni quando, sicuramente errore o destino, ebbe in regalo una semplice radio, senza pensare alle conseguenze successive del pianeta sportivo. Una domenica, finiti i compiti, giocando con quel mezzo, capt\u00f2 la voce roca di Sandro Ciotti. Aveva appena scoperto l\u2019esistenza di Tutto il calcio minuto per minuto. La prima sfida arriva nella stagione calcistica 90\/91, quando lo zio, incredibile giornalista locale, gli diede come compito raccontare la giornata calcistica appena conclusa. Quel tema, ad appena 7 anni, risult\u00f2 migliore rispetto alle tabelline, mai entrate volentieri in testa. Il premio fu la presenza alla gara di cartello della squadra del suo paese, il Ploaghe, due settimane pi\u00f9 tardi. Destino volle che la morte prese suo zio proprio il mercoled\u00ec prima, innescando in Fiori la voglia di diventare giornalista. A scuola alla domanda \u201cHai solo il calcio in testa?\u201d rispondeva \u201cNo, anche il ciclismo\u201d e gli anni di partite contemporanee la domenica e di Tele +2 col calcio estero crearono un piccolo \u201cpsicopatico sportivo\u201d. Tra gli sport di cui si innamora c\u2019\u00e8 l\u2019hockey americano, soprattutto nella mitologica figura di Mario Lemieux. Poco prima della morte del padre, nel febbraio 2001, Fiori trova su La Gazzetta dello Sport proprio un trafiletto con scritto del ritorno sul ghiaccio di Lemieux dopo aver sconfitto una forma tumorale e un ritiro di 3 anni. Da l\u00ec altra promessa, qualora arrivi la possibilit\u00e0 di scrivere un articolo, questo sar\u00e0 su Lemieux il Magnifico. Diventato ragioniere capisce immediatamente che iva e fatture sono molto pi\u00f9 noiose del previsto e la prima collaborazione col giornale \u201cSa Bovida\u201d gli fanno capire le regole basi del giornalismo, cosa che Fiori ignorava ma che rispettava, chiedendo solo la possibilit\u00e0 di scrivere e far colpo. Chiusa la parentesi Sa Bovida per problemi logistici e di salute dell\u2019immenso Antonio Delitala ecco il primo reale colpo di fulmine, il sito di hockey Nhl Playitusa che non ha un articolo su Lemieux. Il direttore, con una mail che Fiori ancora oggi custodisce, risponde: \u201cBeh, perch\u00e9 non provi a scriverne uno tu?\u201d Il resto \u00e8 la storia scritta al pc dopo averne scritto 5 pagine in un quadernone a quadretti. Un cambio di lavoro, non per sua volont\u00e0, spariglia le carte in tavola, col ragazzo che stando fuori casa tutto il tempo deve abbandonare la scrittura, ma peggio ancora va col primo di 3 ictus che colpiscono la mamma proprio in quel periodo. Tempo al tempo e con un altro cambio di lavoro ecco l\u2019opzione che lo colpisce, scrivere della sua amata Inter sul sito SpazioInter. Gli inizi sono complicati, scrivere secondo le regole e non avere carta bianca lo bloccano un pochino, fino all\u2019esplosione che nel sito si chiama Live. Il Live sarebbe il racconto, minuto per minuto e in contemporanea, della partita in tv e a Fiori tocca esordire con Milan-Inter. Quella sera il divertimento raggiunge le stelle, anzi, le supera e da quel momento l\u2019impegno \u00e8 triplo, con le perle di interviste a Sandro Mazzola (che risate), Gigi Simoni (che gentilezza) e Riccardo Cucchi, suo idolo radiofonico. Il tesserino da giornalista gli fa mantenere la parola data a 6 anni e ancor pi\u00f9 sorprendente \u00e8 la proposta di essere addetto stampa proprio della squadra locale, andare a vedere quelle partite che il destino gli negarono nel 1991. Si chiede spesso se sia il destino a far scherzi oppure se semplicemente la vita va accettata per quella che \u00e8. Il 30 gennaio 2021, dopo un ricovero di un mese con tutte le aggravanti possibili, in ospedale viene a mancare la mamma di Francesco. Il colpo \u00e8 brutale. Il conto \u00e8 pesantissimo, la mente lontana, lo scrivere, anche solo un piccolo pensiero sulla giornata calcistica, \u00e8 di una difficolt\u00e0 che ad oggi \u00e8 ancora lontana dall'essere superata. Il resto \u00e8 storia o noia, dipende da che parte si vuol vedere, dagli articoli su Gazzetta Fan News al raccontare qualsiasi sport, perch\u00e9 per Fiori ogni sport ha un suo eroe e perch\u00e9 ora, con IspirazioneSportiva.com, sar\u00e0 ancor pi\u00f9 spettacolare dar libero sfogo a qualsiasi ispirazione, come dice il nome e come gli ha insegnato Riccardo Cucchi: \u201cNella vita mai smettere di sognare!\u201d. Anzi, scusate il ritardo! Mail: fcroda@yahoo.it Fb: supermariolemieux pec: francesco.fiori@pecgiornalisti.it","sameAs":["https:\/\/www.facebook.com\/supermariolemieux\/","https:\/\/www.instagram.com\/francescofiori12\/","https:\/\/www.linkedin.com\/in\/francesco-fiori-b45614176\/","https:\/\/twitter.com\/frafiori21"],"url":"https:\/\/ispirazionesportiva.com\/index.php\/author\/supermariolemieux\/"}]}},"_links":{"self":[{"href":"https:\/\/ispirazionesportiva.com\/index.php\/wp-json\/wp\/v2\/posts\/2629","targetHints":{"allow":["GET"]}}],"collection":[{"href":"https:\/\/ispirazionesportiva.com\/index.php\/wp-json\/wp\/v2\/posts"}],"about":[{"href":"https:\/\/ispirazionesportiva.com\/index.php\/wp-json\/wp\/v2\/types\/post"}],"author":[{"embeddable":true,"href":"https:\/\/ispirazionesportiva.com\/index.php\/wp-json\/wp\/v2\/users\/4"}],"replies":[{"embeddable":true,"href":"https:\/\/ispirazionesportiva.com\/index.php\/wp-json\/wp\/v2\/comments?post=2629"}],"version-history":[{"count":5,"href":"https:\/\/ispirazionesportiva.com\/index.php\/wp-json\/wp\/v2\/posts\/2629\/revisions"}],"predecessor-version":[{"id":2635,"href":"https:\/\/ispirazionesportiva.com\/index.php\/wp-json\/wp\/v2\/posts\/2629\/revisions\/2635"}],"wp:featuredmedia":[{"embeddable":true,"href":"https:\/\/ispirazionesportiva.com\/index.php\/wp-json\/wp\/v2\/media\/1998"}],"wp:attachment":[{"href":"https:\/\/ispirazionesportiva.com\/index.php\/wp-json\/wp\/v2\/media?parent=2629"}],"wp:term":[{"taxonomy":"category","embeddable":true,"href":"https:\/\/ispirazionesportiva.com\/index.php\/wp-json\/wp\/v2\/categories?post=2629"},{"taxonomy":"post_tag","embeddable":true,"href":"https:\/\/ispirazionesportiva.com\/index.php\/wp-json\/wp\/v2\/tags?post=2629"}],"curies":[{"name":"wp","href":"https:\/\/api.w.org\/{rel}","templated":true}]}}