{"id":1903,"date":"2023-04-15T14:55:00","date_gmt":"2023-04-15T12:55:00","guid":{"rendered":"https:\/\/ispirazionesportiva.com\/?p=1903"},"modified":"2023-12-08T15:29:09","modified_gmt":"2023-12-08T13:29:09","slug":"2020-ciao-franco-il-triste-saluto-ad-un-maestro-del-microfono","status":"publish","type":"post","link":"https:\/\/ispirazionesportiva.com\/index.php\/2023\/04\/15\/2020-ciao-franco-il-triste-saluto-ad-un-maestro-del-microfono\/","title":{"rendered":"2020: Ciao Franco, il triste saluto ad un maestro del microfono"},"content":{"rendered":"\r\n<p>Dopo Gianni Mura la primavera ci porta via Franco Lauro, icona del basket raccontato degli anni 90.<\/p>\r\n\r\n\r\n\r\n<p><a href=\"https:\/\/gazzettafannews.it\/basket\/ciao-franco-il-triste-saluto-ad-un-maestro-del-microfono\/\">Ciao Franco, il triste saluto ad un maestro del microfono &#8211; Gazzetta Fan News<\/a><\/p>\r\n\r\n\r\n\r\n<p><strong><em>Tripla!!!\u00a0<\/em><\/strong><\/p>\r\n\r\n\r\n\r\n<p>Chi non ha sognato sotto la sua voce, quella di<strong>\u00a0Franco Lauro<\/strong>, quando la Rai gli affidava i secondi tempi delle partite di basket e gli anni 90 erano un incredibile fucina di talenti.<\/p>\r\n\r\n\r\n\r\n<p>Uno su tutti nella mente di quei tifosi \u00e8 stato\u00a0<strong>Predrag Danilovic<\/strong>\u00a0e quel tiro da\u00a0<strong>4<\/strong>\u00a0(3 + fallo) fece diventare roca la voce di Franco Lauro che, pochi istanti dopo, riprendeva la sua proverbiale calma per spiegare l&#8217;accaduto.<\/p>\r\n\r\n\r\n\r\n<p>Lauro se n&#8217;\u00e8 andato ad appena 58 anni, un infarto ha portato via a noi appassionati di sport una voce che portava alla calma, che iniziava una telecronaca con un &#8220;<em>Amici ed amiche all&#8217;ascolto<\/em>&#8220;, che ci ha fatto saltare di gioia per l&#8217;<strong>oro agli europei di basket del 1999<\/strong>, che \u00e8 stato un pezzo di vita in chi si appassionava allo sport della palla a spicchi.<\/p>\r\n\r\n\r\n\r\n<p>Ma dire che Franco Lauro \u00e8 solo basket \u00e8 ingiusto e riduttivo. Certo, l&#8217;amore per la palla al cesto arriva prima di ogni cosa, lui speaker del Banco di Roma di Valerio Bianchini, poi<strong>\u00a0approdo in Rai nel 1984<\/strong>, dove commenta 3 mondiali e 12 eurobasket, 8 Olimpiadi estive, 1 invernale a Torino e 6 mondiali di calcio.<\/p>\r\n\r\n\r\n\r\n<p>Inizialmente spalla di un altro guru del basket raccontato,<strong>\u00a0Gianni Decleva<\/strong>, sistemava con eleganza e semplicit\u00e0 il duo che aveva personalit\u00e0 diverse e che poteva anche avere scontri per visioni di gioco differenti. La pallacanestro per\u00f2 \u00e8 ambiente che unisce e quando per una partita condividi viaggi, gara e post ci si avvicina sempre di pi\u00f9 e si sopporta qualsiasi differenza di opinione.<\/p>\r\n\r\n\r\n\r\n<p>Ad\u00a0<strong>Atlanta 96<\/strong>, nei giorni di un attentato, la Rai chiede a Franco Lauro l&#8217;impossibile e lui va in onda per dieci ore di fila, quasi 30 nell&#8217;arco di 2 giorni, sempre mantenendo lucidit\u00e0 e dando prova di gran resistenza.<\/p>\r\n\r\n\r\n\r\n<p>D&#8217;altronde, l&#8217;amore per il mestiere \u00e8 trascinante e Lauro non ha mai alzato la voce per essere ammirato e strada ne ha fatto tanta, iniziando da\u00a0<strong>Radio Incontro<\/strong>, collaborando poi per il<strong>\u00a0Corriere dello Sport<\/strong>\u00a0e arrivando a condurre il meglio della Rai sportiva, da\u00a0<strong>La Domenica Sportiva<\/strong>\u00a0a\u00a0<strong>Domenica Sprint\u00a0<\/strong>e infine\u00a0<strong>90\u00b0 Minuto<\/strong>.<\/p>\r\n\r\n\r\n\r\n<p>Nella tv di stato veniva ammirato sopratutto per come arrivava in sede, con un malloppo di almeno\u00a0<strong>10\/12 quotidiani sottobraccio\u00a0<\/strong>che puntualmente leggeva tutti e si presentava col solito, perfetto, nodo alla cravatta.<\/p>\r\n\r\n\r\n\r\n<p>Un infarto ed \u00e8 la sirena finale, nonostante i dolori al petto dei giorni precedenti e le rassicurazioni mediche che non parevano il segno di una fine troppo vicina e anche troppo ingiusta, senza titoli di coda, senza saluti.\u00a0<\/p>\r\n\r\n\r\n\r\n<p>Quel saluto iniziale e quello finale anche ai telespettatori che lo ascoltavano e ne facevano uno di casa, per la pacatezza con cui raccontava lo sport, anche per i non appassionati e sopratutto per quelli che esultavano a quella parola magica: &#8220;<strong><em>Triplaaaaaa!!!<\/em><\/strong>&#8220;.<\/p>\r\n\r\n\r\n\r\n<p>Ciao Franco Lauro e grazie per l&#8217;esempio che ci hai insegnato.<\/p>\r\n\r\n\r\n\r\n<figure class=\"wp-block-image size-full\"><img loading=\"lazy\" decoding=\"async\" width=\"956\" height=\"644\" class=\"wp-image-1904\" src=\"https:\/\/ispirazionesportiva.com\/wp-content\/uploads\/2023\/04\/lauro.jpg\" alt=\"\" srcset=\"https:\/\/ispirazionesportiva.com\/wp-content\/uploads\/2023\/04\/lauro.jpg 956w, https:\/\/ispirazionesportiva.com\/wp-content\/uploads\/2023\/04\/lauro-300x202.jpg 300w, https:\/\/ispirazionesportiva.com\/wp-content\/uploads\/2023\/04\/lauro-768x517.jpg 768w\" sizes=\"auto, (max-width: 956px) 100vw, 956px\" \/>\r\n<figcaption class=\"wp-element-caption\">Leggi anche:<\/figcaption>\r\n<\/figure>\r\n\r\n\r\n\r\n<p><a href=\"https:\/\/ispirazionesportiva.com\/index.php\/2022\/05\/30\/quando-il-basket-era-il-jordan\/\">Quando il basket era IL JORDAN &#8211; IspirazioneSportiva.com<\/a><\/p>\r\n\r\n\r\n\r\n<p>&nbsp;<\/p>\r\n","protected":false},"excerpt":{"rendered":"<p>Dopo Gianni Mura la primavera ci porta via Franco Lauro, icona del basket raccontato degli&#8230;<\/p>\n","protected":false},"author":4,"featured_media":1904,"comment_status":"closed","ping_status":"closed","sticky":false,"template":"","format":"standard","meta":{"footnotes":""},"categories":[3,125,4],"tags":[],"class_list":["post-1903","post","type-post","status-publish","format-standard","has-post-thumbnail","hentry","category-basket","category-larcifiori","category-birra-e-palla-a-spicchi-basket"],"yoast_head":"<!-- This site is optimized with the Yoast SEO plugin v21.9 - https:\/\/yoast.com\/wordpress\/plugins\/seo\/ -->\n<title>2020: Ciao Franco, il triste saluto ad un maestro del microfono - IspirazioneSportiva.com<\/title>\n<meta name=\"description\" content=\"Ispirazione Sportiva ricorda cos\u00ec nella rubrica Mi Ritorni in Mente il grande Franco Lauro, scomparso prematuramente nel 2020\" \/>\n<meta name=\"robots\" content=\"index, follow, max-snippet:-1, max-image-preview:large, max-video-preview:-1\" \/>\n<link rel=\"canonical\" href=\"https:\/\/ispirazionesportiva.com\/index.php\/2023\/04\/15\/2020-ciao-franco-il-triste-saluto-ad-un-maestro-del-microfono\/\" \/>\n<meta property=\"og:locale\" content=\"it_IT\" \/>\n<meta property=\"og:type\" content=\"article\" \/>\n<meta property=\"og:title\" content=\"2020: Ciao Franco, il triste saluto ad un maestro del microfono\" \/>\n<meta property=\"og:description\" content=\"Ispirazione Sportiva ricorda cos\u00ec nella rubrica Mi Ritorni in Mente il grande Franco Lauro, scomparso prematuramente nel 2020\" \/>\n<meta property=\"og:url\" content=\"https:\/\/ispirazionesportiva.com\/index.php\/2023\/04\/15\/2020-ciao-franco-il-triste-saluto-ad-un-maestro-del-microfono\/\" \/>\n<meta property=\"og:site_name\" content=\"IspirazioneSportiva.com\" \/>\n<meta property=\"article:publisher\" content=\"https:\/\/www.facebook.com\/search\/top\/?q=ispirazionesportiva.com\" \/>\n<meta property=\"article:author\" content=\"https:\/\/www.facebook.com\/supermariolemieux\/\" \/>\n<meta property=\"article:published_time\" content=\"2023-04-15T12:55:00+00:00\" \/>\n<meta property=\"article:modified_time\" content=\"2023-12-08T13:29:09+00:00\" \/>\n<meta property=\"og:image\" content=\"https:\/\/ispirazionesportiva.com\/wp-content\/uploads\/2023\/04\/lauro.jpg\" \/>\n\t<meta property=\"og:image:width\" content=\"956\" \/>\n\t<meta property=\"og:image:height\" content=\"644\" \/>\n\t<meta property=\"og:image:type\" content=\"image\/jpeg\" \/>\n<meta name=\"author\" content=\"Francesco Fiori\" \/>\n<meta name=\"twitter:card\" content=\"summary_large_image\" \/>\n<meta name=\"twitter:title\" content=\"2020: Ciao Franco, il triste saluto ad un maestro del microfono\" \/>\n<meta name=\"twitter:image\" content=\"https:\/\/ispirazionesportiva.com\/wp-content\/uploads\/2023\/04\/lauro.jpg\" \/>\n<meta name=\"twitter:creator\" content=\"@frafiori21\" \/>\n<meta name=\"twitter:site\" content=\"@FraFiori21\" \/>\n<meta name=\"twitter:label1\" content=\"Scritto da\" \/>\n\t<meta name=\"twitter:data1\" content=\"Francesco Fiori\" \/>\n\t<meta name=\"twitter:label2\" content=\"Tempo di lettura stimato\" \/>\n\t<meta name=\"twitter:data2\" content=\"3 minuti\" \/>\n<script type=\"application\/ld+json\" class=\"yoast-schema-graph\">{\"@context\":\"https:\/\/schema.org\",\"@graph\":[{\"@type\":\"Article\",\"@id\":\"https:\/\/ispirazionesportiva.com\/index.php\/2023\/04\/15\/2020-ciao-franco-il-triste-saluto-ad-un-maestro-del-microfono\/#article\",\"isPartOf\":{\"@id\":\"https:\/\/ispirazionesportiva.com\/index.php\/2023\/04\/15\/2020-ciao-franco-il-triste-saluto-ad-un-maestro-del-microfono\/\"},\"author\":{\"name\":\"Francesco Fiori\",\"@id\":\"https:\/\/ispirazionesportiva.com\/#\/schema\/person\/7288fdedc9108918baa7bb22bab31fb7\"},\"headline\":\"2020: Ciao Franco, il triste saluto ad un maestro del microfono\",\"datePublished\":\"2023-04-15T12:55:00+00:00\",\"dateModified\":\"2023-12-08T13:29:09+00:00\",\"mainEntityOfPage\":{\"@id\":\"https:\/\/ispirazionesportiva.com\/index.php\/2023\/04\/15\/2020-ciao-franco-il-triste-saluto-ad-un-maestro-del-microfono\/\"},\"wordCount\":510,\"publisher\":{\"@id\":\"https:\/\/ispirazionesportiva.com\/#organization\"},\"articleSection\":[\"Basket\",\"L'ArciFiori\",\"La storia, i personaggi\"],\"inLanguage\":\"it-IT\"},{\"@type\":\"WebPage\",\"@id\":\"https:\/\/ispirazionesportiva.com\/index.php\/2023\/04\/15\/2020-ciao-franco-il-triste-saluto-ad-un-maestro-del-microfono\/\",\"url\":\"https:\/\/ispirazionesportiva.com\/index.php\/2023\/04\/15\/2020-ciao-franco-il-triste-saluto-ad-un-maestro-del-microfono\/\",\"name\":\"2020: Ciao Franco, il triste saluto ad un maestro del microfono - IspirazioneSportiva.com\",\"isPartOf\":{\"@id\":\"https:\/\/ispirazionesportiva.com\/#website\"},\"datePublished\":\"2023-04-15T12:55:00+00:00\",\"dateModified\":\"2023-12-08T13:29:09+00:00\",\"description\":\"Ispirazione Sportiva ricorda cos\u00ec nella rubrica Mi Ritorni in Mente il grande Franco Lauro, scomparso prematuramente nel 2020\",\"breadcrumb\":{\"@id\":\"https:\/\/ispirazionesportiva.com\/index.php\/2023\/04\/15\/2020-ciao-franco-il-triste-saluto-ad-un-maestro-del-microfono\/#breadcrumb\"},\"inLanguage\":\"it-IT\",\"potentialAction\":[{\"@type\":\"ReadAction\",\"target\":[\"https:\/\/ispirazionesportiva.com\/index.php\/2023\/04\/15\/2020-ciao-franco-il-triste-saluto-ad-un-maestro-del-microfono\/\"]}]},{\"@type\":\"BreadcrumbList\",\"@id\":\"https:\/\/ispirazionesportiva.com\/index.php\/2023\/04\/15\/2020-ciao-franco-il-triste-saluto-ad-un-maestro-del-microfono\/#breadcrumb\",\"itemListElement\":[{\"@type\":\"ListItem\",\"position\":1,\"name\":\"Home\",\"item\":\"https:\/\/ispirazionesportiva.com\/\"},{\"@type\":\"ListItem\",\"position\":2,\"name\":\"2020: Ciao Franco, il triste saluto ad un maestro del microfono\"}]},{\"@type\":\"WebSite\",\"@id\":\"https:\/\/ispirazionesportiva.com\/#website\",\"url\":\"https:\/\/ispirazionesportiva.com\/\",\"name\":\"IspirazioneSportiva.com\",\"description\":\"Le storie sportive che emozionano\",\"publisher\":{\"@id\":\"https:\/\/ispirazionesportiva.com\/#organization\"},\"potentialAction\":[{\"@type\":\"SearchAction\",\"target\":{\"@type\":\"EntryPoint\",\"urlTemplate\":\"https:\/\/ispirazionesportiva.com\/?s={search_term_string}\"},\"query-input\":\"required name=search_term_string\"}],\"inLanguage\":\"it-IT\"},{\"@type\":\"Organization\",\"@id\":\"https:\/\/ispirazionesportiva.com\/#organization\",\"name\":\"ispirazionesportiva.com\",\"url\":\"https:\/\/ispirazionesportiva.com\/\",\"logo\":{\"@type\":\"ImageObject\",\"inLanguage\":\"it-IT\",\"@id\":\"https:\/\/ispirazionesportiva.com\/#\/schema\/logo\/image\/\",\"url\":\"https:\/\/ispirazionesportiva.com\/wp-content\/uploads\/2020\/08\/1589964388149.jpg\",\"contentUrl\":\"https:\/\/ispirazionesportiva.com\/wp-content\/uploads\/2020\/08\/1589964388149.jpg\",\"width\":980,\"height\":600,\"caption\":\"ispirazionesportiva.com\"},\"image\":{\"@id\":\"https:\/\/ispirazionesportiva.com\/#\/schema\/logo\/image\/\"},\"sameAs\":[\"https:\/\/www.facebook.com\/search\/top\/?q=ispirazionesportiva.com\",\"https:\/\/twitter.com\/FraFiori21\",\"https:\/\/www.instagram.com\/ispirazione_sportiva\/?hl=it\",\"https:\/\/www.linkedin.com\/in\/mario-francesco-fiori-8788ba1b4\/\"]},{\"@type\":\"Person\",\"@id\":\"https:\/\/ispirazionesportiva.com\/#\/schema\/person\/7288fdedc9108918baa7bb22bab31fb7\",\"name\":\"Francesco Fiori\",\"image\":{\"@type\":\"ImageObject\",\"inLanguage\":\"it-IT\",\"@id\":\"https:\/\/ispirazionesportiva.com\/#\/schema\/person\/image\/\",\"url\":\"https:\/\/secure.gravatar.com\/avatar\/beff881b593f312e866653a8c45295843e00b61ce1984ceaacd4e1709e4c1b57?s=96&d=mm&r=g\",\"contentUrl\":\"https:\/\/secure.gravatar.com\/avatar\/beff881b593f312e866653a8c45295843e00b61ce1984ceaacd4e1709e4c1b57?s=96&d=mm&r=g\",\"caption\":\"Francesco Fiori\"},\"description\":\"Francesco Fiori \u00e8 un giornalista sardo, classe 1983, con la passione per il racconto dello sport. Di tutto lo sport. Aveva 6 anni quando, sicuramente errore o destino, ebbe in regalo una semplice radio, senza pensare alle conseguenze successive del pianeta sportivo. Una domenica, finiti i compiti, giocando con quel mezzo, capt\u00f2 la voce roca di Sandro Ciotti. Aveva appena scoperto l\u2019esistenza di Tutto il calcio minuto per minuto. La prima sfida arriva nella stagione calcistica 90\/91, quando lo zio, incredibile giornalista locale, gli diede come compito raccontare la giornata calcistica appena conclusa. Quel tema, ad appena 7 anni, risult\u00f2 migliore rispetto alle tabelline, mai entrate volentieri in testa. Il premio fu la presenza alla gara di cartello della squadra del suo paese, il Ploaghe, due settimane pi\u00f9 tardi. Destino volle che la morte prese suo zio proprio il mercoled\u00ec prima, innescando in Fiori la voglia di diventare giornalista. A scuola alla domanda \u201cHai solo il calcio in testa?\u201d rispondeva \u201cNo, anche il ciclismo\u201d e gli anni di partite contemporanee la domenica e di Tele +2 col calcio estero crearono un piccolo \u201cpsicopatico sportivo\u201d. Tra gli sport di cui si innamora c\u2019\u00e8 l\u2019hockey americano, soprattutto nella mitologica figura di Mario Lemieux. Poco prima della morte del padre, nel febbraio 2001, Fiori trova su La Gazzetta dello Sport proprio un trafiletto con scritto del ritorno sul ghiaccio di Lemieux dopo aver sconfitto una forma tumorale e un ritiro di 3 anni. Da l\u00ec altra promessa, qualora arrivi la possibilit\u00e0 di scrivere un articolo, questo sar\u00e0 su Lemieux il Magnifico. Diventato ragioniere capisce immediatamente che iva e fatture sono molto pi\u00f9 noiose del previsto e la prima collaborazione col giornale \u201cSa Bovida\u201d gli fanno capire le regole basi del giornalismo, cosa che Fiori ignorava ma che rispettava, chiedendo solo la possibilit\u00e0 di scrivere e far colpo. Chiusa la parentesi Sa Bovida per problemi logistici e di salute dell\u2019immenso Antonio Delitala ecco il primo reale colpo di fulmine, il sito di hockey Nhl Playitusa che non ha un articolo su Lemieux. Il direttore, con una mail che Fiori ancora oggi custodisce, risponde: \u201cBeh, perch\u00e9 non provi a scriverne uno tu?\u201d Il resto \u00e8 la storia scritta al pc dopo averne scritto 5 pagine in un quadernone a quadretti. Un cambio di lavoro, non per sua volont\u00e0, spariglia le carte in tavola, col ragazzo che stando fuori casa tutto il tempo deve abbandonare la scrittura, ma peggio ancora va col primo di 3 ictus che colpiscono la mamma proprio in quel periodo. Tempo al tempo e con un altro cambio di lavoro ecco l\u2019opzione che lo colpisce, scrivere della sua amata Inter sul sito SpazioInter. Gli inizi sono complicati, scrivere secondo le regole e non avere carta bianca lo bloccano un pochino, fino all\u2019esplosione che nel sito si chiama Live. Il Live sarebbe il racconto, minuto per minuto e in contemporanea, della partita in tv e a Fiori tocca esordire con Milan-Inter. Quella sera il divertimento raggiunge le stelle, anzi, le supera e da quel momento l\u2019impegno \u00e8 triplo, con le perle di interviste a Sandro Mazzola (che risate), Gigi Simoni (che gentilezza) e Riccardo Cucchi, suo idolo radiofonico. Il tesserino da giornalista gli fa mantenere la parola data a 6 anni e ancor pi\u00f9 sorprendente \u00e8 la proposta di essere addetto stampa proprio della squadra locale, andare a vedere quelle partite che il destino gli negarono nel 1991. Si chiede spesso se sia il destino a far scherzi oppure se semplicemente la vita va accettata per quella che \u00e8. Il 30 gennaio 2021, dopo un ricovero di un mese con tutte le aggravanti possibili, in ospedale viene a mancare la mamma di Francesco. Il colpo \u00e8 brutale. Il conto \u00e8 pesantissimo, la mente lontana, lo scrivere, anche solo un piccolo pensiero sulla giornata calcistica, \u00e8 di una difficolt\u00e0 che ad oggi \u00e8 ancora lontana dall'essere superata. Il resto \u00e8 storia o noia, dipende da che parte si vuol vedere, dagli articoli su Gazzetta Fan News al raccontare qualsiasi sport, perch\u00e9 per Fiori ogni sport ha un suo eroe e perch\u00e9 ora, con IspirazioneSportiva.com, sar\u00e0 ancor pi\u00f9 spettacolare dar libero sfogo a qualsiasi ispirazione, come dice il nome e come gli ha insegnato Riccardo Cucchi: \u201cNella vita mai smettere di sognare!\u201d. Anzi, scusate il ritardo! Mail: fcroda@yahoo.it Fb: supermariolemieux pec: francesco.fiori@pecgiornalisti.it\",\"sameAs\":[\"https:\/\/www.facebook.com\/supermariolemieux\/\",\"https:\/\/www.instagram.com\/francescofiori12\/\",\"https:\/\/www.linkedin.com\/in\/francesco-fiori-b45614176\/\",\"https:\/\/twitter.com\/frafiori21\"],\"url\":\"https:\/\/ispirazionesportiva.com\/index.php\/author\/supermariolemieux\/\"}]}<\/script>\n<!-- \/ Yoast SEO plugin. -->","yoast_head_json":{"title":"2020: Ciao Franco, il triste saluto ad un maestro del microfono - IspirazioneSportiva.com","description":"Ispirazione Sportiva ricorda cos\u00ec nella rubrica Mi Ritorni in Mente il grande Franco Lauro, scomparso prematuramente nel 2020","robots":{"index":"index","follow":"follow","max-snippet":"max-snippet:-1","max-image-preview":"max-image-preview:large","max-video-preview":"max-video-preview:-1"},"canonical":"https:\/\/ispirazionesportiva.com\/index.php\/2023\/04\/15\/2020-ciao-franco-il-triste-saluto-ad-un-maestro-del-microfono\/","og_locale":"it_IT","og_type":"article","og_title":"2020: Ciao Franco, il triste saluto ad un maestro del microfono","og_description":"Ispirazione Sportiva ricorda cos\u00ec nella rubrica Mi Ritorni in Mente il grande Franco Lauro, scomparso prematuramente nel 2020","og_url":"https:\/\/ispirazionesportiva.com\/index.php\/2023\/04\/15\/2020-ciao-franco-il-triste-saluto-ad-un-maestro-del-microfono\/","og_site_name":"IspirazioneSportiva.com","article_publisher":"https:\/\/www.facebook.com\/search\/top\/?q=ispirazionesportiva.com","article_author":"https:\/\/www.facebook.com\/supermariolemieux\/","article_published_time":"2023-04-15T12:55:00+00:00","article_modified_time":"2023-12-08T13:29:09+00:00","og_image":[{"width":956,"height":644,"url":"https:\/\/ispirazionesportiva.com\/wp-content\/uploads\/2023\/04\/lauro.jpg","type":"image\/jpeg"}],"author":"Francesco Fiori","twitter_card":"summary_large_image","twitter_title":"2020: Ciao Franco, il triste saluto ad un maestro del microfono","twitter_image":"https:\/\/ispirazionesportiva.com\/wp-content\/uploads\/2023\/04\/lauro.jpg","twitter_creator":"@frafiori21","twitter_site":"@FraFiori21","twitter_misc":{"Scritto da":"Francesco Fiori","Tempo di lettura stimato":"3 minuti"},"schema":{"@context":"https:\/\/schema.org","@graph":[{"@type":"Article","@id":"https:\/\/ispirazionesportiva.com\/index.php\/2023\/04\/15\/2020-ciao-franco-il-triste-saluto-ad-un-maestro-del-microfono\/#article","isPartOf":{"@id":"https:\/\/ispirazionesportiva.com\/index.php\/2023\/04\/15\/2020-ciao-franco-il-triste-saluto-ad-un-maestro-del-microfono\/"},"author":{"name":"Francesco Fiori","@id":"https:\/\/ispirazionesportiva.com\/#\/schema\/person\/7288fdedc9108918baa7bb22bab31fb7"},"headline":"2020: Ciao Franco, il triste saluto ad un maestro del microfono","datePublished":"2023-04-15T12:55:00+00:00","dateModified":"2023-12-08T13:29:09+00:00","mainEntityOfPage":{"@id":"https:\/\/ispirazionesportiva.com\/index.php\/2023\/04\/15\/2020-ciao-franco-il-triste-saluto-ad-un-maestro-del-microfono\/"},"wordCount":510,"publisher":{"@id":"https:\/\/ispirazionesportiva.com\/#organization"},"articleSection":["Basket","L'ArciFiori","La storia, i personaggi"],"inLanguage":"it-IT"},{"@type":"WebPage","@id":"https:\/\/ispirazionesportiva.com\/index.php\/2023\/04\/15\/2020-ciao-franco-il-triste-saluto-ad-un-maestro-del-microfono\/","url":"https:\/\/ispirazionesportiva.com\/index.php\/2023\/04\/15\/2020-ciao-franco-il-triste-saluto-ad-un-maestro-del-microfono\/","name":"2020: Ciao Franco, il triste saluto ad un maestro del microfono - IspirazioneSportiva.com","isPartOf":{"@id":"https:\/\/ispirazionesportiva.com\/#website"},"datePublished":"2023-04-15T12:55:00+00:00","dateModified":"2023-12-08T13:29:09+00:00","description":"Ispirazione Sportiva ricorda cos\u00ec nella rubrica Mi Ritorni in Mente il grande Franco Lauro, scomparso prematuramente nel 2020","breadcrumb":{"@id":"https:\/\/ispirazionesportiva.com\/index.php\/2023\/04\/15\/2020-ciao-franco-il-triste-saluto-ad-un-maestro-del-microfono\/#breadcrumb"},"inLanguage":"it-IT","potentialAction":[{"@type":"ReadAction","target":["https:\/\/ispirazionesportiva.com\/index.php\/2023\/04\/15\/2020-ciao-franco-il-triste-saluto-ad-un-maestro-del-microfono\/"]}]},{"@type":"BreadcrumbList","@id":"https:\/\/ispirazionesportiva.com\/index.php\/2023\/04\/15\/2020-ciao-franco-il-triste-saluto-ad-un-maestro-del-microfono\/#breadcrumb","itemListElement":[{"@type":"ListItem","position":1,"name":"Home","item":"https:\/\/ispirazionesportiva.com\/"},{"@type":"ListItem","position":2,"name":"2020: Ciao Franco, il triste saluto ad un maestro del microfono"}]},{"@type":"WebSite","@id":"https:\/\/ispirazionesportiva.com\/#website","url":"https:\/\/ispirazionesportiva.com\/","name":"IspirazioneSportiva.com","description":"Le storie sportive che emozionano","publisher":{"@id":"https:\/\/ispirazionesportiva.com\/#organization"},"potentialAction":[{"@type":"SearchAction","target":{"@type":"EntryPoint","urlTemplate":"https:\/\/ispirazionesportiva.com\/?s={search_term_string}"},"query-input":"required name=search_term_string"}],"inLanguage":"it-IT"},{"@type":"Organization","@id":"https:\/\/ispirazionesportiva.com\/#organization","name":"ispirazionesportiva.com","url":"https:\/\/ispirazionesportiva.com\/","logo":{"@type":"ImageObject","inLanguage":"it-IT","@id":"https:\/\/ispirazionesportiva.com\/#\/schema\/logo\/image\/","url":"https:\/\/ispirazionesportiva.com\/wp-content\/uploads\/2020\/08\/1589964388149.jpg","contentUrl":"https:\/\/ispirazionesportiva.com\/wp-content\/uploads\/2020\/08\/1589964388149.jpg","width":980,"height":600,"caption":"ispirazionesportiva.com"},"image":{"@id":"https:\/\/ispirazionesportiva.com\/#\/schema\/logo\/image\/"},"sameAs":["https:\/\/www.facebook.com\/search\/top\/?q=ispirazionesportiva.com","https:\/\/twitter.com\/FraFiori21","https:\/\/www.instagram.com\/ispirazione_sportiva\/?hl=it","https:\/\/www.linkedin.com\/in\/mario-francesco-fiori-8788ba1b4\/"]},{"@type":"Person","@id":"https:\/\/ispirazionesportiva.com\/#\/schema\/person\/7288fdedc9108918baa7bb22bab31fb7","name":"Francesco Fiori","image":{"@type":"ImageObject","inLanguage":"it-IT","@id":"https:\/\/ispirazionesportiva.com\/#\/schema\/person\/image\/","url":"https:\/\/secure.gravatar.com\/avatar\/beff881b593f312e866653a8c45295843e00b61ce1984ceaacd4e1709e4c1b57?s=96&d=mm&r=g","contentUrl":"https:\/\/secure.gravatar.com\/avatar\/beff881b593f312e866653a8c45295843e00b61ce1984ceaacd4e1709e4c1b57?s=96&d=mm&r=g","caption":"Francesco Fiori"},"description":"Francesco Fiori \u00e8 un giornalista sardo, classe 1983, con la passione per il racconto dello sport. Di tutto lo sport. Aveva 6 anni quando, sicuramente errore o destino, ebbe in regalo una semplice radio, senza pensare alle conseguenze successive del pianeta sportivo. Una domenica, finiti i compiti, giocando con quel mezzo, capt\u00f2 la voce roca di Sandro Ciotti. Aveva appena scoperto l\u2019esistenza di Tutto il calcio minuto per minuto. La prima sfida arriva nella stagione calcistica 90\/91, quando lo zio, incredibile giornalista locale, gli diede come compito raccontare la giornata calcistica appena conclusa. Quel tema, ad appena 7 anni, risult\u00f2 migliore rispetto alle tabelline, mai entrate volentieri in testa. Il premio fu la presenza alla gara di cartello della squadra del suo paese, il Ploaghe, due settimane pi\u00f9 tardi. Destino volle che la morte prese suo zio proprio il mercoled\u00ec prima, innescando in Fiori la voglia di diventare giornalista. A scuola alla domanda \u201cHai solo il calcio in testa?\u201d rispondeva \u201cNo, anche il ciclismo\u201d e gli anni di partite contemporanee la domenica e di Tele +2 col calcio estero crearono un piccolo \u201cpsicopatico sportivo\u201d. Tra gli sport di cui si innamora c\u2019\u00e8 l\u2019hockey americano, soprattutto nella mitologica figura di Mario Lemieux. Poco prima della morte del padre, nel febbraio 2001, Fiori trova su La Gazzetta dello Sport proprio un trafiletto con scritto del ritorno sul ghiaccio di Lemieux dopo aver sconfitto una forma tumorale e un ritiro di 3 anni. Da l\u00ec altra promessa, qualora arrivi la possibilit\u00e0 di scrivere un articolo, questo sar\u00e0 su Lemieux il Magnifico. Diventato ragioniere capisce immediatamente che iva e fatture sono molto pi\u00f9 noiose del previsto e la prima collaborazione col giornale \u201cSa Bovida\u201d gli fanno capire le regole basi del giornalismo, cosa che Fiori ignorava ma che rispettava, chiedendo solo la possibilit\u00e0 di scrivere e far colpo. Chiusa la parentesi Sa Bovida per problemi logistici e di salute dell\u2019immenso Antonio Delitala ecco il primo reale colpo di fulmine, il sito di hockey Nhl Playitusa che non ha un articolo su Lemieux. Il direttore, con una mail che Fiori ancora oggi custodisce, risponde: \u201cBeh, perch\u00e9 non provi a scriverne uno tu?\u201d Il resto \u00e8 la storia scritta al pc dopo averne scritto 5 pagine in un quadernone a quadretti. Un cambio di lavoro, non per sua volont\u00e0, spariglia le carte in tavola, col ragazzo che stando fuori casa tutto il tempo deve abbandonare la scrittura, ma peggio ancora va col primo di 3 ictus che colpiscono la mamma proprio in quel periodo. Tempo al tempo e con un altro cambio di lavoro ecco l\u2019opzione che lo colpisce, scrivere della sua amata Inter sul sito SpazioInter. Gli inizi sono complicati, scrivere secondo le regole e non avere carta bianca lo bloccano un pochino, fino all\u2019esplosione che nel sito si chiama Live. Il Live sarebbe il racconto, minuto per minuto e in contemporanea, della partita in tv e a Fiori tocca esordire con Milan-Inter. Quella sera il divertimento raggiunge le stelle, anzi, le supera e da quel momento l\u2019impegno \u00e8 triplo, con le perle di interviste a Sandro Mazzola (che risate), Gigi Simoni (che gentilezza) e Riccardo Cucchi, suo idolo radiofonico. Il tesserino da giornalista gli fa mantenere la parola data a 6 anni e ancor pi\u00f9 sorprendente \u00e8 la proposta di essere addetto stampa proprio della squadra locale, andare a vedere quelle partite che il destino gli negarono nel 1991. Si chiede spesso se sia il destino a far scherzi oppure se semplicemente la vita va accettata per quella che \u00e8. Il 30 gennaio 2021, dopo un ricovero di un mese con tutte le aggravanti possibili, in ospedale viene a mancare la mamma di Francesco. Il colpo \u00e8 brutale. Il conto \u00e8 pesantissimo, la mente lontana, lo scrivere, anche solo un piccolo pensiero sulla giornata calcistica, \u00e8 di una difficolt\u00e0 che ad oggi \u00e8 ancora lontana dall'essere superata. Il resto \u00e8 storia o noia, dipende da che parte si vuol vedere, dagli articoli su Gazzetta Fan News al raccontare qualsiasi sport, perch\u00e9 per Fiori ogni sport ha un suo eroe e perch\u00e9 ora, con IspirazioneSportiva.com, sar\u00e0 ancor pi\u00f9 spettacolare dar libero sfogo a qualsiasi ispirazione, come dice il nome e come gli ha insegnato Riccardo Cucchi: \u201cNella vita mai smettere di sognare!\u201d. Anzi, scusate il ritardo! Mail: fcroda@yahoo.it Fb: supermariolemieux pec: francesco.fiori@pecgiornalisti.it","sameAs":["https:\/\/www.facebook.com\/supermariolemieux\/","https:\/\/www.instagram.com\/francescofiori12\/","https:\/\/www.linkedin.com\/in\/francesco-fiori-b45614176\/","https:\/\/twitter.com\/frafiori21"],"url":"https:\/\/ispirazionesportiva.com\/index.php\/author\/supermariolemieux\/"}]}},"_links":{"self":[{"href":"https:\/\/ispirazionesportiva.com\/index.php\/wp-json\/wp\/v2\/posts\/1903","targetHints":{"allow":["GET"]}}],"collection":[{"href":"https:\/\/ispirazionesportiva.com\/index.php\/wp-json\/wp\/v2\/posts"}],"about":[{"href":"https:\/\/ispirazionesportiva.com\/index.php\/wp-json\/wp\/v2\/types\/post"}],"author":[{"embeddable":true,"href":"https:\/\/ispirazionesportiva.com\/index.php\/wp-json\/wp\/v2\/users\/4"}],"replies":[{"embeddable":true,"href":"https:\/\/ispirazionesportiva.com\/index.php\/wp-json\/wp\/v2\/comments?post=1903"}],"version-history":[{"count":3,"href":"https:\/\/ispirazionesportiva.com\/index.php\/wp-json\/wp\/v2\/posts\/1903\/revisions"}],"predecessor-version":[{"id":2390,"href":"https:\/\/ispirazionesportiva.com\/index.php\/wp-json\/wp\/v2\/posts\/1903\/revisions\/2390"}],"wp:featuredmedia":[{"embeddable":true,"href":"https:\/\/ispirazionesportiva.com\/index.php\/wp-json\/wp\/v2\/media\/1904"}],"wp:attachment":[{"href":"https:\/\/ispirazionesportiva.com\/index.php\/wp-json\/wp\/v2\/media?parent=1903"}],"wp:term":[{"taxonomy":"category","embeddable":true,"href":"https:\/\/ispirazionesportiva.com\/index.php\/wp-json\/wp\/v2\/categories?post=1903"},{"taxonomy":"post_tag","embeddable":true,"href":"https:\/\/ispirazionesportiva.com\/index.php\/wp-json\/wp\/v2\/tags?post=1903"}],"curies":[{"name":"wp","href":"https:\/\/api.w.org\/{rel}","templated":true}]}}