{"id":1639,"date":"2022-09-07T17:47:29","date_gmt":"2022-09-07T15:47:29","guid":{"rendered":"https:\/\/ispirazionesportiva.com\/?p=1639"},"modified":"2026-07-25T22:41:13","modified_gmt":"2026-07-25T20:41:13","slug":"forza-vecchio-cuore-rossoblu-il-genoa-e-la-longevita-dei-129-anni","status":"publish","type":"post","link":"https:\/\/ispirazionesportiva.com\/index.php\/2022\/09\/07\/forza-vecchio-cuore-rossoblu-il-genoa-e-la-longevita-dei-129-anni\/","title":{"rendered":"Forza, vecchio, cuore rossobl\u00f9! Il Genoa e la longevit\u00e0 dei 129 anni"},"content":{"rendered":"\r\n<p class=\"wp-block-paragraph\">Il titolo non \u00e8 un errore, \u00e8 un canto, \u00e8 quello che intona la <strong>Gradinata Nord<\/strong>, la curva pi\u00f9 simile alla <em>Kop<\/em> inglese, quella del <em>Liverpool<\/em>, uno spettacolo che da solo vale un innamoramento improvviso.<\/p>\r\n\r\n\r\n\r\n<p class=\"wp-block-paragraph\">Il Genoa compie gli anni <strong>il 7 settembre<\/strong>, <strong>fondato nel 1893<\/strong> \u00e8 il club pi\u00f9 longevo d&#8217;Italia, che in epoca recente ha visto il cambio di propriet\u00e0 da Enrico Preziosi al gruppo 777 Partners, con la presidenza affidata ad Alberto Zangrillo.<\/p>\r\n\r\n\r\n\r\n<p class=\"wp-block-paragraph\">Ma la bellezza del Genoa, <em>per cui ho avuto un vero e proprio colpo di fulmine <\/em>andandolo a vedere dal vivo, \u00e8 rappresentata dalla stagione calcistica che meglio ricordo, quella del <em>90\/91<\/em>, quella dove Genova ha toccato l&#8217;apice del calcio italiano, con i rossobl\u00f9 in Uefa e i cugini della Samp addirittura Campioni d&#8217;Italia, battendo allo sprint il Milan degli olandesi e l&#8217;Inter di Matthaus, autore del decisivo errore dal dischetto contro Pagliuca. Il Giorno? <em>Era il 5 maggio ed ho gi\u00e0 detto tutto<\/em>.<\/p>\r\n\r\n\r\n\r\n<p class=\"wp-block-paragraph\">Ma torniamo al <em>Grifone<\/em>, la stagione 90\/91 (<em>che ricordo per un semplice motivo, il miracolo delle elementari e scoprire lettura e scrittura, bel danno che fece la mitica Maestra Pietrina<\/em>), si apriva col Genoa guidato dal Mago della Bovisa,<strong> Osvaldo Bagnoli<\/strong>, che dopo il miracolo del Tricolore col Verona targato 84\/85 voleva ripetere un&#8217;altra favola bella quanto quella scaligera.<\/p>\r\n\r\n\r\n\r\n<p class=\"wp-block-paragraph\">L&#8217;antipasto c&#8217;era tutto, il piatto forte si chiama<strong> Tomas Skuhravy<\/strong> (<em>guarda caso nato proprio il 7 settembre!<\/em>), armadio che guarda caso \u00e8 nato nello stesso giorno del Genoa e che dopo <strong>55 gol in 113 presenze<\/strong> nello Sprata Praga (con amore immediato al Mondiale 1990) va a far coppia con<strong> Carlitos Aguilera <\/strong>al secondo anno nelle file rossobl\u00f9. Che ve lo dico a fare, la coppia \u00e8 la coppia per eccellenza!<\/p>\r\n\r\n\r\n\r\n<p class=\"wp-block-paragraph\">Ma non solo il duo d&#8217;oro in avanti, il <strong>Capitano con la C<\/strong> maiuscola \u00e8<strong> Gianluca Signorini<\/strong>, uno che oggi mi prenderebbe a calci per essermi innamorato tardi del Grifone e che per eleganza, classe e personalit\u00e0 \u00e8 stato il libero per eccellenza. Signorini ha avuto sfortuna nella vita, ma lasciandoci troppo presto ha solo accelerato l&#8217;ingresso nei miti. In porta<strong> Braglia<\/strong>, difesa <strong>Torrente<\/strong>, <em>BrancoTiraLaBomba<\/em>, tutto attaccato, perch\u00e9 quando <strong>Claudio Branco<\/strong> lanciava siluri su punizione anche la lanterna si spostava, poi Collovati, all&#8217;ultimo ballo di una carriera straordinaria, <strong>Gennarino Ruotolo<\/strong> da Santa Maria a Vico, <strong><em>SuperMario<\/em> Bortolazzi <\/strong>e Roberto Onorati a chiudere l&#8217;undici del Mago della Bovisa. Io gi\u00e0 li conoscevo a memoria e involontariamente gi\u00e0 simpatizzavo quei colori.<\/p>\r\n\r\n\r\n\r\n<p class=\"wp-block-paragraph\">Quel Genoa al Marassi mai conobbe sconfitta, con Aguilera e Matthaus in quell&#8217;annata cecchini dal dischetto con<strong> 7 gol realizzati<\/strong>, mentre Skuhravy \u00e8 il miglior bomber senza contare i rigori, con <strong>ben 15 reti<\/strong> fatte, per un quarto posto da record e <strong>la gioia della vittoria del derby d&#8217;andata<\/strong>, con 2-1 firmato da Eranio e Branco, con uno 0-0 al ritorno che mantiene la supremazia cittadina.<\/p>\r\n\r\n\r\n\r\n<p class=\"wp-block-paragraph\">Bagnoli ha il merito di aspettare Skuhravy che <strong>ci mette 7 partite<\/strong> per trimbrare il primo gol, nel 2-2 contro la Fiorentina in cui segna, nei viola, Marco Nappi, destinato poi ad esser nella storia genoana. Il ballo decisivo arriva il 26 maggio, quando al Luigi Ferraris viene spazzata via la Juventus per 2-0 con gol di Branco e dell&#8217;ariete Tomas Re della Cecoslovacchia per arrivare alla storica qualificazione in Uefa.<\/p>\r\n\r\n\r\n\r\n<p class=\"wp-block-paragraph\">Quella Uefa che divenne poema epico, dal primo turno superato in rimonta contro l&#8217;<strong>Oviedo<\/strong>, grazie alla doppietta di Skuhravy e al gol di Caricola nel 3-1 del ritorno, passando poi per il delirio contro la Dinamo Bucaresti e il 3-1 firmato Aguilera e Branco fino al doppio 1-0 con lo<strong> Steaua<\/strong> che due anni prima contendeva la Coppa Campioni al Milan e che cadeva prima su Skuhravy e poi su Aguilera prima della leggenda, <strong>far fuori il Liverpool a Genova<\/strong> con gol di Fiorin e Branco e poi zittire Rush e compagni all&#8217;Anfield sotto la mitica e irriverente doppietta di Carlitos Aguilera. La fiaba avrebbe dovuto avere un lieto finema l&#8217;Ajax di Bergkamp, forse anche protetta dall&#8217;Uefa, riesce a elimare i rossobl\u00f9 prima e poi vincere la Coppa Uefa con un doppio pareggio contro il Torino, nella sedia che Mondonico avrebbe voluto schiantare contro tutti i Lancieri.<\/p>\r\n\r\n\r\n\r\n<p class=\"wp-block-paragraph\">Ma dire Genoa non \u00e8 solo Aguilera e Skuhravy in 129 anni di calcio, ma citare anche<strong> Ottavio Barbieri<\/strong>, bandiera degli ultimi scudetti,<strong> Bagicalupo<\/strong>, fratello del Valerio perito a Superga, <strong>Andrea Fortunato<\/strong>, <strong>Luigi Meroni<\/strong>, la grande farfalla che per\u00ec tragicamente quando era tra le promesse del calcio italiano nelle fila del Toro,<strong> Roberto Pruzzo<\/strong> da Crocefieschi, appennino genovese, <strong>Juan Carlos Verdeal<\/strong>, il fuoriclasse di met\u00e0 anni 40, <strong>Felice Levratto<\/strong> (<em>oh oh&#8230; che centrattacco&#8230; oh oh oh&#8230; tu sei un cerbiatto&#8230; sei meglio di Levratto ogni tiro va nel sacco oh oh oh, cantava il quartetto Cetra<\/em>) 84 gol in rossobl\u00f9, arrivando poi a <strong>Thiago Motta<\/strong> e al Principe <strong>Diego Milito<\/strong>, incubo blucerchiato, chiudendo poi con <strong>Diego Perotti<\/strong> e <strong>Rodrigo Palacio<\/strong>.<\/p>\r\n\r\n\r\n\r\n<p class=\"wp-block-paragraph\">E torniamo ai giorni nostri, al mio desiderio di veder Marassi perch\u00e9 negli occhi il gran tifo, indipendentemente da colori blucerchiati o rossobl\u00f9, al fatto che dopo mesi sia bastata la mia presenza per riportare la pioggia a Genova e che, in un momento anche un po&#8217; cos\u00ec dove non ho molto da fare, il pallone abbia confermato la sua magia, trascinando e isolando ogni pensiero, vedendo in un 3-3 col Parma quello che riassume la vita, il vantaggio, il pari e la controrimonta, un altro pari e il sorpasso quando tutto sembra perduto. Poi, ci sta che arrivi il 3-3 finale, ma questo Genoa, come tutti noi dovremmo fare sempre, non moller\u00e0 mai, oggi come 129 anni fa!<\/p>\r\n\r\n\r\n\r\n<p class=\"has-text-align-center wp-block-paragraph\"><strong><em>Lunga vita e&#8230; forza, vecchio, cuore rossobl\u00f9! <\/em><\/strong><\/p>\r\n\r\n\r\n\r\n<figure class=\"wp-block-gallery has-nested-images columns-default is-cropped wp-block-gallery-1 is-layout-flex wp-block-gallery-is-layout-flex\">\r\n<figure class=\"wp-block-image size-large\"><img data-recalc-dims=\"1\" loading=\"lazy\" decoding=\"async\" width=\"640\" height=\"360\" data-id=\"1642\" class=\"wp-image-1642\" src=\"https:\/\/i0.wp.com\/ispirazionesportiva.com\/wp-content\/uploads\/2022\/09\/Screenshot_2022-09-06-20-14-40-1024x576.png?resize=640%2C360&#038;ssl=1\" alt=\"\" srcset=\"https:\/\/i0.wp.com\/ispirazionesportiva.com\/wp-content\/uploads\/sites\/3\/2022\/09\/Screenshot_2022-09-06-20-14-40.png?resize=1024%2C576&amp;ssl=1 1024w, https:\/\/i0.wp.com\/ispirazionesportiva.com\/wp-content\/uploads\/sites\/3\/2022\/09\/Screenshot_2022-09-06-20-14-40.png?resize=300%2C169&amp;ssl=1 300w, https:\/\/i0.wp.com\/ispirazionesportiva.com\/wp-content\/uploads\/sites\/3\/2022\/09\/Screenshot_2022-09-06-20-14-40.png?resize=768%2C432&amp;ssl=1 768w, https:\/\/i0.wp.com\/ispirazionesportiva.com\/wp-content\/uploads\/sites\/3\/2022\/09\/Screenshot_2022-09-06-20-14-40.png?w=1280&amp;ssl=1 1280w\" sizes=\"auto, (max-width: 640px) 100vw, 640px\" \/>\r\n<figcaption>Genoa-Parma 3-3, 3 settembre 2022<\/figcaption>\r\n<\/figure>\r\n<\/figure>\r\n\r\n\r\n\r\n<figure class=\"wp-block-image size-large\"><img data-recalc-dims=\"1\" loading=\"lazy\" decoding=\"async\" width=\"640\" height=\"853\" class=\"wp-image-1649\" src=\"https:\/\/i0.wp.com\/ispirazionesportiva.com\/wp-content\/uploads\/2022\/09\/20220907_163603-768x1024.jpg?resize=640%2C853&#038;ssl=1\" alt=\"\" srcset=\"https:\/\/i0.wp.com\/ispirazionesportiva.com\/wp-content\/uploads\/sites\/3\/2022\/09\/20220907_163603-scaled.jpg?resize=768%2C1024&amp;ssl=1 768w, https:\/\/i0.wp.com\/ispirazionesportiva.com\/wp-content\/uploads\/sites\/3\/2022\/09\/20220907_163603-scaled.jpg?resize=225%2C300&amp;ssl=1 225w, https:\/\/i0.wp.com\/ispirazionesportiva.com\/wp-content\/uploads\/sites\/3\/2022\/09\/20220907_163603-scaled.jpg?resize=1152%2C1536&amp;ssl=1 1152w, https:\/\/i0.wp.com\/ispirazionesportiva.com\/wp-content\/uploads\/sites\/3\/2022\/09\/20220907_163603-scaled.jpg?resize=1536%2C2048&amp;ssl=1 1536w, https:\/\/i0.wp.com\/ispirazionesportiva.com\/wp-content\/uploads\/sites\/3\/2022\/09\/20220907_163603-scaled.jpg?resize=1024%2C1365&amp;ssl=1 1024w, https:\/\/i0.wp.com\/ispirazionesportiva.com\/wp-content\/uploads\/sites\/3\/2022\/09\/20220907_163603-scaled.jpg?w=1920&amp;ssl=1 1920w, https:\/\/i0.wp.com\/ispirazionesportiva.com\/wp-content\/uploads\/sites\/3\/2022\/09\/20220907_163603-scaled.jpg?w=1280&amp;ssl=1 1280w\" sizes=\"auto, (max-width: 640px) 100vw, 640px\" \/><\/figure>\r\n\r\n\r\n\r\n<figure class=\"wp-block-image size-large\"><img data-recalc-dims=\"1\" loading=\"lazy\" decoding=\"async\" width=\"640\" height=\"853\" class=\"wp-image-1650\" src=\"https:\/\/i0.wp.com\/ispirazionesportiva.com\/wp-content\/uploads\/2022\/09\/20220907_173615-768x1024.jpg?resize=640%2C853&#038;ssl=1\" alt=\"\" srcset=\"https:\/\/i0.wp.com\/ispirazionesportiva.com\/wp-content\/uploads\/sites\/3\/2022\/09\/20220907_173615-scaled.jpg?resize=768%2C1024&amp;ssl=1 768w, https:\/\/i0.wp.com\/ispirazionesportiva.com\/wp-content\/uploads\/sites\/3\/2022\/09\/20220907_173615-scaled.jpg?resize=225%2C300&amp;ssl=1 225w, https:\/\/i0.wp.com\/ispirazionesportiva.com\/wp-content\/uploads\/sites\/3\/2022\/09\/20220907_173615-scaled.jpg?resize=1152%2C1536&amp;ssl=1 1152w, https:\/\/i0.wp.com\/ispirazionesportiva.com\/wp-content\/uploads\/sites\/3\/2022\/09\/20220907_173615-scaled.jpg?resize=1536%2C2048&amp;ssl=1 1536w, https:\/\/i0.wp.com\/ispirazionesportiva.com\/wp-content\/uploads\/sites\/3\/2022\/09\/20220907_173615-scaled.jpg?resize=1024%2C1365&amp;ssl=1 1024w, https:\/\/i0.wp.com\/ispirazionesportiva.com\/wp-content\/uploads\/sites\/3\/2022\/09\/20220907_173615-scaled.jpg?w=1920&amp;ssl=1 1920w, https:\/\/i0.wp.com\/ispirazionesportiva.com\/wp-content\/uploads\/sites\/3\/2022\/09\/20220907_173615-scaled.jpg?w=1280&amp;ssl=1 1280w\" sizes=\"auto, (max-width: 640px) 100vw, 640px\" \/><\/figure>\r\n\r\n\r\n\r\n<p class=\"wp-block-paragraph\"><strong>Seguici su <a href=\"https:\/\/www.facebook.com\/Ispirazionesportivacom-105768114468163\">IspirazioneSportiva<\/a>!<\/strong><\/p>\r\n\r\n\r\n\r\n<p class=\"wp-block-paragraph\">&nbsp;<\/p>\r\n","protected":false},"excerpt":{"rendered":"<p>Il titolo non \u00e8 un errore, \u00e8 un canto, \u00e8 quello che intona la Gradinata&#8230;<\/p>\n","protected":false},"author":5,"featured_media":941,"comment_status":"closed","ping_status":"closed","sticky":false,"template":"","format":"standard","meta":{"_monsterinsights_skip_tracking":false,"_jetpack_newsletter_access":"","_jetpack_dont_email_post_to_subs":false,"_jetpack_newsletter_tier_id":0,"_jetpack_memberships_contains_paywalled_content":false,"_jetpack_feature_clip_id":0,"_jetpack_memberships_contains_paid_content":false,"footnotes":"","jetpack_publicize_message":"","jetpack_publicize_feature_enabled":true,"jetpack_social_post_already_shared":true,"jetpack_social_options":{"image_generator_settings":{"template":"highway","default_image_id":0,"font":"","enabled":false},"version":2},"jetpack_post_was_ever_published":false},"categories":[5,206,125],"tags":[],"class_list":["post-1639","post","type-post","status-publish","format-standard","has-post-thumbnail","hentry","category-calcio","category-i-miti-e-le-leggende-del-pallone","category-larcifiori"],"aioseo_notices":[],"aioseo_head":"\n\t\t<!-- All in One SEO 4.9.10 - aioseo.com -->\n\t<meta name=\"description\" content=\"Il titolo non \u00e8 un errore, \u00e8 un canto, \u00e8 quello che intona la Gradinata Nord, la curva pi\u00f9 simile alla Kop inglese, quella del Liverpool, uno spettacolo che da solo vale un innamoramento improvviso. Il Genoa compie gli anni il 7 settembre, fondato nel 1893 \u00e8 il club pi\u00f9 longevo d&#039;Italia, che in epoca\" \/>\n\t<meta name=\"robots\" content=\"max-image-preview:large\" \/>\n\t<meta name=\"author\" content=\"Francesco Fiori\"\/>\n\t<link rel=\"canonical\" href=\"https:\/\/ispirazionesportiva.com\/index.php\/2022\/09\/07\/forza-vecchio-cuore-rossoblu-il-genoa-e-la-longevita-dei-129-anni\/\" \/>\n\t<meta name=\"generator\" content=\"All in One SEO (AIOSEO) 4.9.10\" \/>\n\t\t<meta property=\"og:locale\" content=\"it_IT\" \/>\n\t\t<meta property=\"og:site_name\" content=\"IspirazioneSportiva.com - Le storie sportive che emozionano\" \/>\n\t\t<meta property=\"og:type\" content=\"article\" \/>\n\t\t<meta property=\"og:title\" content=\"Forza, vecchio, cuore rossobl\u00f9! Il Genoa e la longevit\u00e0 dei 129 anni - IspirazioneSportiva.com\" \/>\n\t\t<meta property=\"og:description\" content=\"Il titolo non \u00e8 un errore, \u00e8 un canto, \u00e8 quello che intona la Gradinata Nord, la curva pi\u00f9 simile alla Kop inglese, quella del Liverpool, uno spettacolo che da solo vale un innamoramento improvviso. Il Genoa compie gli anni il 7 settembre, fondato nel 1893 \u00e8 il club pi\u00f9 longevo d&#039;Italia, che in epoca\" \/>\n\t\t<meta property=\"og:url\" content=\"https:\/\/ispirazionesportiva.com\/index.php\/2022\/09\/07\/forza-vecchio-cuore-rossoblu-il-genoa-e-la-longevita-dei-129-anni\/\" \/>\n\t\t<meta property=\"og:image\" content=\"https:\/\/i0.wp.com\/ispirazionesportiva.com\/wp-content\/uploads\/sites\/3\/2020\/09\/cropped-PHOTO-2020-09-16-08-47-03-e1600279086776-1.jpg?fit=500%2C230&#038;ssl=1\" \/>\n\t\t<meta property=\"og:image:secure_url\" content=\"https:\/\/i0.wp.com\/ispirazionesportiva.com\/wp-content\/uploads\/sites\/3\/2020\/09\/cropped-PHOTO-2020-09-16-08-47-03-e1600279086776-1.jpg?fit=500%2C230&#038;ssl=1\" \/>\n\t\t<meta property=\"article:published_time\" content=\"2022-09-07T15:47:29+00:00\" \/>\n\t\t<meta property=\"article:modified_time\" content=\"2026-07-25T20:41:13+00:00\" \/>\n\t\t<meta name=\"twitter:card\" content=\"summary_large_image\" \/>\n\t\t<meta name=\"twitter:title\" content=\"Forza, vecchio, cuore rossobl\u00f9! Il Genoa e la longevit\u00e0 dei 129 anni - IspirazioneSportiva.com\" \/>\n\t\t<meta name=\"twitter:description\" content=\"Il titolo non \u00e8 un errore, \u00e8 un canto, \u00e8 quello che intona la Gradinata Nord, la curva pi\u00f9 simile alla Kop inglese, quella del Liverpool, uno spettacolo che da solo vale un innamoramento improvviso. Il Genoa compie gli anni il 7 settembre, fondato nel 1893 \u00e8 il club pi\u00f9 longevo d&#039;Italia, che in epoca\" \/>\n\t\t<meta name=\"twitter:image\" content=\"https:\/\/i0.wp.com\/ispirazionesportiva.com\/wp-content\/uploads\/sites\/3\/2020\/09\/cropped-PHOTO-2020-09-16-08-47-03-e1600279086776-1.jpg?fit=500%2C230&amp;ssl=1\" \/>\n\t\t<script type=\"application\/ld+json\" class=\"aioseo-schema\">\n\t\t\t{\"@context\":\"https:\\\/\\\/schema.org\",\"@graph\":[{\"@type\":\"BlogPosting\",\"@id\":\"https:\\\/\\\/ispirazionesportiva.com\\\/index.php\\\/2022\\\/09\\\/07\\\/forza-vecchio-cuore-rossoblu-il-genoa-e-la-longevita-dei-129-anni\\\/#blogposting\",\"name\":\"Forza, vecchio, cuore rossobl\\u00f9! Il Genoa e la longevit\\u00e0 dei 129 anni - IspirazioneSportiva.com\",\"headline\":\"Forza, vecchio, cuore rossobl\\u00f9! Il Genoa e la longevit\\u00e0 dei 129 anni\",\"author\":{\"@id\":\"https:\\\/\\\/ispirazionesportiva.com\\\/index.php\\\/author\\\/supermariolemieux\\\/#author\"},\"publisher\":{\"@id\":\"https:\\\/\\\/ispirazionesportiva.com\\\/#organization\"},\"image\":{\"@type\":\"ImageObject\",\"url\":\"https:\\\/\\\/i0.wp.com\\\/ispirazionesportiva.com\\\/wp-content\\\/uploads\\\/sites\\\/3\\\/2020\\\/12\\\/1608116858095.jpg?fit=2048%2C2048&ssl=1\",\"width\":2048,\"height\":2048},\"datePublished\":\"2022-09-07T17:47:29+02:00\",\"dateModified\":\"2026-07-25T22:41:13+02:00\",\"inLanguage\":\"it-IT\",\"mainEntityOfPage\":{\"@id\":\"https:\\\/\\\/ispirazionesportiva.com\\\/index.php\\\/2022\\\/09\\\/07\\\/forza-vecchio-cuore-rossoblu-il-genoa-e-la-longevita-dei-129-anni\\\/#webpage\"},\"isPartOf\":{\"@id\":\"https:\\\/\\\/ispirazionesportiva.com\\\/index.php\\\/2022\\\/09\\\/07\\\/forza-vecchio-cuore-rossoblu-il-genoa-e-la-longevita-dei-129-anni\\\/#webpage\"},\"articleSection\":\"Calcio, I miti e le leggende del pallone, L'ArciFiori\"},{\"@type\":\"BreadcrumbList\",\"@id\":\"https:\\\/\\\/ispirazionesportiva.com\\\/index.php\\\/2022\\\/09\\\/07\\\/forza-vecchio-cuore-rossoblu-il-genoa-e-la-longevita-dei-129-anni\\\/#breadcrumblist\",\"itemListElement\":[{\"@type\":\"ListItem\",\"@id\":\"https:\\\/\\\/ispirazionesportiva.com#listItem\",\"position\":1,\"name\":\"Home\",\"item\":\"https:\\\/\\\/ispirazionesportiva.com\",\"nextItem\":{\"@type\":\"ListItem\",\"@id\":\"https:\\\/\\\/ispirazionesportiva.com\\\/index.php\\\/category\\\/calcio\\\/#listItem\",\"name\":\"Calcio\"}},{\"@type\":\"ListItem\",\"@id\":\"https:\\\/\\\/ispirazionesportiva.com\\\/index.php\\\/category\\\/calcio\\\/#listItem\",\"position\":2,\"name\":\"Calcio\",\"item\":\"https:\\\/\\\/ispirazionesportiva.com\\\/index.php\\\/category\\\/calcio\\\/\",\"nextItem\":{\"@type\":\"ListItem\",\"@id\":\"https:\\\/\\\/ispirazionesportiva.com\\\/index.php\\\/category\\\/calcio\\\/i-miti-e-le-leggende-del-pallone\\\/#listItem\",\"name\":\"I miti e le leggende del pallone\"},\"previousItem\":{\"@type\":\"ListItem\",\"@id\":\"https:\\\/\\\/ispirazionesportiva.com#listItem\",\"name\":\"Home\"}},{\"@type\":\"ListItem\",\"@id\":\"https:\\\/\\\/ispirazionesportiva.com\\\/index.php\\\/category\\\/calcio\\\/i-miti-e-le-leggende-del-pallone\\\/#listItem\",\"position\":3,\"name\":\"I miti e le leggende del pallone\",\"item\":\"https:\\\/\\\/ispirazionesportiva.com\\\/index.php\\\/category\\\/calcio\\\/i-miti-e-le-leggende-del-pallone\\\/\",\"nextItem\":{\"@type\":\"ListItem\",\"@id\":\"https:\\\/\\\/ispirazionesportiva.com\\\/index.php\\\/2022\\\/09\\\/07\\\/forza-vecchio-cuore-rossoblu-il-genoa-e-la-longevita-dei-129-anni\\\/#listItem\",\"name\":\"Forza, vecchio, cuore rossobl\\u00f9! Il Genoa e la longevit\\u00e0 dei 129 anni\"},\"previousItem\":{\"@type\":\"ListItem\",\"@id\":\"https:\\\/\\\/ispirazionesportiva.com\\\/index.php\\\/category\\\/calcio\\\/#listItem\",\"name\":\"Calcio\"}},{\"@type\":\"ListItem\",\"@id\":\"https:\\\/\\\/ispirazionesportiva.com\\\/index.php\\\/2022\\\/09\\\/07\\\/forza-vecchio-cuore-rossoblu-il-genoa-e-la-longevita-dei-129-anni\\\/#listItem\",\"position\":4,\"name\":\"Forza, vecchio, cuore rossobl\\u00f9! Il Genoa e la longevit\\u00e0 dei 129 anni\",\"previousItem\":{\"@type\":\"ListItem\",\"@id\":\"https:\\\/\\\/ispirazionesportiva.com\\\/index.php\\\/category\\\/calcio\\\/i-miti-e-le-leggende-del-pallone\\\/#listItem\",\"name\":\"I miti e le leggende del pallone\"}}]},{\"@type\":\"Organization\",\"@id\":\"https:\\\/\\\/ispirazionesportiva.com\\\/#organization\",\"name\":\"IspirazioneSportiva.com\",\"description\":\"Le storie sportive che emozionano\",\"url\":\"https:\\\/\\\/ispirazionesportiva.com\\\/\",\"logo\":{\"@type\":\"ImageObject\",\"url\":\"https:\\\/\\\/i0.wp.com\\\/ispirazionesportiva.com\\\/wp-content\\\/uploads\\\/sites\\\/3\\\/2020\\\/09\\\/cropped-PHOTO-2020-09-16-08-47-03-e1600279086776-1.jpg?fit=500%2C230&ssl=1\",\"@id\":\"https:\\\/\\\/ispirazionesportiva.com\\\/index.php\\\/2022\\\/09\\\/07\\\/forza-vecchio-cuore-rossoblu-il-genoa-e-la-longevita-dei-129-anni\\\/#organizationLogo\",\"width\":500,\"height\":230},\"image\":{\"@id\":\"https:\\\/\\\/ispirazionesportiva.com\\\/index.php\\\/2022\\\/09\\\/07\\\/forza-vecchio-cuore-rossoblu-il-genoa-e-la-longevita-dei-129-anni\\\/#organizationLogo\"}},{\"@type\":\"Person\",\"@id\":\"https:\\\/\\\/ispirazionesportiva.com\\\/index.php\\\/author\\\/supermariolemieux\\\/#author\",\"url\":\"https:\\\/\\\/ispirazionesportiva.com\\\/index.php\\\/author\\\/supermariolemieux\\\/\",\"name\":\"Francesco Fiori\",\"image\":{\"@type\":\"ImageObject\",\"@id\":\"https:\\\/\\\/ispirazionesportiva.com\\\/index.php\\\/2022\\\/09\\\/07\\\/forza-vecchio-cuore-rossoblu-il-genoa-e-la-longevita-dei-129-anni\\\/#authorImage\",\"url\":\"https:\\\/\\\/secure.gravatar.com\\\/avatar\\\/beff881b593f312e866653a8c45295843e00b61ce1984ceaacd4e1709e4c1b57?s=96&d=mm&r=g\",\"width\":96,\"height\":96,\"caption\":\"Francesco Fiori\"}},{\"@type\":\"WebPage\",\"@id\":\"https:\\\/\\\/ispirazionesportiva.com\\\/index.php\\\/2022\\\/09\\\/07\\\/forza-vecchio-cuore-rossoblu-il-genoa-e-la-longevita-dei-129-anni\\\/#webpage\",\"url\":\"https:\\\/\\\/ispirazionesportiva.com\\\/index.php\\\/2022\\\/09\\\/07\\\/forza-vecchio-cuore-rossoblu-il-genoa-e-la-longevita-dei-129-anni\\\/\",\"name\":\"Forza, vecchio, cuore rossobl\\u00f9! Il Genoa e la longevit\\u00e0 dei 129 anni - IspirazioneSportiva.com\",\"description\":\"Il titolo non \\u00e8 un errore, \\u00e8 un canto, \\u00e8 quello che intona la Gradinata Nord, la curva pi\\u00f9 simile alla Kop inglese, quella del Liverpool, uno spettacolo che da solo vale un innamoramento improvviso. Il Genoa compie gli anni il 7 settembre, fondato nel 1893 \\u00e8 il club pi\\u00f9 longevo d'Italia, che in epoca\",\"inLanguage\":\"it-IT\",\"isPartOf\":{\"@id\":\"https:\\\/\\\/ispirazionesportiva.com\\\/#website\"},\"breadcrumb\":{\"@id\":\"https:\\\/\\\/ispirazionesportiva.com\\\/index.php\\\/2022\\\/09\\\/07\\\/forza-vecchio-cuore-rossoblu-il-genoa-e-la-longevita-dei-129-anni\\\/#breadcrumblist\"},\"author\":{\"@id\":\"https:\\\/\\\/ispirazionesportiva.com\\\/index.php\\\/author\\\/supermariolemieux\\\/#author\"},\"creator\":{\"@id\":\"https:\\\/\\\/ispirazionesportiva.com\\\/index.php\\\/author\\\/supermariolemieux\\\/#author\"},\"image\":{\"@type\":\"ImageObject\",\"url\":\"https:\\\/\\\/i0.wp.com\\\/ispirazionesportiva.com\\\/wp-content\\\/uploads\\\/sites\\\/3\\\/2020\\\/12\\\/1608116858095.jpg?fit=2048%2C2048&ssl=1\",\"@id\":\"https:\\\/\\\/ispirazionesportiva.com\\\/index.php\\\/2022\\\/09\\\/07\\\/forza-vecchio-cuore-rossoblu-il-genoa-e-la-longevita-dei-129-anni\\\/#mainImage\",\"width\":2048,\"height\":2048},\"primaryImageOfPage\":{\"@id\":\"https:\\\/\\\/ispirazionesportiva.com\\\/index.php\\\/2022\\\/09\\\/07\\\/forza-vecchio-cuore-rossoblu-il-genoa-e-la-longevita-dei-129-anni\\\/#mainImage\"},\"datePublished\":\"2022-09-07T17:47:29+02:00\",\"dateModified\":\"2026-07-25T22:41:13+02:00\"},{\"@type\":\"WebSite\",\"@id\":\"https:\\\/\\\/ispirazionesportiva.com\\\/#website\",\"url\":\"https:\\\/\\\/ispirazionesportiva.com\\\/\",\"name\":\"IspirazioneSportiva.com\",\"description\":\"Le storie sportive che emozionano\",\"inLanguage\":\"it-IT\",\"publisher\":{\"@id\":\"https:\\\/\\\/ispirazionesportiva.com\\\/#organization\"}}]}\n\t\t<\/script>\n\t\t<!-- All in One SEO -->\n\n","aioseo_head_json":{"title":"Forza, vecchio, cuore rossobl\u00f9! Il Genoa e la longevit\u00e0 dei 129 anni - IspirazioneSportiva.com","description":"Il titolo non \u00e8 un errore, \u00e8 un canto, \u00e8 quello che intona la Gradinata Nord, la curva pi\u00f9 simile alla Kop inglese, quella del Liverpool, uno spettacolo che da solo vale un innamoramento improvviso. Il Genoa compie gli anni il 7 settembre, fondato nel 1893 \u00e8 il club pi\u00f9 longevo d'Italia, che in epoca","canonical_url":"https:\/\/ispirazionesportiva.com\/index.php\/2022\/09\/07\/forza-vecchio-cuore-rossoblu-il-genoa-e-la-longevita-dei-129-anni\/","robots":"max-image-preview:large","keywords":"","webmasterTools":{"miscellaneous":""},"schema":{"@context":"https:\/\/schema.org","@graph":[{"@type":"BlogPosting","@id":"https:\/\/ispirazionesportiva.com\/index.php\/2022\/09\/07\/forza-vecchio-cuore-rossoblu-il-genoa-e-la-longevita-dei-129-anni\/#blogposting","name":"Forza, vecchio, cuore rossobl\u00f9! Il Genoa e la longevit\u00e0 dei 129 anni - IspirazioneSportiva.com","headline":"Forza, vecchio, cuore rossobl\u00f9! Il Genoa e la longevit\u00e0 dei 129 anni","author":{"@id":"https:\/\/ispirazionesportiva.com\/index.php\/author\/supermariolemieux\/#author"},"publisher":{"@id":"https:\/\/ispirazionesportiva.com\/#organization"},"image":{"@type":"ImageObject","url":"https:\/\/i0.wp.com\/ispirazionesportiva.com\/wp-content\/uploads\/sites\/3\/2020\/12\/1608116858095.jpg?fit=2048%2C2048&ssl=1","width":2048,"height":2048},"datePublished":"2022-09-07T17:47:29+02:00","dateModified":"2026-07-25T22:41:13+02:00","inLanguage":"it-IT","mainEntityOfPage":{"@id":"https:\/\/ispirazionesportiva.com\/index.php\/2022\/09\/07\/forza-vecchio-cuore-rossoblu-il-genoa-e-la-longevita-dei-129-anni\/#webpage"},"isPartOf":{"@id":"https:\/\/ispirazionesportiva.com\/index.php\/2022\/09\/07\/forza-vecchio-cuore-rossoblu-il-genoa-e-la-longevita-dei-129-anni\/#webpage"},"articleSection":"Calcio, I miti e le leggende del pallone, L'ArciFiori"},{"@type":"BreadcrumbList","@id":"https:\/\/ispirazionesportiva.com\/index.php\/2022\/09\/07\/forza-vecchio-cuore-rossoblu-il-genoa-e-la-longevita-dei-129-anni\/#breadcrumblist","itemListElement":[{"@type":"ListItem","@id":"https:\/\/ispirazionesportiva.com#listItem","position":1,"name":"Home","item":"https:\/\/ispirazionesportiva.com","nextItem":{"@type":"ListItem","@id":"https:\/\/ispirazionesportiva.com\/index.php\/category\/calcio\/#listItem","name":"Calcio"}},{"@type":"ListItem","@id":"https:\/\/ispirazionesportiva.com\/index.php\/category\/calcio\/#listItem","position":2,"name":"Calcio","item":"https:\/\/ispirazionesportiva.com\/index.php\/category\/calcio\/","nextItem":{"@type":"ListItem","@id":"https:\/\/ispirazionesportiva.com\/index.php\/category\/calcio\/i-miti-e-le-leggende-del-pallone\/#listItem","name":"I miti e le leggende del pallone"},"previousItem":{"@type":"ListItem","@id":"https:\/\/ispirazionesportiva.com#listItem","name":"Home"}},{"@type":"ListItem","@id":"https:\/\/ispirazionesportiva.com\/index.php\/category\/calcio\/i-miti-e-le-leggende-del-pallone\/#listItem","position":3,"name":"I miti e le leggende del pallone","item":"https:\/\/ispirazionesportiva.com\/index.php\/category\/calcio\/i-miti-e-le-leggende-del-pallone\/","nextItem":{"@type":"ListItem","@id":"https:\/\/ispirazionesportiva.com\/index.php\/2022\/09\/07\/forza-vecchio-cuore-rossoblu-il-genoa-e-la-longevita-dei-129-anni\/#listItem","name":"Forza, vecchio, cuore rossobl\u00f9! Il Genoa e la longevit\u00e0 dei 129 anni"},"previousItem":{"@type":"ListItem","@id":"https:\/\/ispirazionesportiva.com\/index.php\/category\/calcio\/#listItem","name":"Calcio"}},{"@type":"ListItem","@id":"https:\/\/ispirazionesportiva.com\/index.php\/2022\/09\/07\/forza-vecchio-cuore-rossoblu-il-genoa-e-la-longevita-dei-129-anni\/#listItem","position":4,"name":"Forza, vecchio, cuore rossobl\u00f9! Il Genoa e la longevit\u00e0 dei 129 anni","previousItem":{"@type":"ListItem","@id":"https:\/\/ispirazionesportiva.com\/index.php\/category\/calcio\/i-miti-e-le-leggende-del-pallone\/#listItem","name":"I miti e le leggende del pallone"}}]},{"@type":"Organization","@id":"https:\/\/ispirazionesportiva.com\/#organization","name":"IspirazioneSportiva.com","description":"Le storie sportive che emozionano","url":"https:\/\/ispirazionesportiva.com\/","logo":{"@type":"ImageObject","url":"https:\/\/i0.wp.com\/ispirazionesportiva.com\/wp-content\/uploads\/sites\/3\/2020\/09\/cropped-PHOTO-2020-09-16-08-47-03-e1600279086776-1.jpg?fit=500%2C230&ssl=1","@id":"https:\/\/ispirazionesportiva.com\/index.php\/2022\/09\/07\/forza-vecchio-cuore-rossoblu-il-genoa-e-la-longevita-dei-129-anni\/#organizationLogo","width":500,"height":230},"image":{"@id":"https:\/\/ispirazionesportiva.com\/index.php\/2022\/09\/07\/forza-vecchio-cuore-rossoblu-il-genoa-e-la-longevita-dei-129-anni\/#organizationLogo"}},{"@type":"Person","@id":"https:\/\/ispirazionesportiva.com\/index.php\/author\/supermariolemieux\/#author","url":"https:\/\/ispirazionesportiva.com\/index.php\/author\/supermariolemieux\/","name":"Francesco Fiori","image":{"@type":"ImageObject","@id":"https:\/\/ispirazionesportiva.com\/index.php\/2022\/09\/07\/forza-vecchio-cuore-rossoblu-il-genoa-e-la-longevita-dei-129-anni\/#authorImage","url":"https:\/\/secure.gravatar.com\/avatar\/beff881b593f312e866653a8c45295843e00b61ce1984ceaacd4e1709e4c1b57?s=96&d=mm&r=g","width":96,"height":96,"caption":"Francesco Fiori"}},{"@type":"WebPage","@id":"https:\/\/ispirazionesportiva.com\/index.php\/2022\/09\/07\/forza-vecchio-cuore-rossoblu-il-genoa-e-la-longevita-dei-129-anni\/#webpage","url":"https:\/\/ispirazionesportiva.com\/index.php\/2022\/09\/07\/forza-vecchio-cuore-rossoblu-il-genoa-e-la-longevita-dei-129-anni\/","name":"Forza, vecchio, cuore rossobl\u00f9! Il Genoa e la longevit\u00e0 dei 129 anni - IspirazioneSportiva.com","description":"Il titolo non \u00e8 un errore, \u00e8 un canto, \u00e8 quello che intona la Gradinata Nord, la curva pi\u00f9 simile alla Kop inglese, quella del Liverpool, uno spettacolo che da solo vale un innamoramento improvviso. Il Genoa compie gli anni il 7 settembre, fondato nel 1893 \u00e8 il club pi\u00f9 longevo d'Italia, che in epoca","inLanguage":"it-IT","isPartOf":{"@id":"https:\/\/ispirazionesportiva.com\/#website"},"breadcrumb":{"@id":"https:\/\/ispirazionesportiva.com\/index.php\/2022\/09\/07\/forza-vecchio-cuore-rossoblu-il-genoa-e-la-longevita-dei-129-anni\/#breadcrumblist"},"author":{"@id":"https:\/\/ispirazionesportiva.com\/index.php\/author\/supermariolemieux\/#author"},"creator":{"@id":"https:\/\/ispirazionesportiva.com\/index.php\/author\/supermariolemieux\/#author"},"image":{"@type":"ImageObject","url":"https:\/\/i0.wp.com\/ispirazionesportiva.com\/wp-content\/uploads\/sites\/3\/2020\/12\/1608116858095.jpg?fit=2048%2C2048&ssl=1","@id":"https:\/\/ispirazionesportiva.com\/index.php\/2022\/09\/07\/forza-vecchio-cuore-rossoblu-il-genoa-e-la-longevita-dei-129-anni\/#mainImage","width":2048,"height":2048},"primaryImageOfPage":{"@id":"https:\/\/ispirazionesportiva.com\/index.php\/2022\/09\/07\/forza-vecchio-cuore-rossoblu-il-genoa-e-la-longevita-dei-129-anni\/#mainImage"},"datePublished":"2022-09-07T17:47:29+02:00","dateModified":"2026-07-25T22:41:13+02:00"},{"@type":"WebSite","@id":"https:\/\/ispirazionesportiva.com\/#website","url":"https:\/\/ispirazionesportiva.com\/","name":"IspirazioneSportiva.com","description":"Le storie sportive che emozionano","inLanguage":"it-IT","publisher":{"@id":"https:\/\/ispirazionesportiva.com\/#organization"}}]},"og:locale":"it_IT","og:site_name":"IspirazioneSportiva.com - Le storie sportive che emozionano","og:type":"article","og:title":"Forza, vecchio, cuore rossobl\u00f9! Il Genoa e la longevit\u00e0 dei 129 anni - IspirazioneSportiva.com","og:description":"Il titolo non \u00e8 un errore, \u00e8 un canto, \u00e8 quello che intona la Gradinata Nord, la curva pi\u00f9 simile alla Kop inglese, quella del Liverpool, uno spettacolo che da solo vale un innamoramento improvviso. Il Genoa compie gli anni il 7 settembre, fondato nel 1893 \u00e8 il club pi\u00f9 longevo d'Italia, che in epoca","og:url":"https:\/\/ispirazionesportiva.com\/index.php\/2022\/09\/07\/forza-vecchio-cuore-rossoblu-il-genoa-e-la-longevita-dei-129-anni\/","og:image":"https:\/\/i0.wp.com\/ispirazionesportiva.com\/wp-content\/uploads\/sites\/3\/2020\/09\/cropped-PHOTO-2020-09-16-08-47-03-e1600279086776-1.jpg?fit=500%2C230&#038;ssl=1","og:image:secure_url":"https:\/\/i0.wp.com\/ispirazionesportiva.com\/wp-content\/uploads\/sites\/3\/2020\/09\/cropped-PHOTO-2020-09-16-08-47-03-e1600279086776-1.jpg?fit=500%2C230&#038;ssl=1","article:published_time":"2022-09-07T15:47:29+00:00","article:modified_time":"2026-07-25T20:41:13+00:00","twitter:card":"summary_large_image","twitter:title":"Forza, vecchio, cuore rossobl\u00f9! Il Genoa e la longevit\u00e0 dei 129 anni - IspirazioneSportiva.com","twitter:description":"Il titolo non \u00e8 un errore, \u00e8 un canto, \u00e8 quello che intona la Gradinata Nord, la curva pi\u00f9 simile alla Kop inglese, quella del Liverpool, uno spettacolo che da solo vale un innamoramento improvviso. Il Genoa compie gli anni il 7 settembre, fondato nel 1893 \u00e8 il club pi\u00f9 longevo d'Italia, che in epoca","twitter:image":"https:\/\/i0.wp.com\/ispirazionesportiva.com\/wp-content\/uploads\/sites\/3\/2020\/09\/cropped-PHOTO-2020-09-16-08-47-03-e1600279086776-1.jpg?fit=500%2C230&ssl=1"},"aioseo_meta_data":{"post_id":"1639","title":null,"description":null,"keywords":null,"keyphrases":null,"primary_term":null,"canonical_url":null,"og_title":null,"og_description":null,"og_object_type":"default","og_image_type":"default","og_image_custom_url":null,"og_image_custom_fields":null,"og_image_url":null,"og_image_width":null,"og_image_height":null,"og_video":null,"og_custom_url":null,"og_article_section":null,"og_article_tags":null,"twitter_use_og":false,"twitter_card":"default","twitter_image_type":"default","twitter_image_custom_url":null,"twitter_image_custom_fields":null,"twitter_image_url":null,"twitter_title":null,"twitter_description":null,"schema_type":"default","schema_type_options":null,"schema":{"blockGraphs":[],"customGraphs":[],"default":{"data":{"Article":[],"Course":[],"Dataset":[],"FAQPage":[],"Movie":[],"Person":[],"Product":[],"ProductReview":[],"Car":[],"Recipe":[],"Service":[],"SoftwareApplication":[],"WebPage":[]},"graphName":"","isEnabled":true},"graphs":[]},"pillar_content":false,"robots_default":true,"robots_noindex":false,"robots_noarchive":false,"robots_nosnippet":false,"robots_nofollow":false,"robots_noimageindex":false,"robots_noodp":false,"robots_notranslate":false,"robots_max_snippet":null,"robots_max_videopreview":null,"robots_max_imagepreview":"large","priority":null,"frequency":null,"local_seo":null,"limit_modified_date":false,"ai":null,"breadcrumb_settings":null,"seo_analyzer_scan_date":null,"created":"2026-07-23 16:35:47","updated":"2026-07-26 09:50:58"},"aioseo_breadcrumb":"<div class=\"aioseo-breadcrumbs\"><span class=\"aioseo-breadcrumb\">\n\t\t\t<a href=\"https:\/\/ispirazionesportiva.com\" title=\"Home\">Home<\/a>\n\t\t<\/span><span class=\"aioseo-breadcrumb-separator\">&raquo;<\/span><span class=\"aioseo-breadcrumb\">\n\t\t\t<a href=\"https:\/\/ispirazionesportiva.com\/index.php\/category\/calcio\/\" title=\"Calcio\">Calcio<\/a>\n\t\t<\/span><span class=\"aioseo-breadcrumb-separator\">&raquo;<\/span><span class=\"aioseo-breadcrumb\">\n\t\t\t<a href=\"https:\/\/ispirazionesportiva.com\/index.php\/category\/calcio\/i-miti-e-le-leggende-del-pallone\/\" title=\"I miti e le leggende del pallone\">I miti e le leggende del pallone<\/a>\n\t\t<\/span><span class=\"aioseo-breadcrumb-separator\">&raquo;<\/span><span class=\"aioseo-breadcrumb\">\n\t\t\tForza, vecchio, cuore rossobl\u00f9! Il Genoa e la longevit\u00e0 dei 129 anni\n\t\t<\/span><\/div>","aioseo_breadcrumb_json":[{"label":"Home","link":"https:\/\/ispirazionesportiva.com"},{"label":"Calcio","link":"https:\/\/ispirazionesportiva.com\/index.php\/category\/calcio\/"},{"label":"I miti e le leggende del pallone","link":"https:\/\/ispirazionesportiva.com\/index.php\/category\/calcio\/i-miti-e-le-leggende-del-pallone\/"},{"label":"Forza, vecchio, cuore rossobl\u00f9! Il Genoa e la longevit\u00e0 dei 129 anni","link":"https:\/\/ispirazionesportiva.com\/index.php\/2022\/09\/07\/forza-vecchio-cuore-rossoblu-il-genoa-e-la-longevita-dei-129-anni\/"}],"jetpack_publicize_connections":[],"jetpack_featured_media_url":"https:\/\/i0.wp.com\/ispirazionesportiva.com\/wp-content\/uploads\/sites\/3\/2020\/12\/1608116858095.jpg?fit=2048%2C2048&ssl=1","jetpack_sharing_enabled":true,"jetpack_likes_enabled":true,"amp_enabled":true,"_links":{"self":[{"href":"https:\/\/ispirazionesportiva.com\/index.php\/wp-json\/wp\/v2\/posts\/1639","targetHints":{"allow":["GET"]}}],"collection":[{"href":"https:\/\/ispirazionesportiva.com\/index.php\/wp-json\/wp\/v2\/posts"}],"about":[{"href":"https:\/\/ispirazionesportiva.com\/index.php\/wp-json\/wp\/v2\/types\/post"}],"author":[{"embeddable":true,"href":"https:\/\/ispirazionesportiva.com\/index.php\/wp-json\/wp\/v2\/users\/5"}],"replies":[{"embeddable":true,"href":"https:\/\/ispirazionesportiva.com\/index.php\/wp-json\/wp\/v2\/comments?post=1639"}],"version-history":[{"count":8,"href":"https:\/\/ispirazionesportiva.com\/index.php\/wp-json\/wp\/v2\/posts\/1639\/revisions"}],"predecessor-version":[{"id":2357,"href":"https:\/\/ispirazionesportiva.com\/index.php\/wp-json\/wp\/v2\/posts\/1639\/revisions\/2357"}],"wp:featuredmedia":[{"embeddable":true,"href":"https:\/\/ispirazionesportiva.com\/index.php\/wp-json\/wp\/v2\/media\/941"}],"wp:attachment":[{"href":"https:\/\/ispirazionesportiva.com\/index.php\/wp-json\/wp\/v2\/media?parent=1639"}],"wp:term":[{"taxonomy":"category","embeddable":true,"href":"https:\/\/ispirazionesportiva.com\/index.php\/wp-json\/wp\/v2\/categories?post=1639"},{"taxonomy":"post_tag","embeddable":true,"href":"https:\/\/ispirazionesportiva.com\/index.php\/wp-json\/wp\/v2\/tags?post=1639"}],"curies":[{"name":"wp","href":"https:\/\/api.w.org\/{rel}","templated":true}]}}