{"id":1546,"date":"2022-06-23T11:19:05","date_gmt":"2022-06-23T09:19:05","guid":{"rendered":"https:\/\/ispirazionesportiva.com\/?p=1546"},"modified":"2026-07-25T22:41:35","modified_gmt":"2026-07-25T20:41:35","slug":"peterson-recalcati-all-time-wrestling-register","status":"publish","type":"post","link":"https:\/\/ispirazionesportiva.com\/index.php\/2022\/06\/23\/peterson-recalcati-all-time-wrestling-register\/","title":{"rendered":"Peterson &#038; Recalcati: All-time Wrestling register"},"content":{"rendered":"\r\n<p class=\"wp-block-paragraph\">La biblioteca di Ispirazione Sportiva racconta oggi il libro scritto da Dan Peterson e <strong>Christian Recalcati<\/strong>, prima edizione del 2003, che non dovrebbe mancare in nessuna libreria degli appassionati del wrestling, sport-spettacolo che ha avuto il boom in Italia negli anni 90.<\/p>\r\n\r\n\r\n\r\n<p class=\"wp-block-paragraph\">Proprio <strong>Dan Peterson<\/strong> \u00e8 stato il primo commentatore che su Tele+2 ha contribuito all&#8217;esplosione della disciplina degli States. Chi non ricorda l&#8217;immortale <strong>Hulk Hogan<\/strong>, l&#8217;iconico <strong>The Ultimate Warrior<\/strong>, il folle <strong>Macho Man <\/strong>Randy Savage o il &#8220;meglio che c&#8217;\u00e8 stato, che c&#8217;\u00e8 e che ci sar\u00e0&#8221; <strong>Bret The Hitman Hart<\/strong>, per non dimenticare i rintocchi del celebre <strong>The Undertaker<\/strong>?<\/p>\r\n\r\n\r\n\r\n<p class=\"wp-block-paragraph\">Erano gli idoli d&#8217;infanzia e questo libro ripropone proprio le origini del wrestling, dalla lotta greco-romana alle Olimpiadi, passando poi attraverso la nascita della WCW e della WWF, con le biografie dei principali lottatori che ne hanno fatto la storia, con tanto di albo d&#8217;oro WWE\/WCW e i risultati di tutti i pay per view sino al 2003.<\/p>\r\n\r\n\r\n\r\n<p class=\"wp-block-paragraph\">Purtroppo il libro non viene scritto in tempi recenti, quindi non narra ad esempio l&#8217;ascesa di <strong>John Cena<\/strong>, Batista e in maniera triste non pu\u00f2 narrare di <strong>Eddie Guerrero<\/strong> o <strong>Chris Benoit<\/strong>, scomparsi prematuramente.<\/p>\r\n\r\n\r\n\r\n<p class=\"wp-block-paragraph\">Le biografie dei primi campioni sono molto interessanti in un lavoro veramente gigantesco per raccontare ogni stable, ogni passaggio di titolo e ogni feud di una disciplina che spesso viene denigrata per la non veridicit\u00e0 dei fatti ma che in realt\u00e0 rappresenta un intrattenimento che ha coinvolto le generazioni da almeno 40 anni.<\/p>\r\n\r\n\r\n\r\n<p class=\"wp-block-paragraph\">L&#8217;applauso a Dan Peterson e Christian Recalcati \u00e8 d&#8217;obbligo!<\/p>\r\n\r\n\r\n\r\n<p class=\"wp-block-paragraph\">C<strong><em>licca qui per gli altri libri della <a href=\"https:\/\/ispirazionesportiva.com\/index.php\/category\/la-biblioteca\/\">biblioteca<\/a><\/em><\/strong><\/p>\r\n\r\n\r\n\r\n<figure class=\"wp-block-image size-large\"><img data-recalc-dims=\"1\" loading=\"lazy\" decoding=\"async\" width=\"640\" height=\"853\" class=\"wp-image-1547\" src=\"https:\/\/i0.wp.com\/ispirazionesportiva.com\/wp-content\/uploads\/2022\/06\/WhatsApp-Image-2022-06-23-at-10.58.04-768x1024.jpeg?resize=640%2C853&#038;ssl=1\" alt=\"\" srcset=\"https:\/\/i0.wp.com\/ispirazionesportiva.com\/wp-content\/uploads\/sites\/3\/2022\/06\/WhatsApp-Image-2022-06-23-at-10.58.04.jpeg?resize=768%2C1024&amp;ssl=1 768w, https:\/\/i0.wp.com\/ispirazionesportiva.com\/wp-content\/uploads\/sites\/3\/2022\/06\/WhatsApp-Image-2022-06-23-at-10.58.04.jpeg?resize=225%2C300&amp;ssl=1 225w, https:\/\/i0.wp.com\/ispirazionesportiva.com\/wp-content\/uploads\/sites\/3\/2022\/06\/WhatsApp-Image-2022-06-23-at-10.58.04.jpeg?w=972&amp;ssl=1 972w\" sizes=\"auto, (max-width: 640px) 100vw, 640px\" \/><\/figure>\r\n\r\n\r\n\r\n<figure class=\"wp-block-image size-large\"><img data-recalc-dims=\"1\" loading=\"lazy\" decoding=\"async\" width=\"640\" height=\"853\" class=\"wp-image-1548\" src=\"https:\/\/i0.wp.com\/ispirazionesportiva.com\/wp-content\/uploads\/2022\/06\/WhatsApp-Image-2022-06-23-at-10.57.30-768x1024.jpeg?resize=640%2C853&#038;ssl=1\" alt=\"\" srcset=\"https:\/\/i0.wp.com\/ispirazionesportiva.com\/wp-content\/uploads\/sites\/3\/2022\/06\/WhatsApp-Image-2022-06-23-at-10.57.30.jpeg?resize=768%2C1024&amp;ssl=1 768w, https:\/\/i0.wp.com\/ispirazionesportiva.com\/wp-content\/uploads\/sites\/3\/2022\/06\/WhatsApp-Image-2022-06-23-at-10.57.30.jpeg?resize=225%2C300&amp;ssl=1 225w, https:\/\/i0.wp.com\/ispirazionesportiva.com\/wp-content\/uploads\/sites\/3\/2022\/06\/WhatsApp-Image-2022-06-23-at-10.57.30.jpeg?w=972&amp;ssl=1 972w\" sizes=\"auto, (max-width: 640px) 100vw, 640px\" \/><\/figure>\r\n\r\n\r\n\r\n<figure class=\"wp-block-image size-full is-resized\"><img data-recalc-dims=\"1\" loading=\"lazy\" decoding=\"async\" class=\"wp-image-1549\" src=\"https:\/\/i0.wp.com\/ispirazionesportiva.com\/wp-content\/uploads\/2022\/06\/Hulk-Hogan-kVdH-U32001565084193a9F-593x443%40Corriere-Web-Sezioni.jpg?resize=640%2C479&#038;ssl=1\" alt=\"\" width=\"640\" height=\"479\" srcset=\"https:\/\/i0.wp.com\/ispirazionesportiva.com\/wp-content\/uploads\/sites\/3\/2022\/06\/Hulk-Hogan-kVdH-U32001565084193a9F-593x443%40Corriere-Web-Sezioni.jpg?w=593&amp;ssl=1 593w, https:\/\/i0.wp.com\/ispirazionesportiva.com\/wp-content\/uploads\/sites\/3\/2022\/06\/Hulk-Hogan-kVdH-U32001565084193a9F-593x443%40Corriere-Web-Sezioni.jpg?resize=300%2C224&amp;ssl=1 300w\" sizes=\"auto, (max-width: 640px) 100vw, 640px\" \/><\/figure>\r\n\r\n\r\n\r\n<figure class=\"wp-block-image size-full\"><img data-recalc-dims=\"1\" loading=\"lazy\" decoding=\"async\" width=\"593\" height=\"443\" class=\"wp-image-1550\" src=\"https:\/\/i0.wp.com\/ispirazionesportiva.com\/wp-content\/uploads\/2022\/06\/The-Ultimate-Warrior_1-kOvD-U430101514636472r0C-593x443%40Corriere-Web-Sezioni.jpg?resize=593%2C443&#038;ssl=1\" alt=\"\" srcset=\"https:\/\/i0.wp.com\/ispirazionesportiva.com\/wp-content\/uploads\/sites\/3\/2022\/06\/The-Ultimate-Warrior_1-kOvD-U430101514636472r0C-593x443%40Corriere-Web-Sezioni.jpg?w=593&amp;ssl=1 593w, https:\/\/i0.wp.com\/ispirazionesportiva.com\/wp-content\/uploads\/sites\/3\/2022\/06\/The-Ultimate-Warrior_1-kOvD-U430101514636472r0C-593x443%40Corriere-Web-Sezioni.jpg?resize=300%2C224&amp;ssl=1 300w\" sizes=\"auto, (max-width: 593px) 100vw, 593px\" \/>\r\n<figcaption><em>\u00abNessun talento della WWE diventa leggenda da solo. Il cuore di ogni uomo un giorno batter\u00e0 il suo ultimo battito, i suoi polmoni esaleranno l&#8217;ultimo respiro. E se quello che l&#8217;uomo ha fatto nella sua vita, fa pulsare il sangue nelle vene di altri uomini e gli fa credere profondamente in qualcosa di pi\u00f9 grande della vita stessa, allora la sua essenza, il suo spirito saranno resi immortali dai narratori, dalla fedelt\u00e0, dalla memoria di coloro che lo onorano e fanno vivere per sempre ci\u00f2 che l&#8217;uomo ha fatto nella sua vita. Voi siete quelli che hanno reso l&#8217;Ultimate Warrior leggenda. Nel retroscena ho visto molte potenziali leggende. Alcune di quelle con lo spirito guerriero. Voi farete lo stesso con loro. Deciderete se hanno vissuto con passione e intensit\u00e0, tanto quanto serve per farvi raccontare le loro storie e farli diventare leggende. Io sono Ultimate Warrior, voi siete i fan di Ultimate Warrior. Lo spirito di Ultimate Warrior vivr\u00e0 in eterno\u00bb<\/em><br \/>(<small>The Ultimate Warrior<\/small>)<\/figcaption>\r\n<\/figure>\r\n\r\n\r\n\r\n<figure class=\"wp-block-image size-full\"><img data-recalc-dims=\"1\" loading=\"lazy\" decoding=\"async\" width=\"640\" height=\"386\" class=\"wp-image-1551\" src=\"https:\/\/i0.wp.com\/ispirazionesportiva.com\/wp-content\/uploads\/2022\/06\/bret-hart-nessuno-vedeva-un-grande-potenziale-in-me-all-inizio-.jpg?resize=640%2C386&#038;ssl=1\" alt=\"\" srcset=\"https:\/\/i0.wp.com\/ispirazionesportiva.com\/wp-content\/uploads\/sites\/3\/2022\/06\/bret-hart-nessuno-vedeva-un-grande-potenziale-in-me-all-inizio-.jpg?w=848&amp;ssl=1 848w, https:\/\/i0.wp.com\/ispirazionesportiva.com\/wp-content\/uploads\/sites\/3\/2022\/06\/bret-hart-nessuno-vedeva-un-grande-potenziale-in-me-all-inizio-.jpg?resize=300%2C181&amp;ssl=1 300w, https:\/\/i0.wp.com\/ispirazionesportiva.com\/wp-content\/uploads\/sites\/3\/2022\/06\/bret-hart-nessuno-vedeva-un-grande-potenziale-in-me-all-inizio-.jpg?resize=768%2C463&amp;ssl=1 768w\" sizes=\"auto, (max-width: 640px) 100vw, 640px\" \/><\/figure>\r\n","protected":false},"excerpt":{"rendered":"<p>La biblioteca di Ispirazione Sportiva racconta oggi il libro scritto da Dan Peterson e Christian&#8230;<\/p>\n","protected":false},"author":5,"featured_media":1547,"comment_status":"closed","ping_status":"closed","sticky":false,"template":"","format":"standard","meta":{"_monsterinsights_skip_tracking":false,"_jetpack_newsletter_access":"","_jetpack_dont_email_post_to_subs":false,"_jetpack_newsletter_tier_id":0,"_jetpack_memberships_contains_paywalled_content":false,"_jetpack_feature_clip_id":0,"_jetpack_memberships_contains_paid_content":false,"footnotes":"","jetpack_publicize_message":"","jetpack_publicize_feature_enabled":true,"jetpack_social_post_already_shared":true,"jetpack_social_options":{"image_generator_settings":{"template":"highway","default_image_id":0,"font":"","enabled":false},"version":2},"jetpack_post_was_ever_published":false},"categories":[2,9,10,14],"tags":[102],"class_list":["post-1546","post","type-post","status-publish","format-standard","has-post-thumbnail","hentry","category-altri-sport","category-la-biblioteca","category-loro-sono-leggenda-altri-sport","category-vai-e-spacca-tutto-altri-sport","tag-wrestling"],"aioseo_notices":[],"aioseo_head":"\n\t\t<!-- All in One SEO 4.9.10 - aioseo.com -->\n\t<meta name=\"description\" content=\"La biblioteca di Ispirazione Sportiva racconta oggi il libro scritto da Dan Peterson e Christian Recalcati, prima edizione del 2003, che non dovrebbe mancare in nessuna libreria degli appassionati del wrestling, sport-spettacolo che ha avuto il boom in Italia negli anni 90. Proprio Dan Peterson \u00e8 stato il primo commentatore che su Tele+2 ha contribuito\" \/>\n\t<meta name=\"robots\" content=\"max-image-preview:large\" \/>\n\t<meta name=\"author\" content=\"Francesco Fiori\"\/>\n\t<link rel=\"canonical\" href=\"https:\/\/ispirazionesportiva.com\/index.php\/2022\/06\/23\/peterson-recalcati-all-time-wrestling-register\/\" \/>\n\t<meta name=\"generator\" content=\"All in One SEO (AIOSEO) 4.9.10\" \/>\n\t\t<meta property=\"og:locale\" content=\"it_IT\" \/>\n\t\t<meta property=\"og:site_name\" content=\"IspirazioneSportiva.com - Le storie sportive che emozionano\" \/>\n\t\t<meta property=\"og:type\" content=\"article\" \/>\n\t\t<meta property=\"og:title\" content=\"Peterson &amp; Recalcati: All-time Wrestling register - IspirazioneSportiva.com\" \/>\n\t\t<meta property=\"og:description\" content=\"La biblioteca di Ispirazione Sportiva racconta oggi il libro scritto da Dan Peterson e Christian Recalcati, prima edizione del 2003, che non dovrebbe mancare in nessuna libreria degli appassionati del wrestling, sport-spettacolo che ha avuto il boom in Italia negli anni 90. Proprio Dan Peterson \u00e8 stato il primo commentatore che su Tele+2 ha contribuito\" \/>\n\t\t<meta property=\"og:url\" content=\"https:\/\/ispirazionesportiva.com\/index.php\/2022\/06\/23\/peterson-recalcati-all-time-wrestling-register\/\" \/>\n\t\t<meta property=\"og:image\" content=\"https:\/\/i0.wp.com\/ispirazionesportiva.com\/wp-content\/uploads\/sites\/3\/2020\/09\/cropped-PHOTO-2020-09-16-08-47-03-e1600279086776-1.jpg?fit=500%2C230&#038;ssl=1\" \/>\n\t\t<meta property=\"og:image:secure_url\" content=\"https:\/\/i0.wp.com\/ispirazionesportiva.com\/wp-content\/uploads\/sites\/3\/2020\/09\/cropped-PHOTO-2020-09-16-08-47-03-e1600279086776-1.jpg?fit=500%2C230&#038;ssl=1\" \/>\n\t\t<meta property=\"article:published_time\" content=\"2022-06-23T09:19:05+00:00\" \/>\n\t\t<meta property=\"article:modified_time\" content=\"2026-07-25T20:41:35+00:00\" \/>\n\t\t<meta name=\"twitter:card\" content=\"summary_large_image\" \/>\n\t\t<meta name=\"twitter:title\" content=\"Peterson &amp; Recalcati: All-time Wrestling register - IspirazioneSportiva.com\" \/>\n\t\t<meta name=\"twitter:description\" content=\"La biblioteca di Ispirazione Sportiva racconta oggi il libro scritto da Dan Peterson e Christian Recalcati, prima edizione del 2003, che non dovrebbe mancare in nessuna libreria degli appassionati del wrestling, sport-spettacolo che ha avuto il boom in Italia negli anni 90. Proprio Dan Peterson \u00e8 stato il primo commentatore che su Tele+2 ha contribuito\" \/>\n\t\t<meta name=\"twitter:image\" content=\"https:\/\/i0.wp.com\/ispirazionesportiva.com\/wp-content\/uploads\/sites\/3\/2020\/09\/cropped-PHOTO-2020-09-16-08-47-03-e1600279086776-1.jpg?fit=500%2C230&amp;ssl=1\" \/>\n\t\t<script type=\"application\/ld+json\" class=\"aioseo-schema\">\n\t\t\t{\"@context\":\"https:\\\/\\\/schema.org\",\"@graph\":[{\"@type\":\"BlogPosting\",\"@id\":\"https:\\\/\\\/ispirazionesportiva.com\\\/index.php\\\/2022\\\/06\\\/23\\\/peterson-recalcati-all-time-wrestling-register\\\/#blogposting\",\"name\":\"Peterson & Recalcati: All-time Wrestling register - IspirazioneSportiva.com\",\"headline\":\"Peterson &#038; Recalcati: All-time Wrestling register\",\"author\":{\"@id\":\"https:\\\/\\\/ispirazionesportiva.com\\\/index.php\\\/author\\\/supermariolemieux\\\/#author\"},\"publisher\":{\"@id\":\"https:\\\/\\\/ispirazionesportiva.com\\\/#organization\"},\"image\":{\"@type\":\"ImageObject\",\"url\":\"https:\\\/\\\/i0.wp.com\\\/ispirazionesportiva.com\\\/wp-content\\\/uploads\\\/sites\\\/3\\\/2022\\\/06\\\/WhatsApp-Image-2022-06-23-at-10.58.04.jpeg?fit=972%2C1296&ssl=1\",\"width\":972,\"height\":1296},\"datePublished\":\"2022-06-23T11:19:05+02:00\",\"dateModified\":\"2026-07-25T22:41:35+02:00\",\"inLanguage\":\"it-IT\",\"mainEntityOfPage\":{\"@id\":\"https:\\\/\\\/ispirazionesportiva.com\\\/index.php\\\/2022\\\/06\\\/23\\\/peterson-recalcati-all-time-wrestling-register\\\/#webpage\"},\"isPartOf\":{\"@id\":\"https:\\\/\\\/ispirazionesportiva.com\\\/index.php\\\/2022\\\/06\\\/23\\\/peterson-recalcati-all-time-wrestling-register\\\/#webpage\"},\"articleSection\":\"Altri sport, La biblioteca, Loro sono leggenda, vai e spacca tutto, Wrestling\"},{\"@type\":\"BreadcrumbList\",\"@id\":\"https:\\\/\\\/ispirazionesportiva.com\\\/index.php\\\/2022\\\/06\\\/23\\\/peterson-recalcati-all-time-wrestling-register\\\/#breadcrumblist\",\"itemListElement\":[{\"@type\":\"ListItem\",\"@id\":\"https:\\\/\\\/ispirazionesportiva.com#listItem\",\"position\":1,\"name\":\"Home\",\"item\":\"https:\\\/\\\/ispirazionesportiva.com\",\"nextItem\":{\"@type\":\"ListItem\",\"@id\":\"https:\\\/\\\/ispirazionesportiva.com\\\/index.php\\\/category\\\/altri-sport\\\/#listItem\",\"name\":\"Altri sport\"}},{\"@type\":\"ListItem\",\"@id\":\"https:\\\/\\\/ispirazionesportiva.com\\\/index.php\\\/category\\\/altri-sport\\\/#listItem\",\"position\":2,\"name\":\"Altri sport\",\"item\":\"https:\\\/\\\/ispirazionesportiva.com\\\/index.php\\\/category\\\/altri-sport\\\/\",\"nextItem\":{\"@type\":\"ListItem\",\"@id\":\"https:\\\/\\\/ispirazionesportiva.com\\\/index.php\\\/category\\\/altri-sport\\\/loro-sono-leggenda-altri-sport\\\/#listItem\",\"name\":\"Loro sono leggenda\"},\"previousItem\":{\"@type\":\"ListItem\",\"@id\":\"https:\\\/\\\/ispirazionesportiva.com#listItem\",\"name\":\"Home\"}},{\"@type\":\"ListItem\",\"@id\":\"https:\\\/\\\/ispirazionesportiva.com\\\/index.php\\\/category\\\/altri-sport\\\/loro-sono-leggenda-altri-sport\\\/#listItem\",\"position\":3,\"name\":\"Loro sono leggenda\",\"item\":\"https:\\\/\\\/ispirazionesportiva.com\\\/index.php\\\/category\\\/altri-sport\\\/loro-sono-leggenda-altri-sport\\\/\",\"nextItem\":{\"@type\":\"ListItem\",\"@id\":\"https:\\\/\\\/ispirazionesportiva.com\\\/index.php\\\/2022\\\/06\\\/23\\\/peterson-recalcati-all-time-wrestling-register\\\/#listItem\",\"name\":\"Peterson &#038; Recalcati: All-time Wrestling register\"},\"previousItem\":{\"@type\":\"ListItem\",\"@id\":\"https:\\\/\\\/ispirazionesportiva.com\\\/index.php\\\/category\\\/altri-sport\\\/#listItem\",\"name\":\"Altri sport\"}},{\"@type\":\"ListItem\",\"@id\":\"https:\\\/\\\/ispirazionesportiva.com\\\/index.php\\\/2022\\\/06\\\/23\\\/peterson-recalcati-all-time-wrestling-register\\\/#listItem\",\"position\":4,\"name\":\"Peterson &#038; Recalcati: All-time Wrestling register\",\"previousItem\":{\"@type\":\"ListItem\",\"@id\":\"https:\\\/\\\/ispirazionesportiva.com\\\/index.php\\\/category\\\/altri-sport\\\/loro-sono-leggenda-altri-sport\\\/#listItem\",\"name\":\"Loro sono leggenda\"}}]},{\"@type\":\"Organization\",\"@id\":\"https:\\\/\\\/ispirazionesportiva.com\\\/#organization\",\"name\":\"IspirazioneSportiva.com\",\"description\":\"Le storie sportive che emozionano\",\"url\":\"https:\\\/\\\/ispirazionesportiva.com\\\/\",\"logo\":{\"@type\":\"ImageObject\",\"url\":\"https:\\\/\\\/i0.wp.com\\\/ispirazionesportiva.com\\\/wp-content\\\/uploads\\\/sites\\\/3\\\/2020\\\/09\\\/cropped-PHOTO-2020-09-16-08-47-03-e1600279086776-1.jpg?fit=500%2C230&ssl=1\",\"@id\":\"https:\\\/\\\/ispirazionesportiva.com\\\/index.php\\\/2022\\\/06\\\/23\\\/peterson-recalcati-all-time-wrestling-register\\\/#organizationLogo\",\"width\":500,\"height\":230},\"image\":{\"@id\":\"https:\\\/\\\/ispirazionesportiva.com\\\/index.php\\\/2022\\\/06\\\/23\\\/peterson-recalcati-all-time-wrestling-register\\\/#organizationLogo\"}},{\"@type\":\"Person\",\"@id\":\"https:\\\/\\\/ispirazionesportiva.com\\\/index.php\\\/author\\\/supermariolemieux\\\/#author\",\"url\":\"https:\\\/\\\/ispirazionesportiva.com\\\/index.php\\\/author\\\/supermariolemieux\\\/\",\"name\":\"Francesco Fiori\",\"image\":{\"@type\":\"ImageObject\",\"@id\":\"https:\\\/\\\/ispirazionesportiva.com\\\/index.php\\\/2022\\\/06\\\/23\\\/peterson-recalcati-all-time-wrestling-register\\\/#authorImage\",\"url\":\"https:\\\/\\\/secure.gravatar.com\\\/avatar\\\/beff881b593f312e866653a8c45295843e00b61ce1984ceaacd4e1709e4c1b57?s=96&d=mm&r=g\",\"width\":96,\"height\":96,\"caption\":\"Francesco Fiori\"}},{\"@type\":\"WebPage\",\"@id\":\"https:\\\/\\\/ispirazionesportiva.com\\\/index.php\\\/2022\\\/06\\\/23\\\/peterson-recalcati-all-time-wrestling-register\\\/#webpage\",\"url\":\"https:\\\/\\\/ispirazionesportiva.com\\\/index.php\\\/2022\\\/06\\\/23\\\/peterson-recalcati-all-time-wrestling-register\\\/\",\"name\":\"Peterson & Recalcati: All-time Wrestling register - IspirazioneSportiva.com\",\"description\":\"La biblioteca di Ispirazione Sportiva racconta oggi il libro scritto da Dan Peterson e Christian Recalcati, prima edizione del 2003, che non dovrebbe mancare in nessuna libreria degli appassionati del wrestling, sport-spettacolo che ha avuto il boom in Italia negli anni 90. Proprio Dan Peterson \\u00e8 stato il primo commentatore che su Tele+2 ha contribuito\",\"inLanguage\":\"it-IT\",\"isPartOf\":{\"@id\":\"https:\\\/\\\/ispirazionesportiva.com\\\/#website\"},\"breadcrumb\":{\"@id\":\"https:\\\/\\\/ispirazionesportiva.com\\\/index.php\\\/2022\\\/06\\\/23\\\/peterson-recalcati-all-time-wrestling-register\\\/#breadcrumblist\"},\"author\":{\"@id\":\"https:\\\/\\\/ispirazionesportiva.com\\\/index.php\\\/author\\\/supermariolemieux\\\/#author\"},\"creator\":{\"@id\":\"https:\\\/\\\/ispirazionesportiva.com\\\/index.php\\\/author\\\/supermariolemieux\\\/#author\"},\"image\":{\"@type\":\"ImageObject\",\"url\":\"https:\\\/\\\/i0.wp.com\\\/ispirazionesportiva.com\\\/wp-content\\\/uploads\\\/sites\\\/3\\\/2022\\\/06\\\/WhatsApp-Image-2022-06-23-at-10.58.04.jpeg?fit=972%2C1296&ssl=1\",\"@id\":\"https:\\\/\\\/ispirazionesportiva.com\\\/index.php\\\/2022\\\/06\\\/23\\\/peterson-recalcati-all-time-wrestling-register\\\/#mainImage\",\"width\":972,\"height\":1296},\"primaryImageOfPage\":{\"@id\":\"https:\\\/\\\/ispirazionesportiva.com\\\/index.php\\\/2022\\\/06\\\/23\\\/peterson-recalcati-all-time-wrestling-register\\\/#mainImage\"},\"datePublished\":\"2022-06-23T11:19:05+02:00\",\"dateModified\":\"2026-07-25T22:41:35+02:00\"},{\"@type\":\"WebSite\",\"@id\":\"https:\\\/\\\/ispirazionesportiva.com\\\/#website\",\"url\":\"https:\\\/\\\/ispirazionesportiva.com\\\/\",\"name\":\"IspirazioneSportiva.com\",\"description\":\"Le storie sportive che emozionano\",\"inLanguage\":\"it-IT\",\"publisher\":{\"@id\":\"https:\\\/\\\/ispirazionesportiva.com\\\/#organization\"}}]}\n\t\t<\/script>\n\t\t<!-- All in One SEO -->\n\n","aioseo_head_json":{"title":"Peterson & Recalcati: All-time Wrestling register - IspirazioneSportiva.com","description":"La biblioteca di Ispirazione Sportiva racconta oggi il libro scritto da Dan Peterson e Christian Recalcati, prima edizione del 2003, che non dovrebbe mancare in nessuna libreria degli appassionati del wrestling, sport-spettacolo che ha avuto il boom in Italia negli anni 90. Proprio Dan Peterson \u00e8 stato il primo commentatore che su Tele+2 ha contribuito","canonical_url":"https:\/\/ispirazionesportiva.com\/index.php\/2022\/06\/23\/peterson-recalcati-all-time-wrestling-register\/","robots":"max-image-preview:large","keywords":"","webmasterTools":{"miscellaneous":""},"schema":{"@context":"https:\/\/schema.org","@graph":[{"@type":"BlogPosting","@id":"https:\/\/ispirazionesportiva.com\/index.php\/2022\/06\/23\/peterson-recalcati-all-time-wrestling-register\/#blogposting","name":"Peterson & Recalcati: All-time Wrestling register - IspirazioneSportiva.com","headline":"Peterson &#038; Recalcati: All-time Wrestling register","author":{"@id":"https:\/\/ispirazionesportiva.com\/index.php\/author\/supermariolemieux\/#author"},"publisher":{"@id":"https:\/\/ispirazionesportiva.com\/#organization"},"image":{"@type":"ImageObject","url":"https:\/\/i0.wp.com\/ispirazionesportiva.com\/wp-content\/uploads\/sites\/3\/2022\/06\/WhatsApp-Image-2022-06-23-at-10.58.04.jpeg?fit=972%2C1296&ssl=1","width":972,"height":1296},"datePublished":"2022-06-23T11:19:05+02:00","dateModified":"2026-07-25T22:41:35+02:00","inLanguage":"it-IT","mainEntityOfPage":{"@id":"https:\/\/ispirazionesportiva.com\/index.php\/2022\/06\/23\/peterson-recalcati-all-time-wrestling-register\/#webpage"},"isPartOf":{"@id":"https:\/\/ispirazionesportiva.com\/index.php\/2022\/06\/23\/peterson-recalcati-all-time-wrestling-register\/#webpage"},"articleSection":"Altri sport, La biblioteca, Loro sono leggenda, vai e spacca tutto, Wrestling"},{"@type":"BreadcrumbList","@id":"https:\/\/ispirazionesportiva.com\/index.php\/2022\/06\/23\/peterson-recalcati-all-time-wrestling-register\/#breadcrumblist","itemListElement":[{"@type":"ListItem","@id":"https:\/\/ispirazionesportiva.com#listItem","position":1,"name":"Home","item":"https:\/\/ispirazionesportiva.com","nextItem":{"@type":"ListItem","@id":"https:\/\/ispirazionesportiva.com\/index.php\/category\/altri-sport\/#listItem","name":"Altri sport"}},{"@type":"ListItem","@id":"https:\/\/ispirazionesportiva.com\/index.php\/category\/altri-sport\/#listItem","position":2,"name":"Altri sport","item":"https:\/\/ispirazionesportiva.com\/index.php\/category\/altri-sport\/","nextItem":{"@type":"ListItem","@id":"https:\/\/ispirazionesportiva.com\/index.php\/category\/altri-sport\/loro-sono-leggenda-altri-sport\/#listItem","name":"Loro sono leggenda"},"previousItem":{"@type":"ListItem","@id":"https:\/\/ispirazionesportiva.com#listItem","name":"Home"}},{"@type":"ListItem","@id":"https:\/\/ispirazionesportiva.com\/index.php\/category\/altri-sport\/loro-sono-leggenda-altri-sport\/#listItem","position":3,"name":"Loro sono leggenda","item":"https:\/\/ispirazionesportiva.com\/index.php\/category\/altri-sport\/loro-sono-leggenda-altri-sport\/","nextItem":{"@type":"ListItem","@id":"https:\/\/ispirazionesportiva.com\/index.php\/2022\/06\/23\/peterson-recalcati-all-time-wrestling-register\/#listItem","name":"Peterson &#038; Recalcati: All-time Wrestling register"},"previousItem":{"@type":"ListItem","@id":"https:\/\/ispirazionesportiva.com\/index.php\/category\/altri-sport\/#listItem","name":"Altri sport"}},{"@type":"ListItem","@id":"https:\/\/ispirazionesportiva.com\/index.php\/2022\/06\/23\/peterson-recalcati-all-time-wrestling-register\/#listItem","position":4,"name":"Peterson &#038; Recalcati: All-time Wrestling register","previousItem":{"@type":"ListItem","@id":"https:\/\/ispirazionesportiva.com\/index.php\/category\/altri-sport\/loro-sono-leggenda-altri-sport\/#listItem","name":"Loro sono leggenda"}}]},{"@type":"Organization","@id":"https:\/\/ispirazionesportiva.com\/#organization","name":"IspirazioneSportiva.com","description":"Le storie sportive che emozionano","url":"https:\/\/ispirazionesportiva.com\/","logo":{"@type":"ImageObject","url":"https:\/\/i0.wp.com\/ispirazionesportiva.com\/wp-content\/uploads\/sites\/3\/2020\/09\/cropped-PHOTO-2020-09-16-08-47-03-e1600279086776-1.jpg?fit=500%2C230&ssl=1","@id":"https:\/\/ispirazionesportiva.com\/index.php\/2022\/06\/23\/peterson-recalcati-all-time-wrestling-register\/#organizationLogo","width":500,"height":230},"image":{"@id":"https:\/\/ispirazionesportiva.com\/index.php\/2022\/06\/23\/peterson-recalcati-all-time-wrestling-register\/#organizationLogo"}},{"@type":"Person","@id":"https:\/\/ispirazionesportiva.com\/index.php\/author\/supermariolemieux\/#author","url":"https:\/\/ispirazionesportiva.com\/index.php\/author\/supermariolemieux\/","name":"Francesco Fiori","image":{"@type":"ImageObject","@id":"https:\/\/ispirazionesportiva.com\/index.php\/2022\/06\/23\/peterson-recalcati-all-time-wrestling-register\/#authorImage","url":"https:\/\/secure.gravatar.com\/avatar\/beff881b593f312e866653a8c45295843e00b61ce1984ceaacd4e1709e4c1b57?s=96&d=mm&r=g","width":96,"height":96,"caption":"Francesco Fiori"}},{"@type":"WebPage","@id":"https:\/\/ispirazionesportiva.com\/index.php\/2022\/06\/23\/peterson-recalcati-all-time-wrestling-register\/#webpage","url":"https:\/\/ispirazionesportiva.com\/index.php\/2022\/06\/23\/peterson-recalcati-all-time-wrestling-register\/","name":"Peterson & Recalcati: All-time Wrestling register - IspirazioneSportiva.com","description":"La biblioteca di Ispirazione Sportiva racconta oggi il libro scritto da Dan Peterson e Christian Recalcati, prima edizione del 2003, che non dovrebbe mancare in nessuna libreria degli appassionati del wrestling, sport-spettacolo che ha avuto il boom in Italia negli anni 90. Proprio Dan Peterson \u00e8 stato il primo commentatore che su Tele+2 ha contribuito","inLanguage":"it-IT","isPartOf":{"@id":"https:\/\/ispirazionesportiva.com\/#website"},"breadcrumb":{"@id":"https:\/\/ispirazionesportiva.com\/index.php\/2022\/06\/23\/peterson-recalcati-all-time-wrestling-register\/#breadcrumblist"},"author":{"@id":"https:\/\/ispirazionesportiva.com\/index.php\/author\/supermariolemieux\/#author"},"creator":{"@id":"https:\/\/ispirazionesportiva.com\/index.php\/author\/supermariolemieux\/#author"},"image":{"@type":"ImageObject","url":"https:\/\/i0.wp.com\/ispirazionesportiva.com\/wp-content\/uploads\/sites\/3\/2022\/06\/WhatsApp-Image-2022-06-23-at-10.58.04.jpeg?fit=972%2C1296&ssl=1","@id":"https:\/\/ispirazionesportiva.com\/index.php\/2022\/06\/23\/peterson-recalcati-all-time-wrestling-register\/#mainImage","width":972,"height":1296},"primaryImageOfPage":{"@id":"https:\/\/ispirazionesportiva.com\/index.php\/2022\/06\/23\/peterson-recalcati-all-time-wrestling-register\/#mainImage"},"datePublished":"2022-06-23T11:19:05+02:00","dateModified":"2026-07-25T22:41:35+02:00"},{"@type":"WebSite","@id":"https:\/\/ispirazionesportiva.com\/#website","url":"https:\/\/ispirazionesportiva.com\/","name":"IspirazioneSportiva.com","description":"Le storie sportive che emozionano","inLanguage":"it-IT","publisher":{"@id":"https:\/\/ispirazionesportiva.com\/#organization"}}]},"og:locale":"it_IT","og:site_name":"IspirazioneSportiva.com - Le storie sportive che emozionano","og:type":"article","og:title":"Peterson &amp; Recalcati: All-time Wrestling register - IspirazioneSportiva.com","og:description":"La biblioteca di Ispirazione Sportiva racconta oggi il libro scritto da Dan Peterson e Christian Recalcati, prima edizione del 2003, che non dovrebbe mancare in nessuna libreria degli appassionati del wrestling, sport-spettacolo che ha avuto il boom in Italia negli anni 90. Proprio Dan Peterson \u00e8 stato il primo commentatore che su Tele+2 ha contribuito","og:url":"https:\/\/ispirazionesportiva.com\/index.php\/2022\/06\/23\/peterson-recalcati-all-time-wrestling-register\/","og:image":"https:\/\/i0.wp.com\/ispirazionesportiva.com\/wp-content\/uploads\/sites\/3\/2020\/09\/cropped-PHOTO-2020-09-16-08-47-03-e1600279086776-1.jpg?fit=500%2C230&#038;ssl=1","og:image:secure_url":"https:\/\/i0.wp.com\/ispirazionesportiva.com\/wp-content\/uploads\/sites\/3\/2020\/09\/cropped-PHOTO-2020-09-16-08-47-03-e1600279086776-1.jpg?fit=500%2C230&#038;ssl=1","article:published_time":"2022-06-23T09:19:05+00:00","article:modified_time":"2026-07-25T20:41:35+00:00","twitter:card":"summary_large_image","twitter:title":"Peterson &amp; Recalcati: All-time Wrestling register - IspirazioneSportiva.com","twitter:description":"La biblioteca di Ispirazione Sportiva racconta oggi il libro scritto da Dan Peterson e Christian Recalcati, prima edizione del 2003, che non dovrebbe mancare in nessuna libreria degli appassionati del wrestling, sport-spettacolo che ha avuto il boom in Italia negli anni 90. Proprio Dan Peterson \u00e8 stato il primo commentatore che su Tele+2 ha contribuito","twitter:image":"https:\/\/i0.wp.com\/ispirazionesportiva.com\/wp-content\/uploads\/sites\/3\/2020\/09\/cropped-PHOTO-2020-09-16-08-47-03-e1600279086776-1.jpg?fit=500%2C230&ssl=1"},"aioseo_meta_data":{"post_id":"1546","title":null,"description":null,"keywords":null,"keyphrases":null,"primary_term":null,"canonical_url":null,"og_title":null,"og_description":null,"og_object_type":"default","og_image_type":"default","og_image_custom_url":null,"og_image_custom_fields":null,"og_image_url":null,"og_image_width":null,"og_image_height":null,"og_video":null,"og_custom_url":null,"og_article_section":null,"og_article_tags":null,"twitter_use_og":false,"twitter_card":"default","twitter_image_type":"default","twitter_image_custom_url":null,"twitter_image_custom_fields":null,"twitter_image_url":null,"twitter_title":null,"twitter_description":null,"schema_type":"default","schema_type_options":null,"schema":{"blockGraphs":[],"customGraphs":[],"default":{"data":{"Article":[],"Course":[],"Dataset":[],"FAQPage":[],"Movie":[],"Person":[],"Product":[],"ProductReview":[],"Car":[],"Recipe":[],"Service":[],"SoftwareApplication":[],"WebPage":[]},"graphName":"","isEnabled":true},"graphs":[]},"pillar_content":false,"robots_default":true,"robots_noindex":false,"robots_noarchive":false,"robots_nosnippet":false,"robots_nofollow":false,"robots_noimageindex":false,"robots_noodp":false,"robots_notranslate":false,"robots_max_snippet":null,"robots_max_videopreview":null,"robots_max_imagepreview":"large","priority":null,"frequency":null,"local_seo":null,"limit_modified_date":false,"ai":null,"breadcrumb_settings":null,"seo_analyzer_scan_date":null,"created":"2026-07-23 16:35:47","updated":"2026-07-26 09:50:58"},"aioseo_breadcrumb":"<div class=\"aioseo-breadcrumbs\"><span class=\"aioseo-breadcrumb\">\n\t\t\t<a href=\"https:\/\/ispirazionesportiva.com\" title=\"Home\">Home<\/a>\n\t\t<\/span><span class=\"aioseo-breadcrumb-separator\">&raquo;<\/span><span class=\"aioseo-breadcrumb\">\n\t\t\t<a href=\"https:\/\/ispirazionesportiva.com\/index.php\/category\/altri-sport\/\" title=\"Altri sport\">Altri sport<\/a>\n\t\t<\/span><span class=\"aioseo-breadcrumb-separator\">&raquo;<\/span><span class=\"aioseo-breadcrumb\">\n\t\t\t<a href=\"https:\/\/ispirazionesportiva.com\/index.php\/category\/altri-sport\/loro-sono-leggenda-altri-sport\/\" title=\"Loro sono leggenda\">Loro sono leggenda<\/a>\n\t\t<\/span><span class=\"aioseo-breadcrumb-separator\">&raquo;<\/span><span class=\"aioseo-breadcrumb\">\n\t\t\tPeterson &amp; Recalcati: All-time Wrestling register\n\t\t<\/span><\/div>","aioseo_breadcrumb_json":[{"label":"Home","link":"https:\/\/ispirazionesportiva.com"},{"label":"Altri sport","link":"https:\/\/ispirazionesportiva.com\/index.php\/category\/altri-sport\/"},{"label":"Loro sono leggenda","link":"https:\/\/ispirazionesportiva.com\/index.php\/category\/altri-sport\/loro-sono-leggenda-altri-sport\/"},{"label":"Peterson &#038; Recalcati: All-time Wrestling register","link":"https:\/\/ispirazionesportiva.com\/index.php\/2022\/06\/23\/peterson-recalcati-all-time-wrestling-register\/"}],"jetpack_publicize_connections":[],"jetpack_featured_media_url":"https:\/\/i0.wp.com\/ispirazionesportiva.com\/wp-content\/uploads\/sites\/3\/2022\/06\/WhatsApp-Image-2022-06-23-at-10.58.04.jpeg?fit=972%2C1296&ssl=1","jetpack_sharing_enabled":true,"jetpack_likes_enabled":true,"amp_enabled":true,"_links":{"self":[{"href":"https:\/\/ispirazionesportiva.com\/index.php\/wp-json\/wp\/v2\/posts\/1546","targetHints":{"allow":["GET"]}}],"collection":[{"href":"https:\/\/ispirazionesportiva.com\/index.php\/wp-json\/wp\/v2\/posts"}],"about":[{"href":"https:\/\/ispirazionesportiva.com\/index.php\/wp-json\/wp\/v2\/types\/post"}],"author":[{"embeddable":true,"href":"https:\/\/ispirazionesportiva.com\/index.php\/wp-json\/wp\/v2\/users\/5"}],"replies":[{"embeddable":true,"href":"https:\/\/ispirazionesportiva.com\/index.php\/wp-json\/wp\/v2\/comments?post=1546"}],"version-history":[{"count":3,"href":"https:\/\/ispirazionesportiva.com\/index.php\/wp-json\/wp\/v2\/posts\/1546\/revisions"}],"predecessor-version":[{"id":2611,"href":"https:\/\/ispirazionesportiva.com\/index.php\/wp-json\/wp\/v2\/posts\/1546\/revisions\/2611"}],"wp:featuredmedia":[{"embeddable":true,"href":"https:\/\/ispirazionesportiva.com\/index.php\/wp-json\/wp\/v2\/media\/1547"}],"wp:attachment":[{"href":"https:\/\/ispirazionesportiva.com\/index.php\/wp-json\/wp\/v2\/media?parent=1546"}],"wp:term":[{"taxonomy":"category","embeddable":true,"href":"https:\/\/ispirazionesportiva.com\/index.php\/wp-json\/wp\/v2\/categories?post=1546"},{"taxonomy":"post_tag","embeddable":true,"href":"https:\/\/ispirazionesportiva.com\/index.php\/wp-json\/wp\/v2\/tags?post=1546"}],"curies":[{"name":"wp","href":"https:\/\/api.w.org\/{rel}","templated":true}]}}