{"id":1540,"date":"2022-06-21T12:40:00","date_gmt":"2022-06-21T10:40:00","guid":{"rendered":"https:\/\/ispirazionesportiva.com\/?p=1540"},"modified":"2023-12-10T21:19:01","modified_gmt":"2023-12-10T19:19:01","slug":"beppe-donazzan-ayrton-senna-la-vita-in-quattro-giorni","status":"publish","type":"post","link":"https:\/\/ispirazionesportiva.com\/index.php\/2022\/06\/21\/beppe-donazzan-ayrton-senna-la-vita-in-quattro-giorni\/","title":{"rendered":"Beppe Donazzan: Ayrton Senna, la vita in quattro giorni"},"content":{"rendered":"\r\n<p>La biblioteca di Ispirazione Sportiva oggi propone il libro di <strong>Beppe Donazzan <\/strong>sul grande Ayrton Senna uscito nel marzo del 2003: <strong>Ayrton Senna, la vita in quattro giorni<\/strong>.<\/p>\r\n\r\n\r\n\r\n<p>Il libro riprende gli ultimi istanti del campionissimo brasiliano in quel triste weekend del maggio &#8217;94, quando la Formula Uno visse il <strong>suo giorno pi\u00f9 nero<\/strong>.<\/p>\r\n\r\n\r\n\r\n<p>Il libro si racconta prima attraverso le parole di <strong>Giorgio Lago<\/strong>, (<em>indimenticabile direttore del Gazzettino dal 1984 al 1996<\/em>)che spiega che lo sguardo di Ayrton \u00e8 presente anche nell&#8217;automobilismo attuale, passando poi per Schumacher che nella classifica 1994 aveva preso gi\u00e0 il volo e arrivando alla paura per l&#8217;incidente di Barrichello fino alla disperazione per quello, mortale, di <strong>Roland Ratzenberger<\/strong>.<\/p>\r\n\r\n\r\n\r\n<p>La Williams del 1994 non godeva pi\u00f9 del vantaggio che l&#8217;aveva portata a dominare i due campionati precedenti con<strong> Mansell e Prost<\/strong>. Una macchina stretta, con un volante che non piaceva a Senna e che aveva richiesto di cambiare. Anche il piantone dello sterzo fu alleggerito per migliorare l&#8217;abitacolo, ma alle <strong>14:17 del primo maggio<\/strong>, quelle saldature fatte in maniera approssimativa, cedettero nei sobbalzi della curva Tamburello.<\/p>\r\n\r\n\r\n\r\n<p>Per Ayrton non ci fu niente da fare, da eroe era appena diventato leggenda.<\/p>\r\n\r\n\r\n\r\n<p>Il libro si conclude con le fasi della sentenza su <strong>Patrick Head<\/strong>, Frank Williams e Adrian Newey, tutti assolti al processo per la morte del brasiliano (vi ricordo che il libro \u00e8 del 2003, poich\u00e9 poi la cassazione nel 2007 ha ha respinto la richiesta di assoluzione per il tecnico inglese e ha confermato a suo carico anche il giudizio di responsabilit\u00e0 per le modifiche\u00a0<em>male progettate e male eseguite<\/em>, pur confermando la sentenza di prescrizione del processo d&#8217;appello.<\/p>\r\n\r\n\r\n\r\n<p><strong>Il libro fa parte dei pezzi di un grandissimo scrittore, Beppe Donazzan, classe 1949, scomparso purtroppo il 28 gennaio 2019, di cui si pu\u00f2 scoprire l&#8217;umanit\u00e0 nel ricordo di Senna, ma anche in altri capolavori scritti dallo stesso su Schumacher o sull&#8217;Aprilia<\/strong>.<\/p>\r\n\r\n\r\n\r\n<p>Le sue opere sono pietre miliari dell&#8217;automobilismo e dello sport:<\/p>\r\n\r\n\r\n\r\n<p><em>Sotto il segno dei Rallye\u201d, in due volumi (2013-2014), e \u201cDakar\u201d (Giorgio Nada Editore) (2015); \u201cAyrton Senna Immortale\u201d (2014), \u201cSchumacher Simply the Best\u201d (Ultra Sport) (2016); \u201cTutti figli del San Martino\u201d (Limina) (2010); \u201cSan Martino mag\u00eca di un Rallye\u201d (Antiga Edizioni) (2015); Il Moro di Venezia e il sogno di Coppa America\u201d (Edizioni Mare Verticale) (2016); \u201cIl Signor Aprilia\u201d (2000), \u201cUna vita a colori\u201d (2001) e \u201cLa forza del sogno\u201d (Marsilio) (2006)<\/em><\/p>\r\n\r\n\r\n\r\n<p><strong><em>Per noi di Ispirazione Sportiva \u00e8 un grande onore ricordarlo<\/em><\/strong>.<\/p>\r\n\r\n\r\n\r\n<figure class=\"wp-block-image size-full\"><img loading=\"lazy\" decoding=\"async\" width=\"500\" height=\"345\" class=\"wp-image-1544\" src=\"https:\/\/ispirazionesportiva.com\/wp-content\/uploads\/2022\/06\/Donazzan.jpg\" alt=\"\" srcset=\"https:\/\/ispirazionesportiva.com\/wp-content\/uploads\/2022\/06\/Donazzan.jpg 500w, https:\/\/ispirazionesportiva.com\/wp-content\/uploads\/2022\/06\/Donazzan-300x207.jpg 300w\" sizes=\"auto, (max-width: 500px) 100vw, 500px\" \/><\/figure>\r\n\r\n\r\n\r\n<p><strong>Gli altri libri su Senna di Ispirazione Sportiva:<\/strong><\/p>\r\n\r\n\r\n\r\n<figure class=\"wp-block-embed is-type-wp-embed is-provider-ispirazionesportiva-com wp-block-embed-ispirazionesportiva-com\">\r\n<div class=\"wp-block-embed__wrapper\">https:\/\/ispirazionesportiva.com\/index.php\/2021\/07\/17\/dal-monte-zappelloni-il-grande-libro-della-formula-uno\/<\/div>\r\n<\/figure>\r\n\r\n\r\n\r\n<figure class=\"wp-block-embed is-type-wp-embed is-provider-ispirazionesportiva-com wp-block-embed-ispirazionesportiva-com\">\r\n<div class=\"wp-block-embed__wrapper\">https:\/\/ispirazionesportiva.com\/index.php\/2021\/03\/30\/carlo-ametrano-ayrton-per-sempre-nel-cuore\/<\/div>\r\n<\/figure>\r\n\r\n\r\n\r\n<figure class=\"wp-block-embed is-type-wp-embed is-provider-ispirazionesportiva-com wp-block-embed-ispirazionesportiva-com\">\r\n<div class=\"wp-block-embed__wrapper\">https:\/\/ispirazionesportiva.com\/index.php\/2020\/08\/11\/senna-inedito\/<\/div>\r\n<\/figure>\r\n\r\n\r\n\r\n<p>Gli articoli su Senna:<\/p>\r\n\r\n\r\n\r\n<figure class=\"wp-block-embed is-type-wp-embed is-provider-ispirazionesportiva-com wp-block-embed-ispirazionesportiva-com\">\r\n<div class=\"wp-block-embed__wrapper\">https:\/\/ispirazionesportiva.com\/index.php\/2022\/05\/01\/ayrton-non-correre-quel-gran-premio\/<\/div>\r\n<\/figure>\r\n\r\n\r\n\r\n<figure class=\"wp-block-embed is-type-wp-embed is-provider-ispirazionesportiva-com wp-block-embed-ispirazionesportiva-com\">\r\n<div class=\"wp-block-embed__wrapper\">https:\/\/ispirazionesportiva.com\/index.php\/2021\/05\/01\/leredita-di-senna-nel-miracolo-zermiani\/<\/div>\r\n<\/figure>\r\n\r\n\r\n\r\n<figure class=\"wp-block-embed is-type-wp-embed is-provider-ispirazionesportiva-com wp-block-embed-ispirazionesportiva-com\">\r\n<div class=\"wp-block-embed__wrapper\">https:\/\/ispirazionesportiva.com\/index.php\/2021\/03\/21\/il-pesco-in-fiore-e-la-nascita-di-ayrton-senna\/<\/div>\r\n<\/figure>\r\n\r\n\r\n\r\n<figure class=\"wp-block-embed is-type-wp-embed is-provider-ispirazionesportiva-com wp-block-embed-ispirazionesportiva-com\">\r\n<div class=\"wp-block-embed__wrapper\">https:\/\/ispirazionesportiva.com\/index.php\/2020\/10\/31\/il-mito-di-un-bimbo-non-muore-mai\/<\/div>\r\n<figcaption><strong><mark class=\"has-inline-color has-vivid-red-color\" style=\"background-color: rgba(0, 0, 0, 0);\">Metti mi piace alla <a href=\"https:\/\/www.facebook.com\/Ispirazionesportivacom-105768114468163\">pagina<\/a> se vuoi consigliarci altri libri sul grande Ayrton Senna<\/mark><\/strong><\/figcaption>\r\n<\/figure>\r\n\r\n\r\n\r\n<p>&nbsp;<\/p>\r\n","protected":false},"excerpt":{"rendered":"<p>La biblioteca di Ispirazione Sportiva oggi propone il libro di Beppe Donazzan sul grande Ayrton&#8230;<\/p>\n","protected":false},"author":4,"featured_media":1541,"comment_status":"closed","ping_status":"closed","sticky":false,"template":"","format":"standard","meta":{"footnotes":""},"categories":[7,71,9],"tags":[],"class_list":["post-1540","post","type-post","status-publish","format-standard","has-post-thumbnail","hentry","category-formula-1","category-i-libri-consigliati-formula-1","category-la-biblioteca"],"yoast_head":"<!-- This site is optimized with the Yoast SEO plugin v21.9 - https:\/\/yoast.com\/wordpress\/plugins\/seo\/ -->\n<title>Beppe Donazzan: Ayrton Senna, la vita in quattro giorni - IspirazioneSportiva.com<\/title>\n<meta name=\"robots\" content=\"index, follow, max-snippet:-1, max-image-preview:large, max-video-preview:-1\" \/>\n<link rel=\"canonical\" href=\"https:\/\/ispirazionesportiva.com\/index.php\/2022\/06\/21\/beppe-donazzan-ayrton-senna-la-vita-in-quattro-giorni\/\" \/>\n<meta property=\"og:locale\" content=\"it_IT\" \/>\n<meta property=\"og:type\" content=\"article\" \/>\n<meta property=\"og:title\" content=\"Beppe Donazzan: Ayrton Senna, la vita in quattro giorni\" \/>\n<meta property=\"og:description\" content=\"Beppe Donazzan: Ayrton Senna, la vita in quattro giorni\" \/>\n<meta property=\"og:url\" content=\"https:\/\/ispirazionesportiva.com\/index.php\/2022\/06\/21\/beppe-donazzan-ayrton-senna-la-vita-in-quattro-giorni\/\" \/>\n<meta property=\"og:site_name\" content=\"IspirazioneSportiva.com\" \/>\n<meta property=\"article:publisher\" content=\"https:\/\/www.facebook.com\/search\/top\/?q=ispirazionesportiva.com\" \/>\n<meta property=\"article:author\" content=\"https:\/\/www.facebook.com\/supermariolemieux\/\" \/>\n<meta property=\"article:published_time\" content=\"2022-06-21T10:40:00+00:00\" \/>\n<meta property=\"article:modified_time\" content=\"2023-12-10T19:19:01+00:00\" \/>\n<meta property=\"og:image\" content=\"https:\/\/ispirazionesportiva.com\/wp-content\/uploads\/2022\/06\/WhatsApp-Image-2022-06-21-at-09.54.51.jpeg\" \/>\n\t<meta property=\"og:image:width\" content=\"972\" \/>\n\t<meta property=\"og:image:height\" content=\"1296\" \/>\n\t<meta property=\"og:image:type\" content=\"image\/jpeg\" \/>\n<meta name=\"author\" content=\"Francesco Fiori\" \/>\n<meta name=\"twitter:card\" content=\"summary_large_image\" \/>\n<meta name=\"twitter:title\" content=\"Beppe Donazzan: Ayrton #Senna, la vita in quattro giorni\" \/>\n<meta name=\"twitter:image\" content=\"https:\/\/ispirazionesportiva.com\/wp-content\/uploads\/2022\/06\/WhatsApp-Image-2022-06-21-at-09.54.51.jpeg\" \/>\n<meta name=\"twitter:creator\" content=\"@frafiori21\" \/>\n<meta name=\"twitter:site\" content=\"@FraFiori21\" \/>\n<meta name=\"twitter:label1\" content=\"Scritto da\" \/>\n\t<meta name=\"twitter:data1\" content=\"Francesco Fiori\" \/>\n\t<meta name=\"twitter:label2\" content=\"Tempo di lettura stimato\" \/>\n\t<meta name=\"twitter:data2\" content=\"3 minuti\" \/>\n<script type=\"application\/ld+json\" class=\"yoast-schema-graph\">{\"@context\":\"https:\/\/schema.org\",\"@graph\":[{\"@type\":\"Article\",\"@id\":\"https:\/\/ispirazionesportiva.com\/index.php\/2022\/06\/21\/beppe-donazzan-ayrton-senna-la-vita-in-quattro-giorni\/#article\",\"isPartOf\":{\"@id\":\"https:\/\/ispirazionesportiva.com\/index.php\/2022\/06\/21\/beppe-donazzan-ayrton-senna-la-vita-in-quattro-giorni\/\"},\"author\":{\"name\":\"Francesco Fiori\",\"@id\":\"https:\/\/ispirazionesportiva.com\/#\/schema\/person\/7288fdedc9108918baa7bb22bab31fb7\"},\"headline\":\"Beppe Donazzan: Ayrton Senna, la vita in quattro giorni\",\"datePublished\":\"2022-06-21T10:40:00+00:00\",\"dateModified\":\"2023-12-10T19:19:01+00:00\",\"mainEntityOfPage\":{\"@id\":\"https:\/\/ispirazionesportiva.com\/index.php\/2022\/06\/21\/beppe-donazzan-ayrton-senna-la-vita-in-quattro-giorni\/\"},\"wordCount\":465,\"publisher\":{\"@id\":\"https:\/\/ispirazionesportiva.com\/#organization\"},\"articleSection\":[\"Formula 1\",\"I libri consigliati formula 1\",\"La biblioteca\"],\"inLanguage\":\"it-IT\"},{\"@type\":\"WebPage\",\"@id\":\"https:\/\/ispirazionesportiva.com\/index.php\/2022\/06\/21\/beppe-donazzan-ayrton-senna-la-vita-in-quattro-giorni\/\",\"url\":\"https:\/\/ispirazionesportiva.com\/index.php\/2022\/06\/21\/beppe-donazzan-ayrton-senna-la-vita-in-quattro-giorni\/\",\"name\":\"Beppe Donazzan: Ayrton Senna, la vita in quattro giorni - IspirazioneSportiva.com\",\"isPartOf\":{\"@id\":\"https:\/\/ispirazionesportiva.com\/#website\"},\"datePublished\":\"2022-06-21T10:40:00+00:00\",\"dateModified\":\"2023-12-10T19:19:01+00:00\",\"breadcrumb\":{\"@id\":\"https:\/\/ispirazionesportiva.com\/index.php\/2022\/06\/21\/beppe-donazzan-ayrton-senna-la-vita-in-quattro-giorni\/#breadcrumb\"},\"inLanguage\":\"it-IT\",\"potentialAction\":[{\"@type\":\"ReadAction\",\"target\":[\"https:\/\/ispirazionesportiva.com\/index.php\/2022\/06\/21\/beppe-donazzan-ayrton-senna-la-vita-in-quattro-giorni\/\"]}]},{\"@type\":\"BreadcrumbList\",\"@id\":\"https:\/\/ispirazionesportiva.com\/index.php\/2022\/06\/21\/beppe-donazzan-ayrton-senna-la-vita-in-quattro-giorni\/#breadcrumb\",\"itemListElement\":[{\"@type\":\"ListItem\",\"position\":1,\"name\":\"Home\",\"item\":\"https:\/\/ispirazionesportiva.com\/\"},{\"@type\":\"ListItem\",\"position\":2,\"name\":\"Beppe Donazzan: Ayrton Senna, la vita in quattro giorni\"}]},{\"@type\":\"WebSite\",\"@id\":\"https:\/\/ispirazionesportiva.com\/#website\",\"url\":\"https:\/\/ispirazionesportiva.com\/\",\"name\":\"IspirazioneSportiva.com\",\"description\":\"Le storie sportive che emozionano\",\"publisher\":{\"@id\":\"https:\/\/ispirazionesportiva.com\/#organization\"},\"potentialAction\":[{\"@type\":\"SearchAction\",\"target\":{\"@type\":\"EntryPoint\",\"urlTemplate\":\"https:\/\/ispirazionesportiva.com\/?s={search_term_string}\"},\"query-input\":\"required name=search_term_string\"}],\"inLanguage\":\"it-IT\"},{\"@type\":\"Organization\",\"@id\":\"https:\/\/ispirazionesportiva.com\/#organization\",\"name\":\"ispirazionesportiva.com\",\"url\":\"https:\/\/ispirazionesportiva.com\/\",\"logo\":{\"@type\":\"ImageObject\",\"inLanguage\":\"it-IT\",\"@id\":\"https:\/\/ispirazionesportiva.com\/#\/schema\/logo\/image\/\",\"url\":\"https:\/\/ispirazionesportiva.com\/wp-content\/uploads\/2020\/08\/1589964388149.jpg\",\"contentUrl\":\"https:\/\/ispirazionesportiva.com\/wp-content\/uploads\/2020\/08\/1589964388149.jpg\",\"width\":980,\"height\":600,\"caption\":\"ispirazionesportiva.com\"},\"image\":{\"@id\":\"https:\/\/ispirazionesportiva.com\/#\/schema\/logo\/image\/\"},\"sameAs\":[\"https:\/\/www.facebook.com\/search\/top\/?q=ispirazionesportiva.com\",\"https:\/\/twitter.com\/FraFiori21\",\"https:\/\/www.instagram.com\/ispirazione_sportiva\/?hl=it\",\"https:\/\/www.linkedin.com\/in\/mario-francesco-fiori-8788ba1b4\/\"]},{\"@type\":\"Person\",\"@id\":\"https:\/\/ispirazionesportiva.com\/#\/schema\/person\/7288fdedc9108918baa7bb22bab31fb7\",\"name\":\"Francesco Fiori\",\"image\":{\"@type\":\"ImageObject\",\"inLanguage\":\"it-IT\",\"@id\":\"https:\/\/ispirazionesportiva.com\/#\/schema\/person\/image\/\",\"url\":\"https:\/\/secure.gravatar.com\/avatar\/beff881b593f312e866653a8c45295843e00b61ce1984ceaacd4e1709e4c1b57?s=96&d=mm&r=g\",\"contentUrl\":\"https:\/\/secure.gravatar.com\/avatar\/beff881b593f312e866653a8c45295843e00b61ce1984ceaacd4e1709e4c1b57?s=96&d=mm&r=g\",\"caption\":\"Francesco Fiori\"},\"description\":\"Francesco Fiori \u00e8 un giornalista sardo, classe 1983, con la passione per il racconto dello sport. Di tutto lo sport. Aveva 6 anni quando, sicuramente errore o destino, ebbe in regalo una semplice radio, senza pensare alle conseguenze successive del pianeta sportivo. Una domenica, finiti i compiti, giocando con quel mezzo, capt\u00f2 la voce roca di Sandro Ciotti. Aveva appena scoperto l\u2019esistenza di Tutto il calcio minuto per minuto. La prima sfida arriva nella stagione calcistica 90\/91, quando lo zio, incredibile giornalista locale, gli diede come compito raccontare la giornata calcistica appena conclusa. Quel tema, ad appena 7 anni, risult\u00f2 migliore rispetto alle tabelline, mai entrate volentieri in testa. Il premio fu la presenza alla gara di cartello della squadra del suo paese, il Ploaghe, due settimane pi\u00f9 tardi. Destino volle che la morte prese suo zio proprio il mercoled\u00ec prima, innescando in Fiori la voglia di diventare giornalista. A scuola alla domanda \u201cHai solo il calcio in testa?\u201d rispondeva \u201cNo, anche il ciclismo\u201d e gli anni di partite contemporanee la domenica e di Tele +2 col calcio estero crearono un piccolo \u201cpsicopatico sportivo\u201d. Tra gli sport di cui si innamora c\u2019\u00e8 l\u2019hockey americano, soprattutto nella mitologica figura di Mario Lemieux. Poco prima della morte del padre, nel febbraio 2001, Fiori trova su La Gazzetta dello Sport proprio un trafiletto con scritto del ritorno sul ghiaccio di Lemieux dopo aver sconfitto una forma tumorale e un ritiro di 3 anni. Da l\u00ec altra promessa, qualora arrivi la possibilit\u00e0 di scrivere un articolo, questo sar\u00e0 su Lemieux il Magnifico. Diventato ragioniere capisce immediatamente che iva e fatture sono molto pi\u00f9 noiose del previsto e la prima collaborazione col giornale \u201cSa Bovida\u201d gli fanno capire le regole basi del giornalismo, cosa che Fiori ignorava ma che rispettava, chiedendo solo la possibilit\u00e0 di scrivere e far colpo. Chiusa la parentesi Sa Bovida per problemi logistici e di salute dell\u2019immenso Antonio Delitala ecco il primo reale colpo di fulmine, il sito di hockey Nhl Playitusa che non ha un articolo su Lemieux. Il direttore, con una mail che Fiori ancora oggi custodisce, risponde: \u201cBeh, perch\u00e9 non provi a scriverne uno tu?\u201d Il resto \u00e8 la storia scritta al pc dopo averne scritto 5 pagine in un quadernone a quadretti. Un cambio di lavoro, non per sua volont\u00e0, spariglia le carte in tavola, col ragazzo che stando fuori casa tutto il tempo deve abbandonare la scrittura, ma peggio ancora va col primo di 3 ictus che colpiscono la mamma proprio in quel periodo. Tempo al tempo e con un altro cambio di lavoro ecco l\u2019opzione che lo colpisce, scrivere della sua amata Inter sul sito SpazioInter. Gli inizi sono complicati, scrivere secondo le regole e non avere carta bianca lo bloccano un pochino, fino all\u2019esplosione che nel sito si chiama Live. Il Live sarebbe il racconto, minuto per minuto e in contemporanea, della partita in tv e a Fiori tocca esordire con Milan-Inter. Quella sera il divertimento raggiunge le stelle, anzi, le supera e da quel momento l\u2019impegno \u00e8 triplo, con le perle di interviste a Sandro Mazzola (che risate), Gigi Simoni (che gentilezza) e Riccardo Cucchi, suo idolo radiofonico. Il tesserino da giornalista gli fa mantenere la parola data a 6 anni e ancor pi\u00f9 sorprendente \u00e8 la proposta di essere addetto stampa proprio della squadra locale, andare a vedere quelle partite che il destino gli negarono nel 1991. Si chiede spesso se sia il destino a far scherzi oppure se semplicemente la vita va accettata per quella che \u00e8. Il 30 gennaio 2021, dopo un ricovero di un mese con tutte le aggravanti possibili, in ospedale viene a mancare la mamma di Francesco. Il colpo \u00e8 brutale. Il conto \u00e8 pesantissimo, la mente lontana, lo scrivere, anche solo un piccolo pensiero sulla giornata calcistica, \u00e8 di una difficolt\u00e0 che ad oggi \u00e8 ancora lontana dall'essere superata. Il resto \u00e8 storia o noia, dipende da che parte si vuol vedere, dagli articoli su Gazzetta Fan News al raccontare qualsiasi sport, perch\u00e9 per Fiori ogni sport ha un suo eroe e perch\u00e9 ora, con IspirazioneSportiva.com, sar\u00e0 ancor pi\u00f9 spettacolare dar libero sfogo a qualsiasi ispirazione, come dice il nome e come gli ha insegnato Riccardo Cucchi: \u201cNella vita mai smettere di sognare!\u201d. Anzi, scusate il ritardo! Mail: fcroda@yahoo.it Fb: supermariolemieux pec: francesco.fiori@pecgiornalisti.it\",\"sameAs\":[\"https:\/\/www.facebook.com\/supermariolemieux\/\",\"https:\/\/www.instagram.com\/francescofiori12\/\",\"https:\/\/www.linkedin.com\/in\/francesco-fiori-b45614176\/\",\"https:\/\/twitter.com\/frafiori21\"],\"url\":\"https:\/\/ispirazionesportiva.com\/index.php\/author\/supermariolemieux\/\"}]}<\/script>\n<!-- \/ Yoast SEO plugin. -->","yoast_head_json":{"title":"Beppe Donazzan: Ayrton Senna, la vita in quattro giorni - IspirazioneSportiva.com","robots":{"index":"index","follow":"follow","max-snippet":"max-snippet:-1","max-image-preview":"max-image-preview:large","max-video-preview":"max-video-preview:-1"},"canonical":"https:\/\/ispirazionesportiva.com\/index.php\/2022\/06\/21\/beppe-donazzan-ayrton-senna-la-vita-in-quattro-giorni\/","og_locale":"it_IT","og_type":"article","og_title":"Beppe Donazzan: Ayrton Senna, la vita in quattro giorni","og_description":"Beppe Donazzan: Ayrton Senna, la vita in quattro giorni","og_url":"https:\/\/ispirazionesportiva.com\/index.php\/2022\/06\/21\/beppe-donazzan-ayrton-senna-la-vita-in-quattro-giorni\/","og_site_name":"IspirazioneSportiva.com","article_publisher":"https:\/\/www.facebook.com\/search\/top\/?q=ispirazionesportiva.com","article_author":"https:\/\/www.facebook.com\/supermariolemieux\/","article_published_time":"2022-06-21T10:40:00+00:00","article_modified_time":"2023-12-10T19:19:01+00:00","og_image":[{"width":972,"height":1296,"url":"https:\/\/ispirazionesportiva.com\/wp-content\/uploads\/2022\/06\/WhatsApp-Image-2022-06-21-at-09.54.51.jpeg","type":"image\/jpeg"}],"author":"Francesco Fiori","twitter_card":"summary_large_image","twitter_title":"Beppe Donazzan: Ayrton #Senna, la vita in quattro giorni","twitter_image":"https:\/\/ispirazionesportiva.com\/wp-content\/uploads\/2022\/06\/WhatsApp-Image-2022-06-21-at-09.54.51.jpeg","twitter_creator":"@frafiori21","twitter_site":"@FraFiori21","twitter_misc":{"Scritto da":"Francesco Fiori","Tempo di lettura stimato":"3 minuti"},"schema":{"@context":"https:\/\/schema.org","@graph":[{"@type":"Article","@id":"https:\/\/ispirazionesportiva.com\/index.php\/2022\/06\/21\/beppe-donazzan-ayrton-senna-la-vita-in-quattro-giorni\/#article","isPartOf":{"@id":"https:\/\/ispirazionesportiva.com\/index.php\/2022\/06\/21\/beppe-donazzan-ayrton-senna-la-vita-in-quattro-giorni\/"},"author":{"name":"Francesco Fiori","@id":"https:\/\/ispirazionesportiva.com\/#\/schema\/person\/7288fdedc9108918baa7bb22bab31fb7"},"headline":"Beppe Donazzan: Ayrton Senna, la vita in quattro giorni","datePublished":"2022-06-21T10:40:00+00:00","dateModified":"2023-12-10T19:19:01+00:00","mainEntityOfPage":{"@id":"https:\/\/ispirazionesportiva.com\/index.php\/2022\/06\/21\/beppe-donazzan-ayrton-senna-la-vita-in-quattro-giorni\/"},"wordCount":465,"publisher":{"@id":"https:\/\/ispirazionesportiva.com\/#organization"},"articleSection":["Formula 1","I libri consigliati formula 1","La biblioteca"],"inLanguage":"it-IT"},{"@type":"WebPage","@id":"https:\/\/ispirazionesportiva.com\/index.php\/2022\/06\/21\/beppe-donazzan-ayrton-senna-la-vita-in-quattro-giorni\/","url":"https:\/\/ispirazionesportiva.com\/index.php\/2022\/06\/21\/beppe-donazzan-ayrton-senna-la-vita-in-quattro-giorni\/","name":"Beppe Donazzan: Ayrton Senna, la vita in quattro giorni - IspirazioneSportiva.com","isPartOf":{"@id":"https:\/\/ispirazionesportiva.com\/#website"},"datePublished":"2022-06-21T10:40:00+00:00","dateModified":"2023-12-10T19:19:01+00:00","breadcrumb":{"@id":"https:\/\/ispirazionesportiva.com\/index.php\/2022\/06\/21\/beppe-donazzan-ayrton-senna-la-vita-in-quattro-giorni\/#breadcrumb"},"inLanguage":"it-IT","potentialAction":[{"@type":"ReadAction","target":["https:\/\/ispirazionesportiva.com\/index.php\/2022\/06\/21\/beppe-donazzan-ayrton-senna-la-vita-in-quattro-giorni\/"]}]},{"@type":"BreadcrumbList","@id":"https:\/\/ispirazionesportiva.com\/index.php\/2022\/06\/21\/beppe-donazzan-ayrton-senna-la-vita-in-quattro-giorni\/#breadcrumb","itemListElement":[{"@type":"ListItem","position":1,"name":"Home","item":"https:\/\/ispirazionesportiva.com\/"},{"@type":"ListItem","position":2,"name":"Beppe Donazzan: Ayrton Senna, la vita in quattro giorni"}]},{"@type":"WebSite","@id":"https:\/\/ispirazionesportiva.com\/#website","url":"https:\/\/ispirazionesportiva.com\/","name":"IspirazioneSportiva.com","description":"Le storie sportive che emozionano","publisher":{"@id":"https:\/\/ispirazionesportiva.com\/#organization"},"potentialAction":[{"@type":"SearchAction","target":{"@type":"EntryPoint","urlTemplate":"https:\/\/ispirazionesportiva.com\/?s={search_term_string}"},"query-input":"required name=search_term_string"}],"inLanguage":"it-IT"},{"@type":"Organization","@id":"https:\/\/ispirazionesportiva.com\/#organization","name":"ispirazionesportiva.com","url":"https:\/\/ispirazionesportiva.com\/","logo":{"@type":"ImageObject","inLanguage":"it-IT","@id":"https:\/\/ispirazionesportiva.com\/#\/schema\/logo\/image\/","url":"https:\/\/ispirazionesportiva.com\/wp-content\/uploads\/2020\/08\/1589964388149.jpg","contentUrl":"https:\/\/ispirazionesportiva.com\/wp-content\/uploads\/2020\/08\/1589964388149.jpg","width":980,"height":600,"caption":"ispirazionesportiva.com"},"image":{"@id":"https:\/\/ispirazionesportiva.com\/#\/schema\/logo\/image\/"},"sameAs":["https:\/\/www.facebook.com\/search\/top\/?q=ispirazionesportiva.com","https:\/\/twitter.com\/FraFiori21","https:\/\/www.instagram.com\/ispirazione_sportiva\/?hl=it","https:\/\/www.linkedin.com\/in\/mario-francesco-fiori-8788ba1b4\/"]},{"@type":"Person","@id":"https:\/\/ispirazionesportiva.com\/#\/schema\/person\/7288fdedc9108918baa7bb22bab31fb7","name":"Francesco Fiori","image":{"@type":"ImageObject","inLanguage":"it-IT","@id":"https:\/\/ispirazionesportiva.com\/#\/schema\/person\/image\/","url":"https:\/\/secure.gravatar.com\/avatar\/beff881b593f312e866653a8c45295843e00b61ce1984ceaacd4e1709e4c1b57?s=96&d=mm&r=g","contentUrl":"https:\/\/secure.gravatar.com\/avatar\/beff881b593f312e866653a8c45295843e00b61ce1984ceaacd4e1709e4c1b57?s=96&d=mm&r=g","caption":"Francesco Fiori"},"description":"Francesco Fiori \u00e8 un giornalista sardo, classe 1983, con la passione per il racconto dello sport. Di tutto lo sport. Aveva 6 anni quando, sicuramente errore o destino, ebbe in regalo una semplice radio, senza pensare alle conseguenze successive del pianeta sportivo. Una domenica, finiti i compiti, giocando con quel mezzo, capt\u00f2 la voce roca di Sandro Ciotti. Aveva appena scoperto l\u2019esistenza di Tutto il calcio minuto per minuto. La prima sfida arriva nella stagione calcistica 90\/91, quando lo zio, incredibile giornalista locale, gli diede come compito raccontare la giornata calcistica appena conclusa. Quel tema, ad appena 7 anni, risult\u00f2 migliore rispetto alle tabelline, mai entrate volentieri in testa. Il premio fu la presenza alla gara di cartello della squadra del suo paese, il Ploaghe, due settimane pi\u00f9 tardi. Destino volle che la morte prese suo zio proprio il mercoled\u00ec prima, innescando in Fiori la voglia di diventare giornalista. A scuola alla domanda \u201cHai solo il calcio in testa?\u201d rispondeva \u201cNo, anche il ciclismo\u201d e gli anni di partite contemporanee la domenica e di Tele +2 col calcio estero crearono un piccolo \u201cpsicopatico sportivo\u201d. Tra gli sport di cui si innamora c\u2019\u00e8 l\u2019hockey americano, soprattutto nella mitologica figura di Mario Lemieux. Poco prima della morte del padre, nel febbraio 2001, Fiori trova su La Gazzetta dello Sport proprio un trafiletto con scritto del ritorno sul ghiaccio di Lemieux dopo aver sconfitto una forma tumorale e un ritiro di 3 anni. Da l\u00ec altra promessa, qualora arrivi la possibilit\u00e0 di scrivere un articolo, questo sar\u00e0 su Lemieux il Magnifico. Diventato ragioniere capisce immediatamente che iva e fatture sono molto pi\u00f9 noiose del previsto e la prima collaborazione col giornale \u201cSa Bovida\u201d gli fanno capire le regole basi del giornalismo, cosa che Fiori ignorava ma che rispettava, chiedendo solo la possibilit\u00e0 di scrivere e far colpo. Chiusa la parentesi Sa Bovida per problemi logistici e di salute dell\u2019immenso Antonio Delitala ecco il primo reale colpo di fulmine, il sito di hockey Nhl Playitusa che non ha un articolo su Lemieux. Il direttore, con una mail che Fiori ancora oggi custodisce, risponde: \u201cBeh, perch\u00e9 non provi a scriverne uno tu?\u201d Il resto \u00e8 la storia scritta al pc dopo averne scritto 5 pagine in un quadernone a quadretti. Un cambio di lavoro, non per sua volont\u00e0, spariglia le carte in tavola, col ragazzo che stando fuori casa tutto il tempo deve abbandonare la scrittura, ma peggio ancora va col primo di 3 ictus che colpiscono la mamma proprio in quel periodo. Tempo al tempo e con un altro cambio di lavoro ecco l\u2019opzione che lo colpisce, scrivere della sua amata Inter sul sito SpazioInter. Gli inizi sono complicati, scrivere secondo le regole e non avere carta bianca lo bloccano un pochino, fino all\u2019esplosione che nel sito si chiama Live. Il Live sarebbe il racconto, minuto per minuto e in contemporanea, della partita in tv e a Fiori tocca esordire con Milan-Inter. Quella sera il divertimento raggiunge le stelle, anzi, le supera e da quel momento l\u2019impegno \u00e8 triplo, con le perle di interviste a Sandro Mazzola (che risate), Gigi Simoni (che gentilezza) e Riccardo Cucchi, suo idolo radiofonico. Il tesserino da giornalista gli fa mantenere la parola data a 6 anni e ancor pi\u00f9 sorprendente \u00e8 la proposta di essere addetto stampa proprio della squadra locale, andare a vedere quelle partite che il destino gli negarono nel 1991. Si chiede spesso se sia il destino a far scherzi oppure se semplicemente la vita va accettata per quella che \u00e8. Il 30 gennaio 2021, dopo un ricovero di un mese con tutte le aggravanti possibili, in ospedale viene a mancare la mamma di Francesco. Il colpo \u00e8 brutale. Il conto \u00e8 pesantissimo, la mente lontana, lo scrivere, anche solo un piccolo pensiero sulla giornata calcistica, \u00e8 di una difficolt\u00e0 che ad oggi \u00e8 ancora lontana dall'essere superata. Il resto \u00e8 storia o noia, dipende da che parte si vuol vedere, dagli articoli su Gazzetta Fan News al raccontare qualsiasi sport, perch\u00e9 per Fiori ogni sport ha un suo eroe e perch\u00e9 ora, con IspirazioneSportiva.com, sar\u00e0 ancor pi\u00f9 spettacolare dar libero sfogo a qualsiasi ispirazione, come dice il nome e come gli ha insegnato Riccardo Cucchi: \u201cNella vita mai smettere di sognare!\u201d. Anzi, scusate il ritardo! Mail: fcroda@yahoo.it Fb: supermariolemieux pec: francesco.fiori@pecgiornalisti.it","sameAs":["https:\/\/www.facebook.com\/supermariolemieux\/","https:\/\/www.instagram.com\/francescofiori12\/","https:\/\/www.linkedin.com\/in\/francesco-fiori-b45614176\/","https:\/\/twitter.com\/frafiori21"],"url":"https:\/\/ispirazionesportiva.com\/index.php\/author\/supermariolemieux\/"}]}},"_links":{"self":[{"href":"https:\/\/ispirazionesportiva.com\/index.php\/wp-json\/wp\/v2\/posts\/1540","targetHints":{"allow":["GET"]}}],"collection":[{"href":"https:\/\/ispirazionesportiva.com\/index.php\/wp-json\/wp\/v2\/posts"}],"about":[{"href":"https:\/\/ispirazionesportiva.com\/index.php\/wp-json\/wp\/v2\/types\/post"}],"author":[{"embeddable":true,"href":"https:\/\/ispirazionesportiva.com\/index.php\/wp-json\/wp\/v2\/users\/4"}],"replies":[{"embeddable":true,"href":"https:\/\/ispirazionesportiva.com\/index.php\/wp-json\/wp\/v2\/comments?post=1540"}],"version-history":[{"count":3,"href":"https:\/\/ispirazionesportiva.com\/index.php\/wp-json\/wp\/v2\/posts\/1540\/revisions"}],"predecessor-version":[{"id":2365,"href":"https:\/\/ispirazionesportiva.com\/index.php\/wp-json\/wp\/v2\/posts\/1540\/revisions\/2365"}],"wp:featuredmedia":[{"embeddable":true,"href":"https:\/\/ispirazionesportiva.com\/index.php\/wp-json\/wp\/v2\/media\/1541"}],"wp:attachment":[{"href":"https:\/\/ispirazionesportiva.com\/index.php\/wp-json\/wp\/v2\/media?parent=1540"}],"wp:term":[{"taxonomy":"category","embeddable":true,"href":"https:\/\/ispirazionesportiva.com\/index.php\/wp-json\/wp\/v2\/categories?post=1540"},{"taxonomy":"post_tag","embeddable":true,"href":"https:\/\/ispirazionesportiva.com\/index.php\/wp-json\/wp\/v2\/tags?post=1540"}],"curies":[{"name":"wp","href":"https:\/\/api.w.org\/{rel}","templated":true}]}}