{"id":1462,"date":"2022-05-19T11:05:00","date_gmt":"2022-05-19T09:05:00","guid":{"rendered":"https:\/\/ispirazionesportiva.com\/?p=1462"},"modified":"2026-07-25T22:41:50","modified_gmt":"2026-07-25T20:41:50","slug":"radio-e-campioni-del-mondo-al-sabato-ecco-la-bellezza-del-calcio","status":"publish","type":"post","link":"https:\/\/ispirazionesportiva.com\/index.php\/2022\/05\/19\/radio-e-campioni-del-mondo-al-sabato-ecco-la-bellezza-del-calcio\/","title":{"rendered":"Radio e Campioni del Mondo al sabato, ecco la bellezza del calcio"},"content":{"rendered":"\r\n<p class=\"wp-block-paragraph\">&#8220;<em>La radio \u00e8 dei poeti, dei narratori, di chi senza immagini fa immaginare, di chi fa sognare ad occhi chiusi, di chi parla e di chi ascolta, in un unico grande amore!<\/em>&#8220;<\/p>\r\n\r\n\r\n\r\n<p class=\"wp-block-paragraph\">Sia benedetta la radio!<\/p>\r\n\r\n\r\n\r\n<p class=\"wp-block-paragraph\">Era il <strong>5 marzo del 1896<\/strong>\u00a0quando Guglielmo Marconi present\u00f2 la richiesta per<strong>\u00a0<\/strong>brevettare\u00a0le proprie migliorie alla telegrafia senza fili, anticipando di qualche settimana la prima trasmissione radio di Popov.<\/p>\r\n\r\n\r\n\r\n<p class=\"wp-block-paragraph\">Oggi la radio \u00e8 compagna costante nella nostra vita. La si ascolta ovunque, in macchina, sul cellulare o direttamente quando si \u00e8 all&#8217;aperto (<em>e magari si \u00e8 un po&#8217; vintage<\/em>) la si porta con s\u00e9 e si apre alla tradizione.<\/p>\r\n\r\n\r\n\r\n<p class=\"wp-block-paragraph\">Il primo pensiero \u00e8 ovviamente per <strong>Tutto il Calcio Minuto per Minuto<\/strong>, che in chi vi scrive ha aperto un solco nella vita, esisteva un pre-Tutto il Calcio, fatto di fantasia e risultati al televideo, e un dopo-Tutto il Calcio, quando il Televideo diventa strumento di verifica ma la fantasia viene stimolata all&#8217;inverosimile con le voci di Ciotti, Ameri, Cucchi e Luzzi.<\/p>\r\n\r\n\r\n\r\n<p class=\"wp-block-paragraph\">Da due anni a questa parte anche il sabato sta avendo la sua tradizione. E badate bene, chi scrive anche nel giorno del suo matrimonio (che comunque avveniva nel pomeriggio e con l&#8217;Inter gi\u00e0 scudettata, altrimenti guai) mandava un messaggio alla trasmissione <strong>Campioni del Mondo<\/strong> condotta magistralmente da <strong>Marco Lollobrigida<\/strong>. Il motivo? Boh, probabile dipendenza radiofonica!<\/p>\r\n\r\n\r\n\r\n<p class=\"wp-block-paragraph\">Al di fuori molti etichetterebbero il tutto con un &#8220;<em>Sei il solito rompiscatole<\/em>&#8221; e questa frase la sento ogni qualvolta mi vien rivolta una domanda il sabato dopo le 12 ma la mia mente \u00e8 su <em>Radio Due<\/em> e non ascolto ne partecipo ad altro. Come mi capitava intorno ai 6 anni.<\/p>\r\n\r\n\r\n\r\n<p class=\"wp-block-paragraph\">E&#8217; il potere della radio, simile allo sport narrato, si entra in un mondo parallelo dove non esiste altro, che sia scrivere di calcio, di hockey, di una squadra di prima categoria o di una di Champions.<\/p>\r\n\r\n\r\n\r\n<p class=\"wp-block-paragraph\">In questo, il trio di Campioni del Mondo fa un qualcosa che spesso dimentichiamo: il calcio \u00e8 un gioco. Semplice. E come tale deve essere trattato.<\/p>\r\n\r\n\r\n\r\n<p class=\"wp-block-paragraph\">Trio, perch\u00e9 il <strong>10<\/strong> sulla maglia se lo prende Marco Lollobrigida, che parte da centrocampo, segna come <strong>Zico<\/strong> e fa assist per <strong>Ciccio Graziani<\/strong> che, da palmares mondiale, racconta il mondo del pallone con la decisione del bomber e la saggezza di chi pu\u00f2 far innamorare del calcio anche chi non segue la Serie A. E se Ciccio Graziani sbaglia un gol o subisce un torto arbitrale? Beh a quel punto entra in scena il funambolo della trasmissione, <strong>Domenico Marocchino<\/strong>, artista di un calcio da lu\u00ec giocato e che ora ascolteresti per ore, da lui vissuto all&#8217;ombra di grandissimi campioni come Paolo Rossi e Gaetano Scirea, affabulatore che dal nulla toglie una citazione degna di nota.<\/p>\r\n\r\n\r\n\r\n<p class=\"wp-block-paragraph\">Chiss\u00e0 se lo sanno, ma \u00e8 anche capitato, forse in un&#8217;unica volta nella vita, che Ciccio (130 reti in A) e Domenico (11 reti in A) abbiano timbrato insieme il cartellino dei marcatori in una domenica, era il 21 dicembre del 1980 e solo una mente malata come la mia poteva andare alla ricerca di questa statistica.<\/p>\r\n\r\n\r\n\r\n<figure class=\"wp-block-image size-large\"><img data-recalc-dims=\"1\" loading=\"lazy\" decoding=\"async\" width=\"640\" height=\"1004\" class=\"wp-image-1464\" src=\"https:\/\/i0.wp.com\/ispirazionesportiva.com\/wp-content\/uploads\/2022\/05\/WhatsApp-Image-2022-05-18-at-10.34.25-653x1024.jpeg?resize=640%2C1004&#038;ssl=1\" alt=\"\" srcset=\"https:\/\/i0.wp.com\/ispirazionesportiva.com\/wp-content\/uploads\/sites\/3\/2022\/05\/WhatsApp-Image-2022-05-18-at-10.34.25.jpeg?resize=653%2C1024&amp;ssl=1 653w, https:\/\/i0.wp.com\/ispirazionesportiva.com\/wp-content\/uploads\/sites\/3\/2022\/05\/WhatsApp-Image-2022-05-18-at-10.34.25.jpeg?resize=191%2C300&amp;ssl=1 191w, https:\/\/i0.wp.com\/ispirazionesportiva.com\/wp-content\/uploads\/sites\/3\/2022\/05\/WhatsApp-Image-2022-05-18-at-10.34.25.jpeg?resize=768%2C1205&amp;ssl=1 768w, https:\/\/i0.wp.com\/ispirazionesportiva.com\/wp-content\/uploads\/sites\/3\/2022\/05\/WhatsApp-Image-2022-05-18-at-10.34.25.jpeg?resize=979%2C1536&amp;ssl=1 979w, https:\/\/i0.wp.com\/ispirazionesportiva.com\/wp-content\/uploads\/sites\/3\/2022\/05\/WhatsApp-Image-2022-05-18-at-10.34.25.jpeg?w=1003&amp;ssl=1 1003w\" sizes=\"auto, (max-width: 640px) 100vw, 640px\" \/><\/figure>\r\n\r\n\r\n\r\n<p class=\"wp-block-paragraph\">Ma pi\u00f9 che una statistica \u00e8 un omaggio, a tre grandi personaggi che raccontano il calcio come lo sognavo da piccolo, quando partivo con<em><strong> Dribbling<\/strong><\/em>, poi <em><strong>Guida al Campionato<\/strong><\/em>, <strong><em>Tutto il Calcio Minuto per Minuto<\/em><\/strong>, <strong><em>90esimo Minuto<\/em><\/strong> e poi La Domenica Sportiva.<\/p>\r\n\r\n\r\n\r\n<p class=\"wp-block-paragraph\">Spesso ripenso a quei tempi e son sempre pi\u00f9 fiero che Campioni del Mondo alla radio mi faccia tornar bambino.<\/p>\r\n\r\n\r\n\r\n<p class=\"wp-block-paragraph\">Applausi!<\/p>\r\n\r\n\r\n\r\n<p class=\"wp-block-paragraph\"><a href=\"https:\/\/www.facebook.com\/supermariolemieux\/\">Francesco Fiori<\/a><\/p>\r\n\r\n\r\n\r\n<p class=\"wp-block-paragraph\"><a href=\"https:\/\/www.facebook.com\/profile.php?id=100063526030492\">IspirazioneSportiva.com<\/a><\/p>\r\n\r\n\r\n\r\n<figure class=\"wp-block-image size-large\"><img data-recalc-dims=\"1\" loading=\"lazy\" decoding=\"async\" width=\"640\" height=\"360\" class=\"wp-image-1470\" src=\"https:\/\/i0.wp.com\/ispirazionesportiva.com\/wp-content\/uploads\/2022\/05\/Marco-Lollobrigida-1280x720-1-1024x576.jpg?resize=640%2C360&#038;ssl=1\" alt=\"\" srcset=\"https:\/\/i0.wp.com\/ispirazionesportiva.com\/wp-content\/uploads\/sites\/3\/2022\/05\/Marco-Lollobrigida-1280x720-1.jpg?resize=1024%2C576&amp;ssl=1 1024w, https:\/\/i0.wp.com\/ispirazionesportiva.com\/wp-content\/uploads\/sites\/3\/2022\/05\/Marco-Lollobrigida-1280x720-1.jpg?resize=300%2C169&amp;ssl=1 300w, https:\/\/i0.wp.com\/ispirazionesportiva.com\/wp-content\/uploads\/sites\/3\/2022\/05\/Marco-Lollobrigida-1280x720-1.jpg?resize=768%2C432&amp;ssl=1 768w, https:\/\/i0.wp.com\/ispirazionesportiva.com\/wp-content\/uploads\/sites\/3\/2022\/05\/Marco-Lollobrigida-1280x720-1.jpg?w=1280&amp;ssl=1 1280w\" sizes=\"auto, (max-width: 640px) 100vw, 640px\" \/><\/figure>\r\n\r\n\r\n\r\n<figure class=\"wp-block-image size-large\"><img data-recalc-dims=\"1\" loading=\"lazy\" decoding=\"async\" width=\"640\" height=\"360\" class=\"wp-image-1471\" src=\"https:\/\/i0.wp.com\/ispirazionesportiva.com\/wp-content\/uploads\/2022\/05\/Domenico-Marocchino-1280x720-1-1024x576.jpg?resize=640%2C360&#038;ssl=1\" alt=\"\" srcset=\"https:\/\/i0.wp.com\/ispirazionesportiva.com\/wp-content\/uploads\/sites\/3\/2022\/05\/Domenico-Marocchino-1280x720-1.jpg?resize=1024%2C576&amp;ssl=1 1024w, https:\/\/i0.wp.com\/ispirazionesportiva.com\/wp-content\/uploads\/sites\/3\/2022\/05\/Domenico-Marocchino-1280x720-1.jpg?resize=300%2C169&amp;ssl=1 300w, https:\/\/i0.wp.com\/ispirazionesportiva.com\/wp-content\/uploads\/sites\/3\/2022\/05\/Domenico-Marocchino-1280x720-1.jpg?resize=768%2C432&amp;ssl=1 768w, https:\/\/i0.wp.com\/ispirazionesportiva.com\/wp-content\/uploads\/sites\/3\/2022\/05\/Domenico-Marocchino-1280x720-1.jpg?w=1280&amp;ssl=1 1280w\" sizes=\"auto, (max-width: 640px) 100vw, 640px\" \/><\/figure>\r\n\r\n\r\n\r\n<figure class=\"wp-block-image size-full\"><img data-recalc-dims=\"1\" loading=\"lazy\" decoding=\"async\" width=\"610\" height=\"400\" class=\"wp-image-1472\" src=\"https:\/\/i0.wp.com\/ispirazionesportiva.com\/wp-content\/uploads\/2022\/05\/Francesco-Graziani.jpg?resize=610%2C400&#038;ssl=1\" alt=\"\" srcset=\"https:\/\/i0.wp.com\/ispirazionesportiva.com\/wp-content\/uploads\/sites\/3\/2022\/05\/Francesco-Graziani.jpg?w=610&amp;ssl=1 610w, https:\/\/i0.wp.com\/ispirazionesportiva.com\/wp-content\/uploads\/sites\/3\/2022\/05\/Francesco-Graziani.jpg?resize=300%2C197&amp;ssl=1 300w\" sizes=\"auto, (max-width: 610px) 100vw, 610px\" \/><\/figure>\r\n","protected":false},"excerpt":{"rendered":"<p>&#8220;La radio \u00e8 dei poeti, dei narratori, di chi senza immagini fa immaginare, di chi&#8230;<\/p>\n","protected":false},"author":5,"featured_media":1465,"comment_status":"closed","ping_status":"closed","sticky":false,"template":"","format":"standard","meta":{"_monsterinsights_skip_tracking":false,"_jetpack_newsletter_access":"","_jetpack_dont_email_post_to_subs":false,"_jetpack_newsletter_tier_id":0,"_jetpack_memberships_contains_paywalled_content":false,"_jetpack_feature_clip_id":0,"_jetpack_memberships_contains_paid_content":false,"footnotes":"","jetpack_publicize_message":"","jetpack_publicize_feature_enabled":true,"jetpack_social_post_already_shared":true,"jetpack_social_options":{"image_generator_settings":{"template":"highway","default_image_id":0,"font":"","enabled":false},"version":2},"jetpack_post_was_ever_published":false},"categories":[5,206,125],"tags":[],"class_list":["post-1462","post","type-post","status-publish","format-standard","has-post-thumbnail","hentry","category-calcio","category-i-miti-e-le-leggende-del-pallone","category-larcifiori"],"aioseo_notices":[],"aioseo_head":"\n\t\t<!-- All in One SEO 4.9.10 - aioseo.com -->\n\t<meta name=\"description\" content=\"&quot;La radio \u00e8 dei poeti, dei narratori, di chi senza immagini fa immaginare, di chi fa sognare ad occhi chiusi, di chi parla e di chi ascolta, in un unico grande amore!&quot; Sia benedetta la radio! Era il 5 marzo del 1896 quando Guglielmo Marconi present\u00f2 la richiesta per brevettare le proprie migliorie alla telegrafia senza fili, anticipando\" \/>\n\t<meta name=\"robots\" content=\"max-image-preview:large\" \/>\n\t<meta name=\"author\" content=\"Francesco Fiori\"\/>\n\t<link rel=\"canonical\" href=\"https:\/\/ispirazionesportiva.com\/index.php\/2022\/05\/19\/radio-e-campioni-del-mondo-al-sabato-ecco-la-bellezza-del-calcio\/\" \/>\n\t<meta name=\"generator\" content=\"All in One SEO (AIOSEO) 4.9.10\" \/>\n\t\t<meta property=\"og:locale\" content=\"it_IT\" \/>\n\t\t<meta property=\"og:site_name\" content=\"IspirazioneSportiva.com - Le storie sportive che emozionano\" \/>\n\t\t<meta property=\"og:type\" content=\"article\" \/>\n\t\t<meta property=\"og:title\" content=\"Radio e Campioni del Mondo al sabato, ecco la bellezza del calcio - IspirazioneSportiva.com\" \/>\n\t\t<meta property=\"og:description\" content=\"&quot;La radio \u00e8 dei poeti, dei narratori, di chi senza immagini fa immaginare, di chi fa sognare ad occhi chiusi, di chi parla e di chi ascolta, in un unico grande amore!&quot; Sia benedetta la radio! Era il 5 marzo del 1896 quando Guglielmo Marconi present\u00f2 la richiesta per brevettare le proprie migliorie alla telegrafia senza fili, anticipando\" \/>\n\t\t<meta property=\"og:url\" content=\"https:\/\/ispirazionesportiva.com\/index.php\/2022\/05\/19\/radio-e-campioni-del-mondo-al-sabato-ecco-la-bellezza-del-calcio\/\" \/>\n\t\t<meta property=\"og:image\" content=\"https:\/\/i0.wp.com\/ispirazionesportiva.com\/wp-content\/uploads\/sites\/3\/2020\/09\/cropped-PHOTO-2020-09-16-08-47-03-e1600279086776-1.jpg?fit=500%2C230&#038;ssl=1\" \/>\n\t\t<meta property=\"og:image:secure_url\" content=\"https:\/\/i0.wp.com\/ispirazionesportiva.com\/wp-content\/uploads\/sites\/3\/2020\/09\/cropped-PHOTO-2020-09-16-08-47-03-e1600279086776-1.jpg?fit=500%2C230&#038;ssl=1\" \/>\n\t\t<meta property=\"article:published_time\" content=\"2022-05-19T09:05:00+00:00\" \/>\n\t\t<meta property=\"article:modified_time\" content=\"2026-07-25T20:41:50+00:00\" \/>\n\t\t<meta name=\"twitter:card\" content=\"summary_large_image\" \/>\n\t\t<meta name=\"twitter:title\" content=\"Radio e Campioni del Mondo al sabato, ecco la bellezza del calcio - IspirazioneSportiva.com\" \/>\n\t\t<meta name=\"twitter:description\" content=\"&quot;La radio \u00e8 dei poeti, dei narratori, di chi senza immagini fa immaginare, di chi fa sognare ad occhi chiusi, di chi parla e di chi ascolta, in un unico grande amore!&quot; Sia benedetta la radio! Era il 5 marzo del 1896 quando Guglielmo Marconi present\u00f2 la richiesta per brevettare le proprie migliorie alla telegrafia senza fili, anticipando\" \/>\n\t\t<meta name=\"twitter:image\" content=\"https:\/\/i0.wp.com\/ispirazionesportiva.com\/wp-content\/uploads\/sites\/3\/2020\/09\/cropped-PHOTO-2020-09-16-08-47-03-e1600279086776-1.jpg?fit=500%2C230&amp;ssl=1\" \/>\n\t\t<script type=\"application\/ld+json\" class=\"aioseo-schema\">\n\t\t\t{\"@context\":\"https:\\\/\\\/schema.org\",\"@graph\":[{\"@type\":\"BlogPosting\",\"@id\":\"https:\\\/\\\/ispirazionesportiva.com\\\/index.php\\\/2022\\\/05\\\/19\\\/radio-e-campioni-del-mondo-al-sabato-ecco-la-bellezza-del-calcio\\\/#blogposting\",\"name\":\"Radio e Campioni del Mondo al sabato, ecco la bellezza del calcio - IspirazioneSportiva.com\",\"headline\":\"Radio e Campioni del Mondo al sabato, ecco la bellezza del calcio\",\"author\":{\"@id\":\"https:\\\/\\\/ispirazionesportiva.com\\\/index.php\\\/author\\\/supermariolemieux\\\/#author\"},\"publisher\":{\"@id\":\"https:\\\/\\\/ispirazionesportiva.com\\\/#organization\"},\"image\":{\"@type\":\"ImageObject\",\"url\":\"https:\\\/\\\/i0.wp.com\\\/ispirazionesportiva.com\\\/wp-content\\\/uploads\\\/sites\\\/3\\\/2022\\\/05\\\/1637309973979_Campioni-del-Mondo_2048x2048.jpg?fit=500%2C500&ssl=1\",\"width\":500,\"height\":500},\"datePublished\":\"2022-05-19T11:05:00+02:00\",\"dateModified\":\"2026-07-25T22:41:50+02:00\",\"inLanguage\":\"it-IT\",\"mainEntityOfPage\":{\"@id\":\"https:\\\/\\\/ispirazionesportiva.com\\\/index.php\\\/2022\\\/05\\\/19\\\/radio-e-campioni-del-mondo-al-sabato-ecco-la-bellezza-del-calcio\\\/#webpage\"},\"isPartOf\":{\"@id\":\"https:\\\/\\\/ispirazionesportiva.com\\\/index.php\\\/2022\\\/05\\\/19\\\/radio-e-campioni-del-mondo-al-sabato-ecco-la-bellezza-del-calcio\\\/#webpage\"},\"articleSection\":\"Calcio, I miti e le leggende del pallone, L'ArciFiori\"},{\"@type\":\"BreadcrumbList\",\"@id\":\"https:\\\/\\\/ispirazionesportiva.com\\\/index.php\\\/2022\\\/05\\\/19\\\/radio-e-campioni-del-mondo-al-sabato-ecco-la-bellezza-del-calcio\\\/#breadcrumblist\",\"itemListElement\":[{\"@type\":\"ListItem\",\"@id\":\"https:\\\/\\\/ispirazionesportiva.com#listItem\",\"position\":1,\"name\":\"Home\",\"item\":\"https:\\\/\\\/ispirazionesportiva.com\",\"nextItem\":{\"@type\":\"ListItem\",\"@id\":\"https:\\\/\\\/ispirazionesportiva.com\\\/index.php\\\/category\\\/calcio\\\/#listItem\",\"name\":\"Calcio\"}},{\"@type\":\"ListItem\",\"@id\":\"https:\\\/\\\/ispirazionesportiva.com\\\/index.php\\\/category\\\/calcio\\\/#listItem\",\"position\":2,\"name\":\"Calcio\",\"item\":\"https:\\\/\\\/ispirazionesportiva.com\\\/index.php\\\/category\\\/calcio\\\/\",\"nextItem\":{\"@type\":\"ListItem\",\"@id\":\"https:\\\/\\\/ispirazionesportiva.com\\\/index.php\\\/category\\\/calcio\\\/i-miti-e-le-leggende-del-pallone\\\/#listItem\",\"name\":\"I miti e le leggende del pallone\"},\"previousItem\":{\"@type\":\"ListItem\",\"@id\":\"https:\\\/\\\/ispirazionesportiva.com#listItem\",\"name\":\"Home\"}},{\"@type\":\"ListItem\",\"@id\":\"https:\\\/\\\/ispirazionesportiva.com\\\/index.php\\\/category\\\/calcio\\\/i-miti-e-le-leggende-del-pallone\\\/#listItem\",\"position\":3,\"name\":\"I miti e le leggende del pallone\",\"item\":\"https:\\\/\\\/ispirazionesportiva.com\\\/index.php\\\/category\\\/calcio\\\/i-miti-e-le-leggende-del-pallone\\\/\",\"nextItem\":{\"@type\":\"ListItem\",\"@id\":\"https:\\\/\\\/ispirazionesportiva.com\\\/index.php\\\/2022\\\/05\\\/19\\\/radio-e-campioni-del-mondo-al-sabato-ecco-la-bellezza-del-calcio\\\/#listItem\",\"name\":\"Radio e Campioni del Mondo al sabato, ecco la bellezza del calcio\"},\"previousItem\":{\"@type\":\"ListItem\",\"@id\":\"https:\\\/\\\/ispirazionesportiva.com\\\/index.php\\\/category\\\/calcio\\\/#listItem\",\"name\":\"Calcio\"}},{\"@type\":\"ListItem\",\"@id\":\"https:\\\/\\\/ispirazionesportiva.com\\\/index.php\\\/2022\\\/05\\\/19\\\/radio-e-campioni-del-mondo-al-sabato-ecco-la-bellezza-del-calcio\\\/#listItem\",\"position\":4,\"name\":\"Radio e Campioni del Mondo al sabato, ecco la bellezza del calcio\",\"previousItem\":{\"@type\":\"ListItem\",\"@id\":\"https:\\\/\\\/ispirazionesportiva.com\\\/index.php\\\/category\\\/calcio\\\/i-miti-e-le-leggende-del-pallone\\\/#listItem\",\"name\":\"I miti e le leggende del pallone\"}}]},{\"@type\":\"Organization\",\"@id\":\"https:\\\/\\\/ispirazionesportiva.com\\\/#organization\",\"name\":\"IspirazioneSportiva.com\",\"description\":\"Le storie sportive che emozionano\",\"url\":\"https:\\\/\\\/ispirazionesportiva.com\\\/\",\"logo\":{\"@type\":\"ImageObject\",\"url\":\"https:\\\/\\\/i0.wp.com\\\/ispirazionesportiva.com\\\/wp-content\\\/uploads\\\/sites\\\/3\\\/2020\\\/09\\\/cropped-PHOTO-2020-09-16-08-47-03-e1600279086776-1.jpg?fit=500%2C230&ssl=1\",\"@id\":\"https:\\\/\\\/ispirazionesportiva.com\\\/index.php\\\/2022\\\/05\\\/19\\\/radio-e-campioni-del-mondo-al-sabato-ecco-la-bellezza-del-calcio\\\/#organizationLogo\",\"width\":500,\"height\":230},\"image\":{\"@id\":\"https:\\\/\\\/ispirazionesportiva.com\\\/index.php\\\/2022\\\/05\\\/19\\\/radio-e-campioni-del-mondo-al-sabato-ecco-la-bellezza-del-calcio\\\/#organizationLogo\"}},{\"@type\":\"Person\",\"@id\":\"https:\\\/\\\/ispirazionesportiva.com\\\/index.php\\\/author\\\/supermariolemieux\\\/#author\",\"url\":\"https:\\\/\\\/ispirazionesportiva.com\\\/index.php\\\/author\\\/supermariolemieux\\\/\",\"name\":\"Francesco Fiori\",\"image\":{\"@type\":\"ImageObject\",\"@id\":\"https:\\\/\\\/ispirazionesportiva.com\\\/index.php\\\/2022\\\/05\\\/19\\\/radio-e-campioni-del-mondo-al-sabato-ecco-la-bellezza-del-calcio\\\/#authorImage\",\"url\":\"https:\\\/\\\/secure.gravatar.com\\\/avatar\\\/beff881b593f312e866653a8c45295843e00b61ce1984ceaacd4e1709e4c1b57?s=96&d=mm&r=g\",\"width\":96,\"height\":96,\"caption\":\"Francesco Fiori\"}},{\"@type\":\"WebPage\",\"@id\":\"https:\\\/\\\/ispirazionesportiva.com\\\/index.php\\\/2022\\\/05\\\/19\\\/radio-e-campioni-del-mondo-al-sabato-ecco-la-bellezza-del-calcio\\\/#webpage\",\"url\":\"https:\\\/\\\/ispirazionesportiva.com\\\/index.php\\\/2022\\\/05\\\/19\\\/radio-e-campioni-del-mondo-al-sabato-ecco-la-bellezza-del-calcio\\\/\",\"name\":\"Radio e Campioni del Mondo al sabato, ecco la bellezza del calcio - IspirazioneSportiva.com\",\"description\":\"\\\"La radio \\u00e8 dei poeti, dei narratori, di chi senza immagini fa immaginare, di chi fa sognare ad occhi chiusi, di chi parla e di chi ascolta, in un unico grande amore!\\\" Sia benedetta la radio! Era il 5 marzo del 1896 quando Guglielmo Marconi present\\u00f2 la richiesta per brevettare le proprie migliorie alla telegrafia senza fili, anticipando\",\"inLanguage\":\"it-IT\",\"isPartOf\":{\"@id\":\"https:\\\/\\\/ispirazionesportiva.com\\\/#website\"},\"breadcrumb\":{\"@id\":\"https:\\\/\\\/ispirazionesportiva.com\\\/index.php\\\/2022\\\/05\\\/19\\\/radio-e-campioni-del-mondo-al-sabato-ecco-la-bellezza-del-calcio\\\/#breadcrumblist\"},\"author\":{\"@id\":\"https:\\\/\\\/ispirazionesportiva.com\\\/index.php\\\/author\\\/supermariolemieux\\\/#author\"},\"creator\":{\"@id\":\"https:\\\/\\\/ispirazionesportiva.com\\\/index.php\\\/author\\\/supermariolemieux\\\/#author\"},\"image\":{\"@type\":\"ImageObject\",\"url\":\"https:\\\/\\\/i0.wp.com\\\/ispirazionesportiva.com\\\/wp-content\\\/uploads\\\/sites\\\/3\\\/2022\\\/05\\\/1637309973979_Campioni-del-Mondo_2048x2048.jpg?fit=500%2C500&ssl=1\",\"@id\":\"https:\\\/\\\/ispirazionesportiva.com\\\/index.php\\\/2022\\\/05\\\/19\\\/radio-e-campioni-del-mondo-al-sabato-ecco-la-bellezza-del-calcio\\\/#mainImage\",\"width\":500,\"height\":500},\"primaryImageOfPage\":{\"@id\":\"https:\\\/\\\/ispirazionesportiva.com\\\/index.php\\\/2022\\\/05\\\/19\\\/radio-e-campioni-del-mondo-al-sabato-ecco-la-bellezza-del-calcio\\\/#mainImage\"},\"datePublished\":\"2022-05-19T11:05:00+02:00\",\"dateModified\":\"2026-07-25T22:41:50+02:00\"},{\"@type\":\"WebSite\",\"@id\":\"https:\\\/\\\/ispirazionesportiva.com\\\/#website\",\"url\":\"https:\\\/\\\/ispirazionesportiva.com\\\/\",\"name\":\"IspirazioneSportiva.com\",\"description\":\"Le storie sportive che emozionano\",\"inLanguage\":\"it-IT\",\"publisher\":{\"@id\":\"https:\\\/\\\/ispirazionesportiva.com\\\/#organization\"}}]}\n\t\t<\/script>\n\t\t<!-- All in One SEO -->\n\n","aioseo_head_json":{"title":"Radio e Campioni del Mondo al sabato, ecco la bellezza del calcio - IspirazioneSportiva.com","description":"\"La radio \u00e8 dei poeti, dei narratori, di chi senza immagini fa immaginare, di chi fa sognare ad occhi chiusi, di chi parla e di chi ascolta, in un unico grande amore!\" Sia benedetta la radio! Era il 5 marzo del 1896 quando Guglielmo Marconi present\u00f2 la richiesta per brevettare le proprie migliorie alla telegrafia senza fili, anticipando","canonical_url":"https:\/\/ispirazionesportiva.com\/index.php\/2022\/05\/19\/radio-e-campioni-del-mondo-al-sabato-ecco-la-bellezza-del-calcio\/","robots":"max-image-preview:large","keywords":"","webmasterTools":{"miscellaneous":""},"schema":{"@context":"https:\/\/schema.org","@graph":[{"@type":"BlogPosting","@id":"https:\/\/ispirazionesportiva.com\/index.php\/2022\/05\/19\/radio-e-campioni-del-mondo-al-sabato-ecco-la-bellezza-del-calcio\/#blogposting","name":"Radio e Campioni del Mondo al sabato, ecco la bellezza del calcio - IspirazioneSportiva.com","headline":"Radio e Campioni del Mondo al sabato, ecco la bellezza del calcio","author":{"@id":"https:\/\/ispirazionesportiva.com\/index.php\/author\/supermariolemieux\/#author"},"publisher":{"@id":"https:\/\/ispirazionesportiva.com\/#organization"},"image":{"@type":"ImageObject","url":"https:\/\/i0.wp.com\/ispirazionesportiva.com\/wp-content\/uploads\/sites\/3\/2022\/05\/1637309973979_Campioni-del-Mondo_2048x2048.jpg?fit=500%2C500&ssl=1","width":500,"height":500},"datePublished":"2022-05-19T11:05:00+02:00","dateModified":"2026-07-25T22:41:50+02:00","inLanguage":"it-IT","mainEntityOfPage":{"@id":"https:\/\/ispirazionesportiva.com\/index.php\/2022\/05\/19\/radio-e-campioni-del-mondo-al-sabato-ecco-la-bellezza-del-calcio\/#webpage"},"isPartOf":{"@id":"https:\/\/ispirazionesportiva.com\/index.php\/2022\/05\/19\/radio-e-campioni-del-mondo-al-sabato-ecco-la-bellezza-del-calcio\/#webpage"},"articleSection":"Calcio, I miti e le leggende del pallone, L'ArciFiori"},{"@type":"BreadcrumbList","@id":"https:\/\/ispirazionesportiva.com\/index.php\/2022\/05\/19\/radio-e-campioni-del-mondo-al-sabato-ecco-la-bellezza-del-calcio\/#breadcrumblist","itemListElement":[{"@type":"ListItem","@id":"https:\/\/ispirazionesportiva.com#listItem","position":1,"name":"Home","item":"https:\/\/ispirazionesportiva.com","nextItem":{"@type":"ListItem","@id":"https:\/\/ispirazionesportiva.com\/index.php\/category\/calcio\/#listItem","name":"Calcio"}},{"@type":"ListItem","@id":"https:\/\/ispirazionesportiva.com\/index.php\/category\/calcio\/#listItem","position":2,"name":"Calcio","item":"https:\/\/ispirazionesportiva.com\/index.php\/category\/calcio\/","nextItem":{"@type":"ListItem","@id":"https:\/\/ispirazionesportiva.com\/index.php\/category\/calcio\/i-miti-e-le-leggende-del-pallone\/#listItem","name":"I miti e le leggende del pallone"},"previousItem":{"@type":"ListItem","@id":"https:\/\/ispirazionesportiva.com#listItem","name":"Home"}},{"@type":"ListItem","@id":"https:\/\/ispirazionesportiva.com\/index.php\/category\/calcio\/i-miti-e-le-leggende-del-pallone\/#listItem","position":3,"name":"I miti e le leggende del pallone","item":"https:\/\/ispirazionesportiva.com\/index.php\/category\/calcio\/i-miti-e-le-leggende-del-pallone\/","nextItem":{"@type":"ListItem","@id":"https:\/\/ispirazionesportiva.com\/index.php\/2022\/05\/19\/radio-e-campioni-del-mondo-al-sabato-ecco-la-bellezza-del-calcio\/#listItem","name":"Radio e Campioni del Mondo al sabato, ecco la bellezza del calcio"},"previousItem":{"@type":"ListItem","@id":"https:\/\/ispirazionesportiva.com\/index.php\/category\/calcio\/#listItem","name":"Calcio"}},{"@type":"ListItem","@id":"https:\/\/ispirazionesportiva.com\/index.php\/2022\/05\/19\/radio-e-campioni-del-mondo-al-sabato-ecco-la-bellezza-del-calcio\/#listItem","position":4,"name":"Radio e Campioni del Mondo al sabato, ecco la bellezza del calcio","previousItem":{"@type":"ListItem","@id":"https:\/\/ispirazionesportiva.com\/index.php\/category\/calcio\/i-miti-e-le-leggende-del-pallone\/#listItem","name":"I miti e le leggende del pallone"}}]},{"@type":"Organization","@id":"https:\/\/ispirazionesportiva.com\/#organization","name":"IspirazioneSportiva.com","description":"Le storie sportive che emozionano","url":"https:\/\/ispirazionesportiva.com\/","logo":{"@type":"ImageObject","url":"https:\/\/i0.wp.com\/ispirazionesportiva.com\/wp-content\/uploads\/sites\/3\/2020\/09\/cropped-PHOTO-2020-09-16-08-47-03-e1600279086776-1.jpg?fit=500%2C230&ssl=1","@id":"https:\/\/ispirazionesportiva.com\/index.php\/2022\/05\/19\/radio-e-campioni-del-mondo-al-sabato-ecco-la-bellezza-del-calcio\/#organizationLogo","width":500,"height":230},"image":{"@id":"https:\/\/ispirazionesportiva.com\/index.php\/2022\/05\/19\/radio-e-campioni-del-mondo-al-sabato-ecco-la-bellezza-del-calcio\/#organizationLogo"}},{"@type":"Person","@id":"https:\/\/ispirazionesportiva.com\/index.php\/author\/supermariolemieux\/#author","url":"https:\/\/ispirazionesportiva.com\/index.php\/author\/supermariolemieux\/","name":"Francesco Fiori","image":{"@type":"ImageObject","@id":"https:\/\/ispirazionesportiva.com\/index.php\/2022\/05\/19\/radio-e-campioni-del-mondo-al-sabato-ecco-la-bellezza-del-calcio\/#authorImage","url":"https:\/\/secure.gravatar.com\/avatar\/beff881b593f312e866653a8c45295843e00b61ce1984ceaacd4e1709e4c1b57?s=96&d=mm&r=g","width":96,"height":96,"caption":"Francesco Fiori"}},{"@type":"WebPage","@id":"https:\/\/ispirazionesportiva.com\/index.php\/2022\/05\/19\/radio-e-campioni-del-mondo-al-sabato-ecco-la-bellezza-del-calcio\/#webpage","url":"https:\/\/ispirazionesportiva.com\/index.php\/2022\/05\/19\/radio-e-campioni-del-mondo-al-sabato-ecco-la-bellezza-del-calcio\/","name":"Radio e Campioni del Mondo al sabato, ecco la bellezza del calcio - IspirazioneSportiva.com","description":"\"La radio \u00e8 dei poeti, dei narratori, di chi senza immagini fa immaginare, di chi fa sognare ad occhi chiusi, di chi parla e di chi ascolta, in un unico grande amore!\" Sia benedetta la radio! Era il 5 marzo del 1896 quando Guglielmo Marconi present\u00f2 la richiesta per brevettare le proprie migliorie alla telegrafia senza fili, anticipando","inLanguage":"it-IT","isPartOf":{"@id":"https:\/\/ispirazionesportiva.com\/#website"},"breadcrumb":{"@id":"https:\/\/ispirazionesportiva.com\/index.php\/2022\/05\/19\/radio-e-campioni-del-mondo-al-sabato-ecco-la-bellezza-del-calcio\/#breadcrumblist"},"author":{"@id":"https:\/\/ispirazionesportiva.com\/index.php\/author\/supermariolemieux\/#author"},"creator":{"@id":"https:\/\/ispirazionesportiva.com\/index.php\/author\/supermariolemieux\/#author"},"image":{"@type":"ImageObject","url":"https:\/\/i0.wp.com\/ispirazionesportiva.com\/wp-content\/uploads\/sites\/3\/2022\/05\/1637309973979_Campioni-del-Mondo_2048x2048.jpg?fit=500%2C500&ssl=1","@id":"https:\/\/ispirazionesportiva.com\/index.php\/2022\/05\/19\/radio-e-campioni-del-mondo-al-sabato-ecco-la-bellezza-del-calcio\/#mainImage","width":500,"height":500},"primaryImageOfPage":{"@id":"https:\/\/ispirazionesportiva.com\/index.php\/2022\/05\/19\/radio-e-campioni-del-mondo-al-sabato-ecco-la-bellezza-del-calcio\/#mainImage"},"datePublished":"2022-05-19T11:05:00+02:00","dateModified":"2026-07-25T22:41:50+02:00"},{"@type":"WebSite","@id":"https:\/\/ispirazionesportiva.com\/#website","url":"https:\/\/ispirazionesportiva.com\/","name":"IspirazioneSportiva.com","description":"Le storie sportive che emozionano","inLanguage":"it-IT","publisher":{"@id":"https:\/\/ispirazionesportiva.com\/#organization"}}]},"og:locale":"it_IT","og:site_name":"IspirazioneSportiva.com - Le storie sportive che emozionano","og:type":"article","og:title":"Radio e Campioni del Mondo al sabato, ecco la bellezza del calcio - IspirazioneSportiva.com","og:description":"&quot;La radio \u00e8 dei poeti, dei narratori, di chi senza immagini fa immaginare, di chi fa sognare ad occhi chiusi, di chi parla e di chi ascolta, in un unico grande amore!&quot; Sia benedetta la radio! Era il 5 marzo del 1896 quando Guglielmo Marconi present\u00f2 la richiesta per brevettare le proprie migliorie alla telegrafia senza fili, anticipando","og:url":"https:\/\/ispirazionesportiva.com\/index.php\/2022\/05\/19\/radio-e-campioni-del-mondo-al-sabato-ecco-la-bellezza-del-calcio\/","og:image":"https:\/\/i0.wp.com\/ispirazionesportiva.com\/wp-content\/uploads\/sites\/3\/2020\/09\/cropped-PHOTO-2020-09-16-08-47-03-e1600279086776-1.jpg?fit=500%2C230&#038;ssl=1","og:image:secure_url":"https:\/\/i0.wp.com\/ispirazionesportiva.com\/wp-content\/uploads\/sites\/3\/2020\/09\/cropped-PHOTO-2020-09-16-08-47-03-e1600279086776-1.jpg?fit=500%2C230&#038;ssl=1","article:published_time":"2022-05-19T09:05:00+00:00","article:modified_time":"2026-07-25T20:41:50+00:00","twitter:card":"summary_large_image","twitter:title":"Radio e Campioni del Mondo al sabato, ecco la bellezza del calcio - IspirazioneSportiva.com","twitter:description":"&quot;La radio \u00e8 dei poeti, dei narratori, di chi senza immagini fa immaginare, di chi fa sognare ad occhi chiusi, di chi parla e di chi ascolta, in un unico grande amore!&quot; Sia benedetta la radio! Era il 5 marzo del 1896 quando Guglielmo Marconi present\u00f2 la richiesta per brevettare le proprie migliorie alla telegrafia senza fili, anticipando","twitter:image":"https:\/\/i0.wp.com\/ispirazionesportiva.com\/wp-content\/uploads\/sites\/3\/2020\/09\/cropped-PHOTO-2020-09-16-08-47-03-e1600279086776-1.jpg?fit=500%2C230&ssl=1"},"aioseo_meta_data":{"post_id":"1462","title":null,"description":null,"keywords":null,"keyphrases":null,"primary_term":null,"canonical_url":null,"og_title":null,"og_description":null,"og_object_type":"default","og_image_type":"default","og_image_custom_url":null,"og_image_custom_fields":null,"og_image_url":null,"og_image_width":null,"og_image_height":null,"og_video":null,"og_custom_url":null,"og_article_section":null,"og_article_tags":null,"twitter_use_og":false,"twitter_card":"default","twitter_image_type":"default","twitter_image_custom_url":null,"twitter_image_custom_fields":null,"twitter_image_url":null,"twitter_title":null,"twitter_description":null,"schema_type":"default","schema_type_options":null,"schema":{"blockGraphs":[],"customGraphs":[],"default":{"data":{"Article":[],"Course":[],"Dataset":[],"FAQPage":[],"Movie":[],"Person":[],"Product":[],"ProductReview":[],"Car":[],"Recipe":[],"Service":[],"SoftwareApplication":[],"WebPage":[]},"graphName":"","isEnabled":true},"graphs":[]},"pillar_content":false,"robots_default":true,"robots_noindex":false,"robots_noarchive":false,"robots_nosnippet":false,"robots_nofollow":false,"robots_noimageindex":false,"robots_noodp":false,"robots_notranslate":false,"robots_max_snippet":null,"robots_max_videopreview":null,"robots_max_imagepreview":"large","priority":null,"frequency":null,"local_seo":null,"limit_modified_date":false,"ai":null,"breadcrumb_settings":null,"seo_analyzer_scan_date":null,"created":"2026-07-23 16:34:45","updated":"2026-07-26 09:49:11"},"aioseo_breadcrumb":"<div class=\"aioseo-breadcrumbs\"><span class=\"aioseo-breadcrumb\">\n\t\t\t<a href=\"https:\/\/ispirazionesportiva.com\" title=\"Home\">Home<\/a>\n\t\t<\/span><span class=\"aioseo-breadcrumb-separator\">&raquo;<\/span><span class=\"aioseo-breadcrumb\">\n\t\t\t<a href=\"https:\/\/ispirazionesportiva.com\/index.php\/category\/calcio\/\" title=\"Calcio\">Calcio<\/a>\n\t\t<\/span><span class=\"aioseo-breadcrumb-separator\">&raquo;<\/span><span class=\"aioseo-breadcrumb\">\n\t\t\t<a href=\"https:\/\/ispirazionesportiva.com\/index.php\/category\/calcio\/i-miti-e-le-leggende-del-pallone\/\" title=\"I miti e le leggende del pallone\">I miti e le leggende del pallone<\/a>\n\t\t<\/span><span class=\"aioseo-breadcrumb-separator\">&raquo;<\/span><span class=\"aioseo-breadcrumb\">\n\t\t\tRadio e Campioni del Mondo al sabato, ecco la bellezza del calcio\n\t\t<\/span><\/div>","aioseo_breadcrumb_json":[{"label":"Home","link":"https:\/\/ispirazionesportiva.com"},{"label":"Calcio","link":"https:\/\/ispirazionesportiva.com\/index.php\/category\/calcio\/"},{"label":"I miti e le leggende del pallone","link":"https:\/\/ispirazionesportiva.com\/index.php\/category\/calcio\/i-miti-e-le-leggende-del-pallone\/"},{"label":"Radio e Campioni del Mondo al sabato, ecco la bellezza del calcio","link":"https:\/\/ispirazionesportiva.com\/index.php\/2022\/05\/19\/radio-e-campioni-del-mondo-al-sabato-ecco-la-bellezza-del-calcio\/"}],"jetpack_publicize_connections":[],"jetpack_featured_media_url":"https:\/\/i0.wp.com\/ispirazionesportiva.com\/wp-content\/uploads\/sites\/3\/2022\/05\/1637309973979_Campioni-del-Mondo_2048x2048.jpg?fit=500%2C500&ssl=1","jetpack_sharing_enabled":true,"jetpack_likes_enabled":true,"amp_enabled":true,"_links":{"self":[{"href":"https:\/\/ispirazionesportiva.com\/index.php\/wp-json\/wp\/v2\/posts\/1462","targetHints":{"allow":["GET"]}}],"collection":[{"href":"https:\/\/ispirazionesportiva.com\/index.php\/wp-json\/wp\/v2\/posts"}],"about":[{"href":"https:\/\/ispirazionesportiva.com\/index.php\/wp-json\/wp\/v2\/types\/post"}],"author":[{"embeddable":true,"href":"https:\/\/ispirazionesportiva.com\/index.php\/wp-json\/wp\/v2\/users\/5"}],"replies":[{"embeddable":true,"href":"https:\/\/ispirazionesportiva.com\/index.php\/wp-json\/wp\/v2\/comments?post=1462"}],"version-history":[{"count":4,"href":"https:\/\/ispirazionesportiva.com\/index.php\/wp-json\/wp\/v2\/posts\/1462\/revisions"}],"predecessor-version":[{"id":2612,"href":"https:\/\/ispirazionesportiva.com\/index.php\/wp-json\/wp\/v2\/posts\/1462\/revisions\/2612"}],"wp:featuredmedia":[{"embeddable":true,"href":"https:\/\/ispirazionesportiva.com\/index.php\/wp-json\/wp\/v2\/media\/1465"}],"wp:attachment":[{"href":"https:\/\/ispirazionesportiva.com\/index.php\/wp-json\/wp\/v2\/media?parent=1462"}],"wp:term":[{"taxonomy":"category","embeddable":true,"href":"https:\/\/ispirazionesportiva.com\/index.php\/wp-json\/wp\/v2\/categories?post=1462"},{"taxonomy":"post_tag","embeddable":true,"href":"https:\/\/ispirazionesportiva.com\/index.php\/wp-json\/wp\/v2\/tags?post=1462"}],"curies":[{"name":"wp","href":"https:\/\/api.w.org\/{rel}","templated":true}]}}