{"id":1397,"date":"2022-03-04T15:00:00","date_gmt":"2022-03-04T13:00:00","guid":{"rendered":"https:\/\/ispirazionesportiva.com\/?p=1397"},"modified":"2023-12-11T16:01:36","modified_gmt":"2023-12-11T14:01:36","slug":"parte-la-caccia-al-trono-della-motogp-2022","status":"publish","type":"post","link":"https:\/\/ispirazionesportiva.com\/index.php\/2022\/03\/04\/parte-la-caccia-al-trono-della-motogp-2022\/","title":{"rendered":"Parte la caccia al trono della MotoGP 2022"},"content":{"rendered":"\r\n<p>Parte la caccia al numero 1, anche se nel cupolino del campione del mondo svetta il brand del numero 20 di Fabio Quartararo. Il &#8220;cacciatore numero 1&#8221; ha invece il numero 63, quello di Pecco Bagnaia, ma anche il 93 di Marc Marquez, il marziano atteso al riscatto dopo due stagioni senza l&#8217;alloro iridato.<\/p>\r\n\r\n\r\n\r\n<p>Di seguito i profili dei tre favoriti al titolo e il &#8220;nostro&#8221; preferito (quindi non scommetteteci, di solito non azzecchiamo mai). Segui il resoconto dell&#8217;annata su <a href=\"https:\/\/www.facebook.com\/profile.php?id=100063526030492\">IspirazioneSportiva<\/a><\/p>\r\n\r\n\r\n\r\n<p>Il profilo di <strong>Quartararo<\/strong> nel sito ufficiale MotoGP: 8 vittorie in MotoGP, 15 pole<\/p>\r\n\r\n\r\n\r\n<figure class=\"wp-block-image size-large\"><img loading=\"lazy\" decoding=\"async\" width=\"1024\" height=\"536\" class=\"wp-image-1399\" src=\"https:\/\/ispirazionesportiva.com\/wp-content\/uploads\/2022\/03\/meymm-16-fabio-quartararo-1024x536.jpeg\" alt=\"\" srcset=\"https:\/\/ispirazionesportiva.com\/wp-content\/uploads\/2022\/03\/meymm-16-fabio-quartararo-1024x536.jpeg 1024w, https:\/\/ispirazionesportiva.com\/wp-content\/uploads\/2022\/03\/meymm-16-fabio-quartararo-300x157.jpeg 300w, https:\/\/ispirazionesportiva.com\/wp-content\/uploads\/2022\/03\/meymm-16-fabio-quartararo-768x402.jpeg 768w, https:\/\/ispirazionesportiva.com\/wp-content\/uploads\/2022\/03\/meymm-16-fabio-quartararo-1536x803.jpeg 1536w, https:\/\/ispirazionesportiva.com\/wp-content\/uploads\/2022\/03\/meymm-16-fabio-quartararo-2048x1071.jpeg 2048w\" sizes=\"auto, (max-width: 1024px) 100vw, 1024px\" \/><\/figure>\r\n\r\n\r\n\r\n<p>&#8220;<em>Inizia a correre a quattro anni e presto si trasferisce in Spagna per continuare la crescita agonistica. Nel 2013 vince il FIM CEV Repsol, impresa che ripete anche la stagione successiva. Visto il suo talento, viene modificata la norma che nega l\u2019accesso al mondiale Moto3\u2122 ai minori di 16 anni permettendo ai vincitori del CEV di accedere direttamente alla competizione. Il francese debutta nella categoria cadetta nel 2015 con la Honda del team Estrella Galicia 0,0. Sale sul secondo gradino del podio alla seconda gara ripetendosi in Olanda dopo aver centrato le pole a Jerez e Le Mans ma un infortunio mette fine alla sua stagione. Torna in pista nel 2016 con Leopard Racing dove ritrova Christian Lundberg, il tecnico che lo aveva accompagnato nella conquista del primo titolo nel CEV. Nel 2017 prende il posto di Alex Rins nella scuderia Paginas Amarillas HP 40 in Moto2\u2122. L\u2019anno dopo \u00e8 Luca Boscoscuro a scommettere su di lui mettendogli a disposizione una Speed Up. \u00c8 questa la stagione del riscatto e Quartararo consolida la sua crescita vincendo il GP di Catalogna e tornando sul podio ad Assen. Nel 2019, a 19 anni, approda alla massima categoria con Petronas Yamaha SRT firmando la pole position a Jerez e diventando il pilota pi\u00f9 giovane ad aggiudicarsi la partenza dalla prima casella in classe regina. \u00c8 la stagione che lo consacra come rivelazione della massima classe grazie a sei pole position e sale sul podio in sette occasioni. Nel 2020 corre con una M1 ufficiale e al GP di Spagna arriva la prima vittoria nella massima cilindrata, bissata sette giorni dopo sulla stessa pista e poi a Barcellona. La corsa al successo finale \u00e8 posticipata al 2021 con i colori della scuderia ufficiale Yamaha. In questa stagione scrive una pagina di storia: grazie a cinque vittorie e altri cinque podi porta a casa il titolo mondiale diventando cos\u00ec il primo francese a coronare il proprio sogno iridato nella classe regina. Nel 2022 tenter\u00e0 il bis sempre con il team ufficiale Yamaha&#8221;.<\/em><\/p>\r\n\r\n\r\n\r\n<p>La risposta su chi \u00e8 <strong>Francesco Bagnaia<\/strong>, speranza numero 1 dell&#8217;ItalMoto, sempre dal sito ufficiale MotoGP: 4 vittorie in MotoGP, 6 pole position.<\/p>\r\n\r\n\r\n\r\n<figure class=\"wp-block-image size-large\"><img loading=\"lazy\" decoding=\"async\" width=\"1024\" height=\"535\" class=\"wp-image-1400\" src=\"https:\/\/ispirazionesportiva.com\/wp-content\/uploads\/2022\/03\/fr-5c88-1024x535.jpeg\" alt=\"\" srcset=\"https:\/\/ispirazionesportiva.com\/wp-content\/uploads\/2022\/03\/fr-5c88-1024x535.jpeg 1024w, https:\/\/ispirazionesportiva.com\/wp-content\/uploads\/2022\/03\/fr-5c88-300x157.jpeg 300w, https:\/\/ispirazionesportiva.com\/wp-content\/uploads\/2022\/03\/fr-5c88-768x401.jpeg 768w, https:\/\/ispirazionesportiva.com\/wp-content\/uploads\/2022\/03\/fr-5c88-1536x803.jpeg 1536w, https:\/\/ispirazionesportiva.com\/wp-content\/uploads\/2022\/03\/fr-5c88-2048x1070.jpeg 2048w\" sizes=\"auto, (max-width: 1024px) 100vw, 1024px\" \/><\/figure>\r\n\r\n\r\n\r\n<p>&#8220;<em>Dopo i primi successi in Minimoto e con la MiniGP, partecipa al Campionato Mediterraneo 125cc PreGP. Il team Monlau Competici\u00f3 scommette su di lui per la stagione 2012 del CEV e Pecco dimostra di essere un ottimo ingaggio vincendo la gara al Montmelo. Nel 2013 approda in Moto3\u2122 condividendo il box con Romano Fenati nel Team Italia FMI ma la stagione \u00e8 complicata. Nel 2014, in sella alla KTM dello SKY Racing Team VR46, entra nella top 10 in diverse occasioni ma \u00e8 nel 2015 che consolida la sua crescita. La Mahindra della struttura Aspar \u00e8 una grande scuola e Bagnaia sfiora ripetutamente il podio. La stagione successiva si piazza tra i primi in sei GP fino a conquistare la prima vittoria ad Assen, risultato bissato a Sepang ed inedito per la moto italo-indiana. Ncel 2017 torna a vestire i colori dello SKY Racing Team VR46 ma questa volta lo fa in Moto2\u2122. A fine stagione \u00e8 il miglior esordiente della categoria con quattro podi all\u2019attivo. Nessun cambio per il 2018 e la certezza di essere l\u2019uomo del momento. Grazie ad otto vittorie e a quattro podi \u00e8 campione del mondo Moto2\u2122 e compie il passaggio in MotoGP\u2122 dove ad aspettarlo c\u2019\u00e8 la DesmosediciGP del team Pramac Racing. La massima categoria risulta essere pi\u00f9 complicata del previsto per il piemontese che per\u00f2 non si arrende e continua a lavorare. L&#8217;obiettivo della top 10 nel 2020 \u00e8 pi\u00f9 volte centrato e Pecco dimostra anche di poter vincere con prestazioni cristalline e una piazza d&#8217;onore. Tutto questo gli varr\u00e0 la chiamata del Ducati Team nel 2021. \u2018Pecco\u2019 \u00e8 autore di una stagione da sogno: si laurea vicecampione del mondo regalando spettacolo insieme al neo iridato Fabio Quartararo nell\u2019arco dell\u2019intera annata che lo vede anche conquistare il titolo Costruttori insieme a Ducati e al suo compagno di box Jack Miller. Per Bagnaia il 2021 \u00e8 ricco di soddisfazioni dal momento che vince quattro gare e ottiene altri cinque podi. Il 2022 lo vedr\u00e0 ancora in sella alla moto del team ufficiale di Borgo Panigale: sar\u00e0 l\u2019anno giusto per vederlo coronare il sogno iridato<\/em>?&#8221;<\/p>\r\n\r\n\r\n\r\n<p>Mai dimenticare il marziano <strong>Marc Marquez<\/strong>: 59 vittorie in MotoGP, 62 pole<\/p>\r\n\r\n\r\n\r\n<figure class=\"wp-block-image size-large\"><img loading=\"lazy\" decoding=\"async\" width=\"1024\" height=\"683\" class=\"wp-image-1402\" src=\"https:\/\/ispirazionesportiva.com\/wp-content\/uploads\/2022\/03\/marc-marquez-portimao-1024x683.jpeg\" alt=\"\" srcset=\"https:\/\/ispirazionesportiva.com\/wp-content\/uploads\/2022\/03\/marc-marquez-portimao-1024x683.jpeg 1024w, https:\/\/ispirazionesportiva.com\/wp-content\/uploads\/2022\/03\/marc-marquez-portimao-300x200.jpeg 300w, https:\/\/ispirazionesportiva.com\/wp-content\/uploads\/2022\/03\/marc-marquez-portimao-768x512.jpeg 768w, https:\/\/ispirazionesportiva.com\/wp-content\/uploads\/2022\/03\/marc-marquez-portimao.jpeg 1200w\" sizes=\"auto, (max-width: 1024px) 100vw, 1024px\" \/><\/figure>\r\n\r\n\r\n\r\n<p>&#8220;<em>Vince il titolo iridato in 125cc e in Moto2\u2122, poi compie il passaggio in MotoGP\u2122 nel 2013. Dopo una battaglia lunga tutta una stagione con Jorge Lorenzo diventa il pi\u00f9 giovane campione della categoria siglando una serie infinita di record. Il 2014, la sua consacrazione: vince le prime dieci gare consecutive e, grazie ad altri podi e piazzamenti importanti, conquista la sua quarta iride con tre gare d\u2019anticipo. Il 2015 si rivela impegnativo con una Honda difficile da domare, qualche speranza si accende quando ad Assen passa al telaio dell\u2019anno precedente raggiungendo alla fine il terzo posto in campionato. Nel 2016 torna di forza tra i pretendenti al titolo. Vince due GP e, arrivando costantemente sul podio nelle prime quattro gare, comanda la classifica iridata fino al GP di Francia. Al Mugello \u00e8 secondo e i successivi podi in Catalogna, ad Assen e a Brno, oltre alla vittoria in Germania, lo rilanciano in vetta alla classifica generale laureandosi campione per la quinta volta. Inizia il 2017 con l\u2019obiettivo di difendere il trono; non brilla nei primi GP ma, nonostante gli errori e il duello con Andrea Dovizioso, con sei vittorie e altrettanti podi fa suo ancora una volta il titolo della massima cilindrata. \u00c8 il sei volte campione pi\u00f9 giovane della storia. La classe regina \u00e8 di sua propriet\u00e0 anche per il 2018: con una tabella di marcia nella quale brillano nove vittorie e cinque podi raggiunge il \u2018livello 7\u2019 iridato. Il 2019 inizia in modo pocoa convincente visto il secondo posto firmato in Qatar e la caduta di Termas. Ma \u00e8 una volta arrivati in Europa che Marquez ingrana la marcia vincendo a Jerez e a Le Mans, in Catalogna e al Sachsenring. All\u2019inizio della pausa estiva il lavoro del catalano \u00e8 gi\u00e0 ben avviato verso l\u2019ottavo titolo. La seconda parte di campionato \u00e8 sua e a Buriram firma l\u2019ottavo titolo iridato, il sesto in MotoGP\u2122. Il 2020 avrebbe dovuto essere un altro anno di gloria, invece Marquez \u00e8 costretto ad essere spettatore a causa di un infortunio al braccio e le relative complicazioni. Torna nel 2021, pi\u00f9 affamato che mai. Una stagione anche questa complicata per lo spagnolo che per\u00f2 riesce comunque a vincere tre gare, quelle in programma al Sachsenring, ad Austin e a Misano (secondo appuntamento). Nel 2022 cercher\u00e0 di tornare a quel successo iridato che gli manca dal 2019.<\/em>&#8220;<\/p>\r\n\r\n\r\n\r\n<p>Chi ci giochiamo noi? Un nome folle,<strong> Jack Miller<\/strong>: 3 vittorie in MotoGP, 1 pole<\/p>\r\n\r\n\r\n\r\n<figure class=\"wp-block-gallery columns-1 is-cropped wp-block-gallery-1 is-layout-flex wp-block-gallery-is-layout-flex\">\r\n<ul class=\"blocks-gallery-grid\">\r\n<li class=\"blocks-gallery-item\">\r\n<figure><img loading=\"lazy\" decoding=\"async\" width=\"640\" height=\"427\" class=\"wp-image-1401\" src=\"https:\/\/ispirazionesportiva.com\/wp-content\/uploads\/2022\/03\/miller_0.jpg\" alt=\"\" data-id=\"1401\" data-full-url=\"https:\/\/ispirazionesportiva.com\/wp-content\/uploads\/2022\/03\/miller_0.jpg\" data-link=\"https:\/\/ispirazionesportiva.com\/?attachment_id=1401\" srcset=\"https:\/\/ispirazionesportiva.com\/wp-content\/uploads\/2022\/03\/miller_0.jpg 640w, https:\/\/ispirazionesportiva.com\/wp-content\/uploads\/2022\/03\/miller_0-300x200.jpg 300w\" sizes=\"auto, (max-width: 640px) 100vw, 640px\" \/><\/figure>\r\n<\/li>\r\n<\/ul>\r\n<\/figure>\r\n\r\n\r\n\r\n<p>&#8220;<em>Inizia la carriera sugli sterrati ma nel 2009 passa alla velocit\u00e0; un anno dopo si trasferisce in Europa e partecipa ai campionati nazionali di Spagna e Germania. Nel 2011 debutta nel mondiale 125cc partecipando solo ad alcuni degli appuntamenti in calendario. Visti i suoi risultati, trova una sella per affrontare la prima stagione completa: \u00e8 il 2012 e l\u2019anno dopo debutta nella nuova categoria Moto3\u2122. Nel 2014 passa al team Red Bull KTM Ajo battendosi per il titolo iridato fino all\u2019ultima gara. L\u2019anno successivo, fa il salto diretto in MotoGP\u2122 con la scuderia HRC Marc VDS. Il primo anno serve a Miller per conoscere la moto e nel 2016 vince ad Assen. Nonostante questo risultato, la stagione \u00e8 segnata da numerose cadute. Il 2017 \u00e8 un campionato di arrivi costanti in top 10 mentre quello successivo cambia squadra e costruttore entrando a far parte della scuderia Pramac Racing. La crescita \u00e8 costante e compie il salto di qualit\u00e0 con cinque podi conquistati nel 2019. Con Pramac Racing anche nel 2020, \u00e8 da subito \u00e8 il ducatista pi\u00f9 convincente e i suoi numeri (tre piazze d&#8217;onore e un terzo posto) gli valgono la chiamata della scuderia ufficiale. Il 2021 lo vede tra i protagonisti: conquista cinque podi tra cui due vittorie in Spagna e Francia. Insieme al suo compagno di squadra Francesco Bagnaia regala a Ducati il titolo Costruttori e si appresta a vivere un 2022 ancora vestito di rosso.&#8221;<\/em><\/p>\r\n\r\n\r\n\r\n<p class=\"has-text-align-center\"><strong>La stagione 2022:<\/strong><\/p>\r\n\r\n\r\n\r\n<p>Il calendario<\/p>\r\n\r\n\r\n\r\n<figure class=\"wp-block-table aligncenter\">\r\n<table>\r\n<tbody>\r\n<tr>\r\n<td><strong>Data<\/strong><\/td>\r\n<td><strong>Gran Premio<\/strong><\/td>\r\n<td><strong>Circuito<\/strong><\/td>\r\n<td><strong>Vincitore MotoGP<\/strong><\/td>\r\n<td><strong>Vincitore Moto2<\/strong><\/td>\r\n<td><strong>Vincitore Moto3<\/strong><\/td>\r\n<td><strong>Vincitore MotoE<\/strong><\/td>\r\n<td><strong>Resoconto<\/strong><\/td>\r\n<\/tr>\r\n<tr>\r\n<td>6 marzo<\/td>\r\n<td>\u00a0<a href=\"https:\/\/it.wikipedia.org\/wiki\/Gran_Premio_motociclistico_del_Qatar\">GP del Qatar<\/a><\/td>\r\n<td><a href=\"https:\/\/it.wikipedia.org\/wiki\/Circuito_di_Losail\">Losail<\/a><\/td>\r\n<td><br \/><br \/><\/td>\r\n<td>\u00a0<\/td>\r\n<td>\u00a0<\/td>\r\n<td>\u00a0<\/td>\r\n<td>\u00a0<\/td>\r\n<\/tr>\r\n<tr>\r\n<td>20 marzo<\/td>\r\n<td>\u00a0<a href=\"https:\/\/it.wikipedia.org\/wiki\/Gran_Premio_motociclistico_dell%27Indonesia\">GP dell&#8217;Indonesia<\/a><\/td>\r\n<td><a href=\"https:\/\/it.wikipedia.org\/wiki\/Circuito_di_Mandalika\">Mandalika<\/a><\/td>\r\n<td>\u00a0<\/td>\r\n<td>\u00a0<\/td>\r\n<td>\u00a0<\/td>\r\n<td>\u00a0<\/td>\r\n<td>\u00a0<\/td>\r\n<\/tr>\r\n<tr>\r\n<td>3 aprile<\/td>\r\n<td>\u00a0<a href=\"https:\/\/it.wikipedia.org\/wiki\/Gran_Premio_motociclistico_d%27Argentina\">GP d&#8217;Argentina<\/a><\/td>\r\n<td><a href=\"https:\/\/it.wikipedia.org\/wiki\/Autodromo_di_Termas_de_R%C3%ADo_Hondo\">Termas de R\u00edo Hondo<\/a><\/td>\r\n<td>\u00a0<\/td>\r\n<td>\u00a0<\/td>\r\n<td>\u00a0<\/td>\r\n<td>\u00a0<\/td>\r\n<td>\u00a0<\/td>\r\n<\/tr>\r\n<tr>\r\n<td>10 aprile<\/td>\r\n<td>\u00a0<a href=\"https:\/\/it.wikipedia.org\/wiki\/Gran_Premio_motociclistico_delle_Americhe\">GP delle Americhe<\/a><\/td>\r\n<td><a href=\"https:\/\/it.wikipedia.org\/wiki\/Circuito_delle_Americhe\">Americhe<\/a><\/td>\r\n<td>\u00a0<\/td>\r\n<td>\u00a0<\/td>\r\n<td>\u00a0<\/td>\r\n<td>\u00a0<\/td>\r\n<td>\u00a0<\/td>\r\n<\/tr>\r\n<tr>\r\n<td>24 aprile<\/td>\r\n<td>\u00a0<a href=\"https:\/\/it.wikipedia.org\/wiki\/Gran_Premio_motociclistico_del_Portogallo\">GP del Portogallo<\/a><\/td>\r\n<td><a href=\"https:\/\/it.wikipedia.org\/wiki\/Aut%C3%B3dromo_Internacional_do_Algarve\">Portim\u00e3o<\/a><\/td>\r\n<td>\u00a0<\/td>\r\n<td>\u00a0<\/td>\r\n<td>\u00a0<\/td>\r\n<td>\u00a0<\/td>\r\n<td>\u00a0<\/td>\r\n<\/tr>\r\n<tr>\r\n<td>1 maggio<\/td>\r\n<td>\u00a0<a href=\"https:\/\/it.wikipedia.org\/wiki\/Gran_Premio_motociclistico_di_Spagna\">GP di Spagna<\/a><\/td>\r\n<td><a href=\"https:\/\/it.wikipedia.org\/wiki\/Circuito_di_Jerez_de_la_Frontera\">Jerez de la Frontera<\/a><\/td>\r\n<td>\u00a0<\/td>\r\n<td>\u00a0<\/td>\r\n<td>\u00a0<\/td>\r\n<td>\u00a0<\/td>\r\n<td>\u00a0<\/td>\r\n<\/tr>\r\n<tr>\r\n<td>15 maggio<\/td>\r\n<td>\u00a0<a href=\"https:\/\/it.wikipedia.org\/wiki\/Gran_Premio_motociclistico_di_Francia\">GP di Francia<\/a><\/td>\r\n<td><a href=\"https:\/\/it.wikipedia.org\/wiki\/Circuit_de_la_Sarthe\">Le Mans<\/a><\/td>\r\n<td>\u00a0<\/td>\r\n<td>\u00a0<\/td>\r\n<td>\u00a0<\/td>\r\n<td>\u00a0<\/td>\r\n<td>\u00a0<\/td>\r\n<\/tr>\r\n<tr>\r\n<td>29 maggio<\/td>\r\n<td>\u00a0<a href=\"https:\/\/it.wikipedia.org\/wiki\/Gran_Premio_motociclistico_d%27Italia\">GP d&#8217;Italia<\/a><\/td>\r\n<td><a href=\"https:\/\/it.wikipedia.org\/wiki\/Autodromo_internazionale_del_Mugello\">Mugello<\/a><\/td>\r\n<td>\u00a0<\/td>\r\n<td>\u00a0<\/td>\r\n<td>\u00a0<\/td>\r\n<td>\u00a0<\/td>\r\n<td>\u00a0<\/td>\r\n<\/tr>\r\n<tr>\r\n<td>5 giugno<\/td>\r\n<td>\u00a0<a href=\"https:\/\/it.wikipedia.org\/wiki\/Gran_Premio_motociclistico_di_Catalogna\">GP di Catalogna<\/a><\/td>\r\n<td><a href=\"https:\/\/it.wikipedia.org\/wiki\/Circuito_di_Catalogna\">Catalogna<\/a><\/td>\r\n<td>\u00a0<\/td>\r\n<td>\u00a0<\/td>\r\n<td>\u00a0<\/td>\r\n<td>\u00a0<\/td>\r\n<td>\u00a0<\/td>\r\n<\/tr>\r\n<tr>\r\n<td>19 giugno<\/td>\r\n<td>\u00a0<a href=\"https:\/\/it.wikipedia.org\/wiki\/Gran_Premio_motociclistico_di_Germania\">GP di Germania<\/a><\/td>\r\n<td><a href=\"https:\/\/it.wikipedia.org\/wiki\/Sachsenring\">Sachsenring<\/a><\/td>\r\n<td>\u00a0<\/td>\r\n<td>\u00a0<\/td>\r\n<td>\u00a0<\/td>\r\n<td>\u00a0<\/td>\r\n<td>\u00a0<\/td>\r\n<\/tr>\r\n<tr>\r\n<td>26 giugno<\/td>\r\n<td>\u00a0<a href=\"https:\/\/it.wikipedia.org\/wiki\/Gran_Premio_motociclistico_d%27Olanda\">GP d&#8217;Olanda<\/a><\/td>\r\n<td><a href=\"https:\/\/it.wikipedia.org\/wiki\/TT_Circuit_Assen\">Assen<\/a><\/td>\r\n<td>\u00a0<\/td>\r\n<td>\u00a0<\/td>\r\n<td>\u00a0<\/td>\r\n<td>\u00a0<\/td>\r\n<td>\u00a0<\/td>\r\n<\/tr>\r\n<tr>\r\n<td>10 luglio<\/td>\r\n<td>\u00a0<a href=\"https:\/\/it.wikipedia.org\/wiki\/Gran_Premio_motociclistico_di_Finlandia\">GP di Finlandia<\/a><\/td>\r\n<td><a href=\"https:\/\/it.wikipedia.org\/wiki\/Kymi_Ring\">Kymi Ring<\/a><\/td>\r\n<td>\u00a0<\/td>\r\n<td>\u00a0<\/td>\r\n<td>\u00a0<\/td>\r\n<td>\u00a0<\/td>\r\n<td>\u00a0<\/td>\r\n<\/tr>\r\n<tr>\r\n<td>7 agosto<\/td>\r\n<td>\u00a0<a href=\"https:\/\/it.wikipedia.org\/wiki\/Gran_Premio_motociclistico_di_Gran_Bretagna\">GP di Gran Bretagna<\/a><\/td>\r\n<td><a href=\"https:\/\/it.wikipedia.org\/wiki\/Circuito_di_Silverstone\">Silverstone<\/a><\/td>\r\n<td>\u00a0<\/td>\r\n<td>\u00a0<\/td>\r\n<td>\u00a0<\/td>\r\n<td>\u00a0<\/td>\r\n<td>\u00a0<\/td>\r\n<\/tr>\r\n<tr>\r\n<td>21 agosto<\/td>\r\n<td>\u00a0<a href=\"https:\/\/it.wikipedia.org\/wiki\/Gran_Premio_motociclistico_d%27Austria\">GP d&#8217;Austria<\/a><\/td>\r\n<td><a href=\"https:\/\/it.wikipedia.org\/wiki\/Red_Bull_Ring\">Red Bull Ring<\/a><\/td>\r\n<td>\u00a0<\/td>\r\n<td>\u00a0<\/td>\r\n<td>\u00a0<\/td>\r\n<td>\u00a0<\/td>\r\n<td>\u00a0<\/td>\r\n<\/tr>\r\n<tr>\r\n<td>4 settembre<\/td>\r\n<td>\u00a0<a href=\"https:\/\/it.wikipedia.org\/wiki\/Gran_Premio_motociclistico_di_San_Marino_e_della_Riviera_di_Rimini\">GP di San Marino e della Riviera di Rimini<\/a><\/td>\r\n<td><a href=\"https:\/\/it.wikipedia.org\/wiki\/Misano_World_Circuit_Marco_Simoncelli\">Misano<\/a><\/td>\r\n<td>\u00a0<\/td>\r\n<td>\u00a0<\/td>\r\n<td>\u00a0<\/td>\r\n<td>\u00a0<\/td>\r\n<td>\u00a0<\/td>\r\n<\/tr>\r\n<tr>\r\n<td>18 settembre<\/td>\r\n<td>\u00a0<a href=\"https:\/\/it.wikipedia.org\/wiki\/Gran_Premio_motociclistico_d%27Aragona\">GP d&#8217;Aragona<\/a><\/td>\r\n<td><a href=\"https:\/\/it.wikipedia.org\/wiki\/Ciudad_del_Motor_de_Arag%C3%B3n\">Motorland<\/a><\/td>\r\n<td>\u00a0<\/td>\r\n<td>\u00a0<\/td>\r\n<td>\u00a0<\/td>\r\n<td>\u00a0<\/td>\r\n<td>\u00a0<\/td>\r\n<\/tr>\r\n<tr>\r\n<td>25 settembre<\/td>\r\n<td>\u00a0<a href=\"https:\/\/it.wikipedia.org\/wiki\/Gran_Premio_motociclistico_del_Giappone\">GP del Giappone<\/a><\/td>\r\n<td><a href=\"https:\/\/it.wikipedia.org\/wiki\/Circuito_di_Motegi\">Motegi<\/a><\/td>\r\n<td>\u00a0<\/td>\r\n<td>\u00a0<\/td>\r\n<td>\u00a0<\/td>\r\n<td>\u00a0<\/td>\r\n<td>\u00a0<\/td>\r\n<\/tr>\r\n<tr>\r\n<td>2 ottobre<\/td>\r\n<td>\u00a0<a href=\"https:\/\/it.wikipedia.org\/wiki\/Gran_Premio_motociclistico_di_Thailandia\">GP di Thailandia<\/a><\/td>\r\n<td><a href=\"https:\/\/it.wikipedia.org\/wiki\/Circuito_internazionale_di_Buriram\">Buriram<\/a><\/td>\r\n<td>\u00a0<\/td>\r\n<td>\u00a0<\/td>\r\n<td>\u00a0<\/td>\r\n<td>\u00a0<\/td>\r\n<td>\u00a0<\/td>\r\n<\/tr>\r\n<tr>\r\n<td>16 ottobre<\/td>\r\n<td>\u00a0<a href=\"https:\/\/it.wikipedia.org\/wiki\/Gran_Premio_motociclistico_d%27Australia\">GP d&#8217;Australia<\/a><\/td>\r\n<td><a href=\"https:\/\/it.wikipedia.org\/wiki\/Circuito_di_Phillip_Island\">Phillip Island<\/a><\/td>\r\n<td>\u00a0<\/td>\r\n<td>\u00a0<\/td>\r\n<td>\u00a0<\/td>\r\n<td>\u00a0<\/td>\r\n<td>\u00a0<\/td>\r\n<\/tr>\r\n<tr>\r\n<td>23 ottobre<\/td>\r\n<td>\u00a0<a href=\"https:\/\/it.wikipedia.org\/wiki\/Gran_Premio_motociclistico_della_Malesia\">GP della Malesia<\/a><\/td>\r\n<td><a href=\"https:\/\/it.wikipedia.org\/wiki\/Circuito_di_Sepang\">Sepang<\/a><\/td>\r\n<td>\u00a0<\/td>\r\n<td>\u00a0<\/td>\r\n<td>\u00a0<\/td>\r\n<td>\u00a0<\/td>\r\n<td>\u00a0<\/td>\r\n<\/tr>\r\n<tr>\r\n<td>6 novembre<\/td>\r\n<td>\u00a0<a href=\"https:\/\/it.wikipedia.org\/wiki\/Gran_Premio_motociclistico_della_Comunit%C3%A0_Valenciana\">GP della Comunit\u00e0 Valenciana<\/a><\/td>\r\n<td><a href=\"https:\/\/it.wikipedia.org\/wiki\/Circuito_di_Valencia\">Valencia<\/a><\/td>\r\n<td>\u00a0<\/td>\r\n<td>\u00a0<\/td>\r\n<td>\u00a0<\/td>\r\n<td>\u00a0<\/td>\r\n<td>\u00a0<\/td>\r\n<\/tr>\r\n<\/tbody>\r\n<\/table>\r\n<\/figure>\r\n\r\n\r\n\r\n<figure class=\"wp-block-image size-large\"><img loading=\"lazy\" decoding=\"async\" width=\"1024\" height=\"576\" class=\"wp-image-1403\" src=\"https:\/\/ispirazionesportiva.com\/wp-content\/uploads\/2022\/03\/piloti-motogp-2022-1024x576.jpg\" alt=\"\" srcset=\"https:\/\/ispirazionesportiva.com\/wp-content\/uploads\/2022\/03\/piloti-motogp-2022-1024x576.jpg 1024w, https:\/\/ispirazionesportiva.com\/wp-content\/uploads\/2022\/03\/piloti-motogp-2022-300x169.jpg 300w, https:\/\/ispirazionesportiva.com\/wp-content\/uploads\/2022\/03\/piloti-motogp-2022-768x432.jpg 768w, https:\/\/ispirazionesportiva.com\/wp-content\/uploads\/2022\/03\/piloti-motogp-2022-1536x864.jpg 1536w, https:\/\/ispirazionesportiva.com\/wp-content\/uploads\/2022\/03\/piloti-motogp-2022-1280x720.jpg 1280w, https:\/\/ispirazionesportiva.com\/wp-content\/uploads\/2022\/03\/piloti-motogp-2022.jpg 1920w\" sizes=\"auto, (max-width: 1024px) 100vw, 1024px\" \/><\/figure>\r\n","protected":false},"excerpt":{"rendered":"<p>Parte la caccia al numero 1, anche se nel cupolino del campione del mondo svetta&#8230;<\/p>\n","protected":false},"author":4,"featured_media":1399,"comment_status":"open","ping_status":"closed","sticky":false,"template":"","format":"standard","meta":{"footnotes":""},"categories":[1,12],"tags":[],"class_list":["post-1397","post","type-post","status-publish","format-standard","has-post-thumbnail","hentry","category-uncategorized","category-moto"],"yoast_head":"<!-- This site is optimized with the Yoast SEO plugin v21.9 - https:\/\/yoast.com\/wordpress\/plugins\/seo\/ -->\n<title>Parte la caccia al trono della MotoGP 2022 - IspirazioneSportiva.com<\/title>\n<meta name=\"description\" content=\"Parte la caccia al trono di Quartararo #MotoGP\" \/>\n<meta name=\"robots\" content=\"index, follow, max-snippet:-1, max-image-preview:large, max-video-preview:-1\" \/>\n<link rel=\"canonical\" href=\"https:\/\/ispirazionesportiva.com\/index.php\/2022\/03\/04\/parte-la-caccia-al-trono-della-motogp-2022\/\" \/>\n<meta property=\"og:locale\" content=\"it_IT\" \/>\n<meta property=\"og:type\" content=\"article\" \/>\n<meta property=\"og:title\" content=\"Parte la MotoGP 2022, gas a martello!\" \/>\n<meta property=\"og:description\" content=\"La caccia al trono di Quartararo si apre domenica\" \/>\n<meta property=\"og:url\" content=\"https:\/\/ispirazionesportiva.com\/index.php\/2022\/03\/04\/parte-la-caccia-al-trono-della-motogp-2022\/\" \/>\n<meta property=\"og:site_name\" content=\"IspirazioneSportiva.com\" \/>\n<meta property=\"article:publisher\" content=\"https:\/\/www.facebook.com\/search\/top\/?q=ispirazionesportiva.com\" \/>\n<meta property=\"article:author\" content=\"https:\/\/www.facebook.com\/supermariolemieux\/\" \/>\n<meta property=\"article:published_time\" content=\"2022-03-04T13:00:00+00:00\" \/>\n<meta property=\"article:modified_time\" content=\"2023-12-11T14:01:36+00:00\" \/>\n<meta property=\"og:image\" content=\"https:\/\/ispirazionesportiva.com\/wp-content\/uploads\/2022\/03\/piloti-motogp-2022.jpg\" \/>\n\t<meta property=\"og:image:width\" content=\"1920\" \/>\n\t<meta property=\"og:image:height\" content=\"1080\" \/>\n\t<meta property=\"og:image:type\" content=\"image\/jpeg\" \/>\n<meta name=\"author\" content=\"Francesco Fiori\" \/>\n<meta name=\"twitter:card\" content=\"summary_large_image\" \/>\n<meta name=\"twitter:title\" content=\"#MotoGP2022 al via!\" \/>\n<meta name=\"twitter:image\" content=\"https:\/\/ispirazionesportiva.com\/wp-content\/uploads\/2022\/03\/piloti-motogp-2022.jpg\" \/>\n<meta name=\"twitter:creator\" content=\"@frafiori21\" \/>\n<meta name=\"twitter:site\" content=\"@FraFiori21\" \/>\n<meta name=\"twitter:label1\" content=\"Scritto da\" \/>\n\t<meta name=\"twitter:data1\" content=\"Francesco Fiori\" \/>\n\t<meta name=\"twitter:label2\" content=\"Tempo di lettura stimato\" \/>\n\t<meta name=\"twitter:data2\" content=\"10 minuti\" \/>\n<script type=\"application\/ld+json\" class=\"yoast-schema-graph\">{\"@context\":\"https:\/\/schema.org\",\"@graph\":[{\"@type\":\"Article\",\"@id\":\"https:\/\/ispirazionesportiva.com\/index.php\/2022\/03\/04\/parte-la-caccia-al-trono-della-motogp-2022\/#article\",\"isPartOf\":{\"@id\":\"https:\/\/ispirazionesportiva.com\/index.php\/2022\/03\/04\/parte-la-caccia-al-trono-della-motogp-2022\/\"},\"author\":{\"name\":\"Francesco Fiori\",\"@id\":\"https:\/\/ispirazionesportiva.com\/#\/schema\/person\/7288fdedc9108918baa7bb22bab31fb7\"},\"headline\":\"Parte la caccia al trono della MotoGP 2022\",\"datePublished\":\"2022-03-04T13:00:00+00:00\",\"dateModified\":\"2023-12-11T14:01:36+00:00\",\"mainEntityOfPage\":{\"@id\":\"https:\/\/ispirazionesportiva.com\/index.php\/2022\/03\/04\/parte-la-caccia-al-trono-della-motogp-2022\/\"},\"wordCount\":1537,\"commentCount\":0,\"publisher\":{\"@id\":\"https:\/\/ispirazionesportiva.com\/#organization\"},\"articleSection\":[\"I miti e i personaggi\",\"Moto\"],\"inLanguage\":\"it-IT\",\"potentialAction\":[{\"@type\":\"CommentAction\",\"name\":\"Comment\",\"target\":[\"https:\/\/ispirazionesportiva.com\/index.php\/2022\/03\/04\/parte-la-caccia-al-trono-della-motogp-2022\/#respond\"]}]},{\"@type\":\"WebPage\",\"@id\":\"https:\/\/ispirazionesportiva.com\/index.php\/2022\/03\/04\/parte-la-caccia-al-trono-della-motogp-2022\/\",\"url\":\"https:\/\/ispirazionesportiva.com\/index.php\/2022\/03\/04\/parte-la-caccia-al-trono-della-motogp-2022\/\",\"name\":\"Parte la caccia al trono della MotoGP 2022 - IspirazioneSportiva.com\",\"isPartOf\":{\"@id\":\"https:\/\/ispirazionesportiva.com\/#website\"},\"datePublished\":\"2022-03-04T13:00:00+00:00\",\"dateModified\":\"2023-12-11T14:01:36+00:00\",\"description\":\"Parte la caccia al trono di Quartararo #MotoGP\",\"breadcrumb\":{\"@id\":\"https:\/\/ispirazionesportiva.com\/index.php\/2022\/03\/04\/parte-la-caccia-al-trono-della-motogp-2022\/#breadcrumb\"},\"inLanguage\":\"it-IT\",\"potentialAction\":[{\"@type\":\"ReadAction\",\"target\":[\"https:\/\/ispirazionesportiva.com\/index.php\/2022\/03\/04\/parte-la-caccia-al-trono-della-motogp-2022\/\"]}]},{\"@type\":\"BreadcrumbList\",\"@id\":\"https:\/\/ispirazionesportiva.com\/index.php\/2022\/03\/04\/parte-la-caccia-al-trono-della-motogp-2022\/#breadcrumb\",\"itemListElement\":[{\"@type\":\"ListItem\",\"position\":1,\"name\":\"Home\",\"item\":\"https:\/\/ispirazionesportiva.com\/\"},{\"@type\":\"ListItem\",\"position\":2,\"name\":\"Parte la caccia al trono della MotoGP 2022\"}]},{\"@type\":\"WebSite\",\"@id\":\"https:\/\/ispirazionesportiva.com\/#website\",\"url\":\"https:\/\/ispirazionesportiva.com\/\",\"name\":\"IspirazioneSportiva.com\",\"description\":\"Le storie sportive che emozionano\",\"publisher\":{\"@id\":\"https:\/\/ispirazionesportiva.com\/#organization\"},\"potentialAction\":[{\"@type\":\"SearchAction\",\"target\":{\"@type\":\"EntryPoint\",\"urlTemplate\":\"https:\/\/ispirazionesportiva.com\/?s={search_term_string}\"},\"query-input\":\"required name=search_term_string\"}],\"inLanguage\":\"it-IT\"},{\"@type\":\"Organization\",\"@id\":\"https:\/\/ispirazionesportiva.com\/#organization\",\"name\":\"ispirazionesportiva.com\",\"url\":\"https:\/\/ispirazionesportiva.com\/\",\"logo\":{\"@type\":\"ImageObject\",\"inLanguage\":\"it-IT\",\"@id\":\"https:\/\/ispirazionesportiva.com\/#\/schema\/logo\/image\/\",\"url\":\"https:\/\/ispirazionesportiva.com\/wp-content\/uploads\/2020\/08\/1589964388149.jpg\",\"contentUrl\":\"https:\/\/ispirazionesportiva.com\/wp-content\/uploads\/2020\/08\/1589964388149.jpg\",\"width\":980,\"height\":600,\"caption\":\"ispirazionesportiva.com\"},\"image\":{\"@id\":\"https:\/\/ispirazionesportiva.com\/#\/schema\/logo\/image\/\"},\"sameAs\":[\"https:\/\/www.facebook.com\/search\/top\/?q=ispirazionesportiva.com\",\"https:\/\/twitter.com\/FraFiori21\",\"https:\/\/www.instagram.com\/ispirazione_sportiva\/?hl=it\",\"https:\/\/www.linkedin.com\/in\/mario-francesco-fiori-8788ba1b4\/\"]},{\"@type\":\"Person\",\"@id\":\"https:\/\/ispirazionesportiva.com\/#\/schema\/person\/7288fdedc9108918baa7bb22bab31fb7\",\"name\":\"Francesco Fiori\",\"image\":{\"@type\":\"ImageObject\",\"inLanguage\":\"it-IT\",\"@id\":\"https:\/\/ispirazionesportiva.com\/#\/schema\/person\/image\/\",\"url\":\"https:\/\/secure.gravatar.com\/avatar\/beff881b593f312e866653a8c45295843e00b61ce1984ceaacd4e1709e4c1b57?s=96&d=mm&r=g\",\"contentUrl\":\"https:\/\/secure.gravatar.com\/avatar\/beff881b593f312e866653a8c45295843e00b61ce1984ceaacd4e1709e4c1b57?s=96&d=mm&r=g\",\"caption\":\"Francesco Fiori\"},\"description\":\"Francesco Fiori \u00e8 un giornalista sardo, classe 1983, con la passione per il racconto dello sport. Di tutto lo sport. Aveva 6 anni quando, sicuramente errore o destino, ebbe in regalo una semplice radio, senza pensare alle conseguenze successive del pianeta sportivo. Una domenica, finiti i compiti, giocando con quel mezzo, capt\u00f2 la voce roca di Sandro Ciotti. Aveva appena scoperto l\u2019esistenza di Tutto il calcio minuto per minuto. La prima sfida arriva nella stagione calcistica 90\/91, quando lo zio, incredibile giornalista locale, gli diede come compito raccontare la giornata calcistica appena conclusa. Quel tema, ad appena 7 anni, risult\u00f2 migliore rispetto alle tabelline, mai entrate volentieri in testa. Il premio fu la presenza alla gara di cartello della squadra del suo paese, il Ploaghe, due settimane pi\u00f9 tardi. Destino volle che la morte prese suo zio proprio il mercoled\u00ec prima, innescando in Fiori la voglia di diventare giornalista. A scuola alla domanda \u201cHai solo il calcio in testa?\u201d rispondeva \u201cNo, anche il ciclismo\u201d e gli anni di partite contemporanee la domenica e di Tele +2 col calcio estero crearono un piccolo \u201cpsicopatico sportivo\u201d. Tra gli sport di cui si innamora c\u2019\u00e8 l\u2019hockey americano, soprattutto nella mitologica figura di Mario Lemieux. Poco prima della morte del padre, nel febbraio 2001, Fiori trova su La Gazzetta dello Sport proprio un trafiletto con scritto del ritorno sul ghiaccio di Lemieux dopo aver sconfitto una forma tumorale e un ritiro di 3 anni. Da l\u00ec altra promessa, qualora arrivi la possibilit\u00e0 di scrivere un articolo, questo sar\u00e0 su Lemieux il Magnifico. Diventato ragioniere capisce immediatamente che iva e fatture sono molto pi\u00f9 noiose del previsto e la prima collaborazione col giornale \u201cSa Bovida\u201d gli fanno capire le regole basi del giornalismo, cosa che Fiori ignorava ma che rispettava, chiedendo solo la possibilit\u00e0 di scrivere e far colpo. Chiusa la parentesi Sa Bovida per problemi logistici e di salute dell\u2019immenso Antonio Delitala ecco il primo reale colpo di fulmine, il sito di hockey Nhl Playitusa che non ha un articolo su Lemieux. Il direttore, con una mail che Fiori ancora oggi custodisce, risponde: \u201cBeh, perch\u00e9 non provi a scriverne uno tu?\u201d Il resto \u00e8 la storia scritta al pc dopo averne scritto 5 pagine in un quadernone a quadretti. Un cambio di lavoro, non per sua volont\u00e0, spariglia le carte in tavola, col ragazzo che stando fuori casa tutto il tempo deve abbandonare la scrittura, ma peggio ancora va col primo di 3 ictus che colpiscono la mamma proprio in quel periodo. Tempo al tempo e con un altro cambio di lavoro ecco l\u2019opzione che lo colpisce, scrivere della sua amata Inter sul sito SpazioInter. Gli inizi sono complicati, scrivere secondo le regole e non avere carta bianca lo bloccano un pochino, fino all\u2019esplosione che nel sito si chiama Live. Il Live sarebbe il racconto, minuto per minuto e in contemporanea, della partita in tv e a Fiori tocca esordire con Milan-Inter. Quella sera il divertimento raggiunge le stelle, anzi, le supera e da quel momento l\u2019impegno \u00e8 triplo, con le perle di interviste a Sandro Mazzola (che risate), Gigi Simoni (che gentilezza) e Riccardo Cucchi, suo idolo radiofonico. Il tesserino da giornalista gli fa mantenere la parola data a 6 anni e ancor pi\u00f9 sorprendente \u00e8 la proposta di essere addetto stampa proprio della squadra locale, andare a vedere quelle partite che il destino gli negarono nel 1991. Si chiede spesso se sia il destino a far scherzi oppure se semplicemente la vita va accettata per quella che \u00e8. Il 30 gennaio 2021, dopo un ricovero di un mese con tutte le aggravanti possibili, in ospedale viene a mancare la mamma di Francesco. Il colpo \u00e8 brutale. Il conto \u00e8 pesantissimo, la mente lontana, lo scrivere, anche solo un piccolo pensiero sulla giornata calcistica, \u00e8 di una difficolt\u00e0 che ad oggi \u00e8 ancora lontana dall'essere superata. Il resto \u00e8 storia o noia, dipende da che parte si vuol vedere, dagli articoli su Gazzetta Fan News al raccontare qualsiasi sport, perch\u00e9 per Fiori ogni sport ha un suo eroe e perch\u00e9 ora, con IspirazioneSportiva.com, sar\u00e0 ancor pi\u00f9 spettacolare dar libero sfogo a qualsiasi ispirazione, come dice il nome e come gli ha insegnato Riccardo Cucchi: \u201cNella vita mai smettere di sognare!\u201d. Anzi, scusate il ritardo! Mail: fcroda@yahoo.it Fb: supermariolemieux pec: francesco.fiori@pecgiornalisti.it\",\"sameAs\":[\"https:\/\/www.facebook.com\/supermariolemieux\/\",\"https:\/\/www.instagram.com\/francescofiori12\/\",\"https:\/\/www.linkedin.com\/in\/francesco-fiori-b45614176\/\",\"https:\/\/twitter.com\/frafiori21\"],\"url\":\"https:\/\/ispirazionesportiva.com\/index.php\/author\/supermariolemieux\/\"}]}<\/script>\n<!-- \/ Yoast SEO plugin. -->","yoast_head_json":{"title":"Parte la caccia al trono della MotoGP 2022 - IspirazioneSportiva.com","description":"Parte la caccia al trono di Quartararo #MotoGP","robots":{"index":"index","follow":"follow","max-snippet":"max-snippet:-1","max-image-preview":"max-image-preview:large","max-video-preview":"max-video-preview:-1"},"canonical":"https:\/\/ispirazionesportiva.com\/index.php\/2022\/03\/04\/parte-la-caccia-al-trono-della-motogp-2022\/","og_locale":"it_IT","og_type":"article","og_title":"Parte la MotoGP 2022, gas a martello!","og_description":"La caccia al trono di Quartararo si apre domenica","og_url":"https:\/\/ispirazionesportiva.com\/index.php\/2022\/03\/04\/parte-la-caccia-al-trono-della-motogp-2022\/","og_site_name":"IspirazioneSportiva.com","article_publisher":"https:\/\/www.facebook.com\/search\/top\/?q=ispirazionesportiva.com","article_author":"https:\/\/www.facebook.com\/supermariolemieux\/","article_published_time":"2022-03-04T13:00:00+00:00","article_modified_time":"2023-12-11T14:01:36+00:00","og_image":[{"width":1920,"height":1080,"url":"https:\/\/ispirazionesportiva.com\/wp-content\/uploads\/2022\/03\/piloti-motogp-2022.jpg","type":"image\/jpeg"}],"author":"Francesco Fiori","twitter_card":"summary_large_image","twitter_title":"#MotoGP2022 al via!","twitter_image":"https:\/\/ispirazionesportiva.com\/wp-content\/uploads\/2022\/03\/piloti-motogp-2022.jpg","twitter_creator":"@frafiori21","twitter_site":"@FraFiori21","twitter_misc":{"Scritto da":"Francesco Fiori","Tempo di lettura stimato":"10 minuti"},"schema":{"@context":"https:\/\/schema.org","@graph":[{"@type":"Article","@id":"https:\/\/ispirazionesportiva.com\/index.php\/2022\/03\/04\/parte-la-caccia-al-trono-della-motogp-2022\/#article","isPartOf":{"@id":"https:\/\/ispirazionesportiva.com\/index.php\/2022\/03\/04\/parte-la-caccia-al-trono-della-motogp-2022\/"},"author":{"name":"Francesco Fiori","@id":"https:\/\/ispirazionesportiva.com\/#\/schema\/person\/7288fdedc9108918baa7bb22bab31fb7"},"headline":"Parte la caccia al trono della MotoGP 2022","datePublished":"2022-03-04T13:00:00+00:00","dateModified":"2023-12-11T14:01:36+00:00","mainEntityOfPage":{"@id":"https:\/\/ispirazionesportiva.com\/index.php\/2022\/03\/04\/parte-la-caccia-al-trono-della-motogp-2022\/"},"wordCount":1537,"commentCount":0,"publisher":{"@id":"https:\/\/ispirazionesportiva.com\/#organization"},"articleSection":["I miti e i personaggi","Moto"],"inLanguage":"it-IT","potentialAction":[{"@type":"CommentAction","name":"Comment","target":["https:\/\/ispirazionesportiva.com\/index.php\/2022\/03\/04\/parte-la-caccia-al-trono-della-motogp-2022\/#respond"]}]},{"@type":"WebPage","@id":"https:\/\/ispirazionesportiva.com\/index.php\/2022\/03\/04\/parte-la-caccia-al-trono-della-motogp-2022\/","url":"https:\/\/ispirazionesportiva.com\/index.php\/2022\/03\/04\/parte-la-caccia-al-trono-della-motogp-2022\/","name":"Parte la caccia al trono della MotoGP 2022 - IspirazioneSportiva.com","isPartOf":{"@id":"https:\/\/ispirazionesportiva.com\/#website"},"datePublished":"2022-03-04T13:00:00+00:00","dateModified":"2023-12-11T14:01:36+00:00","description":"Parte la caccia al trono di Quartararo #MotoGP","breadcrumb":{"@id":"https:\/\/ispirazionesportiva.com\/index.php\/2022\/03\/04\/parte-la-caccia-al-trono-della-motogp-2022\/#breadcrumb"},"inLanguage":"it-IT","potentialAction":[{"@type":"ReadAction","target":["https:\/\/ispirazionesportiva.com\/index.php\/2022\/03\/04\/parte-la-caccia-al-trono-della-motogp-2022\/"]}]},{"@type":"BreadcrumbList","@id":"https:\/\/ispirazionesportiva.com\/index.php\/2022\/03\/04\/parte-la-caccia-al-trono-della-motogp-2022\/#breadcrumb","itemListElement":[{"@type":"ListItem","position":1,"name":"Home","item":"https:\/\/ispirazionesportiva.com\/"},{"@type":"ListItem","position":2,"name":"Parte la caccia al trono della MotoGP 2022"}]},{"@type":"WebSite","@id":"https:\/\/ispirazionesportiva.com\/#website","url":"https:\/\/ispirazionesportiva.com\/","name":"IspirazioneSportiva.com","description":"Le storie sportive che emozionano","publisher":{"@id":"https:\/\/ispirazionesportiva.com\/#organization"},"potentialAction":[{"@type":"SearchAction","target":{"@type":"EntryPoint","urlTemplate":"https:\/\/ispirazionesportiva.com\/?s={search_term_string}"},"query-input":"required name=search_term_string"}],"inLanguage":"it-IT"},{"@type":"Organization","@id":"https:\/\/ispirazionesportiva.com\/#organization","name":"ispirazionesportiva.com","url":"https:\/\/ispirazionesportiva.com\/","logo":{"@type":"ImageObject","inLanguage":"it-IT","@id":"https:\/\/ispirazionesportiva.com\/#\/schema\/logo\/image\/","url":"https:\/\/ispirazionesportiva.com\/wp-content\/uploads\/2020\/08\/1589964388149.jpg","contentUrl":"https:\/\/ispirazionesportiva.com\/wp-content\/uploads\/2020\/08\/1589964388149.jpg","width":980,"height":600,"caption":"ispirazionesportiva.com"},"image":{"@id":"https:\/\/ispirazionesportiva.com\/#\/schema\/logo\/image\/"},"sameAs":["https:\/\/www.facebook.com\/search\/top\/?q=ispirazionesportiva.com","https:\/\/twitter.com\/FraFiori21","https:\/\/www.instagram.com\/ispirazione_sportiva\/?hl=it","https:\/\/www.linkedin.com\/in\/mario-francesco-fiori-8788ba1b4\/"]},{"@type":"Person","@id":"https:\/\/ispirazionesportiva.com\/#\/schema\/person\/7288fdedc9108918baa7bb22bab31fb7","name":"Francesco Fiori","image":{"@type":"ImageObject","inLanguage":"it-IT","@id":"https:\/\/ispirazionesportiva.com\/#\/schema\/person\/image\/","url":"https:\/\/secure.gravatar.com\/avatar\/beff881b593f312e866653a8c45295843e00b61ce1984ceaacd4e1709e4c1b57?s=96&d=mm&r=g","contentUrl":"https:\/\/secure.gravatar.com\/avatar\/beff881b593f312e866653a8c45295843e00b61ce1984ceaacd4e1709e4c1b57?s=96&d=mm&r=g","caption":"Francesco Fiori"},"description":"Francesco Fiori \u00e8 un giornalista sardo, classe 1983, con la passione per il racconto dello sport. Di tutto lo sport. Aveva 6 anni quando, sicuramente errore o destino, ebbe in regalo una semplice radio, senza pensare alle conseguenze successive del pianeta sportivo. Una domenica, finiti i compiti, giocando con quel mezzo, capt\u00f2 la voce roca di Sandro Ciotti. Aveva appena scoperto l\u2019esistenza di Tutto il calcio minuto per minuto. La prima sfida arriva nella stagione calcistica 90\/91, quando lo zio, incredibile giornalista locale, gli diede come compito raccontare la giornata calcistica appena conclusa. Quel tema, ad appena 7 anni, risult\u00f2 migliore rispetto alle tabelline, mai entrate volentieri in testa. Il premio fu la presenza alla gara di cartello della squadra del suo paese, il Ploaghe, due settimane pi\u00f9 tardi. Destino volle che la morte prese suo zio proprio il mercoled\u00ec prima, innescando in Fiori la voglia di diventare giornalista. A scuola alla domanda \u201cHai solo il calcio in testa?\u201d rispondeva \u201cNo, anche il ciclismo\u201d e gli anni di partite contemporanee la domenica e di Tele +2 col calcio estero crearono un piccolo \u201cpsicopatico sportivo\u201d. Tra gli sport di cui si innamora c\u2019\u00e8 l\u2019hockey americano, soprattutto nella mitologica figura di Mario Lemieux. Poco prima della morte del padre, nel febbraio 2001, Fiori trova su La Gazzetta dello Sport proprio un trafiletto con scritto del ritorno sul ghiaccio di Lemieux dopo aver sconfitto una forma tumorale e un ritiro di 3 anni. Da l\u00ec altra promessa, qualora arrivi la possibilit\u00e0 di scrivere un articolo, questo sar\u00e0 su Lemieux il Magnifico. Diventato ragioniere capisce immediatamente che iva e fatture sono molto pi\u00f9 noiose del previsto e la prima collaborazione col giornale \u201cSa Bovida\u201d gli fanno capire le regole basi del giornalismo, cosa che Fiori ignorava ma che rispettava, chiedendo solo la possibilit\u00e0 di scrivere e far colpo. Chiusa la parentesi Sa Bovida per problemi logistici e di salute dell\u2019immenso Antonio Delitala ecco il primo reale colpo di fulmine, il sito di hockey Nhl Playitusa che non ha un articolo su Lemieux. Il direttore, con una mail che Fiori ancora oggi custodisce, risponde: \u201cBeh, perch\u00e9 non provi a scriverne uno tu?\u201d Il resto \u00e8 la storia scritta al pc dopo averne scritto 5 pagine in un quadernone a quadretti. Un cambio di lavoro, non per sua volont\u00e0, spariglia le carte in tavola, col ragazzo che stando fuori casa tutto il tempo deve abbandonare la scrittura, ma peggio ancora va col primo di 3 ictus che colpiscono la mamma proprio in quel periodo. Tempo al tempo e con un altro cambio di lavoro ecco l\u2019opzione che lo colpisce, scrivere della sua amata Inter sul sito SpazioInter. Gli inizi sono complicati, scrivere secondo le regole e non avere carta bianca lo bloccano un pochino, fino all\u2019esplosione che nel sito si chiama Live. Il Live sarebbe il racconto, minuto per minuto e in contemporanea, della partita in tv e a Fiori tocca esordire con Milan-Inter. Quella sera il divertimento raggiunge le stelle, anzi, le supera e da quel momento l\u2019impegno \u00e8 triplo, con le perle di interviste a Sandro Mazzola (che risate), Gigi Simoni (che gentilezza) e Riccardo Cucchi, suo idolo radiofonico. Il tesserino da giornalista gli fa mantenere la parola data a 6 anni e ancor pi\u00f9 sorprendente \u00e8 la proposta di essere addetto stampa proprio della squadra locale, andare a vedere quelle partite che il destino gli negarono nel 1991. Si chiede spesso se sia il destino a far scherzi oppure se semplicemente la vita va accettata per quella che \u00e8. Il 30 gennaio 2021, dopo un ricovero di un mese con tutte le aggravanti possibili, in ospedale viene a mancare la mamma di Francesco. Il colpo \u00e8 brutale. Il conto \u00e8 pesantissimo, la mente lontana, lo scrivere, anche solo un piccolo pensiero sulla giornata calcistica, \u00e8 di una difficolt\u00e0 che ad oggi \u00e8 ancora lontana dall'essere superata. Il resto \u00e8 storia o noia, dipende da che parte si vuol vedere, dagli articoli su Gazzetta Fan News al raccontare qualsiasi sport, perch\u00e9 per Fiori ogni sport ha un suo eroe e perch\u00e9 ora, con IspirazioneSportiva.com, sar\u00e0 ancor pi\u00f9 spettacolare dar libero sfogo a qualsiasi ispirazione, come dice il nome e come gli ha insegnato Riccardo Cucchi: \u201cNella vita mai smettere di sognare!\u201d. Anzi, scusate il ritardo! Mail: fcroda@yahoo.it Fb: supermariolemieux pec: francesco.fiori@pecgiornalisti.it","sameAs":["https:\/\/www.facebook.com\/supermariolemieux\/","https:\/\/www.instagram.com\/francescofiori12\/","https:\/\/www.linkedin.com\/in\/francesco-fiori-b45614176\/","https:\/\/twitter.com\/frafiori21"],"url":"https:\/\/ispirazionesportiva.com\/index.php\/author\/supermariolemieux\/"}]}},"_links":{"self":[{"href":"https:\/\/ispirazionesportiva.com\/index.php\/wp-json\/wp\/v2\/posts\/1397","targetHints":{"allow":["GET"]}}],"collection":[{"href":"https:\/\/ispirazionesportiva.com\/index.php\/wp-json\/wp\/v2\/posts"}],"about":[{"href":"https:\/\/ispirazionesportiva.com\/index.php\/wp-json\/wp\/v2\/types\/post"}],"author":[{"embeddable":true,"href":"https:\/\/ispirazionesportiva.com\/index.php\/wp-json\/wp\/v2\/users\/4"}],"replies":[{"embeddable":true,"href":"https:\/\/ispirazionesportiva.com\/index.php\/wp-json\/wp\/v2\/comments?post=1397"}],"version-history":[{"count":7,"href":"https:\/\/ispirazionesportiva.com\/index.php\/wp-json\/wp\/v2\/posts\/1397\/revisions"}],"predecessor-version":[{"id":2618,"href":"https:\/\/ispirazionesportiva.com\/index.php\/wp-json\/wp\/v2\/posts\/1397\/revisions\/2618"}],"wp:featuredmedia":[{"embeddable":true,"href":"https:\/\/ispirazionesportiva.com\/index.php\/wp-json\/wp\/v2\/media\/1399"}],"wp:attachment":[{"href":"https:\/\/ispirazionesportiva.com\/index.php\/wp-json\/wp\/v2\/media?parent=1397"}],"wp:term":[{"taxonomy":"category","embeddable":true,"href":"https:\/\/ispirazionesportiva.com\/index.php\/wp-json\/wp\/v2\/categories?post=1397"},{"taxonomy":"post_tag","embeddable":true,"href":"https:\/\/ispirazionesportiva.com\/index.php\/wp-json\/wp\/v2\/tags?post=1397"}],"curies":[{"name":"wp","href":"https:\/\/api.w.org\/{rel}","templated":true}]}}