{"id":1336,"date":"2021-12-14T13:14:17","date_gmt":"2021-12-14T11:14:17","guid":{"rendered":"https:\/\/ispirazionesportiva.com\/?p=1336"},"modified":"2026-07-25T22:42:38","modified_gmt":"2026-07-25T20:42:38","slug":"christian-lafauci-a-marcord","status":"publish","type":"post","link":"https:\/\/ispirazionesportiva.com\/index.php\/2021\/12\/14\/christian-lafauci-a-marcord\/","title":{"rendered":"Christian LaFauci: A-Marcord"},"content":{"rendered":"\r\n<p class=\"wp-block-paragraph\"><em>Nostalgie sparse, suggestioni e memorie del calcio italiano negli anni 8<\/em>0<\/p>\r\n\r\n\r\n\r\n<p class=\"wp-block-paragraph\">Di solito IspirazioneSportiva.com apre con la biblioteca raccontando un libro appena letto e cos\u00ec \u00e8 anche per il libro <strong>A-Marcord di Christian LaFauci.<\/strong><\/p>\r\n\r\n\r\n\r\n<p class=\"wp-block-paragraph\">Questa volta per\u00f2 la tristezza la fa da padrone perch\u00e9 si scopre (scusate il nostro ritardo) la brutta notizia della <strong>scomparsa dell&#8217;autore<\/strong> avvenuta proprio nell&#8217;anno in corso.<\/p>\r\n\r\n\r\n\r\n<p class=\"wp-block-paragraph\">Ci sembra allora ancor pi\u00f9 doveroso tributare innanzitutto un applauso a Christian che ha la stessa passione di tanti lettori, cio\u00e8 quella di ripensare al calcio che fu, a quei magnifici anni 80 dove la Serie A era realmente <strong>il campionato pi\u00f9 bello del mondo.<\/strong><\/p>\r\n\r\n\r\n\r\n<p class=\"wp-block-paragraph\">Christian lo racconta dando voce ai suoi ricordi di campioni, che, attenzione, non sono necessariamente solo Maradona o Platini, ma anche i vari Stromberg, Garella, Larsen e in pi\u00f9 altri mille ricordi di calcio in tv, maglie e quanto altro ci faceva sognare in un tempo dove la fantasia aveva la meglio sulla tv.<\/p>\r\n\r\n\r\n\r\n<p class=\"wp-block-paragraph\">Avremmo tanto voluto fare una gran chiacchierata su ci\u00f2 che si viveva negli anni 80, dalla radiolina e Tutto il Calcio Minuto per Minuto a 90esimo Minuto e cos\u00ec via.<\/p>\r\n\r\n\r\n\r\n<p class=\"wp-block-paragraph\"><strong>Abbiamo per\u00f2 scoperto per\u00f2 che Christian LaFauci vive ancora nel ricordo degli amici di Radio Crujiff (gi\u00e0 il nome spettacolare!!!!) che in sua memoria hanno scritto il libro &#8220;Per Sempre con Noi. Tributo a Christian LaFauci&#8221; (Urbone Publishing) che, promettiamo sin da ora, verr\u00e0 letto e recensito da questo sito.<\/strong><\/p>\r\n\r\n\r\n\r\n<p class=\"wp-block-paragraph\">Ma non solo (a parte consigliarvi A-Marcord) <strong>i proventi del libro<\/strong>, tributo all&#8217;autore appassionato di musica oltre che di Premier League, saranno destinati ad un ulteriore ricordo di Christian, ricordiamo purtroppo scomparso il 22 luglio 2021.<\/p>\r\n\r\n\r\n\r\n<p class=\"wp-block-paragraph\">Un progetto che facciamo nostro dando massima disponibilit\u00e0 per qualsiasi cosa!<\/p>\r\n\r\n\r\n\r\n<p class=\"wp-block-paragraph\">Ciao, Christian, \u00e8 stato un onore poterti leggere e ora una missione in pi\u00f9 poterti onorare.<\/p>\r\n\r\n\r\n\r\n<p class=\"wp-block-paragraph\">Vi riportiamo il link della pagina facebook di <a href=\"https:\/\/www.facebook.com\/groups\/283578750162504\/\">Radio Cruijff<\/a>.<\/p>\r\n","protected":false},"excerpt":{"rendered":"<p>Nostalgie sparse, suggestioni e memorie del calcio italiano negli anni 80 Di solito IspirazioneSportiva.com apre&#8230;<\/p>\n","protected":false},"author":5,"featured_media":1337,"comment_status":"closed","ping_status":"closed","sticky":false,"template":"","format":"standard","meta":{"_monsterinsights_skip_tracking":false,"_jetpack_newsletter_access":"","_jetpack_dont_email_post_to_subs":false,"_jetpack_newsletter_tier_id":0,"_jetpack_memberships_contains_paywalled_content":false,"_jetpack_feature_clip_id":0,"_jetpack_memberships_contains_paid_content":false,"footnotes":"","jetpack_publicize_message":"","jetpack_publicize_feature_enabled":true,"jetpack_social_post_already_shared":true,"jetpack_social_options":{"image_generator_settings":{"template":"highway","default_image_id":0,"font":"","enabled":false},"version":2},"jetpack_post_was_ever_published":false},"categories":[5,207,9],"tags":[],"class_list":["post-1336","post","type-post","status-publish","format-standard","has-post-thumbnail","hentry","category-calcio","category-i-libri-consigliati","category-la-biblioteca"],"aioseo_notices":[],"aioseo_head":"\n\t\t<!-- All in One SEO 4.9.10 - aioseo.com -->\n\t<meta name=\"description\" content=\"Nostalgie sparse, suggestioni e memorie del calcio italiano negli anni 80 Di solito IspirazioneSportiva.com apre con la biblioteca raccontando un libro appena letto e cos\u00ec \u00e8 anche per il libro A-Marcord di Christian LaFauci. Questa volta per\u00f2 la tristezza la fa da padrone perch\u00e9 si scopre (scusate il nostro ritardo) la brutta notizia della scomparsa\" \/>\n\t<meta name=\"robots\" content=\"max-image-preview:large\" \/>\n\t<meta name=\"author\" content=\"Francesco Fiori\"\/>\n\t<link rel=\"canonical\" href=\"https:\/\/ispirazionesportiva.com\/index.php\/2021\/12\/14\/christian-lafauci-a-marcord\/\" \/>\n\t<meta name=\"generator\" content=\"All in One SEO (AIOSEO) 4.9.10\" \/>\n\t\t<meta property=\"og:locale\" content=\"it_IT\" \/>\n\t\t<meta property=\"og:site_name\" content=\"IspirazioneSportiva.com - Le storie sportive che emozionano\" \/>\n\t\t<meta property=\"og:type\" content=\"article\" \/>\n\t\t<meta property=\"og:title\" content=\"Christian LaFauci: A-Marcord - IspirazioneSportiva.com\" \/>\n\t\t<meta property=\"og:description\" content=\"Nostalgie sparse, suggestioni e memorie del calcio italiano negli anni 80 Di solito IspirazioneSportiva.com apre con la biblioteca raccontando un libro appena letto e cos\u00ec \u00e8 anche per il libro A-Marcord di Christian LaFauci. Questa volta per\u00f2 la tristezza la fa da padrone perch\u00e9 si scopre (scusate il nostro ritardo) la brutta notizia della scomparsa\" \/>\n\t\t<meta property=\"og:url\" content=\"https:\/\/ispirazionesportiva.com\/index.php\/2021\/12\/14\/christian-lafauci-a-marcord\/\" \/>\n\t\t<meta property=\"og:image\" content=\"https:\/\/i0.wp.com\/ispirazionesportiva.com\/wp-content\/uploads\/sites\/3\/2020\/09\/cropped-PHOTO-2020-09-16-08-47-03-e1600279086776-1.jpg?fit=500%2C230&#038;ssl=1\" \/>\n\t\t<meta property=\"og:image:secure_url\" content=\"https:\/\/i0.wp.com\/ispirazionesportiva.com\/wp-content\/uploads\/sites\/3\/2020\/09\/cropped-PHOTO-2020-09-16-08-47-03-e1600279086776-1.jpg?fit=500%2C230&#038;ssl=1\" \/>\n\t\t<meta property=\"article:published_time\" content=\"2021-12-14T11:14:17+00:00\" \/>\n\t\t<meta property=\"article:modified_time\" content=\"2026-07-25T20:42:38+00:00\" \/>\n\t\t<meta name=\"twitter:card\" content=\"summary_large_image\" \/>\n\t\t<meta name=\"twitter:title\" content=\"Christian LaFauci: A-Marcord - IspirazioneSportiva.com\" \/>\n\t\t<meta name=\"twitter:description\" content=\"Nostalgie sparse, suggestioni e memorie del calcio italiano negli anni 80 Di solito IspirazioneSportiva.com apre con la biblioteca raccontando un libro appena letto e cos\u00ec \u00e8 anche per il libro A-Marcord di Christian LaFauci. Questa volta per\u00f2 la tristezza la fa da padrone perch\u00e9 si scopre (scusate il nostro ritardo) la brutta notizia della scomparsa\" \/>\n\t\t<meta name=\"twitter:image\" content=\"https:\/\/i0.wp.com\/ispirazionesportiva.com\/wp-content\/uploads\/sites\/3\/2020\/09\/cropped-PHOTO-2020-09-16-08-47-03-e1600279086776-1.jpg?fit=500%2C230&amp;ssl=1\" \/>\n\t\t<script type=\"application\/ld+json\" class=\"aioseo-schema\">\n\t\t\t{\"@context\":\"https:\\\/\\\/schema.org\",\"@graph\":[{\"@type\":\"BlogPosting\",\"@id\":\"https:\\\/\\\/ispirazionesportiva.com\\\/index.php\\\/2021\\\/12\\\/14\\\/christian-lafauci-a-marcord\\\/#blogposting\",\"name\":\"Christian LaFauci: A-Marcord - IspirazioneSportiva.com\",\"headline\":\"Christian LaFauci: A-Marcord\",\"author\":{\"@id\":\"https:\\\/\\\/ispirazionesportiva.com\\\/index.php\\\/author\\\/supermariolemieux\\\/#author\"},\"publisher\":{\"@id\":\"https:\\\/\\\/ispirazionesportiva.com\\\/#organization\"},\"image\":{\"@type\":\"ImageObject\",\"url\":\"https:\\\/\\\/i0.wp.com\\\/ispirazionesportiva.com\\\/wp-content\\\/uploads\\\/sites\\\/3\\\/2021\\\/12\\\/WhatsApp-Image-2021-12-14-at-11.44.26.jpeg?fit=972%2C1296&ssl=1\",\"width\":972,\"height\":1296},\"datePublished\":\"2021-12-14T13:14:17+02:00\",\"dateModified\":\"2026-07-25T22:42:38+02:00\",\"inLanguage\":\"it-IT\",\"mainEntityOfPage\":{\"@id\":\"https:\\\/\\\/ispirazionesportiva.com\\\/index.php\\\/2021\\\/12\\\/14\\\/christian-lafauci-a-marcord\\\/#webpage\"},\"isPartOf\":{\"@id\":\"https:\\\/\\\/ispirazionesportiva.com\\\/index.php\\\/2021\\\/12\\\/14\\\/christian-lafauci-a-marcord\\\/#webpage\"},\"articleSection\":\"Calcio, I libri consigliati calcio, La biblioteca\"},{\"@type\":\"BreadcrumbList\",\"@id\":\"https:\\\/\\\/ispirazionesportiva.com\\\/index.php\\\/2021\\\/12\\\/14\\\/christian-lafauci-a-marcord\\\/#breadcrumblist\",\"itemListElement\":[{\"@type\":\"ListItem\",\"@id\":\"https:\\\/\\\/ispirazionesportiva.com#listItem\",\"position\":1,\"name\":\"Home\",\"item\":\"https:\\\/\\\/ispirazionesportiva.com\",\"nextItem\":{\"@type\":\"ListItem\",\"@id\":\"https:\\\/\\\/ispirazionesportiva.com\\\/index.php\\\/category\\\/calcio\\\/#listItem\",\"name\":\"Calcio\"}},{\"@type\":\"ListItem\",\"@id\":\"https:\\\/\\\/ispirazionesportiva.com\\\/index.php\\\/category\\\/calcio\\\/#listItem\",\"position\":2,\"name\":\"Calcio\",\"item\":\"https:\\\/\\\/ispirazionesportiva.com\\\/index.php\\\/category\\\/calcio\\\/\",\"nextItem\":{\"@type\":\"ListItem\",\"@id\":\"https:\\\/\\\/ispirazionesportiva.com\\\/index.php\\\/category\\\/calcio\\\/i-libri-consigliati\\\/#listItem\",\"name\":\"I libri consigliati calcio\"},\"previousItem\":{\"@type\":\"ListItem\",\"@id\":\"https:\\\/\\\/ispirazionesportiva.com#listItem\",\"name\":\"Home\"}},{\"@type\":\"ListItem\",\"@id\":\"https:\\\/\\\/ispirazionesportiva.com\\\/index.php\\\/category\\\/calcio\\\/i-libri-consigliati\\\/#listItem\",\"position\":3,\"name\":\"I libri consigliati calcio\",\"item\":\"https:\\\/\\\/ispirazionesportiva.com\\\/index.php\\\/category\\\/calcio\\\/i-libri-consigliati\\\/\",\"nextItem\":{\"@type\":\"ListItem\",\"@id\":\"https:\\\/\\\/ispirazionesportiva.com\\\/index.php\\\/2021\\\/12\\\/14\\\/christian-lafauci-a-marcord\\\/#listItem\",\"name\":\"Christian LaFauci: A-Marcord\"},\"previousItem\":{\"@type\":\"ListItem\",\"@id\":\"https:\\\/\\\/ispirazionesportiva.com\\\/index.php\\\/category\\\/calcio\\\/#listItem\",\"name\":\"Calcio\"}},{\"@type\":\"ListItem\",\"@id\":\"https:\\\/\\\/ispirazionesportiva.com\\\/index.php\\\/2021\\\/12\\\/14\\\/christian-lafauci-a-marcord\\\/#listItem\",\"position\":4,\"name\":\"Christian LaFauci: A-Marcord\",\"previousItem\":{\"@type\":\"ListItem\",\"@id\":\"https:\\\/\\\/ispirazionesportiva.com\\\/index.php\\\/category\\\/calcio\\\/i-libri-consigliati\\\/#listItem\",\"name\":\"I libri consigliati calcio\"}}]},{\"@type\":\"Organization\",\"@id\":\"https:\\\/\\\/ispirazionesportiva.com\\\/#organization\",\"name\":\"IspirazioneSportiva.com\",\"description\":\"Le storie sportive che emozionano\",\"url\":\"https:\\\/\\\/ispirazionesportiva.com\\\/\",\"logo\":{\"@type\":\"ImageObject\",\"url\":\"https:\\\/\\\/i0.wp.com\\\/ispirazionesportiva.com\\\/wp-content\\\/uploads\\\/sites\\\/3\\\/2020\\\/09\\\/cropped-PHOTO-2020-09-16-08-47-03-e1600279086776-1.jpg?fit=500%2C230&ssl=1\",\"@id\":\"https:\\\/\\\/ispirazionesportiva.com\\\/index.php\\\/2021\\\/12\\\/14\\\/christian-lafauci-a-marcord\\\/#organizationLogo\",\"width\":500,\"height\":230},\"image\":{\"@id\":\"https:\\\/\\\/ispirazionesportiva.com\\\/index.php\\\/2021\\\/12\\\/14\\\/christian-lafauci-a-marcord\\\/#organizationLogo\"}},{\"@type\":\"Person\",\"@id\":\"https:\\\/\\\/ispirazionesportiva.com\\\/index.php\\\/author\\\/supermariolemieux\\\/#author\",\"url\":\"https:\\\/\\\/ispirazionesportiva.com\\\/index.php\\\/author\\\/supermariolemieux\\\/\",\"name\":\"Francesco Fiori\",\"image\":{\"@type\":\"ImageObject\",\"@id\":\"https:\\\/\\\/ispirazionesportiva.com\\\/index.php\\\/2021\\\/12\\\/14\\\/christian-lafauci-a-marcord\\\/#authorImage\",\"url\":\"https:\\\/\\\/secure.gravatar.com\\\/avatar\\\/beff881b593f312e866653a8c45295843e00b61ce1984ceaacd4e1709e4c1b57?s=96&d=mm&r=g\",\"width\":96,\"height\":96,\"caption\":\"Francesco Fiori\"}},{\"@type\":\"WebPage\",\"@id\":\"https:\\\/\\\/ispirazionesportiva.com\\\/index.php\\\/2021\\\/12\\\/14\\\/christian-lafauci-a-marcord\\\/#webpage\",\"url\":\"https:\\\/\\\/ispirazionesportiva.com\\\/index.php\\\/2021\\\/12\\\/14\\\/christian-lafauci-a-marcord\\\/\",\"name\":\"Christian LaFauci: A-Marcord - IspirazioneSportiva.com\",\"description\":\"Nostalgie sparse, suggestioni e memorie del calcio italiano negli anni 80 Di solito IspirazioneSportiva.com apre con la biblioteca raccontando un libro appena letto e cos\\u00ec \\u00e8 anche per il libro A-Marcord di Christian LaFauci. Questa volta per\\u00f2 la tristezza la fa da padrone perch\\u00e9 si scopre (scusate il nostro ritardo) la brutta notizia della scomparsa\",\"inLanguage\":\"it-IT\",\"isPartOf\":{\"@id\":\"https:\\\/\\\/ispirazionesportiva.com\\\/#website\"},\"breadcrumb\":{\"@id\":\"https:\\\/\\\/ispirazionesportiva.com\\\/index.php\\\/2021\\\/12\\\/14\\\/christian-lafauci-a-marcord\\\/#breadcrumblist\"},\"author\":{\"@id\":\"https:\\\/\\\/ispirazionesportiva.com\\\/index.php\\\/author\\\/supermariolemieux\\\/#author\"},\"creator\":{\"@id\":\"https:\\\/\\\/ispirazionesportiva.com\\\/index.php\\\/author\\\/supermariolemieux\\\/#author\"},\"image\":{\"@type\":\"ImageObject\",\"url\":\"https:\\\/\\\/i0.wp.com\\\/ispirazionesportiva.com\\\/wp-content\\\/uploads\\\/sites\\\/3\\\/2021\\\/12\\\/WhatsApp-Image-2021-12-14-at-11.44.26.jpeg?fit=972%2C1296&ssl=1\",\"@id\":\"https:\\\/\\\/ispirazionesportiva.com\\\/index.php\\\/2021\\\/12\\\/14\\\/christian-lafauci-a-marcord\\\/#mainImage\",\"width\":972,\"height\":1296},\"primaryImageOfPage\":{\"@id\":\"https:\\\/\\\/ispirazionesportiva.com\\\/index.php\\\/2021\\\/12\\\/14\\\/christian-lafauci-a-marcord\\\/#mainImage\"},\"datePublished\":\"2021-12-14T13:14:17+02:00\",\"dateModified\":\"2026-07-25T22:42:38+02:00\"},{\"@type\":\"WebSite\",\"@id\":\"https:\\\/\\\/ispirazionesportiva.com\\\/#website\",\"url\":\"https:\\\/\\\/ispirazionesportiva.com\\\/\",\"name\":\"IspirazioneSportiva.com\",\"description\":\"Le storie sportive che emozionano\",\"inLanguage\":\"it-IT\",\"publisher\":{\"@id\":\"https:\\\/\\\/ispirazionesportiva.com\\\/#organization\"}}]}\n\t\t<\/script>\n\t\t<!-- All in One SEO -->\n\n","aioseo_head_json":{"title":"Christian LaFauci: A-Marcord - IspirazioneSportiva.com","description":"Nostalgie sparse, suggestioni e memorie del calcio italiano negli anni 80 Di solito IspirazioneSportiva.com apre con la biblioteca raccontando un libro appena letto e cos\u00ec \u00e8 anche per il libro A-Marcord di Christian LaFauci. Questa volta per\u00f2 la tristezza la fa da padrone perch\u00e9 si scopre (scusate il nostro ritardo) la brutta notizia della scomparsa","canonical_url":"https:\/\/ispirazionesportiva.com\/index.php\/2021\/12\/14\/christian-lafauci-a-marcord\/","robots":"max-image-preview:large","keywords":"","webmasterTools":{"miscellaneous":""},"schema":{"@context":"https:\/\/schema.org","@graph":[{"@type":"BlogPosting","@id":"https:\/\/ispirazionesportiva.com\/index.php\/2021\/12\/14\/christian-lafauci-a-marcord\/#blogposting","name":"Christian LaFauci: A-Marcord - IspirazioneSportiva.com","headline":"Christian LaFauci: A-Marcord","author":{"@id":"https:\/\/ispirazionesportiva.com\/index.php\/author\/supermariolemieux\/#author"},"publisher":{"@id":"https:\/\/ispirazionesportiva.com\/#organization"},"image":{"@type":"ImageObject","url":"https:\/\/i0.wp.com\/ispirazionesportiva.com\/wp-content\/uploads\/sites\/3\/2021\/12\/WhatsApp-Image-2021-12-14-at-11.44.26.jpeg?fit=972%2C1296&ssl=1","width":972,"height":1296},"datePublished":"2021-12-14T13:14:17+02:00","dateModified":"2026-07-25T22:42:38+02:00","inLanguage":"it-IT","mainEntityOfPage":{"@id":"https:\/\/ispirazionesportiva.com\/index.php\/2021\/12\/14\/christian-lafauci-a-marcord\/#webpage"},"isPartOf":{"@id":"https:\/\/ispirazionesportiva.com\/index.php\/2021\/12\/14\/christian-lafauci-a-marcord\/#webpage"},"articleSection":"Calcio, I libri consigliati calcio, La biblioteca"},{"@type":"BreadcrumbList","@id":"https:\/\/ispirazionesportiva.com\/index.php\/2021\/12\/14\/christian-lafauci-a-marcord\/#breadcrumblist","itemListElement":[{"@type":"ListItem","@id":"https:\/\/ispirazionesportiva.com#listItem","position":1,"name":"Home","item":"https:\/\/ispirazionesportiva.com","nextItem":{"@type":"ListItem","@id":"https:\/\/ispirazionesportiva.com\/index.php\/category\/calcio\/#listItem","name":"Calcio"}},{"@type":"ListItem","@id":"https:\/\/ispirazionesportiva.com\/index.php\/category\/calcio\/#listItem","position":2,"name":"Calcio","item":"https:\/\/ispirazionesportiva.com\/index.php\/category\/calcio\/","nextItem":{"@type":"ListItem","@id":"https:\/\/ispirazionesportiva.com\/index.php\/category\/calcio\/i-libri-consigliati\/#listItem","name":"I libri consigliati calcio"},"previousItem":{"@type":"ListItem","@id":"https:\/\/ispirazionesportiva.com#listItem","name":"Home"}},{"@type":"ListItem","@id":"https:\/\/ispirazionesportiva.com\/index.php\/category\/calcio\/i-libri-consigliati\/#listItem","position":3,"name":"I libri consigliati calcio","item":"https:\/\/ispirazionesportiva.com\/index.php\/category\/calcio\/i-libri-consigliati\/","nextItem":{"@type":"ListItem","@id":"https:\/\/ispirazionesportiva.com\/index.php\/2021\/12\/14\/christian-lafauci-a-marcord\/#listItem","name":"Christian LaFauci: A-Marcord"},"previousItem":{"@type":"ListItem","@id":"https:\/\/ispirazionesportiva.com\/index.php\/category\/calcio\/#listItem","name":"Calcio"}},{"@type":"ListItem","@id":"https:\/\/ispirazionesportiva.com\/index.php\/2021\/12\/14\/christian-lafauci-a-marcord\/#listItem","position":4,"name":"Christian LaFauci: A-Marcord","previousItem":{"@type":"ListItem","@id":"https:\/\/ispirazionesportiva.com\/index.php\/category\/calcio\/i-libri-consigliati\/#listItem","name":"I libri consigliati calcio"}}]},{"@type":"Organization","@id":"https:\/\/ispirazionesportiva.com\/#organization","name":"IspirazioneSportiva.com","description":"Le storie sportive che emozionano","url":"https:\/\/ispirazionesportiva.com\/","logo":{"@type":"ImageObject","url":"https:\/\/i0.wp.com\/ispirazionesportiva.com\/wp-content\/uploads\/sites\/3\/2020\/09\/cropped-PHOTO-2020-09-16-08-47-03-e1600279086776-1.jpg?fit=500%2C230&ssl=1","@id":"https:\/\/ispirazionesportiva.com\/index.php\/2021\/12\/14\/christian-lafauci-a-marcord\/#organizationLogo","width":500,"height":230},"image":{"@id":"https:\/\/ispirazionesportiva.com\/index.php\/2021\/12\/14\/christian-lafauci-a-marcord\/#organizationLogo"}},{"@type":"Person","@id":"https:\/\/ispirazionesportiva.com\/index.php\/author\/supermariolemieux\/#author","url":"https:\/\/ispirazionesportiva.com\/index.php\/author\/supermariolemieux\/","name":"Francesco Fiori","image":{"@type":"ImageObject","@id":"https:\/\/ispirazionesportiva.com\/index.php\/2021\/12\/14\/christian-lafauci-a-marcord\/#authorImage","url":"https:\/\/secure.gravatar.com\/avatar\/beff881b593f312e866653a8c45295843e00b61ce1984ceaacd4e1709e4c1b57?s=96&d=mm&r=g","width":96,"height":96,"caption":"Francesco Fiori"}},{"@type":"WebPage","@id":"https:\/\/ispirazionesportiva.com\/index.php\/2021\/12\/14\/christian-lafauci-a-marcord\/#webpage","url":"https:\/\/ispirazionesportiva.com\/index.php\/2021\/12\/14\/christian-lafauci-a-marcord\/","name":"Christian LaFauci: A-Marcord - IspirazioneSportiva.com","description":"Nostalgie sparse, suggestioni e memorie del calcio italiano negli anni 80 Di solito IspirazioneSportiva.com apre con la biblioteca raccontando un libro appena letto e cos\u00ec \u00e8 anche per il libro A-Marcord di Christian LaFauci. Questa volta per\u00f2 la tristezza la fa da padrone perch\u00e9 si scopre (scusate il nostro ritardo) la brutta notizia della scomparsa","inLanguage":"it-IT","isPartOf":{"@id":"https:\/\/ispirazionesportiva.com\/#website"},"breadcrumb":{"@id":"https:\/\/ispirazionesportiva.com\/index.php\/2021\/12\/14\/christian-lafauci-a-marcord\/#breadcrumblist"},"author":{"@id":"https:\/\/ispirazionesportiva.com\/index.php\/author\/supermariolemieux\/#author"},"creator":{"@id":"https:\/\/ispirazionesportiva.com\/index.php\/author\/supermariolemieux\/#author"},"image":{"@type":"ImageObject","url":"https:\/\/i0.wp.com\/ispirazionesportiva.com\/wp-content\/uploads\/sites\/3\/2021\/12\/WhatsApp-Image-2021-12-14-at-11.44.26.jpeg?fit=972%2C1296&ssl=1","@id":"https:\/\/ispirazionesportiva.com\/index.php\/2021\/12\/14\/christian-lafauci-a-marcord\/#mainImage","width":972,"height":1296},"primaryImageOfPage":{"@id":"https:\/\/ispirazionesportiva.com\/index.php\/2021\/12\/14\/christian-lafauci-a-marcord\/#mainImage"},"datePublished":"2021-12-14T13:14:17+02:00","dateModified":"2026-07-25T22:42:38+02:00"},{"@type":"WebSite","@id":"https:\/\/ispirazionesportiva.com\/#website","url":"https:\/\/ispirazionesportiva.com\/","name":"IspirazioneSportiva.com","description":"Le storie sportive che emozionano","inLanguage":"it-IT","publisher":{"@id":"https:\/\/ispirazionesportiva.com\/#organization"}}]},"og:locale":"it_IT","og:site_name":"IspirazioneSportiva.com - Le storie sportive che emozionano","og:type":"article","og:title":"Christian LaFauci: A-Marcord - IspirazioneSportiva.com","og:description":"Nostalgie sparse, suggestioni e memorie del calcio italiano negli anni 80 Di solito IspirazioneSportiva.com apre con la biblioteca raccontando un libro appena letto e cos\u00ec \u00e8 anche per il libro A-Marcord di Christian LaFauci. Questa volta per\u00f2 la tristezza la fa da padrone perch\u00e9 si scopre (scusate il nostro ritardo) la brutta notizia della scomparsa","og:url":"https:\/\/ispirazionesportiva.com\/index.php\/2021\/12\/14\/christian-lafauci-a-marcord\/","og:image":"https:\/\/i0.wp.com\/ispirazionesportiva.com\/wp-content\/uploads\/sites\/3\/2020\/09\/cropped-PHOTO-2020-09-16-08-47-03-e1600279086776-1.jpg?fit=500%2C230&#038;ssl=1","og:image:secure_url":"https:\/\/i0.wp.com\/ispirazionesportiva.com\/wp-content\/uploads\/sites\/3\/2020\/09\/cropped-PHOTO-2020-09-16-08-47-03-e1600279086776-1.jpg?fit=500%2C230&#038;ssl=1","article:published_time":"2021-12-14T11:14:17+00:00","article:modified_time":"2026-07-25T20:42:38+00:00","twitter:card":"summary_large_image","twitter:title":"Christian LaFauci: A-Marcord - IspirazioneSportiva.com","twitter:description":"Nostalgie sparse, suggestioni e memorie del calcio italiano negli anni 80 Di solito IspirazioneSportiva.com apre con la biblioteca raccontando un libro appena letto e cos\u00ec \u00e8 anche per il libro A-Marcord di Christian LaFauci. Questa volta per\u00f2 la tristezza la fa da padrone perch\u00e9 si scopre (scusate il nostro ritardo) la brutta notizia della scomparsa","twitter:image":"https:\/\/i0.wp.com\/ispirazionesportiva.com\/wp-content\/uploads\/sites\/3\/2020\/09\/cropped-PHOTO-2020-09-16-08-47-03-e1600279086776-1.jpg?fit=500%2C230&ssl=1"},"aioseo_meta_data":{"post_id":"1336","title":null,"description":null,"keywords":null,"keyphrases":null,"primary_term":null,"canonical_url":null,"og_title":null,"og_description":null,"og_object_type":"default","og_image_type":"default","og_image_custom_url":null,"og_image_custom_fields":null,"og_image_url":null,"og_image_width":null,"og_image_height":null,"og_video":null,"og_custom_url":null,"og_article_section":null,"og_article_tags":null,"twitter_use_og":false,"twitter_card":"default","twitter_image_type":"default","twitter_image_custom_url":null,"twitter_image_custom_fields":null,"twitter_image_url":null,"twitter_title":null,"twitter_description":null,"schema_type":"default","schema_type_options":null,"schema":{"blockGraphs":[],"customGraphs":[],"default":{"data":{"Article":[],"Course":[],"Dataset":[],"FAQPage":[],"Movie":[],"Person":[],"Product":[],"ProductReview":[],"Car":[],"Recipe":[],"Service":[],"SoftwareApplication":[],"WebPage":[]},"graphName":"","isEnabled":true},"graphs":[]},"pillar_content":false,"robots_default":true,"robots_noindex":false,"robots_noarchive":false,"robots_nosnippet":false,"robots_nofollow":false,"robots_noimageindex":false,"robots_noodp":false,"robots_notranslate":false,"robots_max_snippet":null,"robots_max_videopreview":null,"robots_max_imagepreview":"large","priority":null,"frequency":null,"local_seo":null,"limit_modified_date":false,"ai":null,"breadcrumb_settings":null,"seo_analyzer_scan_date":null,"created":"2026-07-23 16:30:54","updated":"2026-07-26 09:46:21"},"aioseo_breadcrumb":"<div class=\"aioseo-breadcrumbs\"><span class=\"aioseo-breadcrumb\">\n\t\t\t<a href=\"https:\/\/ispirazionesportiva.com\" title=\"Home\">Home<\/a>\n\t\t<\/span><span class=\"aioseo-breadcrumb-separator\">&raquo;<\/span><span class=\"aioseo-breadcrumb\">\n\t\t\t<a href=\"https:\/\/ispirazionesportiva.com\/index.php\/category\/calcio\/\" title=\"Calcio\">Calcio<\/a>\n\t\t<\/span><span class=\"aioseo-breadcrumb-separator\">&raquo;<\/span><span class=\"aioseo-breadcrumb\">\n\t\t\t<a href=\"https:\/\/ispirazionesportiva.com\/index.php\/category\/calcio\/i-libri-consigliati\/\" title=\"I libri consigliati calcio\">I libri consigliati calcio<\/a>\n\t\t<\/span><span class=\"aioseo-breadcrumb-separator\">&raquo;<\/span><span class=\"aioseo-breadcrumb\">\n\t\t\tChristian LaFauci: A-Marcord\n\t\t<\/span><\/div>","aioseo_breadcrumb_json":[{"label":"Home","link":"https:\/\/ispirazionesportiva.com"},{"label":"Calcio","link":"https:\/\/ispirazionesportiva.com\/index.php\/category\/calcio\/"},{"label":"I libri consigliati calcio","link":"https:\/\/ispirazionesportiva.com\/index.php\/category\/calcio\/i-libri-consigliati\/"},{"label":"Christian LaFauci: A-Marcord","link":"https:\/\/ispirazionesportiva.com\/index.php\/2021\/12\/14\/christian-lafauci-a-marcord\/"}],"jetpack_publicize_connections":[],"jetpack_featured_media_url":"https:\/\/i0.wp.com\/ispirazionesportiva.com\/wp-content\/uploads\/sites\/3\/2021\/12\/WhatsApp-Image-2021-12-14-at-11.44.26.jpeg?fit=972%2C1296&ssl=1","jetpack_sharing_enabled":true,"jetpack_likes_enabled":true,"amp_enabled":true,"_links":{"self":[{"href":"https:\/\/ispirazionesportiva.com\/index.php\/wp-json\/wp\/v2\/posts\/1336","targetHints":{"allow":["GET"]}}],"collection":[{"href":"https:\/\/ispirazionesportiva.com\/index.php\/wp-json\/wp\/v2\/posts"}],"about":[{"href":"https:\/\/ispirazionesportiva.com\/index.php\/wp-json\/wp\/v2\/types\/post"}],"author":[{"embeddable":true,"href":"https:\/\/ispirazionesportiva.com\/index.php\/wp-json\/wp\/v2\/users\/5"}],"replies":[{"embeddable":true,"href":"https:\/\/ispirazionesportiva.com\/index.php\/wp-json\/wp\/v2\/comments?post=1336"}],"version-history":[{"count":2,"href":"https:\/\/ispirazionesportiva.com\/index.php\/wp-json\/wp\/v2\/posts\/1336\/revisions"}],"predecessor-version":[{"id":1340,"href":"https:\/\/ispirazionesportiva.com\/index.php\/wp-json\/wp\/v2\/posts\/1336\/revisions\/1340"}],"wp:featuredmedia":[{"embeddable":true,"href":"https:\/\/ispirazionesportiva.com\/index.php\/wp-json\/wp\/v2\/media\/1337"}],"wp:attachment":[{"href":"https:\/\/ispirazionesportiva.com\/index.php\/wp-json\/wp\/v2\/media?parent=1336"}],"wp:term":[{"taxonomy":"category","embeddable":true,"href":"https:\/\/ispirazionesportiva.com\/index.php\/wp-json\/wp\/v2\/categories?post=1336"},{"taxonomy":"post_tag","embeddable":true,"href":"https:\/\/ispirazionesportiva.com\/index.php\/wp-json\/wp\/v2\/tags?post=1336"}],"curies":[{"name":"wp","href":"https:\/\/api.w.org\/{rel}","templated":true}]}}