{"id":1252,"date":"2021-09-22T13:37:06","date_gmt":"2021-09-22T11:37:06","guid":{"rendered":"https:\/\/ispirazionesportiva.com\/?p=1252"},"modified":"2023-12-18T15:38:45","modified_gmt":"2023-12-18T13:38:45","slug":"larte-nel-pallone-ronaldo-meraviglioso-10","status":"publish","type":"post","link":"https:\/\/ispirazionesportiva.com\/index.php\/2021\/09\/22\/larte-nel-pallone-ronaldo-meraviglioso-10\/","title":{"rendered":"L\u2019arte nel pallone: Ronaldo, meraviglioso 10"},"content":{"rendered":"\r\n<p>Il 22 settembre compie gli anni il Fenomeno. Quello che fece Luis Nazario da Lima nel 97\/98 \u00e8 nell&#8217;enciclopedia delle meraviglie del calcio<\/p>\r\n\r\n\r\n\r\n<p>&#8220;<em>L&#8217;operazione non \u00e8 poi cos\u00ec impossibile<\/em>&#8220;. Basta accendere l&#8217;idea, perch\u00e9 di quel giocatore se ne \u00e8 innamorato gi\u00e0 da tempo\u00a0<strong>Massimo Moratti<\/strong>. E come fai a non amare qualcosa di inimmaginabile? In quella Liga quel brasiliano sta facendo sfracelli, gol impossibili con progressioni da sprinter, poi aggiungiamo che il campionato spagnolo del 96\/97 \u00e8 pi\u00f9 affascinante della Serie A:\u00a0<strong>Mijatovic<\/strong>,\u00a0<strong>Suker<\/strong>\u00a0e\u00a0<strong>Fabio Capello<\/strong>\u00a0sulla sponda Madrid,<strong>\u00a0Figo<\/strong>,\u00a0<strong>Stoichkov\u00a0<\/strong>e appunto quel ragazzino che non si ferma mai e che ha appena 20 anni, si chiama Luis Nazario da Lima Ronaldo.<\/p>\r\n\r\n\r\n\r\n<p>Nella Liga spagnola l&#8217;Associazione calciatori ha appena creato una genialata, ogni giocatore ha una clausola rescissoria, una sorta di cartellino e che pagata tale cifra pu\u00f2 avvenire il trasferimento. Che il Barca si liberi di Ronaldo pare impossibile e quindi son poche le squadre interessate. La soffiata per\u00f2 arriva dal procuratore del brasiliano,\u00a0<strong>Giovanni Branchini<\/strong>, che prima assiste ad una conferenza stampa dei<em>\u00a0Blaugrana\u00a0<\/em>per confermare il rinnovo contrattuale poi, 3 ore dopo, verso le 21, al momento della sottoscrizione di esso trova tutto totalmente cambiato.<\/p>\r\n\r\n\r\n\r\n<p><strong>E&#8217; un attimo.<\/strong>\u00a0Ora esiste lo spiraglio. Moratti non aspetta altro, ha gi\u00e0 conosciuto Ronnie un anno prima, quando ormai dal Psv ha firmato in Spagna.<\/p>\r\n\r\n\r\n\r\n<p>Per Ronaldo non \u00e8 un&#8217;asta, va pagata la clausola e poi dovr\u00e0 scegliere il ragazzo perch\u00e9 sul brasiliano si getta a capofitto Sergio Cragnotti, pronto a regalare un super colpo alla sua Lazio stellare.\u00a0<\/p>\r\n\r\n\r\n\r\n<p><em>Sembra tutto surreale. Ma veramente quel Ronaldo l\u00ec giocher\u00e0 in Italia?\u00a0<\/em><\/p>\r\n\r\n\r\n\r\n<p>L&#8217;Inter di Moratti stenta ad avere una stella di portata mondiale. Il presidente in carica da 2 anni ci ha provato prima con\u00a0<strong>Cantona<\/strong>, poi con<strong>\u00a0Baggio<\/strong>, ma nessuno accetta i nerazzurri. Lo fanno Djorkaeff, Ince e Zamorano ma, seppur con buona volont\u00e0, non rappresentano un crack mondiale. Ronaldo s\u00ec e quando il<strong>\u00a027 luglio 1997<\/strong>\u00a0indossa la maglia interista per ogni tifoso \u00e8 il giorno pi\u00f9 bello di qualsiasi Natale.\u00a0<\/p>\r\n\r\n\r\n\r\n<p>Ha il\u00a0<em>numero 10<\/em>.\u00a0\u00a0<\/p>\r\n\r\n\r\n\r\n<p>Quel Ronaldo l\u00ec, col<em>\u00a0numero 10<\/em>, \u00e8 l&#8217;essenza di arte nel pallone. E&#8217; spettacolo puro, \u00e8 una potenza che non ha bisogno neanche di una spalla in attacco, tanto fa tutto lui anche partendo da centrocampo per il gusto di saltare gli avversari come birilli.<\/p>\r\n\r\n\r\n\r\n<p>Quel\u00a0<em>numero 10<\/em>\u00a0incanta, ci mette due partite per mettere a sedere Paganin Nel\u00a0<strong>4-2\u00a0<\/strong>inflitto al Bologna di un altro 10 d&#8217;artista,\u00a0<strong>Roby Baggio<\/strong>.<\/p>\r\n\r\n\r\n\r\n<p>Il tifoso interista entra in un sogno, finalmente, dal 1989, esiste un giocatore capace di sfidare qualsiasi potenza, di battere le leggi della gravit\u00e0, di esser pi\u00f9 veloce della luce.<\/p>\r\n\r\n\r\n\r\n<figure class=\"wp-block-image size-large\"><img loading=\"lazy\" decoding=\"async\" width=\"912\" height=\"516\" class=\"wp-image-691\" src=\"https:\/\/ispirazionesportiva.com\/wp-content\/uploads\/2020\/09\/ronaldo-pallone-doro.jpeg\" alt=\"\" srcset=\"https:\/\/ispirazionesportiva.com\/wp-content\/uploads\/2020\/09\/ronaldo-pallone-doro.jpeg 912w, https:\/\/ispirazionesportiva.com\/wp-content\/uploads\/2020\/09\/ronaldo-pallone-doro-300x170.jpeg 300w, https:\/\/ispirazionesportiva.com\/wp-content\/uploads\/2020\/09\/ronaldo-pallone-doro-768x435.jpeg 768w\" sizes=\"auto, (max-width: 912px) 100vw, 912px\" \/><\/figure>\r\n\r\n\r\n\r\n<p>I gol in quella annata sono\u00a0<strong>25 su 32 partite<\/strong>\u00a0in una Serie A che propone Bierhoff, Batistuta, Del Piero, Crespo, Balbo, Montella, Inzaghi, Hubner, Totti. Sublime solo pensare ad un&#8217;asta con gli amici.<\/p>\r\n\r\n\r\n\r\n<p>Ronaldo incanta, trascina l&#8217;Inter, Simeone lo lancia contro la Fiorentina e gi\u00e0 al momento del controllo di palla si grida al gol, siamo appena alla terza giornata e quel 10 sta riscrivendo la storia del calcio. Per la prima doppietta bisogna aspettare la partita successiva, il Lecce si arrende prima su punizione e poi quando colui che diventa il Fenomeno parte in velocit\u00e0, sbaracca tutta la difesa avversaria e segna. Moratti gongola,\u00a0<strong>Prisco<\/strong>\u00a0mette la sua figurina in mezzo a quella dei genitori nel portafoglio: &#8220;<em>Loro capiranno, Ronaldo \u00e8 Ronaldo<\/em>&#8220;.<\/p>\r\n\r\n\r\n\r\n<p>&#8220;<em>Siete tutti uguali, tranne uno<\/em>&#8220;, l&#8217;affetto di\u00a0<strong>Gigi Simoni<\/strong>\u00a0\u00e8 entusiasmo per Ronnie che continua a segnare e prima di Inter-Juve alza al cielo anche il Pallone d&#8217;Oro, poi lascia sul posto Iuliano e Montero e fa segnare Djorkaeff. Sublime.<\/p>\r\n\r\n\r\n\r\n<p>Ed \u00e8 sublime in Coppa Uefa dove l&#8217;Inter si regala grandi rimonte, con Ronaldo in gol, sul ghiaccio di Mosca come neanche il miglior Gretzky pu\u00f2 fare. Quel numero 10 sta diventando poesia.<\/p>\r\n\r\n\r\n\r\n<p>L&#8217;annata si chiuder\u00e0 sollevando il trofeo europeo al cielo, quei gol sono spettacolo da ammirare su Youtube. Quel Ronaldo col\u00a0<em>numero 10\u00a0<\/em>\u00e8\u00a0<strong>il giocatore pi\u00f9 devastante mai visto in una singola stagione in Serie A<\/strong>.<\/p>\r\n\r\n\r\n\r\n<p>Poi cambier\u00e0 numero e non sar\u00e0 pi\u00f9 la stessa cosa.<\/p>\r\n\r\n\r\n\r\n<p><a href=\"https:\/\/www.facebook.com\/supermariolemieux\/\">Francesco Fiori<\/a><\/p>\r\n\r\n\r\n\r\n<figure class=\"wp-block-embed is-type-wp-embed is-provider-gazzetta-fan-news wp-block-embed-gazzetta-fan-news\">\r\n<div class=\"wp-block-embed__wrapper\">https:\/\/gazzettafannews.it\/calcio\/ronaldo\/<\/div>\r\n<\/figure>\r\n\r\n\r\n\r\n<p>&nbsp;<\/p>\r\n","protected":false},"excerpt":{"rendered":"<p>Il 22 settembre compie gli anni il Fenomeno. Quello che fece Luis Nazario da Lima&#8230;<\/p>\n","protected":false},"author":4,"featured_media":1267,"comment_status":"closed","ping_status":"closed","sticky":false,"template":"","format":"standard","meta":{"footnotes":""},"categories":[5,206,125],"tags":[53],"class_list":["post-1252","post","type-post","status-publish","format-standard","has-post-thumbnail","hentry","category-calcio","category-i-miti-e-le-leggende-del-pallone","category-larcifiori","tag-ronaldo"],"yoast_head":"<!-- This site is optimized with the Yoast SEO plugin v21.9 - https:\/\/yoast.com\/wordpress\/plugins\/seo\/ -->\n<title>L\u2019arte nel pallone: Ronaldo, meraviglioso 10 - IspirazioneSportiva.com<\/title>\n<meta name=\"robots\" content=\"index, follow, max-snippet:-1, max-image-preview:large, max-video-preview:-1\" \/>\n<link rel=\"canonical\" href=\"https:\/\/ispirazionesportiva.com\/index.php\/2021\/09\/22\/larte-nel-pallone-ronaldo-meraviglioso-10\/\" \/>\n<meta property=\"og:locale\" content=\"it_IT\" \/>\n<meta property=\"og:type\" content=\"article\" \/>\n<meta property=\"og:title\" content=\"L\u2019arte nel pallone: Ronaldo, meraviglioso 10\" \/>\n<meta property=\"og:description\" content=\"Il 22 settembre compie gli anni il Fenomeno. Quello che fece Luis Nazario da Lima...\" \/>\n<meta property=\"og:url\" content=\"https:\/\/ispirazionesportiva.com\/index.php\/2021\/09\/22\/larte-nel-pallone-ronaldo-meraviglioso-10\/\" \/>\n<meta property=\"og:site_name\" content=\"IspirazioneSportiva.com\" \/>\n<meta property=\"article:publisher\" content=\"https:\/\/www.facebook.com\/search\/top\/?q=ispirazionesportiva.com\" \/>\n<meta property=\"article:author\" content=\"https:\/\/www.facebook.com\/supermariolemieux\/\" \/>\n<meta property=\"article:published_time\" content=\"2021-09-22T11:37:06+00:00\" \/>\n<meta property=\"article:modified_time\" content=\"2023-12-18T13:38:45+00:00\" \/>\n<meta property=\"og:image\" content=\"https:\/\/ispirazionesportiva.com\/wp-content\/uploads\/2021\/09\/1190x744.jpg\" \/>\n\t<meta property=\"og:image:width\" content=\"1190\" \/>\n\t<meta property=\"og:image:height\" content=\"744\" \/>\n\t<meta property=\"og:image:type\" content=\"image\/jpeg\" \/>\n<meta name=\"author\" content=\"Francesco Fiori\" \/>\n<meta name=\"twitter:card\" content=\"summary_large_image\" \/>\n<meta name=\"twitter:title\" content=\"L\u2019arte nel pallone: Ronaldo, meraviglioso 10\" \/>\n<meta name=\"twitter:description\" content=\"#Ronaldo\" \/>\n<meta name=\"twitter:image\" content=\"https:\/\/ispirazionesportiva.com\/wp-content\/uploads\/2021\/09\/1190x744.jpg\" \/>\n<meta name=\"twitter:creator\" content=\"@frafiori21\" \/>\n<meta name=\"twitter:site\" content=\"@FraFiori21\" \/>\n<meta name=\"twitter:label1\" content=\"Scritto da\" \/>\n\t<meta name=\"twitter:data1\" content=\"Francesco Fiori\" \/>\n\t<meta name=\"twitter:label2\" content=\"Tempo di lettura stimato\" \/>\n\t<meta name=\"twitter:data2\" content=\"4 minuti\" \/>\n<script type=\"application\/ld+json\" class=\"yoast-schema-graph\">{\"@context\":\"https:\/\/schema.org\",\"@graph\":[{\"@type\":\"Article\",\"@id\":\"https:\/\/ispirazionesportiva.com\/index.php\/2021\/09\/22\/larte-nel-pallone-ronaldo-meraviglioso-10\/#article\",\"isPartOf\":{\"@id\":\"https:\/\/ispirazionesportiva.com\/index.php\/2021\/09\/22\/larte-nel-pallone-ronaldo-meraviglioso-10\/\"},\"author\":{\"name\":\"Francesco Fiori\",\"@id\":\"https:\/\/ispirazionesportiva.com\/#\/schema\/person\/7288fdedc9108918baa7bb22bab31fb7\"},\"headline\":\"L\u2019arte nel pallone: Ronaldo, meraviglioso 10\",\"datePublished\":\"2021-09-22T11:37:06+00:00\",\"dateModified\":\"2023-12-18T13:38:45+00:00\",\"mainEntityOfPage\":{\"@id\":\"https:\/\/ispirazionesportiva.com\/index.php\/2021\/09\/22\/larte-nel-pallone-ronaldo-meraviglioso-10\/\"},\"wordCount\":672,\"publisher\":{\"@id\":\"https:\/\/ispirazionesportiva.com\/#organization\"},\"keywords\":[\"Ronaldo\"],\"articleSection\":[\"Calcio\",\"I miti e le leggende del pallone\",\"L'ArciFiori\"],\"inLanguage\":\"it-IT\"},{\"@type\":\"WebPage\",\"@id\":\"https:\/\/ispirazionesportiva.com\/index.php\/2021\/09\/22\/larte-nel-pallone-ronaldo-meraviglioso-10\/\",\"url\":\"https:\/\/ispirazionesportiva.com\/index.php\/2021\/09\/22\/larte-nel-pallone-ronaldo-meraviglioso-10\/\",\"name\":\"L\u2019arte nel pallone: Ronaldo, meraviglioso 10 - IspirazioneSportiva.com\",\"isPartOf\":{\"@id\":\"https:\/\/ispirazionesportiva.com\/#website\"},\"datePublished\":\"2021-09-22T11:37:06+00:00\",\"dateModified\":\"2023-12-18T13:38:45+00:00\",\"breadcrumb\":{\"@id\":\"https:\/\/ispirazionesportiva.com\/index.php\/2021\/09\/22\/larte-nel-pallone-ronaldo-meraviglioso-10\/#breadcrumb\"},\"inLanguage\":\"it-IT\",\"potentialAction\":[{\"@type\":\"ReadAction\",\"target\":[\"https:\/\/ispirazionesportiva.com\/index.php\/2021\/09\/22\/larte-nel-pallone-ronaldo-meraviglioso-10\/\"]}]},{\"@type\":\"BreadcrumbList\",\"@id\":\"https:\/\/ispirazionesportiva.com\/index.php\/2021\/09\/22\/larte-nel-pallone-ronaldo-meraviglioso-10\/#breadcrumb\",\"itemListElement\":[{\"@type\":\"ListItem\",\"position\":1,\"name\":\"Home\",\"item\":\"https:\/\/ispirazionesportiva.com\/\"},{\"@type\":\"ListItem\",\"position\":2,\"name\":\"L\u2019arte nel pallone: Ronaldo, meraviglioso 10\"}]},{\"@type\":\"WebSite\",\"@id\":\"https:\/\/ispirazionesportiva.com\/#website\",\"url\":\"https:\/\/ispirazionesportiva.com\/\",\"name\":\"IspirazioneSportiva.com\",\"description\":\"Le storie sportive che emozionano\",\"publisher\":{\"@id\":\"https:\/\/ispirazionesportiva.com\/#organization\"},\"potentialAction\":[{\"@type\":\"SearchAction\",\"target\":{\"@type\":\"EntryPoint\",\"urlTemplate\":\"https:\/\/ispirazionesportiva.com\/?s={search_term_string}\"},\"query-input\":\"required name=search_term_string\"}],\"inLanguage\":\"it-IT\"},{\"@type\":\"Organization\",\"@id\":\"https:\/\/ispirazionesportiva.com\/#organization\",\"name\":\"ispirazionesportiva.com\",\"url\":\"https:\/\/ispirazionesportiva.com\/\",\"logo\":{\"@type\":\"ImageObject\",\"inLanguage\":\"it-IT\",\"@id\":\"https:\/\/ispirazionesportiva.com\/#\/schema\/logo\/image\/\",\"url\":\"https:\/\/ispirazionesportiva.com\/wp-content\/uploads\/2020\/08\/1589964388149.jpg\",\"contentUrl\":\"https:\/\/ispirazionesportiva.com\/wp-content\/uploads\/2020\/08\/1589964388149.jpg\",\"width\":980,\"height\":600,\"caption\":\"ispirazionesportiva.com\"},\"image\":{\"@id\":\"https:\/\/ispirazionesportiva.com\/#\/schema\/logo\/image\/\"},\"sameAs\":[\"https:\/\/www.facebook.com\/search\/top\/?q=ispirazionesportiva.com\",\"https:\/\/twitter.com\/FraFiori21\",\"https:\/\/www.instagram.com\/ispirazione_sportiva\/?hl=it\",\"https:\/\/www.linkedin.com\/in\/mario-francesco-fiori-8788ba1b4\/\"]},{\"@type\":\"Person\",\"@id\":\"https:\/\/ispirazionesportiva.com\/#\/schema\/person\/7288fdedc9108918baa7bb22bab31fb7\",\"name\":\"Francesco Fiori\",\"image\":{\"@type\":\"ImageObject\",\"inLanguage\":\"it-IT\",\"@id\":\"https:\/\/ispirazionesportiva.com\/#\/schema\/person\/image\/\",\"url\":\"https:\/\/secure.gravatar.com\/avatar\/beff881b593f312e866653a8c45295843e00b61ce1984ceaacd4e1709e4c1b57?s=96&d=mm&r=g\",\"contentUrl\":\"https:\/\/secure.gravatar.com\/avatar\/beff881b593f312e866653a8c45295843e00b61ce1984ceaacd4e1709e4c1b57?s=96&d=mm&r=g\",\"caption\":\"Francesco Fiori\"},\"description\":\"Francesco Fiori \u00e8 un giornalista sardo, classe 1983, con la passione per il racconto dello sport. Di tutto lo sport. Aveva 6 anni quando, sicuramente errore o destino, ebbe in regalo una semplice radio, senza pensare alle conseguenze successive del pianeta sportivo. Una domenica, finiti i compiti, giocando con quel mezzo, capt\u00f2 la voce roca di Sandro Ciotti. Aveva appena scoperto l\u2019esistenza di Tutto il calcio minuto per minuto. La prima sfida arriva nella stagione calcistica 90\/91, quando lo zio, incredibile giornalista locale, gli diede come compito raccontare la giornata calcistica appena conclusa. Quel tema, ad appena 7 anni, risult\u00f2 migliore rispetto alle tabelline, mai entrate volentieri in testa. Il premio fu la presenza alla gara di cartello della squadra del suo paese, il Ploaghe, due settimane pi\u00f9 tardi. Destino volle che la morte prese suo zio proprio il mercoled\u00ec prima, innescando in Fiori la voglia di diventare giornalista. A scuola alla domanda \u201cHai solo il calcio in testa?\u201d rispondeva \u201cNo, anche il ciclismo\u201d e gli anni di partite contemporanee la domenica e di Tele +2 col calcio estero crearono un piccolo \u201cpsicopatico sportivo\u201d. Tra gli sport di cui si innamora c\u2019\u00e8 l\u2019hockey americano, soprattutto nella mitologica figura di Mario Lemieux. Poco prima della morte del padre, nel febbraio 2001, Fiori trova su La Gazzetta dello Sport proprio un trafiletto con scritto del ritorno sul ghiaccio di Lemieux dopo aver sconfitto una forma tumorale e un ritiro di 3 anni. Da l\u00ec altra promessa, qualora arrivi la possibilit\u00e0 di scrivere un articolo, questo sar\u00e0 su Lemieux il Magnifico. Diventato ragioniere capisce immediatamente che iva e fatture sono molto pi\u00f9 noiose del previsto e la prima collaborazione col giornale \u201cSa Bovida\u201d gli fanno capire le regole basi del giornalismo, cosa che Fiori ignorava ma che rispettava, chiedendo solo la possibilit\u00e0 di scrivere e far colpo. Chiusa la parentesi Sa Bovida per problemi logistici e di salute dell\u2019immenso Antonio Delitala ecco il primo reale colpo di fulmine, il sito di hockey Nhl Playitusa che non ha un articolo su Lemieux. Il direttore, con una mail che Fiori ancora oggi custodisce, risponde: \u201cBeh, perch\u00e9 non provi a scriverne uno tu?\u201d Il resto \u00e8 la storia scritta al pc dopo averne scritto 5 pagine in un quadernone a quadretti. Un cambio di lavoro, non per sua volont\u00e0, spariglia le carte in tavola, col ragazzo che stando fuori casa tutto il tempo deve abbandonare la scrittura, ma peggio ancora va col primo di 3 ictus che colpiscono la mamma proprio in quel periodo. Tempo al tempo e con un altro cambio di lavoro ecco l\u2019opzione che lo colpisce, scrivere della sua amata Inter sul sito SpazioInter. Gli inizi sono complicati, scrivere secondo le regole e non avere carta bianca lo bloccano un pochino, fino all\u2019esplosione che nel sito si chiama Live. Il Live sarebbe il racconto, minuto per minuto e in contemporanea, della partita in tv e a Fiori tocca esordire con Milan-Inter. Quella sera il divertimento raggiunge le stelle, anzi, le supera e da quel momento l\u2019impegno \u00e8 triplo, con le perle di interviste a Sandro Mazzola (che risate), Gigi Simoni (che gentilezza) e Riccardo Cucchi, suo idolo radiofonico. Il tesserino da giornalista gli fa mantenere la parola data a 6 anni e ancor pi\u00f9 sorprendente \u00e8 la proposta di essere addetto stampa proprio della squadra locale, andare a vedere quelle partite che il destino gli negarono nel 1991. Si chiede spesso se sia il destino a far scherzi oppure se semplicemente la vita va accettata per quella che \u00e8. Il 30 gennaio 2021, dopo un ricovero di un mese con tutte le aggravanti possibili, in ospedale viene a mancare la mamma di Francesco. Il colpo \u00e8 brutale. Il conto \u00e8 pesantissimo, la mente lontana, lo scrivere, anche solo un piccolo pensiero sulla giornata calcistica, \u00e8 di una difficolt\u00e0 che ad oggi \u00e8 ancora lontana dall'essere superata. Il resto \u00e8 storia o noia, dipende da che parte si vuol vedere, dagli articoli su Gazzetta Fan News al raccontare qualsiasi sport, perch\u00e9 per Fiori ogni sport ha un suo eroe e perch\u00e9 ora, con IspirazioneSportiva.com, sar\u00e0 ancor pi\u00f9 spettacolare dar libero sfogo a qualsiasi ispirazione, come dice il nome e come gli ha insegnato Riccardo Cucchi: \u201cNella vita mai smettere di sognare!\u201d. Anzi, scusate il ritardo! Mail: fcroda@yahoo.it Fb: supermariolemieux pec: francesco.fiori@pecgiornalisti.it\",\"sameAs\":[\"https:\/\/www.facebook.com\/supermariolemieux\/\",\"https:\/\/www.instagram.com\/francescofiori12\/\",\"https:\/\/www.linkedin.com\/in\/francesco-fiori-b45614176\/\",\"https:\/\/twitter.com\/frafiori21\"],\"url\":\"https:\/\/ispirazionesportiva.com\/index.php\/author\/supermariolemieux\/\"}]}<\/script>\n<!-- \/ Yoast SEO plugin. -->","yoast_head_json":{"title":"L\u2019arte nel pallone: Ronaldo, meraviglioso 10 - IspirazioneSportiva.com","robots":{"index":"index","follow":"follow","max-snippet":"max-snippet:-1","max-image-preview":"max-image-preview:large","max-video-preview":"max-video-preview:-1"},"canonical":"https:\/\/ispirazionesportiva.com\/index.php\/2021\/09\/22\/larte-nel-pallone-ronaldo-meraviglioso-10\/","og_locale":"it_IT","og_type":"article","og_title":"L\u2019arte nel pallone: Ronaldo, meraviglioso 10","og_description":"Il 22 settembre compie gli anni il Fenomeno. Quello che fece Luis Nazario da Lima...","og_url":"https:\/\/ispirazionesportiva.com\/index.php\/2021\/09\/22\/larte-nel-pallone-ronaldo-meraviglioso-10\/","og_site_name":"IspirazioneSportiva.com","article_publisher":"https:\/\/www.facebook.com\/search\/top\/?q=ispirazionesportiva.com","article_author":"https:\/\/www.facebook.com\/supermariolemieux\/","article_published_time":"2021-09-22T11:37:06+00:00","article_modified_time":"2023-12-18T13:38:45+00:00","og_image":[{"width":1190,"height":744,"url":"https:\/\/ispirazionesportiva.com\/wp-content\/uploads\/2021\/09\/1190x744.jpg","type":"image\/jpeg"}],"author":"Francesco Fiori","twitter_card":"summary_large_image","twitter_title":"L\u2019arte nel pallone: Ronaldo, meraviglioso 10","twitter_description":"#Ronaldo","twitter_image":"https:\/\/ispirazionesportiva.com\/wp-content\/uploads\/2021\/09\/1190x744.jpg","twitter_creator":"@frafiori21","twitter_site":"@FraFiori21","twitter_misc":{"Scritto da":"Francesco Fiori","Tempo di lettura stimato":"4 minuti"},"schema":{"@context":"https:\/\/schema.org","@graph":[{"@type":"Article","@id":"https:\/\/ispirazionesportiva.com\/index.php\/2021\/09\/22\/larte-nel-pallone-ronaldo-meraviglioso-10\/#article","isPartOf":{"@id":"https:\/\/ispirazionesportiva.com\/index.php\/2021\/09\/22\/larte-nel-pallone-ronaldo-meraviglioso-10\/"},"author":{"name":"Francesco Fiori","@id":"https:\/\/ispirazionesportiva.com\/#\/schema\/person\/7288fdedc9108918baa7bb22bab31fb7"},"headline":"L\u2019arte nel pallone: Ronaldo, meraviglioso 10","datePublished":"2021-09-22T11:37:06+00:00","dateModified":"2023-12-18T13:38:45+00:00","mainEntityOfPage":{"@id":"https:\/\/ispirazionesportiva.com\/index.php\/2021\/09\/22\/larte-nel-pallone-ronaldo-meraviglioso-10\/"},"wordCount":672,"publisher":{"@id":"https:\/\/ispirazionesportiva.com\/#organization"},"keywords":["Ronaldo"],"articleSection":["Calcio","I miti e le leggende del pallone","L'ArciFiori"],"inLanguage":"it-IT"},{"@type":"WebPage","@id":"https:\/\/ispirazionesportiva.com\/index.php\/2021\/09\/22\/larte-nel-pallone-ronaldo-meraviglioso-10\/","url":"https:\/\/ispirazionesportiva.com\/index.php\/2021\/09\/22\/larte-nel-pallone-ronaldo-meraviglioso-10\/","name":"L\u2019arte nel pallone: Ronaldo, meraviglioso 10 - IspirazioneSportiva.com","isPartOf":{"@id":"https:\/\/ispirazionesportiva.com\/#website"},"datePublished":"2021-09-22T11:37:06+00:00","dateModified":"2023-12-18T13:38:45+00:00","breadcrumb":{"@id":"https:\/\/ispirazionesportiva.com\/index.php\/2021\/09\/22\/larte-nel-pallone-ronaldo-meraviglioso-10\/#breadcrumb"},"inLanguage":"it-IT","potentialAction":[{"@type":"ReadAction","target":["https:\/\/ispirazionesportiva.com\/index.php\/2021\/09\/22\/larte-nel-pallone-ronaldo-meraviglioso-10\/"]}]},{"@type":"BreadcrumbList","@id":"https:\/\/ispirazionesportiva.com\/index.php\/2021\/09\/22\/larte-nel-pallone-ronaldo-meraviglioso-10\/#breadcrumb","itemListElement":[{"@type":"ListItem","position":1,"name":"Home","item":"https:\/\/ispirazionesportiva.com\/"},{"@type":"ListItem","position":2,"name":"L\u2019arte nel pallone: Ronaldo, meraviglioso 10"}]},{"@type":"WebSite","@id":"https:\/\/ispirazionesportiva.com\/#website","url":"https:\/\/ispirazionesportiva.com\/","name":"IspirazioneSportiva.com","description":"Le storie sportive che emozionano","publisher":{"@id":"https:\/\/ispirazionesportiva.com\/#organization"},"potentialAction":[{"@type":"SearchAction","target":{"@type":"EntryPoint","urlTemplate":"https:\/\/ispirazionesportiva.com\/?s={search_term_string}"},"query-input":"required name=search_term_string"}],"inLanguage":"it-IT"},{"@type":"Organization","@id":"https:\/\/ispirazionesportiva.com\/#organization","name":"ispirazionesportiva.com","url":"https:\/\/ispirazionesportiva.com\/","logo":{"@type":"ImageObject","inLanguage":"it-IT","@id":"https:\/\/ispirazionesportiva.com\/#\/schema\/logo\/image\/","url":"https:\/\/ispirazionesportiva.com\/wp-content\/uploads\/2020\/08\/1589964388149.jpg","contentUrl":"https:\/\/ispirazionesportiva.com\/wp-content\/uploads\/2020\/08\/1589964388149.jpg","width":980,"height":600,"caption":"ispirazionesportiva.com"},"image":{"@id":"https:\/\/ispirazionesportiva.com\/#\/schema\/logo\/image\/"},"sameAs":["https:\/\/www.facebook.com\/search\/top\/?q=ispirazionesportiva.com","https:\/\/twitter.com\/FraFiori21","https:\/\/www.instagram.com\/ispirazione_sportiva\/?hl=it","https:\/\/www.linkedin.com\/in\/mario-francesco-fiori-8788ba1b4\/"]},{"@type":"Person","@id":"https:\/\/ispirazionesportiva.com\/#\/schema\/person\/7288fdedc9108918baa7bb22bab31fb7","name":"Francesco Fiori","image":{"@type":"ImageObject","inLanguage":"it-IT","@id":"https:\/\/ispirazionesportiva.com\/#\/schema\/person\/image\/","url":"https:\/\/secure.gravatar.com\/avatar\/beff881b593f312e866653a8c45295843e00b61ce1984ceaacd4e1709e4c1b57?s=96&d=mm&r=g","contentUrl":"https:\/\/secure.gravatar.com\/avatar\/beff881b593f312e866653a8c45295843e00b61ce1984ceaacd4e1709e4c1b57?s=96&d=mm&r=g","caption":"Francesco Fiori"},"description":"Francesco Fiori \u00e8 un giornalista sardo, classe 1983, con la passione per il racconto dello sport. Di tutto lo sport. Aveva 6 anni quando, sicuramente errore o destino, ebbe in regalo una semplice radio, senza pensare alle conseguenze successive del pianeta sportivo. Una domenica, finiti i compiti, giocando con quel mezzo, capt\u00f2 la voce roca di Sandro Ciotti. Aveva appena scoperto l\u2019esistenza di Tutto il calcio minuto per minuto. La prima sfida arriva nella stagione calcistica 90\/91, quando lo zio, incredibile giornalista locale, gli diede come compito raccontare la giornata calcistica appena conclusa. Quel tema, ad appena 7 anni, risult\u00f2 migliore rispetto alle tabelline, mai entrate volentieri in testa. Il premio fu la presenza alla gara di cartello della squadra del suo paese, il Ploaghe, due settimane pi\u00f9 tardi. Destino volle che la morte prese suo zio proprio il mercoled\u00ec prima, innescando in Fiori la voglia di diventare giornalista. A scuola alla domanda \u201cHai solo il calcio in testa?\u201d rispondeva \u201cNo, anche il ciclismo\u201d e gli anni di partite contemporanee la domenica e di Tele +2 col calcio estero crearono un piccolo \u201cpsicopatico sportivo\u201d. Tra gli sport di cui si innamora c\u2019\u00e8 l\u2019hockey americano, soprattutto nella mitologica figura di Mario Lemieux. Poco prima della morte del padre, nel febbraio 2001, Fiori trova su La Gazzetta dello Sport proprio un trafiletto con scritto del ritorno sul ghiaccio di Lemieux dopo aver sconfitto una forma tumorale e un ritiro di 3 anni. Da l\u00ec altra promessa, qualora arrivi la possibilit\u00e0 di scrivere un articolo, questo sar\u00e0 su Lemieux il Magnifico. Diventato ragioniere capisce immediatamente che iva e fatture sono molto pi\u00f9 noiose del previsto e la prima collaborazione col giornale \u201cSa Bovida\u201d gli fanno capire le regole basi del giornalismo, cosa che Fiori ignorava ma che rispettava, chiedendo solo la possibilit\u00e0 di scrivere e far colpo. Chiusa la parentesi Sa Bovida per problemi logistici e di salute dell\u2019immenso Antonio Delitala ecco il primo reale colpo di fulmine, il sito di hockey Nhl Playitusa che non ha un articolo su Lemieux. Il direttore, con una mail che Fiori ancora oggi custodisce, risponde: \u201cBeh, perch\u00e9 non provi a scriverne uno tu?\u201d Il resto \u00e8 la storia scritta al pc dopo averne scritto 5 pagine in un quadernone a quadretti. Un cambio di lavoro, non per sua volont\u00e0, spariglia le carte in tavola, col ragazzo che stando fuori casa tutto il tempo deve abbandonare la scrittura, ma peggio ancora va col primo di 3 ictus che colpiscono la mamma proprio in quel periodo. Tempo al tempo e con un altro cambio di lavoro ecco l\u2019opzione che lo colpisce, scrivere della sua amata Inter sul sito SpazioInter. Gli inizi sono complicati, scrivere secondo le regole e non avere carta bianca lo bloccano un pochino, fino all\u2019esplosione che nel sito si chiama Live. Il Live sarebbe il racconto, minuto per minuto e in contemporanea, della partita in tv e a Fiori tocca esordire con Milan-Inter. Quella sera il divertimento raggiunge le stelle, anzi, le supera e da quel momento l\u2019impegno \u00e8 triplo, con le perle di interviste a Sandro Mazzola (che risate), Gigi Simoni (che gentilezza) e Riccardo Cucchi, suo idolo radiofonico. Il tesserino da giornalista gli fa mantenere la parola data a 6 anni e ancor pi\u00f9 sorprendente \u00e8 la proposta di essere addetto stampa proprio della squadra locale, andare a vedere quelle partite che il destino gli negarono nel 1991. Si chiede spesso se sia il destino a far scherzi oppure se semplicemente la vita va accettata per quella che \u00e8. Il 30 gennaio 2021, dopo un ricovero di un mese con tutte le aggravanti possibili, in ospedale viene a mancare la mamma di Francesco. Il colpo \u00e8 brutale. Il conto \u00e8 pesantissimo, la mente lontana, lo scrivere, anche solo un piccolo pensiero sulla giornata calcistica, \u00e8 di una difficolt\u00e0 che ad oggi \u00e8 ancora lontana dall'essere superata. Il resto \u00e8 storia o noia, dipende da che parte si vuol vedere, dagli articoli su Gazzetta Fan News al raccontare qualsiasi sport, perch\u00e9 per Fiori ogni sport ha un suo eroe e perch\u00e9 ora, con IspirazioneSportiva.com, sar\u00e0 ancor pi\u00f9 spettacolare dar libero sfogo a qualsiasi ispirazione, come dice il nome e come gli ha insegnato Riccardo Cucchi: \u201cNella vita mai smettere di sognare!\u201d. Anzi, scusate il ritardo! Mail: fcroda@yahoo.it Fb: supermariolemieux pec: francesco.fiori@pecgiornalisti.it","sameAs":["https:\/\/www.facebook.com\/supermariolemieux\/","https:\/\/www.instagram.com\/francescofiori12\/","https:\/\/www.linkedin.com\/in\/francesco-fiori-b45614176\/","https:\/\/twitter.com\/frafiori21"],"url":"https:\/\/ispirazionesportiva.com\/index.php\/author\/supermariolemieux\/"}]}},"_links":{"self":[{"href":"https:\/\/ispirazionesportiva.com\/index.php\/wp-json\/wp\/v2\/posts\/1252","targetHints":{"allow":["GET"]}}],"collection":[{"href":"https:\/\/ispirazionesportiva.com\/index.php\/wp-json\/wp\/v2\/posts"}],"about":[{"href":"https:\/\/ispirazionesportiva.com\/index.php\/wp-json\/wp\/v2\/types\/post"}],"author":[{"embeddable":true,"href":"https:\/\/ispirazionesportiva.com\/index.php\/wp-json\/wp\/v2\/users\/4"}],"replies":[{"embeddable":true,"href":"https:\/\/ispirazionesportiva.com\/index.php\/wp-json\/wp\/v2\/comments?post=1252"}],"version-history":[{"count":3,"href":"https:\/\/ispirazionesportiva.com\/index.php\/wp-json\/wp\/v2\/posts\/1252\/revisions"}],"predecessor-version":[{"id":2333,"href":"https:\/\/ispirazionesportiva.com\/index.php\/wp-json\/wp\/v2\/posts\/1252\/revisions\/2333"}],"wp:featuredmedia":[{"embeddable":true,"href":"https:\/\/ispirazionesportiva.com\/index.php\/wp-json\/wp\/v2\/media\/1267"}],"wp:attachment":[{"href":"https:\/\/ispirazionesportiva.com\/index.php\/wp-json\/wp\/v2\/media?parent=1252"}],"wp:term":[{"taxonomy":"category","embeddable":true,"href":"https:\/\/ispirazionesportiva.com\/index.php\/wp-json\/wp\/v2\/categories?post=1252"},{"taxonomy":"post_tag","embeddable":true,"href":"https:\/\/ispirazionesportiva.com\/index.php\/wp-json\/wp\/v2\/tags?post=1252"}],"curies":[{"name":"wp","href":"https:\/\/api.w.org\/{rel}","templated":true}]}}