{"id":1248,"date":"2021-09-17T11:24:21","date_gmt":"2021-09-17T09:24:21","guid":{"rendered":"https:\/\/ispirazionesportiva.com\/?p=1248"},"modified":"2023-12-18T15:39:40","modified_gmt":"2023-12-18T13:39:40","slug":"larte-nel-volante-schumi-e-monza-1996","status":"publish","type":"post","link":"https:\/\/ispirazionesportiva.com\/index.php\/2021\/09\/17\/larte-nel-volante-schumi-e-monza-1996\/","title":{"rendered":"L\u2019arte nel volante: Schumi e Monza 1996"},"content":{"rendered":"\r\n<h1 class=\"wp-block-heading\"><em>Di recente abbiamo visto la bolgia di Zandvoort per Max Verstappen. Noi ricordiamo con piacere un altro boato: Schumi e Monza 1996<\/em><\/h1>\r\n\r\n\r\n\r\n<p>&nbsp;<\/p>\r\n\r\n\r\n\r\n<p><strong>La Rossa \u00e8 capace di conquistarti immediatamente. E&#8217; un qualcosa che nessun&#8217;altra monoposto pu\u00f2 vantare.\u00a0<\/strong><\/p>\r\n\r\n\r\n\r\n<p>Ma negli anni 90 non vince mai. Si arriva addirittura a ben 58 gran premi senza vittoria, da Spagna 1990 con Prost al trionfo di Berger in Germania nel 1994. Per un secondo urr\u00e0 serve Jean Alesi in Canada, un anno dopo, poi il buio con una luce potente che sta per arrivare.<\/p>\r\n\r\n\r\n\r\n<p>Quella luce \u00e8 un tedesco di Kerpen. Guadagna tanto, tantissimo e anche l&#8217;avvocato Agnelli chiede se realmente valga tutti quei soldoni.<\/p>\r\n\r\n\r\n\r\n<p><strong>Dovr\u00e0 aspettare la doppietta Spa-Monza per avere una risposta.<\/strong><\/p>\r\n\r\n\r\n\r\n<p>Prima quel tedesco ha incantato a Barcellona, lui, ballerino sotto il diluvio va annichilendo la concorrenza e quella rossa col numero 1 inizia a farsi amare.<\/p>\r\n\r\n\r\n\r\n<p>La Ferrari del 1995 ha vinto\u00a0<strong>una gara su 17<\/strong>, quando per\u00f2 viene testata dal tedesco di Kerpen la sua meraviglia stupisce anche i meccanici: &#8220;Come avete fatto a non vincere il mondiale con un motore simile?&#8221;. Semplice, non c&#8217;eri tu.<\/p>\r\n\r\n\r\n\r\n<p>Le avvisaglie per il boato vi erano gi\u00e0, due pole position tra San Marino e Monaco, dove in quest&#8217;ultima pista la vettura numero 1 umilia i rivali.<\/p>\r\n\r\n\r\n\r\n<p>Poi si arriva a Spa, la cattedrale della formula uno, dove ancora il pilota fa la differenza.<strong>\u00a0La Ferrari chiude le prove a 1.207<\/strong>\u00a0secondi di di distacco dalle due Williams che stanno monopolizzando il campionato, eppure c&#8217;\u00e8 grande fiducia.<\/p>\r\n\r\n\r\n\r\n<p>Piove, ma la pista inizialmente \u00e8 asciutta, con le Williams che pasticciano dopo un botto di Verstappen, Jos, cos\u00ec ne approfitta la Ferrari che prima tallona Villeneuve e poi si prende la testa della corsa fino alla fine.<\/p>\r\n\r\n\r\n\r\n<p><strong>Il biglietto da visita per il boato di Monza c&#8217;\u00e8 tutto.<\/strong><\/p>\r\n\r\n\r\n\r\n<p>Alla partenza c&#8217;\u00e8 subito la piacevole sorpresa di Jean Alesi in testa, il &#8220;figlioccio&#8221; del popolo ferrarista che ora corre con la Benetton sa che l&#8217;occasione \u00e8 d&#8217;oro, ma non passa davanti neanche al primo giro perch\u00e9 viene infilato da Damon Hill. La Ferrari col numero 1 \u00e8 sesta alla primo passaggio alla Parabolica.<\/p>\r\n\r\n\r\n\r\n<p>Al secondo giro il tedesco di Kerpen \u00e8 quarto a 4.142 da Hill che in questo momento non pensa al mondiale e spinge come un matto. Il rivale, il giovane Villeneuve, \u00e8 quinto ed \u00e8 appena stato sverniciato da quella Rossa col numero 1.<\/p>\r\n\r\n\r\n\r\n<p>Poi Hakkinen va ai box con l&#8217;alettone anteriore out, fuori un altro per il tedesco che ora \u00e8 terzo e seppur distanziato dalla coppia Hill-Alesi continua ad esser spinto dalla marea rossa.\u00a0<strong><em>Quella macchina con il musetto alto \u00e8 terribilmente sexy.<\/em><\/strong><\/p>\r\n\r\n\r\n\r\n<p>Ed ecco il boato, appena al quinto giro, alla variante del rettilineo Hill prende in pieno le gomme che devono rallentare le vetture, va in testacoda, si spegne il motore.<\/p>\r\n\r\n\r\n\r\n<p>Ora \u00e8 Alesi-tedesco di Kerpen nei primi due posti, con distacco tra i due di 2 secondi circa, Monza non pu\u00f2 chiedere di meglio.<\/p>\r\n\r\n\r\n\r\n<p>Pu\u00f2 chiedere di meglio.<\/p>\r\n\r\n\r\n\r\n<p>Sar\u00e0 il fastidio di vedere la sua ex macchina in testa, sar\u00e0 il fiuto del leone in odore di vittoria ma il pilota della Ferrari inizia a martellare con i suoi leggendari giri veloci.<\/p>\r\n\r\n\r\n\r\n<p>Alesi per\u00f2 risponde colpo su colpo, i due arrivano a doppiare la Williams di Villeneuve in giornata no, poi il francesino amatissimo in rosso va ai box per primo, \u00e8 gi\u00e0 tanto aver resistito oltre 30 giri con un ombra col cavallino perennemente attaccata.<\/p>\r\n\r\n\r\n\r\n<p><strong>Ma con strada libera \u00e8 show del campione del mondo. Ed \u00e8 giro veloce.\u00a0<\/strong><\/p>\r\n\r\n\r\n\r\n<p>Quando Alesi entra ai box \u00e8 avanti di pochi decimi, quando invece esce &#8220;quello l\u00ec&#8221; il distacco recita 6 secondi e 8 decimi. Una magia, il popolo di Maranello \u00e8 in visibilio, il suo cavaliere sta portando la Rossa alla vittoria e cos\u00ec sar\u00e0.<\/p>\r\n\r\n\r\n\r\n<p>Troppo lo strapotere tecnico, morale e di classe tra i due e le due squadre. Alla fine saranno 18 i secondi di distacco tra Ferrari e Benetton, con Alesi contento per un secondo posto.<\/p>\r\n\r\n\r\n\r\n<p>Invece super contento chi vince la gara, chi fa sentire l&#8217;inno di Mameli a Monza, chi, al primo posto, tira come un pazzo, come se non ci fosse un domani.\u00a0<\/p>\r\n\r\n\r\n\r\n<p><strong>Che classe.<\/strong><\/p>\r\n\r\n\r\n\r\n<p><strong>&#8220;S\u00ec, vale tutti quei soldi, anche di pi\u00f9!&#8221;<\/strong><\/p>\r\n\r\n\r\n\r\n<p><strong><em>Ah, non ho quasi mai nominato il pilota che ha vinto. Si chiama Michael Schumacher. Ma penso sia superfluo sottolinearlo.\u00a0<\/em><br \/><\/strong><\/p>\r\n\r\n\r\n\r\n<p>Fonte l&#8217;autore\u00a0<em>Francesco Fiori<\/em><\/p>\r\n\r\n\r\n\r\n<figure class=\"wp-block-embed is-type-wp-embed is-provider-gazzetta-fan-news wp-block-embed-gazzetta-fan-news\">\r\n<div class=\"wp-block-embed__wrapper\">https:\/\/gazzettafannews.it\/formula-1\/schumacher-monza-1996\/<\/div>\r\n<\/figure>\r\n\r\n\r\n\r\n<p><a href=\"https:\/\/www.facebook.com\/Ispirazionesportivacom-105768114468163\">https:\/\/www.facebook.com\/Ispirazionesportivacom-105768114468163<\/a><\/p>\r\n","protected":false},"excerpt":{"rendered":"<p>Di recente abbiamo visto la bolgia di Zandvoort per Max Verstappen. Noi ricordiamo con piacere&#8230;<\/p>\n","protected":false},"author":4,"featured_media":1270,"comment_status":"closed","ping_status":"closed","sticky":false,"template":"","format":"standard","meta":{"footnotes":""},"categories":[7,125,70],"tags":[],"class_list":["post-1248","post","type-post","status-publish","format-standard","has-post-thumbnail","hentry","category-formula-1","category-larcifiori","category-loro-sono-leggenda-formula-1"],"yoast_head":"<!-- This site is optimized with the Yoast SEO plugin v21.9 - https:\/\/yoast.com\/wordpress\/plugins\/seo\/ -->\n<title>L\u2019arte nel volante: Schumi e Monza 1996 - IspirazioneSportiva.com<\/title>\n<meta name=\"robots\" content=\"index, follow, max-snippet:-1, max-image-preview:large, max-video-preview:-1\" \/>\n<link rel=\"canonical\" href=\"https:\/\/ispirazionesportiva.com\/index.php\/2021\/09\/17\/larte-nel-volante-schumi-e-monza-1996\/\" \/>\n<meta property=\"og:locale\" content=\"it_IT\" \/>\n<meta property=\"og:type\" content=\"article\" \/>\n<meta property=\"og:title\" content=\"L\u2019arte nel volante: Schumi e Monza 1996 - IspirazioneSportiva.com\" \/>\n<meta property=\"og:description\" content=\"Di recente abbiamo visto la bolgia di Zandvoort per Max Verstappen. Noi ricordiamo con piacere...\" \/>\n<meta property=\"og:url\" content=\"https:\/\/ispirazionesportiva.com\/index.php\/2021\/09\/17\/larte-nel-volante-schumi-e-monza-1996\/\" \/>\n<meta property=\"og:site_name\" content=\"IspirazioneSportiva.com\" \/>\n<meta property=\"article:publisher\" content=\"https:\/\/www.facebook.com\/search\/top\/?q=ispirazionesportiva.com\" \/>\n<meta property=\"article:author\" content=\"https:\/\/www.facebook.com\/supermariolemieux\/\" \/>\n<meta property=\"article:published_time\" content=\"2021-09-17T09:24:21+00:00\" \/>\n<meta property=\"article:modified_time\" content=\"2023-12-18T13:39:40+00:00\" \/>\n<meta property=\"og:image\" content=\"https:\/\/ispirazionesportiva.com\/wp-content\/uploads\/2021\/09\/3221552-65948308-2560-1440.jpg\" \/>\n\t<meta property=\"og:image:width\" content=\"1200\" \/>\n\t<meta property=\"og:image:height\" content=\"675\" \/>\n\t<meta property=\"og:image:type\" content=\"image\/jpeg\" \/>\n<meta name=\"author\" content=\"Francesco Fiori\" \/>\n<meta name=\"twitter:card\" content=\"summary_large_image\" \/>\n<meta name=\"twitter:image\" content=\"https:\/\/ispirazionesportiva.com\/wp-content\/uploads\/2021\/09\/sch.jpg\" \/>\n<meta name=\"twitter:creator\" content=\"@frafiori21\" \/>\n<meta name=\"twitter:site\" content=\"@FraFiori21\" \/>\n<meta name=\"twitter:label1\" content=\"Scritto da\" \/>\n\t<meta name=\"twitter:data1\" content=\"Francesco Fiori\" \/>\n\t<meta name=\"twitter:label2\" content=\"Tempo di lettura stimato\" \/>\n\t<meta name=\"twitter:data2\" content=\"4 minuti\" \/>\n<script type=\"application\/ld+json\" class=\"yoast-schema-graph\">{\"@context\":\"https:\/\/schema.org\",\"@graph\":[{\"@type\":\"Article\",\"@id\":\"https:\/\/ispirazionesportiva.com\/index.php\/2021\/09\/17\/larte-nel-volante-schumi-e-monza-1996\/#article\",\"isPartOf\":{\"@id\":\"https:\/\/ispirazionesportiva.com\/index.php\/2021\/09\/17\/larte-nel-volante-schumi-e-monza-1996\/\"},\"author\":{\"name\":\"Francesco Fiori\",\"@id\":\"https:\/\/ispirazionesportiva.com\/#\/schema\/person\/7288fdedc9108918baa7bb22bab31fb7\"},\"headline\":\"L\u2019arte nel volante: Schumi e Monza 1996\",\"datePublished\":\"2021-09-17T09:24:21+00:00\",\"dateModified\":\"2023-12-18T13:39:40+00:00\",\"mainEntityOfPage\":{\"@id\":\"https:\/\/ispirazionesportiva.com\/index.php\/2021\/09\/17\/larte-nel-volante-schumi-e-monza-1996\/\"},\"wordCount\":718,\"publisher\":{\"@id\":\"https:\/\/ispirazionesportiva.com\/#organization\"},\"articleSection\":[\"Formula 1\",\"L'ArciFiori\",\"Loro sono leggenda\"],\"inLanguage\":\"it-IT\"},{\"@type\":\"WebPage\",\"@id\":\"https:\/\/ispirazionesportiva.com\/index.php\/2021\/09\/17\/larte-nel-volante-schumi-e-monza-1996\/\",\"url\":\"https:\/\/ispirazionesportiva.com\/index.php\/2021\/09\/17\/larte-nel-volante-schumi-e-monza-1996\/\",\"name\":\"L\u2019arte nel volante: Schumi e Monza 1996 - IspirazioneSportiva.com\",\"isPartOf\":{\"@id\":\"https:\/\/ispirazionesportiva.com\/#website\"},\"datePublished\":\"2021-09-17T09:24:21+00:00\",\"dateModified\":\"2023-12-18T13:39:40+00:00\",\"breadcrumb\":{\"@id\":\"https:\/\/ispirazionesportiva.com\/index.php\/2021\/09\/17\/larte-nel-volante-schumi-e-monza-1996\/#breadcrumb\"},\"inLanguage\":\"it-IT\",\"potentialAction\":[{\"@type\":\"ReadAction\",\"target\":[\"https:\/\/ispirazionesportiva.com\/index.php\/2021\/09\/17\/larte-nel-volante-schumi-e-monza-1996\/\"]}]},{\"@type\":\"BreadcrumbList\",\"@id\":\"https:\/\/ispirazionesportiva.com\/index.php\/2021\/09\/17\/larte-nel-volante-schumi-e-monza-1996\/#breadcrumb\",\"itemListElement\":[{\"@type\":\"ListItem\",\"position\":1,\"name\":\"Home\",\"item\":\"https:\/\/ispirazionesportiva.com\/\"},{\"@type\":\"ListItem\",\"position\":2,\"name\":\"L\u2019arte nel volante: Schumi e Monza 1996\"}]},{\"@type\":\"WebSite\",\"@id\":\"https:\/\/ispirazionesportiva.com\/#website\",\"url\":\"https:\/\/ispirazionesportiva.com\/\",\"name\":\"IspirazioneSportiva.com\",\"description\":\"Le storie sportive che emozionano\",\"publisher\":{\"@id\":\"https:\/\/ispirazionesportiva.com\/#organization\"},\"potentialAction\":[{\"@type\":\"SearchAction\",\"target\":{\"@type\":\"EntryPoint\",\"urlTemplate\":\"https:\/\/ispirazionesportiva.com\/?s={search_term_string}\"},\"query-input\":\"required name=search_term_string\"}],\"inLanguage\":\"it-IT\"},{\"@type\":\"Organization\",\"@id\":\"https:\/\/ispirazionesportiva.com\/#organization\",\"name\":\"ispirazionesportiva.com\",\"url\":\"https:\/\/ispirazionesportiva.com\/\",\"logo\":{\"@type\":\"ImageObject\",\"inLanguage\":\"it-IT\",\"@id\":\"https:\/\/ispirazionesportiva.com\/#\/schema\/logo\/image\/\",\"url\":\"https:\/\/ispirazionesportiva.com\/wp-content\/uploads\/2020\/08\/1589964388149.jpg\",\"contentUrl\":\"https:\/\/ispirazionesportiva.com\/wp-content\/uploads\/2020\/08\/1589964388149.jpg\",\"width\":980,\"height\":600,\"caption\":\"ispirazionesportiva.com\"},\"image\":{\"@id\":\"https:\/\/ispirazionesportiva.com\/#\/schema\/logo\/image\/\"},\"sameAs\":[\"https:\/\/www.facebook.com\/search\/top\/?q=ispirazionesportiva.com\",\"https:\/\/twitter.com\/FraFiori21\",\"https:\/\/www.instagram.com\/ispirazione_sportiva\/?hl=it\",\"https:\/\/www.linkedin.com\/in\/mario-francesco-fiori-8788ba1b4\/\"]},{\"@type\":\"Person\",\"@id\":\"https:\/\/ispirazionesportiva.com\/#\/schema\/person\/7288fdedc9108918baa7bb22bab31fb7\",\"name\":\"Francesco Fiori\",\"image\":{\"@type\":\"ImageObject\",\"inLanguage\":\"it-IT\",\"@id\":\"https:\/\/ispirazionesportiva.com\/#\/schema\/person\/image\/\",\"url\":\"https:\/\/secure.gravatar.com\/avatar\/beff881b593f312e866653a8c45295843e00b61ce1984ceaacd4e1709e4c1b57?s=96&d=mm&r=g\",\"contentUrl\":\"https:\/\/secure.gravatar.com\/avatar\/beff881b593f312e866653a8c45295843e00b61ce1984ceaacd4e1709e4c1b57?s=96&d=mm&r=g\",\"caption\":\"Francesco Fiori\"},\"description\":\"Francesco Fiori \u00e8 un giornalista sardo, classe 1983, con la passione per il racconto dello sport. Di tutto lo sport. Aveva 6 anni quando, sicuramente errore o destino, ebbe in regalo una semplice radio, senza pensare alle conseguenze successive del pianeta sportivo. Una domenica, finiti i compiti, giocando con quel mezzo, capt\u00f2 la voce roca di Sandro Ciotti. Aveva appena scoperto l\u2019esistenza di Tutto il calcio minuto per minuto. La prima sfida arriva nella stagione calcistica 90\/91, quando lo zio, incredibile giornalista locale, gli diede come compito raccontare la giornata calcistica appena conclusa. Quel tema, ad appena 7 anni, risult\u00f2 migliore rispetto alle tabelline, mai entrate volentieri in testa. Il premio fu la presenza alla gara di cartello della squadra del suo paese, il Ploaghe, due settimane pi\u00f9 tardi. Destino volle che la morte prese suo zio proprio il mercoled\u00ec prima, innescando in Fiori la voglia di diventare giornalista. A scuola alla domanda \u201cHai solo il calcio in testa?\u201d rispondeva \u201cNo, anche il ciclismo\u201d e gli anni di partite contemporanee la domenica e di Tele +2 col calcio estero crearono un piccolo \u201cpsicopatico sportivo\u201d. Tra gli sport di cui si innamora c\u2019\u00e8 l\u2019hockey americano, soprattutto nella mitologica figura di Mario Lemieux. Poco prima della morte del padre, nel febbraio 2001, Fiori trova su La Gazzetta dello Sport proprio un trafiletto con scritto del ritorno sul ghiaccio di Lemieux dopo aver sconfitto una forma tumorale e un ritiro di 3 anni. Da l\u00ec altra promessa, qualora arrivi la possibilit\u00e0 di scrivere un articolo, questo sar\u00e0 su Lemieux il Magnifico. Diventato ragioniere capisce immediatamente che iva e fatture sono molto pi\u00f9 noiose del previsto e la prima collaborazione col giornale \u201cSa Bovida\u201d gli fanno capire le regole basi del giornalismo, cosa che Fiori ignorava ma che rispettava, chiedendo solo la possibilit\u00e0 di scrivere e far colpo. Chiusa la parentesi Sa Bovida per problemi logistici e di salute dell\u2019immenso Antonio Delitala ecco il primo reale colpo di fulmine, il sito di hockey Nhl Playitusa che non ha un articolo su Lemieux. Il direttore, con una mail che Fiori ancora oggi custodisce, risponde: \u201cBeh, perch\u00e9 non provi a scriverne uno tu?\u201d Il resto \u00e8 la storia scritta al pc dopo averne scritto 5 pagine in un quadernone a quadretti. Un cambio di lavoro, non per sua volont\u00e0, spariglia le carte in tavola, col ragazzo che stando fuori casa tutto il tempo deve abbandonare la scrittura, ma peggio ancora va col primo di 3 ictus che colpiscono la mamma proprio in quel periodo. Tempo al tempo e con un altro cambio di lavoro ecco l\u2019opzione che lo colpisce, scrivere della sua amata Inter sul sito SpazioInter. Gli inizi sono complicati, scrivere secondo le regole e non avere carta bianca lo bloccano un pochino, fino all\u2019esplosione che nel sito si chiama Live. Il Live sarebbe il racconto, minuto per minuto e in contemporanea, della partita in tv e a Fiori tocca esordire con Milan-Inter. Quella sera il divertimento raggiunge le stelle, anzi, le supera e da quel momento l\u2019impegno \u00e8 triplo, con le perle di interviste a Sandro Mazzola (che risate), Gigi Simoni (che gentilezza) e Riccardo Cucchi, suo idolo radiofonico. Il tesserino da giornalista gli fa mantenere la parola data a 6 anni e ancor pi\u00f9 sorprendente \u00e8 la proposta di essere addetto stampa proprio della squadra locale, andare a vedere quelle partite che il destino gli negarono nel 1991. Si chiede spesso se sia il destino a far scherzi oppure se semplicemente la vita va accettata per quella che \u00e8. Il 30 gennaio 2021, dopo un ricovero di un mese con tutte le aggravanti possibili, in ospedale viene a mancare la mamma di Francesco. Il colpo \u00e8 brutale. Il conto \u00e8 pesantissimo, la mente lontana, lo scrivere, anche solo un piccolo pensiero sulla giornata calcistica, \u00e8 di una difficolt\u00e0 che ad oggi \u00e8 ancora lontana dall'essere superata. Il resto \u00e8 storia o noia, dipende da che parte si vuol vedere, dagli articoli su Gazzetta Fan News al raccontare qualsiasi sport, perch\u00e9 per Fiori ogni sport ha un suo eroe e perch\u00e9 ora, con IspirazioneSportiva.com, sar\u00e0 ancor pi\u00f9 spettacolare dar libero sfogo a qualsiasi ispirazione, come dice il nome e come gli ha insegnato Riccardo Cucchi: \u201cNella vita mai smettere di sognare!\u201d. Anzi, scusate il ritardo! Mail: fcroda@yahoo.it Fb: supermariolemieux pec: francesco.fiori@pecgiornalisti.it\",\"sameAs\":[\"https:\/\/www.facebook.com\/supermariolemieux\/\",\"https:\/\/www.instagram.com\/francescofiori12\/\",\"https:\/\/www.linkedin.com\/in\/francesco-fiori-b45614176\/\",\"https:\/\/twitter.com\/frafiori21\"],\"url\":\"https:\/\/ispirazionesportiva.com\/index.php\/author\/supermariolemieux\/\"}]}<\/script>\n<!-- \/ Yoast SEO plugin. -->","yoast_head_json":{"title":"L\u2019arte nel volante: Schumi e Monza 1996 - IspirazioneSportiva.com","robots":{"index":"index","follow":"follow","max-snippet":"max-snippet:-1","max-image-preview":"max-image-preview:large","max-video-preview":"max-video-preview:-1"},"canonical":"https:\/\/ispirazionesportiva.com\/index.php\/2021\/09\/17\/larte-nel-volante-schumi-e-monza-1996\/","og_locale":"it_IT","og_type":"article","og_title":"L\u2019arte nel volante: Schumi e Monza 1996 - IspirazioneSportiva.com","og_description":"Di recente abbiamo visto la bolgia di Zandvoort per Max Verstappen. Noi ricordiamo con piacere...","og_url":"https:\/\/ispirazionesportiva.com\/index.php\/2021\/09\/17\/larte-nel-volante-schumi-e-monza-1996\/","og_site_name":"IspirazioneSportiva.com","article_publisher":"https:\/\/www.facebook.com\/search\/top\/?q=ispirazionesportiva.com","article_author":"https:\/\/www.facebook.com\/supermariolemieux\/","article_published_time":"2021-09-17T09:24:21+00:00","article_modified_time":"2023-12-18T13:39:40+00:00","og_image":[{"width":1200,"height":675,"url":"https:\/\/ispirazionesportiva.com\/wp-content\/uploads\/2021\/09\/3221552-65948308-2560-1440.jpg","type":"image\/jpeg"}],"author":"Francesco Fiori","twitter_card":"summary_large_image","twitter_image":"https:\/\/ispirazionesportiva.com\/wp-content\/uploads\/2021\/09\/sch.jpg","twitter_creator":"@frafiori21","twitter_site":"@FraFiori21","twitter_misc":{"Scritto da":"Francesco Fiori","Tempo di lettura stimato":"4 minuti"},"schema":{"@context":"https:\/\/schema.org","@graph":[{"@type":"Article","@id":"https:\/\/ispirazionesportiva.com\/index.php\/2021\/09\/17\/larte-nel-volante-schumi-e-monza-1996\/#article","isPartOf":{"@id":"https:\/\/ispirazionesportiva.com\/index.php\/2021\/09\/17\/larte-nel-volante-schumi-e-monza-1996\/"},"author":{"name":"Francesco Fiori","@id":"https:\/\/ispirazionesportiva.com\/#\/schema\/person\/7288fdedc9108918baa7bb22bab31fb7"},"headline":"L\u2019arte nel volante: Schumi e Monza 1996","datePublished":"2021-09-17T09:24:21+00:00","dateModified":"2023-12-18T13:39:40+00:00","mainEntityOfPage":{"@id":"https:\/\/ispirazionesportiva.com\/index.php\/2021\/09\/17\/larte-nel-volante-schumi-e-monza-1996\/"},"wordCount":718,"publisher":{"@id":"https:\/\/ispirazionesportiva.com\/#organization"},"articleSection":["Formula 1","L'ArciFiori","Loro sono leggenda"],"inLanguage":"it-IT"},{"@type":"WebPage","@id":"https:\/\/ispirazionesportiva.com\/index.php\/2021\/09\/17\/larte-nel-volante-schumi-e-monza-1996\/","url":"https:\/\/ispirazionesportiva.com\/index.php\/2021\/09\/17\/larte-nel-volante-schumi-e-monza-1996\/","name":"L\u2019arte nel volante: Schumi e Monza 1996 - IspirazioneSportiva.com","isPartOf":{"@id":"https:\/\/ispirazionesportiva.com\/#website"},"datePublished":"2021-09-17T09:24:21+00:00","dateModified":"2023-12-18T13:39:40+00:00","breadcrumb":{"@id":"https:\/\/ispirazionesportiva.com\/index.php\/2021\/09\/17\/larte-nel-volante-schumi-e-monza-1996\/#breadcrumb"},"inLanguage":"it-IT","potentialAction":[{"@type":"ReadAction","target":["https:\/\/ispirazionesportiva.com\/index.php\/2021\/09\/17\/larte-nel-volante-schumi-e-monza-1996\/"]}]},{"@type":"BreadcrumbList","@id":"https:\/\/ispirazionesportiva.com\/index.php\/2021\/09\/17\/larte-nel-volante-schumi-e-monza-1996\/#breadcrumb","itemListElement":[{"@type":"ListItem","position":1,"name":"Home","item":"https:\/\/ispirazionesportiva.com\/"},{"@type":"ListItem","position":2,"name":"L\u2019arte nel volante: Schumi e Monza 1996"}]},{"@type":"WebSite","@id":"https:\/\/ispirazionesportiva.com\/#website","url":"https:\/\/ispirazionesportiva.com\/","name":"IspirazioneSportiva.com","description":"Le storie sportive che emozionano","publisher":{"@id":"https:\/\/ispirazionesportiva.com\/#organization"},"potentialAction":[{"@type":"SearchAction","target":{"@type":"EntryPoint","urlTemplate":"https:\/\/ispirazionesportiva.com\/?s={search_term_string}"},"query-input":"required name=search_term_string"}],"inLanguage":"it-IT"},{"@type":"Organization","@id":"https:\/\/ispirazionesportiva.com\/#organization","name":"ispirazionesportiva.com","url":"https:\/\/ispirazionesportiva.com\/","logo":{"@type":"ImageObject","inLanguage":"it-IT","@id":"https:\/\/ispirazionesportiva.com\/#\/schema\/logo\/image\/","url":"https:\/\/ispirazionesportiva.com\/wp-content\/uploads\/2020\/08\/1589964388149.jpg","contentUrl":"https:\/\/ispirazionesportiva.com\/wp-content\/uploads\/2020\/08\/1589964388149.jpg","width":980,"height":600,"caption":"ispirazionesportiva.com"},"image":{"@id":"https:\/\/ispirazionesportiva.com\/#\/schema\/logo\/image\/"},"sameAs":["https:\/\/www.facebook.com\/search\/top\/?q=ispirazionesportiva.com","https:\/\/twitter.com\/FraFiori21","https:\/\/www.instagram.com\/ispirazione_sportiva\/?hl=it","https:\/\/www.linkedin.com\/in\/mario-francesco-fiori-8788ba1b4\/"]},{"@type":"Person","@id":"https:\/\/ispirazionesportiva.com\/#\/schema\/person\/7288fdedc9108918baa7bb22bab31fb7","name":"Francesco Fiori","image":{"@type":"ImageObject","inLanguage":"it-IT","@id":"https:\/\/ispirazionesportiva.com\/#\/schema\/person\/image\/","url":"https:\/\/secure.gravatar.com\/avatar\/beff881b593f312e866653a8c45295843e00b61ce1984ceaacd4e1709e4c1b57?s=96&d=mm&r=g","contentUrl":"https:\/\/secure.gravatar.com\/avatar\/beff881b593f312e866653a8c45295843e00b61ce1984ceaacd4e1709e4c1b57?s=96&d=mm&r=g","caption":"Francesco Fiori"},"description":"Francesco Fiori \u00e8 un giornalista sardo, classe 1983, con la passione per il racconto dello sport. Di tutto lo sport. Aveva 6 anni quando, sicuramente errore o destino, ebbe in regalo una semplice radio, senza pensare alle conseguenze successive del pianeta sportivo. Una domenica, finiti i compiti, giocando con quel mezzo, capt\u00f2 la voce roca di Sandro Ciotti. Aveva appena scoperto l\u2019esistenza di Tutto il calcio minuto per minuto. La prima sfida arriva nella stagione calcistica 90\/91, quando lo zio, incredibile giornalista locale, gli diede come compito raccontare la giornata calcistica appena conclusa. Quel tema, ad appena 7 anni, risult\u00f2 migliore rispetto alle tabelline, mai entrate volentieri in testa. Il premio fu la presenza alla gara di cartello della squadra del suo paese, il Ploaghe, due settimane pi\u00f9 tardi. Destino volle che la morte prese suo zio proprio il mercoled\u00ec prima, innescando in Fiori la voglia di diventare giornalista. A scuola alla domanda \u201cHai solo il calcio in testa?\u201d rispondeva \u201cNo, anche il ciclismo\u201d e gli anni di partite contemporanee la domenica e di Tele +2 col calcio estero crearono un piccolo \u201cpsicopatico sportivo\u201d. Tra gli sport di cui si innamora c\u2019\u00e8 l\u2019hockey americano, soprattutto nella mitologica figura di Mario Lemieux. Poco prima della morte del padre, nel febbraio 2001, Fiori trova su La Gazzetta dello Sport proprio un trafiletto con scritto del ritorno sul ghiaccio di Lemieux dopo aver sconfitto una forma tumorale e un ritiro di 3 anni. Da l\u00ec altra promessa, qualora arrivi la possibilit\u00e0 di scrivere un articolo, questo sar\u00e0 su Lemieux il Magnifico. Diventato ragioniere capisce immediatamente che iva e fatture sono molto pi\u00f9 noiose del previsto e la prima collaborazione col giornale \u201cSa Bovida\u201d gli fanno capire le regole basi del giornalismo, cosa che Fiori ignorava ma che rispettava, chiedendo solo la possibilit\u00e0 di scrivere e far colpo. Chiusa la parentesi Sa Bovida per problemi logistici e di salute dell\u2019immenso Antonio Delitala ecco il primo reale colpo di fulmine, il sito di hockey Nhl Playitusa che non ha un articolo su Lemieux. Il direttore, con una mail che Fiori ancora oggi custodisce, risponde: \u201cBeh, perch\u00e9 non provi a scriverne uno tu?\u201d Il resto \u00e8 la storia scritta al pc dopo averne scritto 5 pagine in un quadernone a quadretti. Un cambio di lavoro, non per sua volont\u00e0, spariglia le carte in tavola, col ragazzo che stando fuori casa tutto il tempo deve abbandonare la scrittura, ma peggio ancora va col primo di 3 ictus che colpiscono la mamma proprio in quel periodo. Tempo al tempo e con un altro cambio di lavoro ecco l\u2019opzione che lo colpisce, scrivere della sua amata Inter sul sito SpazioInter. Gli inizi sono complicati, scrivere secondo le regole e non avere carta bianca lo bloccano un pochino, fino all\u2019esplosione che nel sito si chiama Live. Il Live sarebbe il racconto, minuto per minuto e in contemporanea, della partita in tv e a Fiori tocca esordire con Milan-Inter. Quella sera il divertimento raggiunge le stelle, anzi, le supera e da quel momento l\u2019impegno \u00e8 triplo, con le perle di interviste a Sandro Mazzola (che risate), Gigi Simoni (che gentilezza) e Riccardo Cucchi, suo idolo radiofonico. Il tesserino da giornalista gli fa mantenere la parola data a 6 anni e ancor pi\u00f9 sorprendente \u00e8 la proposta di essere addetto stampa proprio della squadra locale, andare a vedere quelle partite che il destino gli negarono nel 1991. Si chiede spesso se sia il destino a far scherzi oppure se semplicemente la vita va accettata per quella che \u00e8. Il 30 gennaio 2021, dopo un ricovero di un mese con tutte le aggravanti possibili, in ospedale viene a mancare la mamma di Francesco. Il colpo \u00e8 brutale. Il conto \u00e8 pesantissimo, la mente lontana, lo scrivere, anche solo un piccolo pensiero sulla giornata calcistica, \u00e8 di una difficolt\u00e0 che ad oggi \u00e8 ancora lontana dall'essere superata. Il resto \u00e8 storia o noia, dipende da che parte si vuol vedere, dagli articoli su Gazzetta Fan News al raccontare qualsiasi sport, perch\u00e9 per Fiori ogni sport ha un suo eroe e perch\u00e9 ora, con IspirazioneSportiva.com, sar\u00e0 ancor pi\u00f9 spettacolare dar libero sfogo a qualsiasi ispirazione, come dice il nome e come gli ha insegnato Riccardo Cucchi: \u201cNella vita mai smettere di sognare!\u201d. Anzi, scusate il ritardo! Mail: fcroda@yahoo.it Fb: supermariolemieux pec: francesco.fiori@pecgiornalisti.it","sameAs":["https:\/\/www.facebook.com\/supermariolemieux\/","https:\/\/www.instagram.com\/francescofiori12\/","https:\/\/www.linkedin.com\/in\/francesco-fiori-b45614176\/","https:\/\/twitter.com\/frafiori21"],"url":"https:\/\/ispirazionesportiva.com\/index.php\/author\/supermariolemieux\/"}]}},"_links":{"self":[{"href":"https:\/\/ispirazionesportiva.com\/index.php\/wp-json\/wp\/v2\/posts\/1248","targetHints":{"allow":["GET"]}}],"collection":[{"href":"https:\/\/ispirazionesportiva.com\/index.php\/wp-json\/wp\/v2\/posts"}],"about":[{"href":"https:\/\/ispirazionesportiva.com\/index.php\/wp-json\/wp\/v2\/types\/post"}],"author":[{"embeddable":true,"href":"https:\/\/ispirazionesportiva.com\/index.php\/wp-json\/wp\/v2\/users\/4"}],"replies":[{"embeddable":true,"href":"https:\/\/ispirazionesportiva.com\/index.php\/wp-json\/wp\/v2\/comments?post=1248"}],"version-history":[{"count":3,"href":"https:\/\/ispirazionesportiva.com\/index.php\/wp-json\/wp\/v2\/posts\/1248\/revisions"}],"predecessor-version":[{"id":2645,"href":"https:\/\/ispirazionesportiva.com\/index.php\/wp-json\/wp\/v2\/posts\/1248\/revisions\/2645"}],"wp:featuredmedia":[{"embeddable":true,"href":"https:\/\/ispirazionesportiva.com\/index.php\/wp-json\/wp\/v2\/media\/1270"}],"wp:attachment":[{"href":"https:\/\/ispirazionesportiva.com\/index.php\/wp-json\/wp\/v2\/media?parent=1248"}],"wp:term":[{"taxonomy":"category","embeddable":true,"href":"https:\/\/ispirazionesportiva.com\/index.php\/wp-json\/wp\/v2\/categories?post=1248"},{"taxonomy":"post_tag","embeddable":true,"href":"https:\/\/ispirazionesportiva.com\/index.php\/wp-json\/wp\/v2\/tags?post=1248"}],"curies":[{"name":"wp","href":"https:\/\/api.w.org\/{rel}","templated":true}]}}