{"id":1188,"date":"2021-07-06T10:33:23","date_gmt":"2021-07-06T08:33:23","guid":{"rendered":"https:\/\/ispirazionesportiva.com\/?p=1188"},"modified":"2023-12-18T15:43:42","modified_gmt":"2023-12-18T13:43:42","slug":"1992-quando-il-settebello-silenzio-la-spagna","status":"publish","type":"post","link":"https:\/\/ispirazionesportiva.com\/index.php\/2021\/07\/06\/1992-quando-il-settebello-silenzio-la-spagna\/","title":{"rendered":"1992, quando il Settebello silenzi\u00f2 la Spagna"},"content":{"rendered":"\r\n<p>Italia-Spagna non \u00e8 solo calcio ma duelli in qualsiasi sport. Da <strong>Bugno-Indurain <\/strong>a <strong>Rossi-Marquez<\/strong>, passando poi per <strong>Sainz-Biasion<\/strong> nei rally e i trionfi dell&#8217;<em>ItalBasket<\/em> proprio sugli iberici nel 1983 e 1999.<\/p>\r\n\r\n\r\n\r\n<p>Ma c&#8217;\u00e8 un trionfo &#8220;pi\u00f9 speciale&#8221; degli altri ed \u00e8 quello della <strong>finale delle Olimpiadi 1992<\/strong>, a Barcellona, tra la nostra nazionale e le Furie Rosse di pallanuoto.<\/p>\r\n\r\n\r\n\r\n<p>L&#8217;olimpiade in terra spagnola ha una sola nazione favorita in acqua, specialmente se guidata da<strong> Manuel Estiarte <\/strong>(<em>oggi al City di Guardiola<\/em>), considerato il Maradona del suo sport e che va contro una nazionale pimpante e guidata da un tecnico geniale:<strong> Ratko Rudic<\/strong>.<\/p>\r\n\r\n\r\n\r\n<p>Il clima \u00e8 infuocato, l&#8217;Italia viene accolta col coro &#8220;Mafia, mafia&#8221; il che \u00e8 doloroso per le stragi di Borsellino e Falcone appena avvenute.<\/p>\r\n\r\n\r\n\r\n<p>Ma in acqua gli Azzurri rispondono pan per focaccia alla Spagna e ne deriva una maratona che di botto tiene incollate due nazioni alla tv.<\/p>\r\n\r\n\r\n\r\n<p>Nella fase preliminare le due squadre si son gi\u00e0 incontrate, pareggiando per <strong>9-9<\/strong> e qualificandosi entrambe, con la Spagna al primo posto e l&#8217;Italia un punto sotto.<\/p>\r\n\r\n\r\n\r\n<p>In semifinale, altro cardiopalma, l&#8217;Italia batte la Squadra Unificata (ex Urss) per 9-8, mentre la Spagna si libera degli Stai Uniti per 6-4.<\/p>\r\n\r\n\r\n\r\n<p>Bene, per la finalissima serviranno <strong>ben 6 supplementari <\/strong>da 3 minuti ciascuno, con 18.000 spettatori che urlano, si agitano e poi vedono nascere una favola.<\/p>\r\n\r\n\r\n\r\n<p>Quella del Settebello, quella dell&#8217;Italia sempre avanti (1-0, 3-2, 2-3, 1-2) ma che a 37 secondi dalla fine, quando pregusta la festa, subisce il pari scatenando la bolgia della piscina <strong>Bernat Picornell<\/strong>.<\/p>\r\n\r\n\r\n\r\n<div class=\"wp-block-image\">\r\n<figure class=\"alignright size-large\"><img loading=\"lazy\" decoding=\"async\" width=\"298\" height=\"169\" class=\"wp-image-1192\" src=\"https:\/\/ispirazionesportiva.com\/wp-content\/uploads\/2021\/07\/arr-1.jpg\" alt=\"\" \/><\/figure>\r\n<\/div>\r\n\r\n\r\n\r\n<p>Nei supplementari accade di tutto, colpi al limite del regolamento, una corrida da vedere col sottofondo della canzone &#8220;<em>Rumore<\/em>&#8221; in omaggio alla nostra Raffaella Carr\u00e0, icona sia in Italia che in Spagna.<\/p>\r\n\r\n\r\n\r\n<p>Estiarte porta in vantaggio la Spagna al secondo supplementare, l&#8217;immenso <strong>Francesco Attolico <\/strong>non riesce a parare il penalty, poi \u00e8 Massimiliano Ferretti, centroboa, a pareggiare l&#8217;incontro, non \u00e8 finita qu\u00ec.<\/p>\r\n\r\n\r\n\r\n<p>Ancora overtime, non si segna perch\u00e9 i due portieri diventano insuperabili, poi ecco il lampo, Ferretti trova <strong>Nando Gandolfi <\/strong>che fulmina Jesus Prada quando mancano 32 secondi alla fine.<\/p>\r\n\r\n\r\n\r\n<p>Gandolfi mima il gesto del cowboy, stanno &#8220;matando&#8221; la Spagna e il trionfo \u00e8 dietro l&#8217;angolo, la leggenda si \u00e8 appena scritta, il Settebello \u00e8 d&#8217;oro, la Spagna mestamente \u00e8 solo argento nella partita del secolo per la pallanuoto.<\/p>\r\n\r\n\r\n\r\n<p>Vale la pena ricordare quei grandissimi gladiatori d&#8217;oro:<\/p>\r\n\r\n\r\n\r\n<p><strong>Francesco Attolico<br \/>Alessandro Bovo<br \/>Alessandro Campagna<br \/>Paolo Caldarella<br \/>Massimiliano Ferretti<br \/>Giuseppe Porzio<br \/>Marco D&#8217;Altrui<br \/>Mario Fiorillo<br \/>Ferdinando Gandolfi<br \/>Amedeo Pomilio<br \/>Francesco Porzio<br \/>Carlo Silipo<br \/>Gianni Averaimo.<\/strong><\/p>\r\n\r\n\r\n\r\n<p>Allenatore: <strong>Ratko Rudic<\/strong><\/p>\r\n\r\n\r\n\r\n<figure class=\"wp-block-image size-large\"><img loading=\"lazy\" decoding=\"async\" width=\"705\" height=\"513\" class=\"wp-image-1189\" src=\"https:\/\/ispirazionesportiva.com\/wp-content\/uploads\/2021\/07\/phpThumb_generated_thumbnail-e1468591998482.jpg\" alt=\"\" srcset=\"https:\/\/ispirazionesportiva.com\/wp-content\/uploads\/2021\/07\/phpThumb_generated_thumbnail-e1468591998482.jpg 705w, https:\/\/ispirazionesportiva.com\/wp-content\/uploads\/2021\/07\/phpThumb_generated_thumbnail-e1468591998482-300x218.jpg 300w\" sizes=\"auto, (max-width: 705px) 100vw, 705px\" \/><\/figure>\r\n\r\n\r\n\r\n<p>&nbsp;<\/p>\r\n","protected":false},"excerpt":{"rendered":"<p>Italia-Spagna non \u00e8 solo calcio ma duelli in qualsiasi sport. Da Bugno-Indurain a Rossi-Marquez, passando&#8230;<\/p>\n","protected":false},"author":4,"featured_media":1190,"comment_status":"closed","ping_status":"closed","sticky":false,"template":"","format":"standard","meta":{"footnotes":""},"categories":[2,125,10,14],"tags":[],"class_list":["post-1188","post","type-post","status-publish","format-standard","has-post-thumbnail","hentry","category-altri-sport","category-larcifiori","category-loro-sono-leggenda-altri-sport","category-vai-e-spacca-tutto-altri-sport"],"yoast_head":"<!-- This site is optimized with the Yoast SEO plugin v21.9 - https:\/\/yoast.com\/wordpress\/plugins\/seo\/ -->\n<title>1992, quando il Settebello silenzi\u00f2 la Spagna - IspirazioneSportiva.com<\/title>\n<meta name=\"description\" content=\"Il trionfo in terra iberica del Settebello, quando Spagna-Italia \u00e8 infuocata\" \/>\n<meta name=\"robots\" content=\"index, follow, max-snippet:-1, max-image-preview:large, max-video-preview:-1\" \/>\n<link rel=\"canonical\" href=\"https:\/\/ispirazionesportiva.com\/index.php\/2021\/07\/06\/1992-quando-il-settebello-silenzio-la-spagna\/\" \/>\n<meta property=\"og:locale\" content=\"it_IT\" \/>\n<meta property=\"og:type\" content=\"article\" \/>\n<meta property=\"og:title\" content=\"1992, quando il Settebello silenzi\u00f2 la Spagna - IspirazioneSportiva.com\" \/>\n<meta property=\"og:description\" content=\"Il trionfo in terra iberica del Settebello, quando Spagna-Italia \u00e8 infuocata\" \/>\n<meta property=\"og:url\" content=\"https:\/\/ispirazionesportiva.com\/index.php\/2021\/07\/06\/1992-quando-il-settebello-silenzio-la-spagna\/\" \/>\n<meta property=\"og:site_name\" content=\"IspirazioneSportiva.com\" \/>\n<meta property=\"article:publisher\" content=\"https:\/\/www.facebook.com\/search\/top\/?q=ispirazionesportiva.com\" \/>\n<meta property=\"article:author\" content=\"https:\/\/www.facebook.com\/supermariolemieux\/\" \/>\n<meta property=\"article:published_time\" content=\"2021-07-06T08:33:23+00:00\" \/>\n<meta property=\"article:modified_time\" content=\"2023-12-18T13:43:42+00:00\" \/>\n<meta property=\"og:image\" content=\"https:\/\/ispirazionesportiva.com\/wp-content\/uploads\/2021\/07\/phpThumb_generated_thumbnail-e1468591998482.jpg\" \/>\n\t<meta property=\"og:image:width\" content=\"705\" \/>\n\t<meta property=\"og:image:height\" content=\"513\" \/>\n\t<meta property=\"og:image:type\" content=\"image\/jpeg\" \/>\n<meta name=\"author\" content=\"Francesco Fiori\" \/>\n<meta name=\"twitter:card\" content=\"summary_large_image\" \/>\n<meta name=\"twitter:creator\" content=\"@frafiori21\" \/>\n<meta name=\"twitter:site\" content=\"@FraFiori21\" \/>\n<meta name=\"twitter:label1\" content=\"Scritto da\" \/>\n\t<meta name=\"twitter:data1\" content=\"Francesco Fiori\" \/>\n\t<meta name=\"twitter:label2\" content=\"Tempo di lettura stimato\" \/>\n\t<meta name=\"twitter:data2\" content=\"3 minuti\" \/>\n<script type=\"application\/ld+json\" class=\"yoast-schema-graph\">{\"@context\":\"https:\/\/schema.org\",\"@graph\":[{\"@type\":\"Article\",\"@id\":\"https:\/\/ispirazionesportiva.com\/index.php\/2021\/07\/06\/1992-quando-il-settebello-silenzio-la-spagna\/#article\",\"isPartOf\":{\"@id\":\"https:\/\/ispirazionesportiva.com\/index.php\/2021\/07\/06\/1992-quando-il-settebello-silenzio-la-spagna\/\"},\"author\":{\"name\":\"Francesco Fiori\",\"@id\":\"https:\/\/ispirazionesportiva.com\/#\/schema\/person\/7288fdedc9108918baa7bb22bab31fb7\"},\"headline\":\"1992, quando il Settebello silenzi\u00f2 la Spagna\",\"datePublished\":\"2021-07-06T08:33:23+00:00\",\"dateModified\":\"2023-12-18T13:43:42+00:00\",\"mainEntityOfPage\":{\"@id\":\"https:\/\/ispirazionesportiva.com\/index.php\/2021\/07\/06\/1992-quando-il-settebello-silenzio-la-spagna\/\"},\"wordCount\":402,\"publisher\":{\"@id\":\"https:\/\/ispirazionesportiva.com\/#organization\"},\"articleSection\":[\"Altri sport\",\"L'ArciFiori\",\"Loro sono leggenda\",\"vai e spacca tutto\"],\"inLanguage\":\"it-IT\"},{\"@type\":\"WebPage\",\"@id\":\"https:\/\/ispirazionesportiva.com\/index.php\/2021\/07\/06\/1992-quando-il-settebello-silenzio-la-spagna\/\",\"url\":\"https:\/\/ispirazionesportiva.com\/index.php\/2021\/07\/06\/1992-quando-il-settebello-silenzio-la-spagna\/\",\"name\":\"1992, quando il Settebello silenzi\u00f2 la Spagna - IspirazioneSportiva.com\",\"isPartOf\":{\"@id\":\"https:\/\/ispirazionesportiva.com\/#website\"},\"datePublished\":\"2021-07-06T08:33:23+00:00\",\"dateModified\":\"2023-12-18T13:43:42+00:00\",\"description\":\"Il trionfo in terra iberica del Settebello, quando Spagna-Italia \u00e8 infuocata\",\"breadcrumb\":{\"@id\":\"https:\/\/ispirazionesportiva.com\/index.php\/2021\/07\/06\/1992-quando-il-settebello-silenzio-la-spagna\/#breadcrumb\"},\"inLanguage\":\"it-IT\",\"potentialAction\":[{\"@type\":\"ReadAction\",\"target\":[\"https:\/\/ispirazionesportiva.com\/index.php\/2021\/07\/06\/1992-quando-il-settebello-silenzio-la-spagna\/\"]}]},{\"@type\":\"BreadcrumbList\",\"@id\":\"https:\/\/ispirazionesportiva.com\/index.php\/2021\/07\/06\/1992-quando-il-settebello-silenzio-la-spagna\/#breadcrumb\",\"itemListElement\":[{\"@type\":\"ListItem\",\"position\":1,\"name\":\"Home\",\"item\":\"https:\/\/ispirazionesportiva.com\/\"},{\"@type\":\"ListItem\",\"position\":2,\"name\":\"1992, quando il Settebello silenzi\u00f2 la Spagna\"}]},{\"@type\":\"WebSite\",\"@id\":\"https:\/\/ispirazionesportiva.com\/#website\",\"url\":\"https:\/\/ispirazionesportiva.com\/\",\"name\":\"IspirazioneSportiva.com\",\"description\":\"Le storie sportive che emozionano\",\"publisher\":{\"@id\":\"https:\/\/ispirazionesportiva.com\/#organization\"},\"potentialAction\":[{\"@type\":\"SearchAction\",\"target\":{\"@type\":\"EntryPoint\",\"urlTemplate\":\"https:\/\/ispirazionesportiva.com\/?s={search_term_string}\"},\"query-input\":\"required name=search_term_string\"}],\"inLanguage\":\"it-IT\"},{\"@type\":\"Organization\",\"@id\":\"https:\/\/ispirazionesportiva.com\/#organization\",\"name\":\"ispirazionesportiva.com\",\"url\":\"https:\/\/ispirazionesportiva.com\/\",\"logo\":{\"@type\":\"ImageObject\",\"inLanguage\":\"it-IT\",\"@id\":\"https:\/\/ispirazionesportiva.com\/#\/schema\/logo\/image\/\",\"url\":\"https:\/\/ispirazionesportiva.com\/wp-content\/uploads\/2020\/08\/1589964388149.jpg\",\"contentUrl\":\"https:\/\/ispirazionesportiva.com\/wp-content\/uploads\/2020\/08\/1589964388149.jpg\",\"width\":980,\"height\":600,\"caption\":\"ispirazionesportiva.com\"},\"image\":{\"@id\":\"https:\/\/ispirazionesportiva.com\/#\/schema\/logo\/image\/\"},\"sameAs\":[\"https:\/\/www.facebook.com\/search\/top\/?q=ispirazionesportiva.com\",\"https:\/\/twitter.com\/FraFiori21\",\"https:\/\/www.instagram.com\/ispirazione_sportiva\/?hl=it\",\"https:\/\/www.linkedin.com\/in\/mario-francesco-fiori-8788ba1b4\/\"]},{\"@type\":\"Person\",\"@id\":\"https:\/\/ispirazionesportiva.com\/#\/schema\/person\/7288fdedc9108918baa7bb22bab31fb7\",\"name\":\"Francesco Fiori\",\"image\":{\"@type\":\"ImageObject\",\"inLanguage\":\"it-IT\",\"@id\":\"https:\/\/ispirazionesportiva.com\/#\/schema\/person\/image\/\",\"url\":\"https:\/\/secure.gravatar.com\/avatar\/beff881b593f312e866653a8c45295843e00b61ce1984ceaacd4e1709e4c1b57?s=96&d=mm&r=g\",\"contentUrl\":\"https:\/\/secure.gravatar.com\/avatar\/beff881b593f312e866653a8c45295843e00b61ce1984ceaacd4e1709e4c1b57?s=96&d=mm&r=g\",\"caption\":\"Francesco Fiori\"},\"description\":\"Francesco Fiori \u00e8 un giornalista sardo, classe 1983, con la passione per il racconto dello sport. Di tutto lo sport. Aveva 6 anni quando, sicuramente errore o destino, ebbe in regalo una semplice radio, senza pensare alle conseguenze successive del pianeta sportivo. Una domenica, finiti i compiti, giocando con quel mezzo, capt\u00f2 la voce roca di Sandro Ciotti. Aveva appena scoperto l\u2019esistenza di Tutto il calcio minuto per minuto. La prima sfida arriva nella stagione calcistica 90\/91, quando lo zio, incredibile giornalista locale, gli diede come compito raccontare la giornata calcistica appena conclusa. Quel tema, ad appena 7 anni, risult\u00f2 migliore rispetto alle tabelline, mai entrate volentieri in testa. Il premio fu la presenza alla gara di cartello della squadra del suo paese, il Ploaghe, due settimane pi\u00f9 tardi. Destino volle che la morte prese suo zio proprio il mercoled\u00ec prima, innescando in Fiori la voglia di diventare giornalista. A scuola alla domanda \u201cHai solo il calcio in testa?\u201d rispondeva \u201cNo, anche il ciclismo\u201d e gli anni di partite contemporanee la domenica e di Tele +2 col calcio estero crearono un piccolo \u201cpsicopatico sportivo\u201d. Tra gli sport di cui si innamora c\u2019\u00e8 l\u2019hockey americano, soprattutto nella mitologica figura di Mario Lemieux. Poco prima della morte del padre, nel febbraio 2001, Fiori trova su La Gazzetta dello Sport proprio un trafiletto con scritto del ritorno sul ghiaccio di Lemieux dopo aver sconfitto una forma tumorale e un ritiro di 3 anni. Da l\u00ec altra promessa, qualora arrivi la possibilit\u00e0 di scrivere un articolo, questo sar\u00e0 su Lemieux il Magnifico. Diventato ragioniere capisce immediatamente che iva e fatture sono molto pi\u00f9 noiose del previsto e la prima collaborazione col giornale \u201cSa Bovida\u201d gli fanno capire le regole basi del giornalismo, cosa che Fiori ignorava ma che rispettava, chiedendo solo la possibilit\u00e0 di scrivere e far colpo. Chiusa la parentesi Sa Bovida per problemi logistici e di salute dell\u2019immenso Antonio Delitala ecco il primo reale colpo di fulmine, il sito di hockey Nhl Playitusa che non ha un articolo su Lemieux. Il direttore, con una mail che Fiori ancora oggi custodisce, risponde: \u201cBeh, perch\u00e9 non provi a scriverne uno tu?\u201d Il resto \u00e8 la storia scritta al pc dopo averne scritto 5 pagine in un quadernone a quadretti. Un cambio di lavoro, non per sua volont\u00e0, spariglia le carte in tavola, col ragazzo che stando fuori casa tutto il tempo deve abbandonare la scrittura, ma peggio ancora va col primo di 3 ictus che colpiscono la mamma proprio in quel periodo. Tempo al tempo e con un altro cambio di lavoro ecco l\u2019opzione che lo colpisce, scrivere della sua amata Inter sul sito SpazioInter. Gli inizi sono complicati, scrivere secondo le regole e non avere carta bianca lo bloccano un pochino, fino all\u2019esplosione che nel sito si chiama Live. Il Live sarebbe il racconto, minuto per minuto e in contemporanea, della partita in tv e a Fiori tocca esordire con Milan-Inter. Quella sera il divertimento raggiunge le stelle, anzi, le supera e da quel momento l\u2019impegno \u00e8 triplo, con le perle di interviste a Sandro Mazzola (che risate), Gigi Simoni (che gentilezza) e Riccardo Cucchi, suo idolo radiofonico. Il tesserino da giornalista gli fa mantenere la parola data a 6 anni e ancor pi\u00f9 sorprendente \u00e8 la proposta di essere addetto stampa proprio della squadra locale, andare a vedere quelle partite che il destino gli negarono nel 1991. Si chiede spesso se sia il destino a far scherzi oppure se semplicemente la vita va accettata per quella che \u00e8. Il 30 gennaio 2021, dopo un ricovero di un mese con tutte le aggravanti possibili, in ospedale viene a mancare la mamma di Francesco. Il colpo \u00e8 brutale. Il conto \u00e8 pesantissimo, la mente lontana, lo scrivere, anche solo un piccolo pensiero sulla giornata calcistica, \u00e8 di una difficolt\u00e0 che ad oggi \u00e8 ancora lontana dall'essere superata. Il resto \u00e8 storia o noia, dipende da che parte si vuol vedere, dagli articoli su Gazzetta Fan News al raccontare qualsiasi sport, perch\u00e9 per Fiori ogni sport ha un suo eroe e perch\u00e9 ora, con IspirazioneSportiva.com, sar\u00e0 ancor pi\u00f9 spettacolare dar libero sfogo a qualsiasi ispirazione, come dice il nome e come gli ha insegnato Riccardo Cucchi: \u201cNella vita mai smettere di sognare!\u201d. Anzi, scusate il ritardo! Mail: fcroda@yahoo.it Fb: supermariolemieux pec: francesco.fiori@pecgiornalisti.it\",\"sameAs\":[\"https:\/\/www.facebook.com\/supermariolemieux\/\",\"https:\/\/www.instagram.com\/francescofiori12\/\",\"https:\/\/www.linkedin.com\/in\/francesco-fiori-b45614176\/\",\"https:\/\/twitter.com\/frafiori21\"],\"url\":\"https:\/\/ispirazionesportiva.com\/index.php\/author\/supermariolemieux\/\"}]}<\/script>\n<!-- \/ Yoast SEO plugin. -->","yoast_head_json":{"title":"1992, quando il Settebello silenzi\u00f2 la Spagna - IspirazioneSportiva.com","description":"Il trionfo in terra iberica del Settebello, quando Spagna-Italia \u00e8 infuocata","robots":{"index":"index","follow":"follow","max-snippet":"max-snippet:-1","max-image-preview":"max-image-preview:large","max-video-preview":"max-video-preview:-1"},"canonical":"https:\/\/ispirazionesportiva.com\/index.php\/2021\/07\/06\/1992-quando-il-settebello-silenzio-la-spagna\/","og_locale":"it_IT","og_type":"article","og_title":"1992, quando il Settebello silenzi\u00f2 la Spagna - IspirazioneSportiva.com","og_description":"Il trionfo in terra iberica del Settebello, quando Spagna-Italia \u00e8 infuocata","og_url":"https:\/\/ispirazionesportiva.com\/index.php\/2021\/07\/06\/1992-quando-il-settebello-silenzio-la-spagna\/","og_site_name":"IspirazioneSportiva.com","article_publisher":"https:\/\/www.facebook.com\/search\/top\/?q=ispirazionesportiva.com","article_author":"https:\/\/www.facebook.com\/supermariolemieux\/","article_published_time":"2021-07-06T08:33:23+00:00","article_modified_time":"2023-12-18T13:43:42+00:00","og_image":[{"width":705,"height":513,"url":"https:\/\/ispirazionesportiva.com\/wp-content\/uploads\/2021\/07\/phpThumb_generated_thumbnail-e1468591998482.jpg","type":"image\/jpeg"}],"author":"Francesco Fiori","twitter_card":"summary_large_image","twitter_creator":"@frafiori21","twitter_site":"@FraFiori21","twitter_misc":{"Scritto da":"Francesco Fiori","Tempo di lettura stimato":"3 minuti"},"schema":{"@context":"https:\/\/schema.org","@graph":[{"@type":"Article","@id":"https:\/\/ispirazionesportiva.com\/index.php\/2021\/07\/06\/1992-quando-il-settebello-silenzio-la-spagna\/#article","isPartOf":{"@id":"https:\/\/ispirazionesportiva.com\/index.php\/2021\/07\/06\/1992-quando-il-settebello-silenzio-la-spagna\/"},"author":{"name":"Francesco Fiori","@id":"https:\/\/ispirazionesportiva.com\/#\/schema\/person\/7288fdedc9108918baa7bb22bab31fb7"},"headline":"1992, quando il Settebello silenzi\u00f2 la Spagna","datePublished":"2021-07-06T08:33:23+00:00","dateModified":"2023-12-18T13:43:42+00:00","mainEntityOfPage":{"@id":"https:\/\/ispirazionesportiva.com\/index.php\/2021\/07\/06\/1992-quando-il-settebello-silenzio-la-spagna\/"},"wordCount":402,"publisher":{"@id":"https:\/\/ispirazionesportiva.com\/#organization"},"articleSection":["Altri sport","L'ArciFiori","Loro sono leggenda","vai e spacca tutto"],"inLanguage":"it-IT"},{"@type":"WebPage","@id":"https:\/\/ispirazionesportiva.com\/index.php\/2021\/07\/06\/1992-quando-il-settebello-silenzio-la-spagna\/","url":"https:\/\/ispirazionesportiva.com\/index.php\/2021\/07\/06\/1992-quando-il-settebello-silenzio-la-spagna\/","name":"1992, quando il Settebello silenzi\u00f2 la Spagna - IspirazioneSportiva.com","isPartOf":{"@id":"https:\/\/ispirazionesportiva.com\/#website"},"datePublished":"2021-07-06T08:33:23+00:00","dateModified":"2023-12-18T13:43:42+00:00","description":"Il trionfo in terra iberica del Settebello, quando Spagna-Italia \u00e8 infuocata","breadcrumb":{"@id":"https:\/\/ispirazionesportiva.com\/index.php\/2021\/07\/06\/1992-quando-il-settebello-silenzio-la-spagna\/#breadcrumb"},"inLanguage":"it-IT","potentialAction":[{"@type":"ReadAction","target":["https:\/\/ispirazionesportiva.com\/index.php\/2021\/07\/06\/1992-quando-il-settebello-silenzio-la-spagna\/"]}]},{"@type":"BreadcrumbList","@id":"https:\/\/ispirazionesportiva.com\/index.php\/2021\/07\/06\/1992-quando-il-settebello-silenzio-la-spagna\/#breadcrumb","itemListElement":[{"@type":"ListItem","position":1,"name":"Home","item":"https:\/\/ispirazionesportiva.com\/"},{"@type":"ListItem","position":2,"name":"1992, quando il Settebello silenzi\u00f2 la Spagna"}]},{"@type":"WebSite","@id":"https:\/\/ispirazionesportiva.com\/#website","url":"https:\/\/ispirazionesportiva.com\/","name":"IspirazioneSportiva.com","description":"Le storie sportive che emozionano","publisher":{"@id":"https:\/\/ispirazionesportiva.com\/#organization"},"potentialAction":[{"@type":"SearchAction","target":{"@type":"EntryPoint","urlTemplate":"https:\/\/ispirazionesportiva.com\/?s={search_term_string}"},"query-input":"required name=search_term_string"}],"inLanguage":"it-IT"},{"@type":"Organization","@id":"https:\/\/ispirazionesportiva.com\/#organization","name":"ispirazionesportiva.com","url":"https:\/\/ispirazionesportiva.com\/","logo":{"@type":"ImageObject","inLanguage":"it-IT","@id":"https:\/\/ispirazionesportiva.com\/#\/schema\/logo\/image\/","url":"https:\/\/ispirazionesportiva.com\/wp-content\/uploads\/2020\/08\/1589964388149.jpg","contentUrl":"https:\/\/ispirazionesportiva.com\/wp-content\/uploads\/2020\/08\/1589964388149.jpg","width":980,"height":600,"caption":"ispirazionesportiva.com"},"image":{"@id":"https:\/\/ispirazionesportiva.com\/#\/schema\/logo\/image\/"},"sameAs":["https:\/\/www.facebook.com\/search\/top\/?q=ispirazionesportiva.com","https:\/\/twitter.com\/FraFiori21","https:\/\/www.instagram.com\/ispirazione_sportiva\/?hl=it","https:\/\/www.linkedin.com\/in\/mario-francesco-fiori-8788ba1b4\/"]},{"@type":"Person","@id":"https:\/\/ispirazionesportiva.com\/#\/schema\/person\/7288fdedc9108918baa7bb22bab31fb7","name":"Francesco Fiori","image":{"@type":"ImageObject","inLanguage":"it-IT","@id":"https:\/\/ispirazionesportiva.com\/#\/schema\/person\/image\/","url":"https:\/\/secure.gravatar.com\/avatar\/beff881b593f312e866653a8c45295843e00b61ce1984ceaacd4e1709e4c1b57?s=96&d=mm&r=g","contentUrl":"https:\/\/secure.gravatar.com\/avatar\/beff881b593f312e866653a8c45295843e00b61ce1984ceaacd4e1709e4c1b57?s=96&d=mm&r=g","caption":"Francesco Fiori"},"description":"Francesco Fiori \u00e8 un giornalista sardo, classe 1983, con la passione per il racconto dello sport. Di tutto lo sport. Aveva 6 anni quando, sicuramente errore o destino, ebbe in regalo una semplice radio, senza pensare alle conseguenze successive del pianeta sportivo. Una domenica, finiti i compiti, giocando con quel mezzo, capt\u00f2 la voce roca di Sandro Ciotti. Aveva appena scoperto l\u2019esistenza di Tutto il calcio minuto per minuto. La prima sfida arriva nella stagione calcistica 90\/91, quando lo zio, incredibile giornalista locale, gli diede come compito raccontare la giornata calcistica appena conclusa. Quel tema, ad appena 7 anni, risult\u00f2 migliore rispetto alle tabelline, mai entrate volentieri in testa. Il premio fu la presenza alla gara di cartello della squadra del suo paese, il Ploaghe, due settimane pi\u00f9 tardi. Destino volle che la morte prese suo zio proprio il mercoled\u00ec prima, innescando in Fiori la voglia di diventare giornalista. A scuola alla domanda \u201cHai solo il calcio in testa?\u201d rispondeva \u201cNo, anche il ciclismo\u201d e gli anni di partite contemporanee la domenica e di Tele +2 col calcio estero crearono un piccolo \u201cpsicopatico sportivo\u201d. Tra gli sport di cui si innamora c\u2019\u00e8 l\u2019hockey americano, soprattutto nella mitologica figura di Mario Lemieux. Poco prima della morte del padre, nel febbraio 2001, Fiori trova su La Gazzetta dello Sport proprio un trafiletto con scritto del ritorno sul ghiaccio di Lemieux dopo aver sconfitto una forma tumorale e un ritiro di 3 anni. Da l\u00ec altra promessa, qualora arrivi la possibilit\u00e0 di scrivere un articolo, questo sar\u00e0 su Lemieux il Magnifico. Diventato ragioniere capisce immediatamente che iva e fatture sono molto pi\u00f9 noiose del previsto e la prima collaborazione col giornale \u201cSa Bovida\u201d gli fanno capire le regole basi del giornalismo, cosa che Fiori ignorava ma che rispettava, chiedendo solo la possibilit\u00e0 di scrivere e far colpo. Chiusa la parentesi Sa Bovida per problemi logistici e di salute dell\u2019immenso Antonio Delitala ecco il primo reale colpo di fulmine, il sito di hockey Nhl Playitusa che non ha un articolo su Lemieux. Il direttore, con una mail che Fiori ancora oggi custodisce, risponde: \u201cBeh, perch\u00e9 non provi a scriverne uno tu?\u201d Il resto \u00e8 la storia scritta al pc dopo averne scritto 5 pagine in un quadernone a quadretti. Un cambio di lavoro, non per sua volont\u00e0, spariglia le carte in tavola, col ragazzo che stando fuori casa tutto il tempo deve abbandonare la scrittura, ma peggio ancora va col primo di 3 ictus che colpiscono la mamma proprio in quel periodo. Tempo al tempo e con un altro cambio di lavoro ecco l\u2019opzione che lo colpisce, scrivere della sua amata Inter sul sito SpazioInter. Gli inizi sono complicati, scrivere secondo le regole e non avere carta bianca lo bloccano un pochino, fino all\u2019esplosione che nel sito si chiama Live. Il Live sarebbe il racconto, minuto per minuto e in contemporanea, della partita in tv e a Fiori tocca esordire con Milan-Inter. Quella sera il divertimento raggiunge le stelle, anzi, le supera e da quel momento l\u2019impegno \u00e8 triplo, con le perle di interviste a Sandro Mazzola (che risate), Gigi Simoni (che gentilezza) e Riccardo Cucchi, suo idolo radiofonico. Il tesserino da giornalista gli fa mantenere la parola data a 6 anni e ancor pi\u00f9 sorprendente \u00e8 la proposta di essere addetto stampa proprio della squadra locale, andare a vedere quelle partite che il destino gli negarono nel 1991. Si chiede spesso se sia il destino a far scherzi oppure se semplicemente la vita va accettata per quella che \u00e8. Il 30 gennaio 2021, dopo un ricovero di un mese con tutte le aggravanti possibili, in ospedale viene a mancare la mamma di Francesco. Il colpo \u00e8 brutale. Il conto \u00e8 pesantissimo, la mente lontana, lo scrivere, anche solo un piccolo pensiero sulla giornata calcistica, \u00e8 di una difficolt\u00e0 che ad oggi \u00e8 ancora lontana dall'essere superata. Il resto \u00e8 storia o noia, dipende da che parte si vuol vedere, dagli articoli su Gazzetta Fan News al raccontare qualsiasi sport, perch\u00e9 per Fiori ogni sport ha un suo eroe e perch\u00e9 ora, con IspirazioneSportiva.com, sar\u00e0 ancor pi\u00f9 spettacolare dar libero sfogo a qualsiasi ispirazione, come dice il nome e come gli ha insegnato Riccardo Cucchi: \u201cNella vita mai smettere di sognare!\u201d. Anzi, scusate il ritardo! Mail: fcroda@yahoo.it Fb: supermariolemieux pec: francesco.fiori@pecgiornalisti.it","sameAs":["https:\/\/www.facebook.com\/supermariolemieux\/","https:\/\/www.instagram.com\/francescofiori12\/","https:\/\/www.linkedin.com\/in\/francesco-fiori-b45614176\/","https:\/\/twitter.com\/frafiori21"],"url":"https:\/\/ispirazionesportiva.com\/index.php\/author\/supermariolemieux\/"}]}},"_links":{"self":[{"href":"https:\/\/ispirazionesportiva.com\/index.php\/wp-json\/wp\/v2\/posts\/1188","targetHints":{"allow":["GET"]}}],"collection":[{"href":"https:\/\/ispirazionesportiva.com\/index.php\/wp-json\/wp\/v2\/posts"}],"about":[{"href":"https:\/\/ispirazionesportiva.com\/index.php\/wp-json\/wp\/v2\/types\/post"}],"author":[{"embeddable":true,"href":"https:\/\/ispirazionesportiva.com\/index.php\/wp-json\/wp\/v2\/users\/4"}],"replies":[{"embeddable":true,"href":"https:\/\/ispirazionesportiva.com\/index.php\/wp-json\/wp\/v2\/comments?post=1188"}],"version-history":[{"count":2,"href":"https:\/\/ispirazionesportiva.com\/index.php\/wp-json\/wp\/v2\/posts\/1188\/revisions"}],"predecessor-version":[{"id":2337,"href":"https:\/\/ispirazionesportiva.com\/index.php\/wp-json\/wp\/v2\/posts\/1188\/revisions\/2337"}],"wp:featuredmedia":[{"embeddable":true,"href":"https:\/\/ispirazionesportiva.com\/index.php\/wp-json\/wp\/v2\/media\/1190"}],"wp:attachment":[{"href":"https:\/\/ispirazionesportiva.com\/index.php\/wp-json\/wp\/v2\/media?parent=1188"}],"wp:term":[{"taxonomy":"category","embeddable":true,"href":"https:\/\/ispirazionesportiva.com\/index.php\/wp-json\/wp\/v2\/categories?post=1188"},{"taxonomy":"post_tag","embeddable":true,"href":"https:\/\/ispirazionesportiva.com\/index.php\/wp-json\/wp\/v2\/tags?post=1188"}],"curies":[{"name":"wp","href":"https:\/\/api.w.org\/{rel}","templated":true}]}}