{"id":1085,"date":"2021-03-21T10:04:00","date_gmt":"2021-03-21T08:04:00","guid":{"rendered":"https:\/\/ispirazionesportiva.com\/?p=1085"},"modified":"2023-12-18T12:14:27","modified_gmt":"2023-12-18T10:14:27","slug":"il-mio-mito-lothar-matthaus","status":"publish","type":"post","link":"https:\/\/ispirazionesportiva.com\/index.php\/2021\/03\/21\/il-mio-mito-lothar-matthaus\/","title":{"rendered":"Il mio mito Lothar Matthaus"},"content":{"rendered":"\r\n<p>Dici Lothar e hai un sussulto. Da piccolo quel nome lo scrivevi dappertutto e ovunque disegnavi una bandiera dell&#8217;Inter e una della Germania.<\/p>\r\n\r\n\r\n\r\n<p>Merito o causa quel primo amore calcistico che mai si dimentica nella vita. Era la <strong>Serie A del 1988\/89<\/strong>, una sorta di campionato del mondo, dove se un bimbo di 6 anni sfogliava l&#8217;album Panini veniva colpito dal colore rosso fuoco del Milan e quei capelli strani e affacinanti di <strong>Ruud Gullit<\/strong>.<\/p>\r\n\r\n\r\n\r\n<p>Poi per\u00f2 il pap\u00e0 che guardava 90esimo Minuto era anche simpatizzante dell&#8217;Inter e il resto \u00e8 storia, un missile di quel giocatore spacca la traversa, il suo nome \u00e8 Lothar, <em>Re Lothar da Erlangen<\/em>, che il 21 marzo del 1961 veniva alla luce esattamente un anno dopo un mito di nome Ayrton Senna.<\/p>\r\n\r\n\r\n\r\n<p>Cresciuto in Germania Lothar non si mette troppi problemi a cambiar squadra dal <strong>Monchengladbach al Bayern Monaco<\/strong>, sbagliando poi il rigore decisivo in Coppa di Germania proprio nella sfida tra le due squadre, dove ormai Matthaus era etichettato come traditore.<\/p>\r\n\r\n\r\n\r\n<p>Si fa un nome in terra tedesca, il suo spirito teutonico lo fa esordire al Mondiale 1982, poi marcare e limitare niente meno che Maradona nel 1986, guardando sempre con interesse al campionato italiano, dove tra Diego e gli olandesi del Milan esiste il meglio del meglio.<\/p>\r\n\r\n\r\n\r\n<p>&#8220;<em>Non vinceremo questo campionato ma il prossimo, quando in squadra con noi ci sar\u00e0 Matthaus<\/em>&#8220;, queste le parole del Generale Trap, allenatore che arriva all&#8217;Inter dopo i trionfi con la Juve e che appena indossato il nerazzurro capisce che la missione \u00e8 quasi impossibile.<\/p>\r\n\r\n\r\n\r\n<p>Serve un leader e lo si individua in Matthaus. Servono <strong>5,4 miliardi di lire <\/strong>a Ernesto Pellegrini per convincere il tedesco a sposar la causa interista e non appena sbarcato a Milano ecco che Trapattoni gli consegna la maglia <strong>numero 10<\/strong>.<\/p>\r\n\r\n\r\n\r\n<p>&#8220;<em>Mister, ma io non sono Maradona<\/em>&#8220;, disse Lothar abituato al suo numero 8, ma il Trap gli rispose: &#8220;<em>Gi\u00e0, non sei Maradona, ma tu per noi diventerai molto pi\u00f9 importante di Diego<\/em>&#8220;.<\/p>\r\n\r\n\r\n\r\n<p>Il tedesco si gasa, segna all&#8217;esordio contro il Pisa dove in un 4-1 si scopre anche il connazionale Andreas Brehme, fulcro della manovra nerazzurra a sinistra.<strong> Il 1988\/89 \u00e8 la Valchiria che scende in campo<\/strong>, un campionato record con una squadra perfetta, Zenga in porta, Bergomi e Ferri in difesa, Mandorlini libero, Brehme a sinistra a imbeccare il cervello Matteoli, poi il funambolo Berti, Bianchi e in avanti, oltre al 10, Serena e Diaz.<\/p>\r\n\r\n\r\n\r\n<p>58 punti nell&#8217;epoca dei 2 punti per vittoria, lo scudetto vinto in casa contro il Napoli proprio grazie ad <strong>un missile di Lothar Matthaus<\/strong>, in una partita che vede la squadra locale sotto per 1-0 con gol di Careca, pari di Berti in coabitazione con autorete di Fusi e poi lui, il missile che tutta San siro invoca, il tiro che si infila nell&#8217;angolino basso e regala il Tricolore a Milano.<\/p>\r\n\r\n\r\n\r\n<p>Vedere Matthaus \u00e8 uno spettacolo, anche quando San Siro somiglia ad un campo di patate lui ara il terreno, solleva le zolle, parte dal suo centrocampo, salta l&#8217;uomo, tira in rete ed il pi\u00f9 delle volte \u00e8 un meraviglioso gol.<\/p>\r\n\r\n\r\n\r\n<figure class=\"wp-block-gallery has-nested-images columns-default is-cropped wp-block-gallery-1 is-layout-flex wp-block-gallery-is-layout-flex\">\r\n<figure class=\"wp-block-image size-large\"><img loading=\"lazy\" decoding=\"async\" width=\"600\" height=\"360\" data-id=\"1091\" class=\"wp-image-1091\" src=\"https:\/\/ispirazionesportiva.com\/wp-content\/uploads\/2021\/03\/2019-970-1.jpg\" alt=\"\" srcset=\"https:\/\/ispirazionesportiva.com\/wp-content\/uploads\/2021\/03\/2019-970-1.jpg 600w, https:\/\/ispirazionesportiva.com\/wp-content\/uploads\/2021\/03\/2019-970-1-300x180.jpg 300w\" sizes=\"auto, (max-width: 600px) 100vw, 600px\" \/><\/figure>\r\n<\/figure>\r\n\r\n\r\n\r\n<p>Come contro il <strong>Como<\/strong>, difensore spazzato via con una finta, destro secco nell&#8217;angolino alto, o <strong>contro la Juve<\/strong>, dalla distanza, con buona pace di Tacconi che nulla pu\u00f2.<\/p>\r\n\r\n\r\n\r\n<p>E tanti altri, progressione unica, senso del gol da 9 in pagella, <strong>16 gol <\/strong>nel 90\/91 e vicecannoniere, una Coppa Uefa trascinando i suoi in rimonte impossibili, vedi <strong>Aston Villa<\/strong>, e prima ancora giocare e sollevare la Coppa del Mondo in Italia, nella sua Italia e nel suo San Siro, incantare contro la Cecoslovacchia segnando due gol d&#8217;autore, vincendo la sfida contro l&#8217;Olanda dei rossoneri proprio nella Scala del Calcio.<\/p>\r\n\r\n\r\n\r\n<p>Un mito di nome Lothar, uno che si rompe il crociato e lotta per rientrare nell&#8217;estate 1992, proprio negli stessi momenti in cui chi vi scrive subisce un&#8217;operazione chirurgica (<em>ernia, niente di che, ma andatelo a spiegare al bambino che si gioca l&#8217;estate)<\/em> ma che nello stesso giorno legge sul Corriere dello Sport l&#8217;intervista del Re Lothario che tuona: &#8220;<em>Torner\u00f2 pi\u00f9 forte di prima<\/em>&#8221; e cos\u00ec far\u00e0 chi firma questo pezzo, perch\u00e9 follia e amore calcistico viaggiano sullo stesso binario.<\/p>\r\n\r\n\r\n\r\n<p><strong>7 campionati tedeschi, 3 coppe di Germania, 1 Supercoppa di Germania, 3 coppa di Lega tedesca, 1 campionato italiano, 1 Supercoppa italiana, 2 Coppa Uefa, 1 campionato del Mondo, Pallone d&#8217;Oro 1990 e Fifa World Player nello stesso anno, il primo centrocampista votato nella Hall of Fame dell&#8217;Inter.<\/strong><\/p>\r\n\r\n\r\n\r\n<p>Un mito che ho incontrato di persona nel 2015, quando i miei battiti cardiaci in un evento dell&#8217;Inter arrivarono alla soglia dell&#8217;infarto, avevo appena visto il mio mito, avevo appena visto Lothar Matthaus!<\/p>\r\n\r\n\r\n\r\n<p><strong>Danke Lothar!<\/strong><\/p>\r\n\r\n\r\n\r\n<p><em>Seguici su <a href=\"https:\/\/www.facebook.com\/Ispirazionesportivacom-105768114468163\">facebook<\/a>, ci farebbe piacere!<\/em><\/p>\r\n\r\n\r\n\r\n<figure class=\"wp-block-image size-large\"><img loading=\"lazy\" decoding=\"async\" width=\"450\" height=\"297\" class=\"wp-image-1093\" src=\"https:\/\/ispirazionesportiva.com\/wp-content\/uploads\/2021\/03\/66276.jpg\" alt=\"\" srcset=\"https:\/\/ispirazionesportiva.com\/wp-content\/uploads\/2021\/03\/66276.jpg 450w, https:\/\/ispirazionesportiva.com\/wp-content\/uploads\/2021\/03\/66276-300x198.jpg 300w\" sizes=\"auto, (max-width: 450px) 100vw, 450px\" \/><\/figure>\r\n\r\n\r\n\r\n<figure class=\"wp-block-image size-large\"><img loading=\"lazy\" decoding=\"async\" width=\"800\" height=\"533\" class=\"wp-image-1092\" src=\"https:\/\/ispirazionesportiva.com\/wp-content\/uploads\/2021\/03\/1-2127.jpg\" alt=\"\" srcset=\"https:\/\/ispirazionesportiva.com\/wp-content\/uploads\/2021\/03\/1-2127.jpg 800w, https:\/\/ispirazionesportiva.com\/wp-content\/uploads\/2021\/03\/1-2127-300x200.jpg 300w, https:\/\/ispirazionesportiva.com\/wp-content\/uploads\/2021\/03\/1-2127-768x512.jpg 768w\" sizes=\"auto, (max-width: 800px) 100vw, 800px\" \/><\/figure>\r\n\r\n\r\n\r\n<figure class=\"wp-block-image size-large\"><img loading=\"lazy\" decoding=\"async\" width=\"1024\" height=\"571\" class=\"wp-image-1094\" src=\"https:\/\/ispirazionesportiva.com\/wp-content\/uploads\/2021\/03\/Foto-telefono-sino-a-luglio-2019-1468-1024x571.jpg\" alt=\"\" srcset=\"https:\/\/ispirazionesportiva.com\/wp-content\/uploads\/2021\/03\/Foto-telefono-sino-a-luglio-2019-1468-1024x571.jpg 1024w, https:\/\/ispirazionesportiva.com\/wp-content\/uploads\/2021\/03\/Foto-telefono-sino-a-luglio-2019-1468-300x167.jpg 300w, https:\/\/ispirazionesportiva.com\/wp-content\/uploads\/2021\/03\/Foto-telefono-sino-a-luglio-2019-1468-768x428.jpg 768w, https:\/\/ispirazionesportiva.com\/wp-content\/uploads\/2021\/03\/Foto-telefono-sino-a-luglio-2019-1468-1536x856.jpg 1536w, https:\/\/ispirazionesportiva.com\/wp-content\/uploads\/2021\/03\/Foto-telefono-sino-a-luglio-2019-1468.jpg 1600w\" sizes=\"auto, (max-width: 1024px) 100vw, 1024px\" \/>\r\n<figcaption>Ecco Francesco Fiori e il suo idolo Lothar Matthaus<\/figcaption>\r\n<\/figure>\r\n","protected":false},"excerpt":{"rendered":"<p>Dici Lothar e hai un sussulto. Da piccolo quel nome lo scrivevi dappertutto e ovunque&#8230;<\/p>\n","protected":false},"author":4,"featured_media":1095,"comment_status":"closed","ping_status":"closed","sticky":false,"template":"","format":"standard","meta":{"footnotes":""},"categories":[5,206,125],"tags":[],"class_list":["post-1085","post","type-post","status-publish","format-standard","has-post-thumbnail","hentry","category-calcio","category-i-miti-e-le-leggende-del-pallone","category-larcifiori"],"yoast_head":"<!-- This site is optimized with the Yoast SEO plugin v21.9 - https:\/\/yoast.com\/wordpress\/plugins\/seo\/ -->\n<title>Il mio mito Lothar Matthaus - IspirazioneSportiva.com<\/title>\n<meta name=\"description\" content=\"Lothar Matthaus, \u00e8 stato il Re indiscusso del centrocampo nerazzurro e del calcio tedesco, inserito nella Hall Of Fame nerazzurra al primo anno\" \/>\n<meta name=\"robots\" content=\"index, follow, max-snippet:-1, max-image-preview:large, max-video-preview:-1\" \/>\n<link rel=\"canonical\" href=\"https:\/\/ispirazionesportiva.com\/index.php\/2021\/03\/21\/il-mio-mito-lothar-matthaus\/\" \/>\n<meta property=\"og:locale\" content=\"it_IT\" \/>\n<meta property=\"og:type\" content=\"article\" \/>\n<meta property=\"og:title\" content=\"Il mio mito Lothar Matthaus - IspirazioneSportiva.com\" \/>\n<meta property=\"og:description\" content=\"Lothar Matthaus, \u00e8 stato il Re indiscusso del centrocampo nerazzurro e del calcio tedesco, inserito nella Hall Of Fame nerazzurra al primo anno\" \/>\n<meta property=\"og:url\" content=\"https:\/\/ispirazionesportiva.com\/index.php\/2021\/03\/21\/il-mio-mito-lothar-matthaus\/\" \/>\n<meta property=\"og:site_name\" content=\"IspirazioneSportiva.com\" \/>\n<meta property=\"article:publisher\" content=\"https:\/\/www.facebook.com\/search\/top\/?q=ispirazionesportiva.com\" \/>\n<meta property=\"article:author\" content=\"https:\/\/www.facebook.com\/supermariolemieux\/\" \/>\n<meta property=\"article:published_time\" content=\"2021-03-21T08:04:00+00:00\" \/>\n<meta property=\"article:modified_time\" content=\"2023-12-18T10:14:27+00:00\" \/>\n<meta property=\"og:image\" content=\"https:\/\/ispirazionesportiva.com\/wp-content\/uploads\/2021\/03\/1-3232.jpg\" \/>\n\t<meta property=\"og:image:width\" content=\"1280\" \/>\n\t<meta property=\"og:image:height\" content=\"720\" \/>\n\t<meta property=\"og:image:type\" content=\"image\/jpeg\" \/>\n<meta name=\"author\" content=\"Francesco Fiori\" \/>\n<meta name=\"twitter:card\" content=\"summary_large_image\" \/>\n<meta name=\"twitter:creator\" content=\"@frafiori21\" \/>\n<meta name=\"twitter:site\" content=\"@FraFiori21\" \/>\n<meta name=\"twitter:label1\" content=\"Scritto da\" \/>\n\t<meta name=\"twitter:data1\" content=\"Francesco Fiori\" \/>\n\t<meta name=\"twitter:label2\" content=\"Tempo di lettura stimato\" \/>\n\t<meta name=\"twitter:data2\" content=\"6 minuti\" \/>\n<script type=\"application\/ld+json\" class=\"yoast-schema-graph\">{\"@context\":\"https:\/\/schema.org\",\"@graph\":[{\"@type\":\"Article\",\"@id\":\"https:\/\/ispirazionesportiva.com\/index.php\/2021\/03\/21\/il-mio-mito-lothar-matthaus\/#article\",\"isPartOf\":{\"@id\":\"https:\/\/ispirazionesportiva.com\/index.php\/2021\/03\/21\/il-mio-mito-lothar-matthaus\/\"},\"author\":{\"name\":\"Francesco Fiori\",\"@id\":\"https:\/\/ispirazionesportiva.com\/#\/schema\/person\/7288fdedc9108918baa7bb22bab31fb7\"},\"headline\":\"Il mio mito Lothar Matthaus\",\"datePublished\":\"2021-03-21T08:04:00+00:00\",\"dateModified\":\"2023-12-18T10:14:27+00:00\",\"mainEntityOfPage\":{\"@id\":\"https:\/\/ispirazionesportiva.com\/index.php\/2021\/03\/21\/il-mio-mito-lothar-matthaus\/\"},\"wordCount\":765,\"publisher\":{\"@id\":\"https:\/\/ispirazionesportiva.com\/#organization\"},\"articleSection\":[\"Calcio\",\"I miti e le leggende del pallone\",\"L'ArciFiori\"],\"inLanguage\":\"it-IT\"},{\"@type\":\"WebPage\",\"@id\":\"https:\/\/ispirazionesportiva.com\/index.php\/2021\/03\/21\/il-mio-mito-lothar-matthaus\/\",\"url\":\"https:\/\/ispirazionesportiva.com\/index.php\/2021\/03\/21\/il-mio-mito-lothar-matthaus\/\",\"name\":\"Il mio mito Lothar Matthaus - IspirazioneSportiva.com\",\"isPartOf\":{\"@id\":\"https:\/\/ispirazionesportiva.com\/#website\"},\"datePublished\":\"2021-03-21T08:04:00+00:00\",\"dateModified\":\"2023-12-18T10:14:27+00:00\",\"description\":\"Lothar Matthaus, \u00e8 stato il Re indiscusso del centrocampo nerazzurro e del calcio tedesco, inserito nella Hall Of Fame nerazzurra al primo anno\",\"breadcrumb\":{\"@id\":\"https:\/\/ispirazionesportiva.com\/index.php\/2021\/03\/21\/il-mio-mito-lothar-matthaus\/#breadcrumb\"},\"inLanguage\":\"it-IT\",\"potentialAction\":[{\"@type\":\"ReadAction\",\"target\":[\"https:\/\/ispirazionesportiva.com\/index.php\/2021\/03\/21\/il-mio-mito-lothar-matthaus\/\"]}]},{\"@type\":\"BreadcrumbList\",\"@id\":\"https:\/\/ispirazionesportiva.com\/index.php\/2021\/03\/21\/il-mio-mito-lothar-matthaus\/#breadcrumb\",\"itemListElement\":[{\"@type\":\"ListItem\",\"position\":1,\"name\":\"Home\",\"item\":\"https:\/\/ispirazionesportiva.com\/\"},{\"@type\":\"ListItem\",\"position\":2,\"name\":\"Il mio mito Lothar Matthaus\"}]},{\"@type\":\"WebSite\",\"@id\":\"https:\/\/ispirazionesportiva.com\/#website\",\"url\":\"https:\/\/ispirazionesportiva.com\/\",\"name\":\"IspirazioneSportiva.com\",\"description\":\"Le storie sportive che emozionano\",\"publisher\":{\"@id\":\"https:\/\/ispirazionesportiva.com\/#organization\"},\"potentialAction\":[{\"@type\":\"SearchAction\",\"target\":{\"@type\":\"EntryPoint\",\"urlTemplate\":\"https:\/\/ispirazionesportiva.com\/?s={search_term_string}\"},\"query-input\":\"required name=search_term_string\"}],\"inLanguage\":\"it-IT\"},{\"@type\":\"Organization\",\"@id\":\"https:\/\/ispirazionesportiva.com\/#organization\",\"name\":\"ispirazionesportiva.com\",\"url\":\"https:\/\/ispirazionesportiva.com\/\",\"logo\":{\"@type\":\"ImageObject\",\"inLanguage\":\"it-IT\",\"@id\":\"https:\/\/ispirazionesportiva.com\/#\/schema\/logo\/image\/\",\"url\":\"https:\/\/ispirazionesportiva.com\/wp-content\/uploads\/2020\/08\/1589964388149.jpg\",\"contentUrl\":\"https:\/\/ispirazionesportiva.com\/wp-content\/uploads\/2020\/08\/1589964388149.jpg\",\"width\":980,\"height\":600,\"caption\":\"ispirazionesportiva.com\"},\"image\":{\"@id\":\"https:\/\/ispirazionesportiva.com\/#\/schema\/logo\/image\/\"},\"sameAs\":[\"https:\/\/www.facebook.com\/search\/top\/?q=ispirazionesportiva.com\",\"https:\/\/twitter.com\/FraFiori21\",\"https:\/\/www.instagram.com\/ispirazione_sportiva\/?hl=it\",\"https:\/\/www.linkedin.com\/in\/mario-francesco-fiori-8788ba1b4\/\"]},{\"@type\":\"Person\",\"@id\":\"https:\/\/ispirazionesportiva.com\/#\/schema\/person\/7288fdedc9108918baa7bb22bab31fb7\",\"name\":\"Francesco Fiori\",\"image\":{\"@type\":\"ImageObject\",\"inLanguage\":\"it-IT\",\"@id\":\"https:\/\/ispirazionesportiva.com\/#\/schema\/person\/image\/\",\"url\":\"https:\/\/secure.gravatar.com\/avatar\/beff881b593f312e866653a8c45295843e00b61ce1984ceaacd4e1709e4c1b57?s=96&d=mm&r=g\",\"contentUrl\":\"https:\/\/secure.gravatar.com\/avatar\/beff881b593f312e866653a8c45295843e00b61ce1984ceaacd4e1709e4c1b57?s=96&d=mm&r=g\",\"caption\":\"Francesco Fiori\"},\"description\":\"Francesco Fiori \u00e8 un giornalista sardo, classe 1983, con la passione per il racconto dello sport. Di tutto lo sport. Aveva 6 anni quando, sicuramente errore o destino, ebbe in regalo una semplice radio, senza pensare alle conseguenze successive del pianeta sportivo. Una domenica, finiti i compiti, giocando con quel mezzo, capt\u00f2 la voce roca di Sandro Ciotti. Aveva appena scoperto l\u2019esistenza di Tutto il calcio minuto per minuto. La prima sfida arriva nella stagione calcistica 90\/91, quando lo zio, incredibile giornalista locale, gli diede come compito raccontare la giornata calcistica appena conclusa. Quel tema, ad appena 7 anni, risult\u00f2 migliore rispetto alle tabelline, mai entrate volentieri in testa. Il premio fu la presenza alla gara di cartello della squadra del suo paese, il Ploaghe, due settimane pi\u00f9 tardi. Destino volle che la morte prese suo zio proprio il mercoled\u00ec prima, innescando in Fiori la voglia di diventare giornalista. A scuola alla domanda \u201cHai solo il calcio in testa?\u201d rispondeva \u201cNo, anche il ciclismo\u201d e gli anni di partite contemporanee la domenica e di Tele +2 col calcio estero crearono un piccolo \u201cpsicopatico sportivo\u201d. Tra gli sport di cui si innamora c\u2019\u00e8 l\u2019hockey americano, soprattutto nella mitologica figura di Mario Lemieux. Poco prima della morte del padre, nel febbraio 2001, Fiori trova su La Gazzetta dello Sport proprio un trafiletto con scritto del ritorno sul ghiaccio di Lemieux dopo aver sconfitto una forma tumorale e un ritiro di 3 anni. Da l\u00ec altra promessa, qualora arrivi la possibilit\u00e0 di scrivere un articolo, questo sar\u00e0 su Lemieux il Magnifico. Diventato ragioniere capisce immediatamente che iva e fatture sono molto pi\u00f9 noiose del previsto e la prima collaborazione col giornale \u201cSa Bovida\u201d gli fanno capire le regole basi del giornalismo, cosa che Fiori ignorava ma che rispettava, chiedendo solo la possibilit\u00e0 di scrivere e far colpo. Chiusa la parentesi Sa Bovida per problemi logistici e di salute dell\u2019immenso Antonio Delitala ecco il primo reale colpo di fulmine, il sito di hockey Nhl Playitusa che non ha un articolo su Lemieux. Il direttore, con una mail che Fiori ancora oggi custodisce, risponde: \u201cBeh, perch\u00e9 non provi a scriverne uno tu?\u201d Il resto \u00e8 la storia scritta al pc dopo averne scritto 5 pagine in un quadernone a quadretti. Un cambio di lavoro, non per sua volont\u00e0, spariglia le carte in tavola, col ragazzo che stando fuori casa tutto il tempo deve abbandonare la scrittura, ma peggio ancora va col primo di 3 ictus che colpiscono la mamma proprio in quel periodo. Tempo al tempo e con un altro cambio di lavoro ecco l\u2019opzione che lo colpisce, scrivere della sua amata Inter sul sito SpazioInter. Gli inizi sono complicati, scrivere secondo le regole e non avere carta bianca lo bloccano un pochino, fino all\u2019esplosione che nel sito si chiama Live. Il Live sarebbe il racconto, minuto per minuto e in contemporanea, della partita in tv e a Fiori tocca esordire con Milan-Inter. Quella sera il divertimento raggiunge le stelle, anzi, le supera e da quel momento l\u2019impegno \u00e8 triplo, con le perle di interviste a Sandro Mazzola (che risate), Gigi Simoni (che gentilezza) e Riccardo Cucchi, suo idolo radiofonico. Il tesserino da giornalista gli fa mantenere la parola data a 6 anni e ancor pi\u00f9 sorprendente \u00e8 la proposta di essere addetto stampa proprio della squadra locale, andare a vedere quelle partite che il destino gli negarono nel 1991. Si chiede spesso se sia il destino a far scherzi oppure se semplicemente la vita va accettata per quella che \u00e8. Il 30 gennaio 2021, dopo un ricovero di un mese con tutte le aggravanti possibili, in ospedale viene a mancare la mamma di Francesco. Il colpo \u00e8 brutale. Il conto \u00e8 pesantissimo, la mente lontana, lo scrivere, anche solo un piccolo pensiero sulla giornata calcistica, \u00e8 di una difficolt\u00e0 che ad oggi \u00e8 ancora lontana dall'essere superata. Il resto \u00e8 storia o noia, dipende da che parte si vuol vedere, dagli articoli su Gazzetta Fan News al raccontare qualsiasi sport, perch\u00e9 per Fiori ogni sport ha un suo eroe e perch\u00e9 ora, con IspirazioneSportiva.com, sar\u00e0 ancor pi\u00f9 spettacolare dar libero sfogo a qualsiasi ispirazione, come dice il nome e come gli ha insegnato Riccardo Cucchi: \u201cNella vita mai smettere di sognare!\u201d. Anzi, scusate il ritardo! Mail: fcroda@yahoo.it Fb: supermariolemieux pec: francesco.fiori@pecgiornalisti.it\",\"sameAs\":[\"https:\/\/www.facebook.com\/supermariolemieux\/\",\"https:\/\/www.instagram.com\/francescofiori12\/\",\"https:\/\/www.linkedin.com\/in\/francesco-fiori-b45614176\/\",\"https:\/\/twitter.com\/frafiori21\"],\"url\":\"https:\/\/ispirazionesportiva.com\/index.php\/author\/supermariolemieux\/\"}]}<\/script>\n<!-- \/ Yoast SEO plugin. -->","yoast_head_json":{"title":"Il mio mito Lothar Matthaus - IspirazioneSportiva.com","description":"Lothar Matthaus, \u00e8 stato il Re indiscusso del centrocampo nerazzurro e del calcio tedesco, inserito nella Hall Of Fame nerazzurra al primo anno","robots":{"index":"index","follow":"follow","max-snippet":"max-snippet:-1","max-image-preview":"max-image-preview:large","max-video-preview":"max-video-preview:-1"},"canonical":"https:\/\/ispirazionesportiva.com\/index.php\/2021\/03\/21\/il-mio-mito-lothar-matthaus\/","og_locale":"it_IT","og_type":"article","og_title":"Il mio mito Lothar Matthaus - IspirazioneSportiva.com","og_description":"Lothar Matthaus, \u00e8 stato il Re indiscusso del centrocampo nerazzurro e del calcio tedesco, inserito nella Hall Of Fame nerazzurra al primo anno","og_url":"https:\/\/ispirazionesportiva.com\/index.php\/2021\/03\/21\/il-mio-mito-lothar-matthaus\/","og_site_name":"IspirazioneSportiva.com","article_publisher":"https:\/\/www.facebook.com\/search\/top\/?q=ispirazionesportiva.com","article_author":"https:\/\/www.facebook.com\/supermariolemieux\/","article_published_time":"2021-03-21T08:04:00+00:00","article_modified_time":"2023-12-18T10:14:27+00:00","og_image":[{"width":1280,"height":720,"url":"https:\/\/ispirazionesportiva.com\/wp-content\/uploads\/2021\/03\/1-3232.jpg","type":"image\/jpeg"}],"author":"Francesco Fiori","twitter_card":"summary_large_image","twitter_creator":"@frafiori21","twitter_site":"@FraFiori21","twitter_misc":{"Scritto da":"Francesco Fiori","Tempo di lettura stimato":"6 minuti"},"schema":{"@context":"https:\/\/schema.org","@graph":[{"@type":"Article","@id":"https:\/\/ispirazionesportiva.com\/index.php\/2021\/03\/21\/il-mio-mito-lothar-matthaus\/#article","isPartOf":{"@id":"https:\/\/ispirazionesportiva.com\/index.php\/2021\/03\/21\/il-mio-mito-lothar-matthaus\/"},"author":{"name":"Francesco Fiori","@id":"https:\/\/ispirazionesportiva.com\/#\/schema\/person\/7288fdedc9108918baa7bb22bab31fb7"},"headline":"Il mio mito Lothar Matthaus","datePublished":"2021-03-21T08:04:00+00:00","dateModified":"2023-12-18T10:14:27+00:00","mainEntityOfPage":{"@id":"https:\/\/ispirazionesportiva.com\/index.php\/2021\/03\/21\/il-mio-mito-lothar-matthaus\/"},"wordCount":765,"publisher":{"@id":"https:\/\/ispirazionesportiva.com\/#organization"},"articleSection":["Calcio","I miti e le leggende del pallone","L'ArciFiori"],"inLanguage":"it-IT"},{"@type":"WebPage","@id":"https:\/\/ispirazionesportiva.com\/index.php\/2021\/03\/21\/il-mio-mito-lothar-matthaus\/","url":"https:\/\/ispirazionesportiva.com\/index.php\/2021\/03\/21\/il-mio-mito-lothar-matthaus\/","name":"Il mio mito Lothar Matthaus - IspirazioneSportiva.com","isPartOf":{"@id":"https:\/\/ispirazionesportiva.com\/#website"},"datePublished":"2021-03-21T08:04:00+00:00","dateModified":"2023-12-18T10:14:27+00:00","description":"Lothar Matthaus, \u00e8 stato il Re indiscusso del centrocampo nerazzurro e del calcio tedesco, inserito nella Hall Of Fame nerazzurra al primo anno","breadcrumb":{"@id":"https:\/\/ispirazionesportiva.com\/index.php\/2021\/03\/21\/il-mio-mito-lothar-matthaus\/#breadcrumb"},"inLanguage":"it-IT","potentialAction":[{"@type":"ReadAction","target":["https:\/\/ispirazionesportiva.com\/index.php\/2021\/03\/21\/il-mio-mito-lothar-matthaus\/"]}]},{"@type":"BreadcrumbList","@id":"https:\/\/ispirazionesportiva.com\/index.php\/2021\/03\/21\/il-mio-mito-lothar-matthaus\/#breadcrumb","itemListElement":[{"@type":"ListItem","position":1,"name":"Home","item":"https:\/\/ispirazionesportiva.com\/"},{"@type":"ListItem","position":2,"name":"Il mio mito Lothar Matthaus"}]},{"@type":"WebSite","@id":"https:\/\/ispirazionesportiva.com\/#website","url":"https:\/\/ispirazionesportiva.com\/","name":"IspirazioneSportiva.com","description":"Le storie sportive che emozionano","publisher":{"@id":"https:\/\/ispirazionesportiva.com\/#organization"},"potentialAction":[{"@type":"SearchAction","target":{"@type":"EntryPoint","urlTemplate":"https:\/\/ispirazionesportiva.com\/?s={search_term_string}"},"query-input":"required name=search_term_string"}],"inLanguage":"it-IT"},{"@type":"Organization","@id":"https:\/\/ispirazionesportiva.com\/#organization","name":"ispirazionesportiva.com","url":"https:\/\/ispirazionesportiva.com\/","logo":{"@type":"ImageObject","inLanguage":"it-IT","@id":"https:\/\/ispirazionesportiva.com\/#\/schema\/logo\/image\/","url":"https:\/\/ispirazionesportiva.com\/wp-content\/uploads\/2020\/08\/1589964388149.jpg","contentUrl":"https:\/\/ispirazionesportiva.com\/wp-content\/uploads\/2020\/08\/1589964388149.jpg","width":980,"height":600,"caption":"ispirazionesportiva.com"},"image":{"@id":"https:\/\/ispirazionesportiva.com\/#\/schema\/logo\/image\/"},"sameAs":["https:\/\/www.facebook.com\/search\/top\/?q=ispirazionesportiva.com","https:\/\/twitter.com\/FraFiori21","https:\/\/www.instagram.com\/ispirazione_sportiva\/?hl=it","https:\/\/www.linkedin.com\/in\/mario-francesco-fiori-8788ba1b4\/"]},{"@type":"Person","@id":"https:\/\/ispirazionesportiva.com\/#\/schema\/person\/7288fdedc9108918baa7bb22bab31fb7","name":"Francesco Fiori","image":{"@type":"ImageObject","inLanguage":"it-IT","@id":"https:\/\/ispirazionesportiva.com\/#\/schema\/person\/image\/","url":"https:\/\/secure.gravatar.com\/avatar\/beff881b593f312e866653a8c45295843e00b61ce1984ceaacd4e1709e4c1b57?s=96&d=mm&r=g","contentUrl":"https:\/\/secure.gravatar.com\/avatar\/beff881b593f312e866653a8c45295843e00b61ce1984ceaacd4e1709e4c1b57?s=96&d=mm&r=g","caption":"Francesco Fiori"},"description":"Francesco Fiori \u00e8 un giornalista sardo, classe 1983, con la passione per il racconto dello sport. Di tutto lo sport. Aveva 6 anni quando, sicuramente errore o destino, ebbe in regalo una semplice radio, senza pensare alle conseguenze successive del pianeta sportivo. Una domenica, finiti i compiti, giocando con quel mezzo, capt\u00f2 la voce roca di Sandro Ciotti. Aveva appena scoperto l\u2019esistenza di Tutto il calcio minuto per minuto. La prima sfida arriva nella stagione calcistica 90\/91, quando lo zio, incredibile giornalista locale, gli diede come compito raccontare la giornata calcistica appena conclusa. Quel tema, ad appena 7 anni, risult\u00f2 migliore rispetto alle tabelline, mai entrate volentieri in testa. Il premio fu la presenza alla gara di cartello della squadra del suo paese, il Ploaghe, due settimane pi\u00f9 tardi. Destino volle che la morte prese suo zio proprio il mercoled\u00ec prima, innescando in Fiori la voglia di diventare giornalista. A scuola alla domanda \u201cHai solo il calcio in testa?\u201d rispondeva \u201cNo, anche il ciclismo\u201d e gli anni di partite contemporanee la domenica e di Tele +2 col calcio estero crearono un piccolo \u201cpsicopatico sportivo\u201d. Tra gli sport di cui si innamora c\u2019\u00e8 l\u2019hockey americano, soprattutto nella mitologica figura di Mario Lemieux. Poco prima della morte del padre, nel febbraio 2001, Fiori trova su La Gazzetta dello Sport proprio un trafiletto con scritto del ritorno sul ghiaccio di Lemieux dopo aver sconfitto una forma tumorale e un ritiro di 3 anni. Da l\u00ec altra promessa, qualora arrivi la possibilit\u00e0 di scrivere un articolo, questo sar\u00e0 su Lemieux il Magnifico. Diventato ragioniere capisce immediatamente che iva e fatture sono molto pi\u00f9 noiose del previsto e la prima collaborazione col giornale \u201cSa Bovida\u201d gli fanno capire le regole basi del giornalismo, cosa che Fiori ignorava ma che rispettava, chiedendo solo la possibilit\u00e0 di scrivere e far colpo. Chiusa la parentesi Sa Bovida per problemi logistici e di salute dell\u2019immenso Antonio Delitala ecco il primo reale colpo di fulmine, il sito di hockey Nhl Playitusa che non ha un articolo su Lemieux. Il direttore, con una mail che Fiori ancora oggi custodisce, risponde: \u201cBeh, perch\u00e9 non provi a scriverne uno tu?\u201d Il resto \u00e8 la storia scritta al pc dopo averne scritto 5 pagine in un quadernone a quadretti. Un cambio di lavoro, non per sua volont\u00e0, spariglia le carte in tavola, col ragazzo che stando fuori casa tutto il tempo deve abbandonare la scrittura, ma peggio ancora va col primo di 3 ictus che colpiscono la mamma proprio in quel periodo. Tempo al tempo e con un altro cambio di lavoro ecco l\u2019opzione che lo colpisce, scrivere della sua amata Inter sul sito SpazioInter. Gli inizi sono complicati, scrivere secondo le regole e non avere carta bianca lo bloccano un pochino, fino all\u2019esplosione che nel sito si chiama Live. Il Live sarebbe il racconto, minuto per minuto e in contemporanea, della partita in tv e a Fiori tocca esordire con Milan-Inter. Quella sera il divertimento raggiunge le stelle, anzi, le supera e da quel momento l\u2019impegno \u00e8 triplo, con le perle di interviste a Sandro Mazzola (che risate), Gigi Simoni (che gentilezza) e Riccardo Cucchi, suo idolo radiofonico. Il tesserino da giornalista gli fa mantenere la parola data a 6 anni e ancor pi\u00f9 sorprendente \u00e8 la proposta di essere addetto stampa proprio della squadra locale, andare a vedere quelle partite che il destino gli negarono nel 1991. Si chiede spesso se sia il destino a far scherzi oppure se semplicemente la vita va accettata per quella che \u00e8. Il 30 gennaio 2021, dopo un ricovero di un mese con tutte le aggravanti possibili, in ospedale viene a mancare la mamma di Francesco. Il colpo \u00e8 brutale. Il conto \u00e8 pesantissimo, la mente lontana, lo scrivere, anche solo un piccolo pensiero sulla giornata calcistica, \u00e8 di una difficolt\u00e0 che ad oggi \u00e8 ancora lontana dall'essere superata. Il resto \u00e8 storia o noia, dipende da che parte si vuol vedere, dagli articoli su Gazzetta Fan News al raccontare qualsiasi sport, perch\u00e9 per Fiori ogni sport ha un suo eroe e perch\u00e9 ora, con IspirazioneSportiva.com, sar\u00e0 ancor pi\u00f9 spettacolare dar libero sfogo a qualsiasi ispirazione, come dice il nome e come gli ha insegnato Riccardo Cucchi: \u201cNella vita mai smettere di sognare!\u201d. Anzi, scusate il ritardo! Mail: fcroda@yahoo.it Fb: supermariolemieux pec: francesco.fiori@pecgiornalisti.it","sameAs":["https:\/\/www.facebook.com\/supermariolemieux\/","https:\/\/www.instagram.com\/francescofiori12\/","https:\/\/www.linkedin.com\/in\/francesco-fiori-b45614176\/","https:\/\/twitter.com\/frafiori21"],"url":"https:\/\/ispirazionesportiva.com\/index.php\/author\/supermariolemieux\/"}]}},"_links":{"self":[{"href":"https:\/\/ispirazionesportiva.com\/index.php\/wp-json\/wp\/v2\/posts\/1085","targetHints":{"allow":["GET"]}}],"collection":[{"href":"https:\/\/ispirazionesportiva.com\/index.php\/wp-json\/wp\/v2\/posts"}],"about":[{"href":"https:\/\/ispirazionesportiva.com\/index.php\/wp-json\/wp\/v2\/types\/post"}],"author":[{"embeddable":true,"href":"https:\/\/ispirazionesportiva.com\/index.php\/wp-json\/wp\/v2\/users\/4"}],"replies":[{"embeddable":true,"href":"https:\/\/ispirazionesportiva.com\/index.php\/wp-json\/wp\/v2\/comments?post=1085"}],"version-history":[{"count":8,"href":"https:\/\/ispirazionesportiva.com\/index.php\/wp-json\/wp\/v2\/posts\/1085\/revisions"}],"predecessor-version":[{"id":2316,"href":"https:\/\/ispirazionesportiva.com\/index.php\/wp-json\/wp\/v2\/posts\/1085\/revisions\/2316"}],"wp:featuredmedia":[{"embeddable":true,"href":"https:\/\/ispirazionesportiva.com\/index.php\/wp-json\/wp\/v2\/media\/1095"}],"wp:attachment":[{"href":"https:\/\/ispirazionesportiva.com\/index.php\/wp-json\/wp\/v2\/media?parent=1085"}],"wp:term":[{"taxonomy":"category","embeddable":true,"href":"https:\/\/ispirazionesportiva.com\/index.php\/wp-json\/wp\/v2\/categories?post=1085"},{"taxonomy":"post_tag","embeddable":true,"href":"https:\/\/ispirazionesportiva.com\/index.php\/wp-json\/wp\/v2\/tags?post=1085"}],"curies":[{"name":"wp","href":"https:\/\/api.w.org\/{rel}","templated":true}]}}