{"id":1048,"date":"2021-02-28T15:32:00","date_gmt":"2021-02-28T13:32:00","guid":{"rendered":"https:\/\/ispirazionesportiva.com\/?p=1048"},"modified":"2023-12-18T12:17:20","modified_gmt":"2023-12-18T10:17:20","slug":"il-racconto-impossibile-tra-angeli-e-giornalisti","status":"publish","type":"post","link":"https:\/\/ispirazionesportiva.com\/index.php\/2021\/02\/28\/il-racconto-impossibile-tra-angeli-e-giornalisti\/","title":{"rendered":"A mia madre Maria: Il racconto impossibile tra angeli e giornalisti"},"content":{"rendered":"\r\n<blockquote class=\"wp-block-quote is-style-large is-layout-flow wp-block-quote-is-layout-flow\">\r\n<p><strong>\u201cLA VITA NON E\u2019 ASPETTARE CHE PASSI LA TEMPESTA, MA IMPARARE A DANZARE NELLA PIOGGIA\u201d. Dedicato a mia madre.\u00a0\u00a0\u00a0\u00a0\u00a0\u00a0\u00a0\u00a0\u00a0\u00a0\u00a0\u00a0\u00a0\u00a0\u00a0\u00a0\u00a0\u00a0\u00a0\u00a0\u00a0\u00a0<\/strong><\/p>\r\n<\/blockquote>\r\n\r\n\r\n\r\n<p><strong>Il mese del silenzio, del buio e poi del Pirata che ha ispirato questo dialogo<\/strong><\/p>\r\n\r\n\r\n\r\n<p><strong><em>&#8220;Posso?&#8221;<\/em><\/strong> Chiese un giornalista della Sardegna a quel ragazzo dallo sguardo triste.<\/p>\r\n\r\n\r\n\r\n<p><em>&#8220;Teoricamente no, ma i tuoi occhi hanno un qualcosa di simile ai miei,che ti \u00e8 successo?&#8221;<\/em><\/p>\r\n\r\n\r\n\r\n<p><strong><em>&#8220;Vorrei non parlarne subito, lei \u00e8 chi penso che sia? Quel ciclista famoso?&#8221;<\/em><\/strong><\/p>\r\n\r\n\r\n\r\n<p><em>&#8220;Senti, se iniziamo con il dare del lei qua non ci siamo, siediti che ordiniamo qualcosa da bere&#8221;.<\/em><\/p>\r\n\r\n\r\n\r\n<p><strong><em>&#8220;Ok, io prendo una birra, sai, son sardo, abbiamo una certa dimestichezza&#8221;<\/em><\/strong><em>.<\/em><\/p>\r\n\r\n\r\n\r\n<p><em>&#8220;Ah no, io no&#8221; <\/em>disse il ciclista<em>, &#8220;Io corro domani e mi tengo leggero&#8221;.<\/em><\/p>\r\n\r\n\r\n\r\n<p><strong><em>&#8220;Come corri? Ma non sei&#8230; &#8220;<\/em><\/strong> chiese Francesco, il giornalista, ma Marco, il ciclista, lo blocc\u00f2 subito:<\/p>\r\n\r\n\r\n\r\n<p><em>&#8220;Lo so, sono&#8230; ma qua si corre lo stesso, anzi, mi dici come hai fatto ad arrivare qui?&#8221;<\/em><\/p>\r\n\r\n\r\n\r\n<p><strong><em>&#8220;Semplice, \u00e8 un sogno, solo nei sogni posso ora rivedere i miei cari, per\u00f2 prima di rivedere gli occhi di mia madre ho visto te, e non riesco a trovar persona che meglio di te pu\u00f2 darmi una mano a capire, a proseguire questa maledetta salita. Sai, sono pur sempre un tuo semplice tifoso&#8221;.<\/em><\/strong><\/p>\r\n\r\n\r\n\r\n<p><em>&#8220;No, sei una rottura di palle non un tifoso, mi cerchi per ogni cosa, Marco cosa faccio qui, Marco come affronto questa salita, Marco di qua, Marco di l\u00e0, oh, io domani affronto Bartali e Coppi, mica Tom e Jerry&#8221;.<\/em><\/p>\r\n\r\n\r\n\r\n<p>Il giornalista sorride. Ma trema.<\/p>\r\n\r\n\r\n\r\n<p><em>&#8220;Sai piccolo giornalista, qua noi vediamo tutto, vediamo cosa succede, sia le cose belle che quelle brutte. Ci dedichiamo pi\u00f9 a quelle brutte perch\u00e9 restano nella mente pi\u00f9 spesso. E son difficili da superare&#8221;.<\/em><\/p>\r\n\r\n\r\n\r\n<p><strong><em>&#8220;Tu ne sai qualcosa vero?&#8221;<\/em><\/strong><\/p>\r\n\r\n\r\n\r\n<p><em>&#8220;Beh, ti ho fatto sedere in questo tavolino di questo speciale bar perch\u00e9 conosco le tue lacrime. Eh, non eri preparato eh?<\/em> &#8211; disse sorridendo Marco &#8211; <em>&#8220;Non ti aspettavi di piangere cos\u00ec tanto?&#8221;<\/em><\/p>\r\n\r\n\r\n\r\n<p><strong>&#8220;No, sono orgoglioso io&#8221;,<\/strong> disse Francesco, <strong>&#8220;Maledizione se lo sono, quando ho perso mio padre per non dar soddisfazione a nessuno di piangere in chiesa mi son fatto 4 giorni di febbre alta&#8221;<\/strong>.<\/p>\r\n\r\n\r\n\r\n<p><em>&#8220;Ma orgoglioso di che, piangere \u00e8 normale, io l&#8217;ho fatto un giorno che da una macchina un vecchietto mi ha urlato stai a casa, dopato. A me, a me che con questa bici mi son rotto di tutto e di pi\u00f9, ho affrontato la fisioterapia quando il Giro era disegnato era per me e l&#8217;avrei vinto. Ho pianto in quella maledetta salita del Chiunzi quando, vedi tu, un gatto mi prende in pieno&#8221;.<\/em><\/p>\r\n\r\n\r\n\r\n<p><strong>&#8220;Si, lo so, ma poi ti sei rifatto&#8221;<\/strong> replic\u00f2 il giornalista sorseggiando una birra che gli viene recapitata addirittura dalla <strong>Sora Lella<\/strong> che con gentilezza sorrise: <em>&#8220;Anvedi oh, e questo da che pasticcio ariva? Mortacci de Pierino&#8221;<\/em>.<\/p>\r\n\r\n\r\n\r\n<p>Marco interruppe la timida risata all&#8217;espressione della mitica Sora Lella e quasi arrabbiato replic\u00f2: &#8220;<em>Non \u00e8 il fatto di essermi rifatto o no, \u00e8 che ho dato la vita per la bici, mi son privato di tante cose, son stato arrabbiato quando perdevo vedendo porcherie e non ho mai gioito pi\u00f9 di tanto per le vittorie. Poi una volta che cadi davanti ai tranelli non ti rialzi pi\u00f9 e chi se ne frega del trionfo<\/em>&#8220;.<\/p>\r\n\r\n\r\n\r\n<p>Il giornalista rimase senza parole e Marco tent\u00f2 di cambiare discorso chiedendo: <em>&#8220;Tu invece perch\u00e9 sei qui?&#8221;<\/em><\/p>\r\n\r\n\r\n\r\n<p><strong><em>&#8220;Voglio capire&#8221;,<\/em><\/strong> disse Francesco, <strong><em>&#8220;Voglio capire cosa sia l&#8217;accanimento, voglio capire perch\u00e9 succedono cose brutte a persone belle, ho difficolt\u00e0 a credere che realmente esista qualcuno che vegli su di noi se poi quando prendi botte atroci non capisci se vale la pena proseguire&#8221;<\/em><\/strong><em>.<\/em><\/p>\r\n\r\n\r\n\r\n<p><em>&#8220;Ti riferisci al 30 gennaio Franceschino?&#8221;<\/em> con Marco che ormai ha preso in simpatia quel giornalista che all&#8217;esclamazione del Pirata si rovescia un po&#8217; di birra sulla giacca.<\/p>\r\n\r\n\r\n\r\n<p><strong><em>&#8220;Gi\u00e0, quella notte, quel pianto della mia piccola sorellina, quelle parole dei medici, quel vuoto freddo che ho sentito a quelle parole. Perch\u00e9 accanimento sulla mia mamma? Che male aveva fatto?&#8221;.<\/em><\/strong><\/p>\r\n\r\n\r\n\r\n<p><em>&#8220;Sai<\/em> &#8211; si fece serio Marco &#8211; <em>io son qua dal 2004 e ancora non ci ho capito molto. Vedo tante persone famose e non, vedo persone che voglio bene, ad esempio quel vecchio che sfreccia sulla moto carrozzella \u00e8 mio nonno, l&#8217;altra mattina ha quasi investito San Pietro perch\u00e9 era in ritardo per pescare&#8221;.<\/em><\/p>\r\n\r\n\r\n\r\n<p>Un sorriso affior\u00f2 su Francesco: <strong><em>&#8220;Allora Marco in pratica qua ci son tutti? Io ho l&#8217;imbarazzo della scelta allora, sai son giornalista per imitare mio zio&#8221;<\/em><\/strong><\/p>\r\n\r\n\r\n\r\n<p><em>&#8220;Si, che palle anche lui&#8221;,<\/em> disse Marco, <em>&#8220;A me stressano di continuo, di recente ho incrociato anche Gianni Mura che mi ha urlato ciao Pantadattilo e son finito dentro un cespuglio di rose, almeno avevano un bel profumo, qua ci son veramente tutti e tutti al meglio della forma. Pensa, tuo zio ti osserva, ti incasina e poi dice sghignazzando che il nipote si far\u00e0, che non per nulla gli ha fatto entrare in testa le radiocronache di tutto il calcio minuto per minuto, anzi, sai che facciamo ora, vieni un attimo con me che ti faccio vedere una cosa&#8221;<\/em>.<\/p>\r\n\r\n\r\n\r\n<p>\u00a0Il ragazzo viene quasi preso per mano da Marco, che gli intima con l&#8217;indice sulle labbra si osservare con silenzio un tavolino nascosto nel bar degli angeli.<\/p>\r\n\r\n\r\n\r\n<p><em>&#8220;Guarda che silenzio l\u00ec, ci son due persone che giocano a carte, guarda ora quando vince uno come s&#8217;incazza l&#8217;altro, sono uno spasso, hai riconosciuto chi sono?&#8221;<\/em>.<\/p>\r\n\r\n\r\n\r\n<p><strong>&#8220;Certo<\/strong> &#8211; disse Francesco emozionato &#8211; <strong><em>son Ciotti e Ameri, cavolo come sono belli!&#8221;,<\/em><\/strong> ma Marco non era soddisfatto, doveva fare uno scherzo dei suoi: <em>&#8220;Ciotti, scusa Ciotti, son Pantani da Cesenatico&#8230;prrr!&#8221;<\/em> e via una pernacchia che imbarazz\u00f2 la clientela, salvo poi far scattare una risata improvvisa.<\/p>\r\n\r\n\r\n\r\n<p><em>&#8220;Mannaggia a Pantani<\/em> &#8211; disse Ciotti &#8211; <em>ora ho perso il conto con Ameri e mi tocca pagare gli aperitivi. Senti Enrico, paghi tu poi facciamo tutto un conto&#8230; sai non ho portafoglio&#8221;.<\/em> &#8220;<em>E ti pareva<\/em>&#8221; sbuff\u00f2 Ameri, &#8220;<em>E&#8217; sempre cos\u00ec&#8221;<\/em>.<\/p>\r\n\r\n\r\n\r\n<p>Francesco osserv\u00f2 la scena dietro Marco, quasi intimorito dagli sguardi, poi chiese al Pirata di ritornare al tavolino precedentemente occupato.<\/p>\r\n\r\n\r\n\r\n<p><strong><em>&#8220;Scusa Marco, Ciotti e Ameri son s\u00ec i miei miti, ma vorrei parlarci quando sar\u00f2 in forma, non ora&#8221;<\/em><\/strong>.<\/p>\r\n\r\n\r\n\r\n<p><em>&#8220;Si lo so piccolo casinista sardo, tu e le tue domande, tu e la tua fatica di rialzarsi, tu e la paura di non farcela, ma ci sei gi\u00e0 passato o sbaglio?&#8221;.<\/em><\/p>\r\n\r\n\r\n\r\n<p><strong>&#8220;S\u00ec<\/strong> &#8211; con sorriso amaro &#8211; <strong><em>purtroppo s\u00ec, prima mio zio, poi mio padre, poi un grande amico, i nonni, ora mamma, insomma ho una discreta compilation di sfiga&#8221;<\/em><\/strong>.<\/p>\r\n\r\n\r\n\r\n<p><em>&#8220;Ma che sfiga e sfiga pirletto<\/em> &#8211; si mise a ridere Pantani &#8211; <em>qua \u00e8 un po&#8217; come un album di figurine, hai una stella per ogni persona che perdi, hai uno sguardo da qua ai piani bassi ogni volta che respiri, hai un abbraccio ogni volta che il vento ti sfiora, hai un bacio ogni volta che ti acceca il sole, qua noi ci divertiamo. Ti sei mai chiesto perch\u00e9 le foto nelle lapidi sono il pi\u00f9 delle volte serie? Perch\u00e9 mica possiamo farci immortalare mentre ridiamo ai vostri sguardi, ai vostri pensieri, perch\u00e9 spesso ci fate ridere con le vostre seghe mentali, mentre noi sappiamo che tutto alla fine si risolver\u00e0&#8221;.<\/em><\/p>\r\n\r\n\r\n\r\n<p>La conversazione, iniziata in maniera timida e difficoltosa, assume contorni piacevoli.<\/p>\r\n\r\n\r\n\r\n<p><em>&#8220;Senti Francesco, noi non abbiamo modo di sapere sulla terra il perch\u00e9 le cose vanno male, il perch\u00e9 molte volte il dolore segna gli sguardi e le lacrime hanno modo di fare compagnia continua, ma devi anche sapere che come in bici la salita \u00e8 bella alla fine, quando ti accorgi che la tempesta \u00e8 passata e tu neanche sai come, ma anche il salirci non \u00e8 male, quando il dolore ti attanaglia e non ti molla pi\u00f9, poi arriva l&#8217;attimo in cui ti accorgi che tutto \u00e8 passato. Anzi, ti svelo un altro segreto&#8221;<\/em>.<\/p>\r\n\r\n\r\n\r\n<p>Pantani alza la mano e chiama una sorta di kakapo, un pappagallo grasso e discretamente osceno. <em>&#8220;Vedi, questi cosi hanno gi\u00e0 un nome bizzarro, ma sono i portantini del dolore, ogni tanto scendono gi\u00f9 sulla terra, sono invisibili, si attaccano al tuo corpo e sprigionano tristezza. Non puoi farci nulla, ma noi qua invece facciamo cos\u00ec&#8230;&#8221;<\/em><\/p>\r\n\r\n\r\n\r\n<p>Marco ne acchiapp\u00f2 uno, lo prese per la ciccia e url\u00f2: &#8220;<em>Van Basten al tir\u00f2, reteeee!&#8221;<\/em> e con un calcio sped\u00ec il kakapo in un canestro dove un giocatore era intento a provare le schiacciate all&#8217;indietro.<\/p>\r\n\r\n\r\n\r\n<p><em>&#8220;Scusa Kobe<\/em> &#8211; disse Pantani &#8211; <em>facevo vedere ad un amico come si toglie la tristezza di torno&#8221;<\/em>.<\/p>\r\n\r\n\r\n\r\n<p><em>&#8220;Marco hai rotto<\/em> &#8211; disse Kobe &#8211; <em>Domani come esci con la bici e scatti te ne lancio uno addosso&#8221;<\/em> e i due scoppiano a ridere.<\/p>\r\n\r\n\r\n\r\n<p>Il Panta torn\u00f2 serio. Lui che nella sua vita \u00e8 stato solare e burlone fino al 99 ora ha lo sguardo segnato dalla tristezza. <em>&#8220;Mi manca star laggi\u00f9, non posso negarlo, mi manca mandare in confusione la mia mamma Tonina, mi mancano le sue piadine e le sue cuffie che mi faceva a mano per non prendere freddo in bici&#8221;.<\/em><\/p>\r\n\r\n\r\n\r\n<p><strong><em>&#8220;Sai Marco<\/em><\/strong> &#8211; disse Francesco &#8211; <strong><em>tutto sembra lontano, di abbracci con la mia di mamma se ne vedevano poco, bloccata come era da tanti ictus, ma bastavano quegli occhi per calmare tante cose. Sai, per come se n&#8217;\u00e8 andata non l&#8217;ho neanche vista riposare in pace, prenderle la mano, dirle chiss\u00e0 che cosa&#8230; non lo so&#8230; ma dirle qualcosa&#8221;<\/em><\/strong>.<\/p>\r\n\r\n\r\n\r\n<p>I due sorseggiarono amaramente una birra, si guardano in faccia senza proferir parola. Poi Marco sbotta: <em>&#8220;Dai cantiamo!&#8221;.<\/em><\/p>\r\n\r\n\r\n\r\n<p><strong><em>&#8220;Ma sei scemo<\/em><\/strong> &#8211; disse Francesco <em>&#8211; <strong>io non canto mai, forse potrei cantare con un&#8217;altra birra, ma che diamine cantiamo? Ti sembra il posto???<\/strong><\/em><strong>&#8220;<\/strong><\/p>\r\n\r\n\r\n\r\n<p>&#8220;<em>Ogni posto qua \u00e8 l&#8217;ideale per cantare &#8211; <\/em>esclam\u00f2 il romagnolo<em> &#8211; inizio io: A noi che siamo gente di pianura&#8230;navigatori esperti di citt\u00e0&#8230;il mare ci fa sempre un po&#8217; paura&#8230;per quell&#8217;idea di troppa libert\u00e0. Eppure abbiamo il sale nei capelli&#8230;del mare abbiamo le profondit\u00e0&#8230;e donne infreddolite negli scialli&#8230;aspettano che cosa, non si sa&#8230;Gente di mare&#8230;che se ne va&#8230;dove gli pare&#8230;dove non sa&#8230;&#8221;<\/em><\/p>\r\n\r\n\r\n\r\n<p>Spettacolo puro, Marco sembra un&#8217;unica cosa con la canzone che tanto amava, con il tavolino di Ciotti e Ameri che lamenta prima il chiasso, poi per\u00f2 \u00e8 proprio Sandro a prender il microfono, cantar qualcosa e poi incitare anche Francesco. <em>&#8220;Forza testa di giornalista, facci vedere che sai fare!&#8221;<\/em><\/p>\r\n\r\n\r\n\r\n<p><strong><em>&#8220;E quando mi ricapita esser sfidato al microfono<\/em><\/strong> &#8211; pens\u00f2 il giovane &#8211; <strong><em>ma che canto? A mia madre piaceva il volo, nella canzone che pi\u00f9 o meno dice: Chiudo gli occhi e penso a lei&#8230; il profumo dolce della pelle sua&#8230; \u00e8 una voce dentro che mi sta portando dove nasce il sole&#8230; sole sono le parole&#8230; ma se vanno scritte tutto pu\u00f2 cambiare&#8230;senza pi\u00f9 timore te lo voglio urlare questo grande amore&#8230; &#8220;<\/em><\/strong>.<\/p>\r\n\r\n\r\n\r\n<p>Non convince proprio nessuno Francesco al microfono, anzi Marco gli fa una pernacchia, gli da una pacca sulla spalle e gli dice: <em>&#8220;Dai, canta veramente quella che ascolti in questi giorni!&#8221;.<\/em><\/p>\r\n\r\n\r\n\r\n<p>Mannaggia, loro lass\u00f9 tutto sanno e tutto vedono.<\/p>\r\n\r\n\r\n\r\n<p>&#8220;<strong><em>No, Marco, non la canto, mi scrivo direttamente le parole per ogni mio buongiorno, per il buongiorno di chiunque pensa che non abbia motivo per aprire gli occhi e iniziare una nuova giornata&#8230;anzi, Marco, cantala con me, poi decidiamo a chi dedicarla&#8221;.<\/em><\/strong><\/p>\r\n\r\n\r\n\r\n<p><strong><em>&#8220;Se sei a terra non strisciare mai, se ti diranno sei finito, non ci credere. Devi contare solo su di te, uno su mille ce la fa&#8230;ma quanto \u00e8 dura la salita, in gioco c&#8217;\u00e8 la vita&#8230;il passato non potr\u00e0 tornare uguale&#8230;forse meglio&#8230;perch\u00e9 no&#8230;tu che ne sai&#8230;non hai mai creduto in me&#8230;ma dovrai cambiare idea&#8230;la vita \u00e8 come la marea&#8230;ti porta in secca o in alto mare&#8230;come la luna va&#8230; Non ho barato n\u00e9 bluffato mai&#8230;e questa sera ho messo a nudo la mia anima&#8230;ho perso tutto ma ho ritrovato me&#8230;uno su mille ce la fa&#8230;ma quanto \u00e8 dura la salita&#8230;!&#8221;<\/em><\/strong><\/p>\r\n\r\n\r\n\r\n<p>I due, abbracciati cantando a squarciagola, dimenticano tutto, le ansie, le fregature, la tristezza, si guardano in faccia e ridono. Nessun accenno a Madonna di Campiglio, ne a quel triste San Valentino. Ne hanno gi\u00e0 scritto e parlato tanti, ora sono solo due anime che fanno forza uno all&#8217;altro, ben sapendo che il traguardo di fine salita \u00e8 ancora lontano dall&#8217;esser raggiunto.<\/p>\r\n\r\n\r\n\r\n<p><strong><em>&#8220;Marco devo andare, mi hai appena ricordato che laggi\u00f9 ho ancora parecchie persone da far sorridere, per\u00f2 ti ringrazio, mi ha fatto bene parlare con te, mi toccher\u00e0 pensarti pi\u00f9 intensamente quando riprender\u00f2 la bici.&#8221;<\/em><\/strong><\/p>\r\n\r\n\r\n\r\n<p><em>&#8220;Ok<\/em> &#8211; disse Marco &#8211; <em>io ho due o tre cose da far qui, prima sfido Coppi, poi faccio arrabbiare Bartali e se capita sfreccio davanti a quell&#8217;Ayrton che \u00e8 sempre triste ma che quando mi vede sorride e canta con me. Sappi una cosa, il Pirata non si ferma mai, perch\u00e9 quando scatto e la salita ha il sapore del trionfo della vittoria, guarda che succede&#8230; &#8220;<\/em><\/p>\r\n\r\n\r\n\r\n<p>Di botto, ecco una voce celestiale, un eco inconfondibile: <em>&#8220;Scaaaatttooo di Pantani&#8230; eccoooooo&#8221;<\/em> e appena Marco sale sui pedali \u00e8 Dezan a colmare quel silenzio.<\/p>\r\n\r\n\r\n\r\n<p>I due si strinsero in un abbraccio quasi soffocante. Per orgoglio, entrambi con occhi lucidi, fecero finta di nulla.<\/p>\r\n\r\n\r\n\r\n<p>&#8220;<em>Ah&#8230;piuttosto&#8230;Francesco a te piace il calcio giusto&#8230;sai che quest&#8217;anno lo scudetto lo vince&#8230;&#8221;<\/em><\/p>\r\n\r\n\r\n\r\n<p><strong><em>&#8220;No no no&#8230;taci Marco e che diamine&#8230;non si anticipa mai nulla&#8221;<\/em> rispose il giornalista sorridendo.<\/strong><\/p>\r\n\r\n\r\n\r\n<p>Le risate spezzarono quell&#8217;incontro, le birre furono messe sul conto di Ciotti che poi di rimando le lasci\u00f2 ad Ameri. La luce inizi\u00f2 a diradarsi, l&#8217;aria che inizio a profumare di primavera fece il resto. Il Pirata e il Giornalista si salutarono con un occhiolino, con le nuove promesse da mantenere.<\/p>\r\n\r\n\r\n\r\n<p>Rischi\u00f2 quasi di essere investito da un altro romagnolo che, inseguendo una Ferrari col nome Gilles, tutto spettinato si sente: <em>&#8220;Sta arrivando Gresini, diob\u00f2, e non ho ancora la pole position su Kato&#8221;<\/em>. Era il Sic che creava scompiglio tra gli angeli.<\/p>\r\n\r\n\r\n\r\n<p>Francesco ritorn\u00f2 ai suoi pensieri, la mamma, da dietro un roseto, aveva osservato e ascoltato tutto il discorso, non si fece vedere, sarebbe stato troppo presto e tenendo per mano il marito sorrise, mandando il bacio pi\u00f9 tenero del mondo.<\/p>\r\n\r\n\r\n\r\n<figure class=\"wp-block-image size-large\"><img loading=\"lazy\" decoding=\"async\" width=\"482\" height=\"432\" class=\"wp-image-1050\" src=\"https:\/\/ispirazionesportiva.com\/wp-content\/uploads\/2021\/02\/cielo-e-cuore.jpg\" alt=\"\" srcset=\"https:\/\/ispirazionesportiva.com\/wp-content\/uploads\/2021\/02\/cielo-e-cuore.jpg 482w, https:\/\/ispirazionesportiva.com\/wp-content\/uploads\/2021\/02\/cielo-e-cuore-300x269.jpg 300w\" sizes=\"auto, (max-width: 482px) 100vw, 482px\" \/><\/figure>\r\n\r\n\r\n\r\n<figure class=\"wp-block-image size-large\"><img loading=\"lazy\" decoding=\"async\" width=\"450\" height=\"250\" class=\"wp-image-1051\" src=\"https:\/\/ispirazionesportiva.com\/wp-content\/uploads\/2021\/02\/450-250-gis-emilia-ciclismo-marco-pantani-memorial.jpg\" alt=\"\" srcset=\"https:\/\/ispirazionesportiva.com\/wp-content\/uploads\/2021\/02\/450-250-gis-emilia-ciclismo-marco-pantani-memorial.jpg 450w, https:\/\/ispirazionesportiva.com\/wp-content\/uploads\/2021\/02\/450-250-gis-emilia-ciclismo-marco-pantani-memorial-300x167.jpg 300w\" sizes=\"auto, (max-width: 450px) 100vw, 450px\" \/><\/figure>\r\n","protected":false},"excerpt":{"rendered":"<p>\u201cLA VITA NON E\u2019 ASPETTARE CHE PASSI LA TEMPESTA, MA IMPARARE A DANZARE NELLA PIOGGIA\u201d&#8230;.<\/p>\n","protected":false},"author":4,"featured_media":1050,"comment_status":"closed","ping_status":"closed","sticky":true,"template":"","format":"standard","meta":{"footnotes":""},"categories":[6,125,11],"tags":[46],"class_list":["post-1048","post","type-post","status-publish","format-standard","has-post-thumbnail","hentry","category-ciclismo","category-larcifiori","category-mi-alzo-sui-pedali","tag-pantani"],"yoast_head":"<!-- This site is optimized with the Yoast SEO plugin v21.9 - https:\/\/yoast.com\/wordpress\/plugins\/seo\/ -->\n<title>A mia madre Maria: Il racconto impossibile tra angeli e giornalisti - IspirazioneSportiva.com<\/title>\n<meta name=\"description\" content=\"Francesco \u00e8 un giornalista che subisce un grave lutto. Non sa con chi parlarne e gli viene in mente il suo ciclista preferito\" \/>\n<meta name=\"robots\" content=\"index, follow, max-snippet:-1, max-image-preview:large, max-video-preview:-1\" \/>\n<link rel=\"canonical\" href=\"https:\/\/ispirazionesportiva.com\/index.php\/2021\/02\/28\/il-racconto-impossibile-tra-angeli-e-giornalisti\/\" \/>\n<meta property=\"og:locale\" content=\"it_IT\" \/>\n<meta property=\"og:type\" content=\"article\" \/>\n<meta property=\"og:title\" content=\"A mia madre Maria: Il racconto impossibile tra angeli e giornalisti - IspirazioneSportiva.com\" \/>\n<meta property=\"og:description\" content=\"Francesco \u00e8 un giornalista che subisce un grave lutto. Non sa con chi parlarne e gli viene in mente il suo ciclista preferito\" \/>\n<meta property=\"og:url\" content=\"https:\/\/ispirazionesportiva.com\/index.php\/2021\/02\/28\/il-racconto-impossibile-tra-angeli-e-giornalisti\/\" \/>\n<meta property=\"og:site_name\" content=\"IspirazioneSportiva.com\" \/>\n<meta property=\"article:publisher\" content=\"https:\/\/www.facebook.com\/search\/top\/?q=ispirazionesportiva.com\" \/>\n<meta property=\"article:author\" content=\"https:\/\/www.facebook.com\/supermariolemieux\/\" \/>\n<meta property=\"article:published_time\" content=\"2021-02-28T13:32:00+00:00\" \/>\n<meta property=\"article:modified_time\" content=\"2023-12-18T10:17:20+00:00\" \/>\n<meta property=\"og:image\" content=\"https:\/\/ispirazionesportiva.com\/wp-content\/uploads\/2021\/02\/cielo-e-cuore.jpg\" \/>\n\t<meta property=\"og:image:width\" content=\"482\" \/>\n\t<meta property=\"og:image:height\" content=\"432\" \/>\n\t<meta property=\"og:image:type\" content=\"image\/jpeg\" \/>\n<meta name=\"author\" content=\"Francesco Fiori\" \/>\n<meta name=\"twitter:card\" content=\"summary_large_image\" \/>\n<meta name=\"twitter:creator\" content=\"@frafiori21\" \/>\n<meta name=\"twitter:site\" content=\"@FraFiori21\" \/>\n<meta name=\"twitter:label1\" content=\"Scritto da\" \/>\n\t<meta name=\"twitter:data1\" content=\"Francesco Fiori\" \/>\n\t<meta name=\"twitter:label2\" content=\"Tempo di lettura stimato\" \/>\n\t<meta name=\"twitter:data2\" content=\"13 minuti\" \/>\n<script type=\"application\/ld+json\" class=\"yoast-schema-graph\">{\"@context\":\"https:\/\/schema.org\",\"@graph\":[{\"@type\":\"Article\",\"@id\":\"https:\/\/ispirazionesportiva.com\/index.php\/2021\/02\/28\/il-racconto-impossibile-tra-angeli-e-giornalisti\/#article\",\"isPartOf\":{\"@id\":\"https:\/\/ispirazionesportiva.com\/index.php\/2021\/02\/28\/il-racconto-impossibile-tra-angeli-e-giornalisti\/\"},\"author\":{\"name\":\"Francesco Fiori\",\"@id\":\"https:\/\/ispirazionesportiva.com\/#\/schema\/person\/7288fdedc9108918baa7bb22bab31fb7\"},\"headline\":\"A mia madre Maria: Il racconto impossibile tra angeli e giornalisti\",\"datePublished\":\"2021-02-28T13:32:00+00:00\",\"dateModified\":\"2023-12-18T10:17:20+00:00\",\"mainEntityOfPage\":{\"@id\":\"https:\/\/ispirazionesportiva.com\/index.php\/2021\/02\/28\/il-racconto-impossibile-tra-angeli-e-giornalisti\/\"},\"wordCount\":2359,\"publisher\":{\"@id\":\"https:\/\/ispirazionesportiva.com\/#organization\"},\"keywords\":[\"Pantani\"],\"articleSection\":[\"Ciclismo\",\"L'ArciFiori\",\"Mi alzo sui pedali\"],\"inLanguage\":\"it-IT\"},{\"@type\":\"WebPage\",\"@id\":\"https:\/\/ispirazionesportiva.com\/index.php\/2021\/02\/28\/il-racconto-impossibile-tra-angeli-e-giornalisti\/\",\"url\":\"https:\/\/ispirazionesportiva.com\/index.php\/2021\/02\/28\/il-racconto-impossibile-tra-angeli-e-giornalisti\/\",\"name\":\"A mia madre Maria: Il racconto impossibile tra angeli e giornalisti - IspirazioneSportiva.com\",\"isPartOf\":{\"@id\":\"https:\/\/ispirazionesportiva.com\/#website\"},\"datePublished\":\"2021-02-28T13:32:00+00:00\",\"dateModified\":\"2023-12-18T10:17:20+00:00\",\"description\":\"Francesco \u00e8 un giornalista che subisce un grave lutto. Non sa con chi parlarne e gli viene in mente il suo ciclista preferito\",\"breadcrumb\":{\"@id\":\"https:\/\/ispirazionesportiva.com\/index.php\/2021\/02\/28\/il-racconto-impossibile-tra-angeli-e-giornalisti\/#breadcrumb\"},\"inLanguage\":\"it-IT\",\"potentialAction\":[{\"@type\":\"ReadAction\",\"target\":[\"https:\/\/ispirazionesportiva.com\/index.php\/2021\/02\/28\/il-racconto-impossibile-tra-angeli-e-giornalisti\/\"]}]},{\"@type\":\"BreadcrumbList\",\"@id\":\"https:\/\/ispirazionesportiva.com\/index.php\/2021\/02\/28\/il-racconto-impossibile-tra-angeli-e-giornalisti\/#breadcrumb\",\"itemListElement\":[{\"@type\":\"ListItem\",\"position\":1,\"name\":\"Home\",\"item\":\"https:\/\/ispirazionesportiva.com\/\"},{\"@type\":\"ListItem\",\"position\":2,\"name\":\"A mia madre Maria: Il racconto impossibile tra angeli e giornalisti\"}]},{\"@type\":\"WebSite\",\"@id\":\"https:\/\/ispirazionesportiva.com\/#website\",\"url\":\"https:\/\/ispirazionesportiva.com\/\",\"name\":\"IspirazioneSportiva.com\",\"description\":\"Le storie sportive che emozionano\",\"publisher\":{\"@id\":\"https:\/\/ispirazionesportiva.com\/#organization\"},\"potentialAction\":[{\"@type\":\"SearchAction\",\"target\":{\"@type\":\"EntryPoint\",\"urlTemplate\":\"https:\/\/ispirazionesportiva.com\/?s={search_term_string}\"},\"query-input\":\"required name=search_term_string\"}],\"inLanguage\":\"it-IT\"},{\"@type\":\"Organization\",\"@id\":\"https:\/\/ispirazionesportiva.com\/#organization\",\"name\":\"ispirazionesportiva.com\",\"url\":\"https:\/\/ispirazionesportiva.com\/\",\"logo\":{\"@type\":\"ImageObject\",\"inLanguage\":\"it-IT\",\"@id\":\"https:\/\/ispirazionesportiva.com\/#\/schema\/logo\/image\/\",\"url\":\"https:\/\/ispirazionesportiva.com\/wp-content\/uploads\/2020\/08\/1589964388149.jpg\",\"contentUrl\":\"https:\/\/ispirazionesportiva.com\/wp-content\/uploads\/2020\/08\/1589964388149.jpg\",\"width\":980,\"height\":600,\"caption\":\"ispirazionesportiva.com\"},\"image\":{\"@id\":\"https:\/\/ispirazionesportiva.com\/#\/schema\/logo\/image\/\"},\"sameAs\":[\"https:\/\/www.facebook.com\/search\/top\/?q=ispirazionesportiva.com\",\"https:\/\/twitter.com\/FraFiori21\",\"https:\/\/www.instagram.com\/ispirazione_sportiva\/?hl=it\",\"https:\/\/www.linkedin.com\/in\/mario-francesco-fiori-8788ba1b4\/\"]},{\"@type\":\"Person\",\"@id\":\"https:\/\/ispirazionesportiva.com\/#\/schema\/person\/7288fdedc9108918baa7bb22bab31fb7\",\"name\":\"Francesco Fiori\",\"image\":{\"@type\":\"ImageObject\",\"inLanguage\":\"it-IT\",\"@id\":\"https:\/\/ispirazionesportiva.com\/#\/schema\/person\/image\/\",\"url\":\"https:\/\/secure.gravatar.com\/avatar\/beff881b593f312e866653a8c45295843e00b61ce1984ceaacd4e1709e4c1b57?s=96&d=mm&r=g\",\"contentUrl\":\"https:\/\/secure.gravatar.com\/avatar\/beff881b593f312e866653a8c45295843e00b61ce1984ceaacd4e1709e4c1b57?s=96&d=mm&r=g\",\"caption\":\"Francesco Fiori\"},\"description\":\"Francesco Fiori \u00e8 un giornalista sardo, classe 1983, con la passione per il racconto dello sport. Di tutto lo sport. Aveva 6 anni quando, sicuramente errore o destino, ebbe in regalo una semplice radio, senza pensare alle conseguenze successive del pianeta sportivo. Una domenica, finiti i compiti, giocando con quel mezzo, capt\u00f2 la voce roca di Sandro Ciotti. Aveva appena scoperto l\u2019esistenza di Tutto il calcio minuto per minuto. La prima sfida arriva nella stagione calcistica 90\/91, quando lo zio, incredibile giornalista locale, gli diede come compito raccontare la giornata calcistica appena conclusa. Quel tema, ad appena 7 anni, risult\u00f2 migliore rispetto alle tabelline, mai entrate volentieri in testa. Il premio fu la presenza alla gara di cartello della squadra del suo paese, il Ploaghe, due settimane pi\u00f9 tardi. Destino volle che la morte prese suo zio proprio il mercoled\u00ec prima, innescando in Fiori la voglia di diventare giornalista. A scuola alla domanda \u201cHai solo il calcio in testa?\u201d rispondeva \u201cNo, anche il ciclismo\u201d e gli anni di partite contemporanee la domenica e di Tele +2 col calcio estero crearono un piccolo \u201cpsicopatico sportivo\u201d. Tra gli sport di cui si innamora c\u2019\u00e8 l\u2019hockey americano, soprattutto nella mitologica figura di Mario Lemieux. Poco prima della morte del padre, nel febbraio 2001, Fiori trova su La Gazzetta dello Sport proprio un trafiletto con scritto del ritorno sul ghiaccio di Lemieux dopo aver sconfitto una forma tumorale e un ritiro di 3 anni. Da l\u00ec altra promessa, qualora arrivi la possibilit\u00e0 di scrivere un articolo, questo sar\u00e0 su Lemieux il Magnifico. Diventato ragioniere capisce immediatamente che iva e fatture sono molto pi\u00f9 noiose del previsto e la prima collaborazione col giornale \u201cSa Bovida\u201d gli fanno capire le regole basi del giornalismo, cosa che Fiori ignorava ma che rispettava, chiedendo solo la possibilit\u00e0 di scrivere e far colpo. Chiusa la parentesi Sa Bovida per problemi logistici e di salute dell\u2019immenso Antonio Delitala ecco il primo reale colpo di fulmine, il sito di hockey Nhl Playitusa che non ha un articolo su Lemieux. Il direttore, con una mail che Fiori ancora oggi custodisce, risponde: \u201cBeh, perch\u00e9 non provi a scriverne uno tu?\u201d Il resto \u00e8 la storia scritta al pc dopo averne scritto 5 pagine in un quadernone a quadretti. Un cambio di lavoro, non per sua volont\u00e0, spariglia le carte in tavola, col ragazzo che stando fuori casa tutto il tempo deve abbandonare la scrittura, ma peggio ancora va col primo di 3 ictus che colpiscono la mamma proprio in quel periodo. Tempo al tempo e con un altro cambio di lavoro ecco l\u2019opzione che lo colpisce, scrivere della sua amata Inter sul sito SpazioInter. Gli inizi sono complicati, scrivere secondo le regole e non avere carta bianca lo bloccano un pochino, fino all\u2019esplosione che nel sito si chiama Live. Il Live sarebbe il racconto, minuto per minuto e in contemporanea, della partita in tv e a Fiori tocca esordire con Milan-Inter. Quella sera il divertimento raggiunge le stelle, anzi, le supera e da quel momento l\u2019impegno \u00e8 triplo, con le perle di interviste a Sandro Mazzola (che risate), Gigi Simoni (che gentilezza) e Riccardo Cucchi, suo idolo radiofonico. Il tesserino da giornalista gli fa mantenere la parola data a 6 anni e ancor pi\u00f9 sorprendente \u00e8 la proposta di essere addetto stampa proprio della squadra locale, andare a vedere quelle partite che il destino gli negarono nel 1991. Si chiede spesso se sia il destino a far scherzi oppure se semplicemente la vita va accettata per quella che \u00e8. Il 30 gennaio 2021, dopo un ricovero di un mese con tutte le aggravanti possibili, in ospedale viene a mancare la mamma di Francesco. Il colpo \u00e8 brutale. Il conto \u00e8 pesantissimo, la mente lontana, lo scrivere, anche solo un piccolo pensiero sulla giornata calcistica, \u00e8 di una difficolt\u00e0 che ad oggi \u00e8 ancora lontana dall'essere superata. Il resto \u00e8 storia o noia, dipende da che parte si vuol vedere, dagli articoli su Gazzetta Fan News al raccontare qualsiasi sport, perch\u00e9 per Fiori ogni sport ha un suo eroe e perch\u00e9 ora, con IspirazioneSportiva.com, sar\u00e0 ancor pi\u00f9 spettacolare dar libero sfogo a qualsiasi ispirazione, come dice il nome e come gli ha insegnato Riccardo Cucchi: \u201cNella vita mai smettere di sognare!\u201d. Anzi, scusate il ritardo! Mail: fcroda@yahoo.it Fb: supermariolemieux pec: francesco.fiori@pecgiornalisti.it\",\"sameAs\":[\"https:\/\/www.facebook.com\/supermariolemieux\/\",\"https:\/\/www.instagram.com\/francescofiori12\/\",\"https:\/\/www.linkedin.com\/in\/francesco-fiori-b45614176\/\",\"https:\/\/twitter.com\/frafiori21\"],\"url\":\"https:\/\/ispirazionesportiva.com\/index.php\/author\/supermariolemieux\/\"}]}<\/script>\n<!-- \/ Yoast SEO plugin. -->","yoast_head_json":{"title":"A mia madre Maria: Il racconto impossibile tra angeli e giornalisti - IspirazioneSportiva.com","description":"Francesco \u00e8 un giornalista che subisce un grave lutto. Non sa con chi parlarne e gli viene in mente il suo ciclista preferito","robots":{"index":"index","follow":"follow","max-snippet":"max-snippet:-1","max-image-preview":"max-image-preview:large","max-video-preview":"max-video-preview:-1"},"canonical":"https:\/\/ispirazionesportiva.com\/index.php\/2021\/02\/28\/il-racconto-impossibile-tra-angeli-e-giornalisti\/","og_locale":"it_IT","og_type":"article","og_title":"A mia madre Maria: Il racconto impossibile tra angeli e giornalisti - IspirazioneSportiva.com","og_description":"Francesco \u00e8 un giornalista che subisce un grave lutto. Non sa con chi parlarne e gli viene in mente il suo ciclista preferito","og_url":"https:\/\/ispirazionesportiva.com\/index.php\/2021\/02\/28\/il-racconto-impossibile-tra-angeli-e-giornalisti\/","og_site_name":"IspirazioneSportiva.com","article_publisher":"https:\/\/www.facebook.com\/search\/top\/?q=ispirazionesportiva.com","article_author":"https:\/\/www.facebook.com\/supermariolemieux\/","article_published_time":"2021-02-28T13:32:00+00:00","article_modified_time":"2023-12-18T10:17:20+00:00","og_image":[{"width":482,"height":432,"url":"https:\/\/ispirazionesportiva.com\/wp-content\/uploads\/2021\/02\/cielo-e-cuore.jpg","type":"image\/jpeg"}],"author":"Francesco Fiori","twitter_card":"summary_large_image","twitter_creator":"@frafiori21","twitter_site":"@FraFiori21","twitter_misc":{"Scritto da":"Francesco Fiori","Tempo di lettura stimato":"13 minuti"},"schema":{"@context":"https:\/\/schema.org","@graph":[{"@type":"Article","@id":"https:\/\/ispirazionesportiva.com\/index.php\/2021\/02\/28\/il-racconto-impossibile-tra-angeli-e-giornalisti\/#article","isPartOf":{"@id":"https:\/\/ispirazionesportiva.com\/index.php\/2021\/02\/28\/il-racconto-impossibile-tra-angeli-e-giornalisti\/"},"author":{"name":"Francesco Fiori","@id":"https:\/\/ispirazionesportiva.com\/#\/schema\/person\/7288fdedc9108918baa7bb22bab31fb7"},"headline":"A mia madre Maria: Il racconto impossibile tra angeli e giornalisti","datePublished":"2021-02-28T13:32:00+00:00","dateModified":"2023-12-18T10:17:20+00:00","mainEntityOfPage":{"@id":"https:\/\/ispirazionesportiva.com\/index.php\/2021\/02\/28\/il-racconto-impossibile-tra-angeli-e-giornalisti\/"},"wordCount":2359,"publisher":{"@id":"https:\/\/ispirazionesportiva.com\/#organization"},"keywords":["Pantani"],"articleSection":["Ciclismo","L'ArciFiori","Mi alzo sui pedali"],"inLanguage":"it-IT"},{"@type":"WebPage","@id":"https:\/\/ispirazionesportiva.com\/index.php\/2021\/02\/28\/il-racconto-impossibile-tra-angeli-e-giornalisti\/","url":"https:\/\/ispirazionesportiva.com\/index.php\/2021\/02\/28\/il-racconto-impossibile-tra-angeli-e-giornalisti\/","name":"A mia madre Maria: Il racconto impossibile tra angeli e giornalisti - IspirazioneSportiva.com","isPartOf":{"@id":"https:\/\/ispirazionesportiva.com\/#website"},"datePublished":"2021-02-28T13:32:00+00:00","dateModified":"2023-12-18T10:17:20+00:00","description":"Francesco \u00e8 un giornalista che subisce un grave lutto. Non sa con chi parlarne e gli viene in mente il suo ciclista preferito","breadcrumb":{"@id":"https:\/\/ispirazionesportiva.com\/index.php\/2021\/02\/28\/il-racconto-impossibile-tra-angeli-e-giornalisti\/#breadcrumb"},"inLanguage":"it-IT","potentialAction":[{"@type":"ReadAction","target":["https:\/\/ispirazionesportiva.com\/index.php\/2021\/02\/28\/il-racconto-impossibile-tra-angeli-e-giornalisti\/"]}]},{"@type":"BreadcrumbList","@id":"https:\/\/ispirazionesportiva.com\/index.php\/2021\/02\/28\/il-racconto-impossibile-tra-angeli-e-giornalisti\/#breadcrumb","itemListElement":[{"@type":"ListItem","position":1,"name":"Home","item":"https:\/\/ispirazionesportiva.com\/"},{"@type":"ListItem","position":2,"name":"A mia madre Maria: Il racconto impossibile tra angeli e giornalisti"}]},{"@type":"WebSite","@id":"https:\/\/ispirazionesportiva.com\/#website","url":"https:\/\/ispirazionesportiva.com\/","name":"IspirazioneSportiva.com","description":"Le storie sportive che emozionano","publisher":{"@id":"https:\/\/ispirazionesportiva.com\/#organization"},"potentialAction":[{"@type":"SearchAction","target":{"@type":"EntryPoint","urlTemplate":"https:\/\/ispirazionesportiva.com\/?s={search_term_string}"},"query-input":"required name=search_term_string"}],"inLanguage":"it-IT"},{"@type":"Organization","@id":"https:\/\/ispirazionesportiva.com\/#organization","name":"ispirazionesportiva.com","url":"https:\/\/ispirazionesportiva.com\/","logo":{"@type":"ImageObject","inLanguage":"it-IT","@id":"https:\/\/ispirazionesportiva.com\/#\/schema\/logo\/image\/","url":"https:\/\/ispirazionesportiva.com\/wp-content\/uploads\/2020\/08\/1589964388149.jpg","contentUrl":"https:\/\/ispirazionesportiva.com\/wp-content\/uploads\/2020\/08\/1589964388149.jpg","width":980,"height":600,"caption":"ispirazionesportiva.com"},"image":{"@id":"https:\/\/ispirazionesportiva.com\/#\/schema\/logo\/image\/"},"sameAs":["https:\/\/www.facebook.com\/search\/top\/?q=ispirazionesportiva.com","https:\/\/twitter.com\/FraFiori21","https:\/\/www.instagram.com\/ispirazione_sportiva\/?hl=it","https:\/\/www.linkedin.com\/in\/mario-francesco-fiori-8788ba1b4\/"]},{"@type":"Person","@id":"https:\/\/ispirazionesportiva.com\/#\/schema\/person\/7288fdedc9108918baa7bb22bab31fb7","name":"Francesco Fiori","image":{"@type":"ImageObject","inLanguage":"it-IT","@id":"https:\/\/ispirazionesportiva.com\/#\/schema\/person\/image\/","url":"https:\/\/secure.gravatar.com\/avatar\/beff881b593f312e866653a8c45295843e00b61ce1984ceaacd4e1709e4c1b57?s=96&d=mm&r=g","contentUrl":"https:\/\/secure.gravatar.com\/avatar\/beff881b593f312e866653a8c45295843e00b61ce1984ceaacd4e1709e4c1b57?s=96&d=mm&r=g","caption":"Francesco Fiori"},"description":"Francesco Fiori \u00e8 un giornalista sardo, classe 1983, con la passione per il racconto dello sport. Di tutto lo sport. Aveva 6 anni quando, sicuramente errore o destino, ebbe in regalo una semplice radio, senza pensare alle conseguenze successive del pianeta sportivo. Una domenica, finiti i compiti, giocando con quel mezzo, capt\u00f2 la voce roca di Sandro Ciotti. Aveva appena scoperto l\u2019esistenza di Tutto il calcio minuto per minuto. La prima sfida arriva nella stagione calcistica 90\/91, quando lo zio, incredibile giornalista locale, gli diede come compito raccontare la giornata calcistica appena conclusa. Quel tema, ad appena 7 anni, risult\u00f2 migliore rispetto alle tabelline, mai entrate volentieri in testa. Il premio fu la presenza alla gara di cartello della squadra del suo paese, il Ploaghe, due settimane pi\u00f9 tardi. Destino volle che la morte prese suo zio proprio il mercoled\u00ec prima, innescando in Fiori la voglia di diventare giornalista. A scuola alla domanda \u201cHai solo il calcio in testa?\u201d rispondeva \u201cNo, anche il ciclismo\u201d e gli anni di partite contemporanee la domenica e di Tele +2 col calcio estero crearono un piccolo \u201cpsicopatico sportivo\u201d. Tra gli sport di cui si innamora c\u2019\u00e8 l\u2019hockey americano, soprattutto nella mitologica figura di Mario Lemieux. Poco prima della morte del padre, nel febbraio 2001, Fiori trova su La Gazzetta dello Sport proprio un trafiletto con scritto del ritorno sul ghiaccio di Lemieux dopo aver sconfitto una forma tumorale e un ritiro di 3 anni. Da l\u00ec altra promessa, qualora arrivi la possibilit\u00e0 di scrivere un articolo, questo sar\u00e0 su Lemieux il Magnifico. Diventato ragioniere capisce immediatamente che iva e fatture sono molto pi\u00f9 noiose del previsto e la prima collaborazione col giornale \u201cSa Bovida\u201d gli fanno capire le regole basi del giornalismo, cosa che Fiori ignorava ma che rispettava, chiedendo solo la possibilit\u00e0 di scrivere e far colpo. Chiusa la parentesi Sa Bovida per problemi logistici e di salute dell\u2019immenso Antonio Delitala ecco il primo reale colpo di fulmine, il sito di hockey Nhl Playitusa che non ha un articolo su Lemieux. Il direttore, con una mail che Fiori ancora oggi custodisce, risponde: \u201cBeh, perch\u00e9 non provi a scriverne uno tu?\u201d Il resto \u00e8 la storia scritta al pc dopo averne scritto 5 pagine in un quadernone a quadretti. Un cambio di lavoro, non per sua volont\u00e0, spariglia le carte in tavola, col ragazzo che stando fuori casa tutto il tempo deve abbandonare la scrittura, ma peggio ancora va col primo di 3 ictus che colpiscono la mamma proprio in quel periodo. Tempo al tempo e con un altro cambio di lavoro ecco l\u2019opzione che lo colpisce, scrivere della sua amata Inter sul sito SpazioInter. Gli inizi sono complicati, scrivere secondo le regole e non avere carta bianca lo bloccano un pochino, fino all\u2019esplosione che nel sito si chiama Live. Il Live sarebbe il racconto, minuto per minuto e in contemporanea, della partita in tv e a Fiori tocca esordire con Milan-Inter. Quella sera il divertimento raggiunge le stelle, anzi, le supera e da quel momento l\u2019impegno \u00e8 triplo, con le perle di interviste a Sandro Mazzola (che risate), Gigi Simoni (che gentilezza) e Riccardo Cucchi, suo idolo radiofonico. Il tesserino da giornalista gli fa mantenere la parola data a 6 anni e ancor pi\u00f9 sorprendente \u00e8 la proposta di essere addetto stampa proprio della squadra locale, andare a vedere quelle partite che il destino gli negarono nel 1991. Si chiede spesso se sia il destino a far scherzi oppure se semplicemente la vita va accettata per quella che \u00e8. Il 30 gennaio 2021, dopo un ricovero di un mese con tutte le aggravanti possibili, in ospedale viene a mancare la mamma di Francesco. Il colpo \u00e8 brutale. Il conto \u00e8 pesantissimo, la mente lontana, lo scrivere, anche solo un piccolo pensiero sulla giornata calcistica, \u00e8 di una difficolt\u00e0 che ad oggi \u00e8 ancora lontana dall'essere superata. Il resto \u00e8 storia o noia, dipende da che parte si vuol vedere, dagli articoli su Gazzetta Fan News al raccontare qualsiasi sport, perch\u00e9 per Fiori ogni sport ha un suo eroe e perch\u00e9 ora, con IspirazioneSportiva.com, sar\u00e0 ancor pi\u00f9 spettacolare dar libero sfogo a qualsiasi ispirazione, come dice il nome e come gli ha insegnato Riccardo Cucchi: \u201cNella vita mai smettere di sognare!\u201d. Anzi, scusate il ritardo! Mail: fcroda@yahoo.it Fb: supermariolemieux pec: francesco.fiori@pecgiornalisti.it","sameAs":["https:\/\/www.facebook.com\/supermariolemieux\/","https:\/\/www.instagram.com\/francescofiori12\/","https:\/\/www.linkedin.com\/in\/francesco-fiori-b45614176\/","https:\/\/twitter.com\/frafiori21"],"url":"https:\/\/ispirazionesportiva.com\/index.php\/author\/supermariolemieux\/"}]}},"_links":{"self":[{"href":"https:\/\/ispirazionesportiva.com\/index.php\/wp-json\/wp\/v2\/posts\/1048","targetHints":{"allow":["GET"]}}],"collection":[{"href":"https:\/\/ispirazionesportiva.com\/index.php\/wp-json\/wp\/v2\/posts"}],"about":[{"href":"https:\/\/ispirazionesportiva.com\/index.php\/wp-json\/wp\/v2\/types\/post"}],"author":[{"embeddable":true,"href":"https:\/\/ispirazionesportiva.com\/index.php\/wp-json\/wp\/v2\/users\/4"}],"replies":[{"embeddable":true,"href":"https:\/\/ispirazionesportiva.com\/index.php\/wp-json\/wp\/v2\/comments?post=1048"}],"version-history":[{"count":5,"href":"https:\/\/ispirazionesportiva.com\/index.php\/wp-json\/wp\/v2\/posts\/1048\/revisions"}],"predecessor-version":[{"id":2319,"href":"https:\/\/ispirazionesportiva.com\/index.php\/wp-json\/wp\/v2\/posts\/1048\/revisions\/2319"}],"wp:featuredmedia":[{"embeddable":true,"href":"https:\/\/ispirazionesportiva.com\/index.php\/wp-json\/wp\/v2\/media\/1050"}],"wp:attachment":[{"href":"https:\/\/ispirazionesportiva.com\/index.php\/wp-json\/wp\/v2\/media?parent=1048"}],"wp:term":[{"taxonomy":"category","embeddable":true,"href":"https:\/\/ispirazionesportiva.com\/index.php\/wp-json\/wp\/v2\/categories?post=1048"},{"taxonomy":"post_tag","embeddable":true,"href":"https:\/\/ispirazionesportiva.com\/index.php\/wp-json\/wp\/v2\/tags?post=1048"}],"curies":[{"name":"wp","href":"https:\/\/api.w.org\/{rel}","templated":true}]}}